{"id":15222,"date":"2024-03-28T11:58:00","date_gmt":"2024-03-28T10:58:00","guid":{"rendered":"http:\/\/zs.gromnik.pl\/zs\/?p=15222"},"modified":"2024-04-01T12:03:33","modified_gmt":"2024-04-01T10:03:33","slug":"wielkanocna-pisanka-2","status":"publish","type":"post","link":"https:\/\/zs.gromnik.pl\/zs\/wielkanocna-pisanka-2\/","title":{"rendered":"WIELKANOCNA PISANKA"},"content":{"rendered":"\t\t<div data-elementor-type=\"wp-post\" data-elementor-id=\"15222\" class=\"elementor elementor-15222\">\n\t\t\t\t\t\t\t\t\t<section class=\"elementor-section elementor-top-section elementor-element elementor-element-e41a81a elementor-section-boxed elementor-section-height-default elementor-section-height-default\" data-id=\"e41a81a\" data-element_type=\"section\">\n\t\t\t\t\t\t<div class=\"elementor-container elementor-column-gap-default\">\n\t\t\t\t\t<div class=\"elementor-column elementor-col-100 elementor-top-column elementor-element elementor-element-2b33941\" data-id=\"2b33941\" data-element_type=\"column\">\n\t\t\t<div class=\"elementor-widget-wrap elementor-element-populated\">\n\t\t\t\t\t\t\t\t<div class=\"elementor-element elementor-element-b396bef elementor-widget elementor-widget-text-editor\" data-id=\"b396bef\" data-element_type=\"widget\" data-widget_type=\"text-editor.default\">\n\t\t\t\t<div class=\"elementor-widget-container\">\n\t\t\t\t\t\t\t<p>25 marca 2024 r. w Szkole Podstawowej w Gromniku Filia w Golance, odby\u0142o si\u0119 zako\u0144czenie szkolnego konkursu plastycznego pt: \u201eWIELKANOCNA PISANKA\u201d.<\/p><p>G\u0142\u00f3wne cele konkursu to piel\u0119gnowanie tradycji i zwyczaj\u00f3w wielkanocnych w Polsce, kszta\u0142towanie aktywnej postawy uczni\u00f3w wobec sztuki i tradycji kulturowej zwi\u0105zanej\u00a0\u00a0\u00a0\u00a0\u00a0\u00a0\u00a0\u00a0\u00a0\u00a0\u00a0\u00a0\u00a0\u00a0\u00a0\u00a0\u00a0\u00a0 z obrz\u0119dami okresu Wielkiej Nocy, rozwijanie wra\u017cliwo\u015bci estetycznej oraz uzdolnie\u0144 plastycznych uczni\u00f3w, promowanie tw\u00f3rczo\u015bci artystycznej uczni\u00f3w.<\/p><p>\u00a0Laureatami konkursu zostali:<\/p><p><strong>\u00a0\u00a0\u00a0\u00a0\u00a0\u00a0\u00a0\u00a0\u00a0\u00a0\u00a0\u00a0\u00a0\u00a0\u00a0\u00a0\u00a0\u00a0\u00a0 \u00a0\u00a0\u00a0\u00a0\u00a0\u00a0\u00a0\u00a0\u00a0I miejsce\u00a0 <\/strong>Karina Majka\u00a0 kl. 0<\/p><p>\u00a0\u00a0\u00a0\u00a0\u00a0\u00a0\u00a0\u00a0\u00a0\u00a0\u00a0\u00a0\u00a0\u00a0\u00a0\u00a0\u00a0\u00a0\u00a0\u00a0\u00a0\u00a0\u00a0\u00a0 \u00a0\u00a0\u00a0\u00a0<strong>I miejsce\u00a0 <\/strong>Bart\u0142omiej Klimczak\u00a0 kl. 0<\/p><p><strong>\u00a0\u00a0\u00a0\u00a0\u00a0\u00a0\u00a0\u00a0\u00a0\u00a0\u00a0\u00a0\u00a0\u00a0\u00a0\u00a0\u00a0\u00a0\u00a0\u00a0\u00a0\u00a0\u00a0\u00a0\u00a0 \u00a0\u00a0\u00a0I miejsce\u00a0 <\/strong>Zuzanna Kras\u00a0 kl. III<\/p><p><strong>\u00a0\u00a0\u00a0\u00a0\u00a0\u00a0\u00a0\u00a0\u00a0\u00a0\u00a0\u00a0\u00a0\u00a0\u00a0\u00a0\u00a0\u00a0\u00a0\u00a0\u00a0\u00a0\u00a0\u00a0\u00a0\u00a0\u00a0 II miejsce\u00a0 <\/strong>Iga Klimczak\u00a0 kl. 0<\/p><p>\u00a0\u00a0\u00a0\u00a0\u00a0\u00a0\u00a0\u00a0\u00a0\u00a0\u00a0\u00a0\u00a0\u00a0\u00a0\u00a0\u00a0\u00a0\u00a0\u00a0\u00a0\u00a0\u00a0\u00a0\u00a0\u00a0\u00a0 <strong>II miejsce\u00a0 <\/strong>Milena Wolska\u00a0 kl. 0<\/p><p>\u00a0\u00a0\u00a0\u00a0\u00a0\u00a0\u00a0\u00a0\u00a0\u00a0\u00a0\u00a0\u00a0\u00a0\u00a0\u00a0\u00a0\u00a0\u00a0\u00a0\u00a0\u00a0\u00a0\u00a0\u00a0\u00a0 <strong>\u00a0II miejsce\u00a0 <\/strong>Aleksandra Kras\u00a0 kl.I<\/p><p><strong>\u00a0\u00a0\u00a0\u00a0\u00a0\u00a0\u00a0\u00a0\u00a0 \u00a0\u00a0\u00a0\u00a0\u00a0\u00a0\u00a0\u00a0\u00a0\u00a0\u00a0\u00a0\u00a0\u00a0\u00a0\u00a0\u00a0III miejsce\u00a0 <\/strong>Micha\u0142 Skrobi\u015b\u00a0 kl. 0<\/p><p>\u00a0\u00a0\u00a0\u00a0\u00a0\u00a0\u00a0\u00a0\u00a0\u00a0\u00a0\u00a0\u00a0\u00a0\u00a0\u00a0\u00a0\u00a0\u00a0\u00a0\u00a0\u00a0\u00a0\u00a0 \u00a0\u00a0<strong>III miejsce\u00a0 <\/strong>Izabela Witek\u00a0 kl. 0<\/p><p><strong>\u00a0\u00a0\u00a0\u00a0\u00a0\u00a0\u00a0\u00a0\u00a0\u00a0\u00a0\u00a0\u00a0\u00a0\u00a0\u00a0\u00a0\u00a0\u00a0\u00a0\u00a0\u00a0\u00a0 \u00a0\u00a0\u00a0III miejsce\u00a0 <\/strong>Kacper Majka\u00a0 kl. III<\/p><p>Nagrody zosta\u0142y wr\u0119czone po og\u0142oszeniu wynik\u00f3w konkursu.<\/p><p>Organizatorki konkursu: mgr Ma\u0142gorzata Mi\u0142kowska, mgr Lidia Zag\u00f3rska- W\u00f3jcik, mgr Anna Ste\u0107.<\/p><p>Dzi\u0119kujemy nauczycielom za ufundowanie nagr\u00f3d dla zwyci\u0119zc\u00f3w i wyr\u00f3\u017cnionych uczni\u00f3w.<\/p>\t\t\t\t\t\t<\/div>\n\t\t\t\t<\/div>\n\t\t\t\t\t<\/div>\n\t\t<\/div>\n\t\t\t\t\t\t\t<\/div>\n\t\t<\/section>\n\t\t\t\t<section class=\"elementor-section elementor-top-section elementor-element elementor-element-3adbec1 elementor-section-boxed elementor-section-height-default elementor-section-height-default\" data-id=\"3adbec1\" data-element_type=\"section\">\n\t\t\t\t\t\t<div class=\"elementor-container elementor-column-gap-default\">\n\t\t\t\t\t<div class=\"elementor-column elementor-col-100 elementor-top-column elementor-element elementor-element-1a27654\" data-id=\"1a27654\" data-element_type=\"column\">\n\t\t\t<div class=\"elementor-widget-wrap elementor-element-populated\">\n\t\t\t\t\t\t\t\t<div class=\"elementor-element elementor-element-0f62205 elementor-widget elementor-widget-image-gallery\" data-id=\"0f62205\" data-element_type=\"widget\" data-widget_type=\"image-gallery.default\">\n\t\t\t\t<div class=\"elementor-widget-container\">\n\t\t\t\t\t<div class=\"elementor-image-gallery\">\n\t\t\t<div id='gallery-1' class='gallery galleryid-15222 gallery-columns-5 gallery-size-medium'><figure class='gallery-item'>\n\t\t\t<div class='gallery-icon landscape'>\n\t\t\t\t<a data-elementor-open-lightbox=\"yes\" data-elementor-lightbox-slideshow=\"0f62205\" data-elementor-lightbox-title=\"20240326_103156\" e-action-hash=\"#elementor-action%3Aaction%3Dlightbox%26settings%3DeyJpZCI6MTUyMjUsInVybCI6Imh0dHBzOlwvXC96cy5ncm9tbmlrLnBsXC96c1wvd3AtY29udGVudFwvdXBsb2Fkc1wvMjAyNFwvMDRcLzIwMjQwMzI2XzEwMzE1Ni1zY2FsZWQtZTE3MTE5NjU0MDQ5NTAuanBnIiwic2xpZGVzaG93IjoiMGY2MjIwNSJ9\" href='https:\/\/zs.gromnik.pl\/zs\/wp-content\/uploads\/2024\/04\/20240326_103156-scaled-e1711965404950.jpg'><img width=\"300\" height=\"181\" src=\"https:\/\/zs.gromnik.pl\/zs\/wp-content\/uploads\/2024\/04\/20240326_103156-scaled-e1711965404950-300x181.jpg\" class=\"attachment-medium size-medium\" alt=\"\" loading=\"lazy\" srcset=\"https:\/\/zs.gromnik.pl\/zs\/wp-content\/uploads\/2024\/04\/20240326_103156-scaled-e1711965404950-300x181.jpg 300w, https:\/\/zs.gromnik.pl\/zs\/wp-content\/uploads\/2024\/04\/20240326_103156-scaled-e1711965404950-1024x619.jpg 1024w, https:\/\/zs.gromnik.pl\/zs\/wp-content\/uploads\/2024\/04\/20240326_103156-scaled-e1711965404950-768x464.jpg 768w, https:\/\/zs.gromnik.pl\/zs\/wp-content\/uploads\/2024\/04\/20240326_103156-scaled-e1711965404950-1536x928.jpg 1536w, https:\/\/zs.gromnik.pl\/zs\/wp-content\/uploads\/2024\/04\/20240326_103156-scaled-e1711965404950-2048x1238.jpg 2048w, https:\/\/zs.gromnik.pl\/zs\/wp-content\/uploads\/2024\/04\/20240326_103156-scaled-e1711965404950-1140x689.jpg 1140w\" sizes=\"(max-width: 300px) 100vw, 300px\" \/><\/a>\n\t\t\t<\/div><\/figure><figure class='gallery-item'>\n\t\t\t<div class='gallery-icon portrait'>\n\t\t\t\t<a data-elementor-open-lightbox=\"yes\" data-elementor-lightbox-slideshow=\"0f62205\" data-elementor-lightbox-title=\"20240326_104259\" e-action-hash=\"#elementor-action%3Aaction%3Dlightbox%26settings%3DeyJpZCI6MTUyMjYsInVybCI6Imh0dHBzOlwvXC96cy5ncm9tbmlrLnBsXC96c1wvd3AtY29udGVudFwvdXBsb2Fkc1wvMjAyNFwvMDRcLzIwMjQwMzI2XzEwNDI1OS1zY2FsZWQuanBnIiwic2xpZGVzaG93IjoiMGY2MjIwNSJ9\" href='https:\/\/zs.gromnik.pl\/zs\/wp-content\/uploads\/2024\/04\/20240326_104259-scaled.jpg'><img width=\"225\" height=\"300\" src=\"https:\/\/zs.gromnik.pl\/zs\/wp-content\/uploads\/2024\/04\/20240326_104259-225x300.jpg\" class=\"attachment-medium size-medium\" alt=\"\" loading=\"lazy\" srcset=\"https:\/\/zs.gromnik.pl\/zs\/wp-content\/uploads\/2024\/04\/20240326_104259-225x300.jpg 225w, https:\/\/zs.gromnik.pl\/zs\/wp-content\/uploads\/2024\/04\/20240326_104259-768x1024.jpg 768w, https:\/\/zs.gromnik.pl\/zs\/wp-content\/uploads\/2024\/04\/20240326_104259-1152x1536.jpg 1152w, https:\/\/zs.gromnik.pl\/zs\/wp-content\/uploads\/2024\/04\/20240326_104259-1536x2048.jpg 1536w, https:\/\/zs.gromnik.pl\/zs\/wp-content\/uploads\/2024\/04\/20240326_104259-1140x1520.jpg 1140w, https:\/\/zs.gromnik.pl\/zs\/wp-content\/uploads\/2024\/04\/20240326_104259-scaled.jpg 1920w\" sizes=\"(max-width: 225px) 100vw, 225px\" \/><\/a>\n\t\t\t<\/div><\/figure><figure class='gallery-item'>\n\t\t\t<div class='gallery-icon landscape'>\n\t\t\t\t<a data-elementor-open-lightbox=\"yes\" data-elementor-lightbox-slideshow=\"0f62205\" data-elementor-lightbox-title=\"20240326_104711\" e-action-hash=\"#elementor-action%3Aaction%3Dlightbox%26settings%3DeyJpZCI6MTUyMjcsInVybCI6Imh0dHBzOlwvXC96cy5ncm9tbmlrLnBsXC96c1wvd3AtY29udGVudFwvdXBsb2Fkc1wvMjAyNFwvMDRcLzIwMjQwMzI2XzEwNDcxMS1zY2FsZWQuanBnIiwic2xpZGVzaG93IjoiMGY2MjIwNSJ9\" href='https:\/\/zs.gromnik.pl\/zs\/wp-content\/uploads\/2024\/04\/20240326_104711-scaled.jpg'><img width=\"300\" height=\"225\" src=\"https:\/\/zs.gromnik.pl\/zs\/wp-content\/uploads\/2024\/04\/20240326_104711-300x225.jpg\" class=\"attachment-medium size-medium\" alt=\"\" loading=\"lazy\" srcset=\"https:\/\/zs.gromnik.pl\/zs\/wp-content\/uploads\/2024\/04\/20240326_104711-300x225.jpg 300w, https:\/\/zs.gromnik.pl\/zs\/wp-content\/uploads\/2024\/04\/20240326_104711-1024x768.jpg 1024w, https:\/\/zs.gromnik.pl\/zs\/wp-content\/uploads\/2024\/04\/20240326_104711-768x576.jpg 768w, https:\/\/zs.gromnik.pl\/zs\/wp-content\/uploads\/2024\/04\/20240326_104711-1536x1152.jpg 1536w, https:\/\/zs.gromnik.pl\/zs\/wp-content\/uploads\/2024\/04\/20240326_104711-2048x1536.jpg 2048w, https:\/\/zs.gromnik.pl\/zs\/wp-content\/uploads\/2024\/04\/20240326_104711-1140x855.jpg 1140w\" sizes=\"(max-width: 300px) 100vw, 300px\" \/><\/a>\n\t\t\t<\/div><\/figure><figure class='gallery-item'>\n\t\t\t<div class='gallery-icon landscape'>\n\t\t\t\t<a data-elementor-open-lightbox=\"yes\" data-elementor-lightbox-slideshow=\"0f62205\" data-elementor-lightbox-title=\"20240326_104714\" e-action-hash=\"#elementor-action%3Aaction%3Dlightbox%26settings%3DeyJpZCI6MTUyMjgsInVybCI6Imh0dHBzOlwvXC96cy5ncm9tbmlrLnBsXC96c1wvd3AtY29udGVudFwvdXBsb2Fkc1wvMjAyNFwvMDRcLzIwMjQwMzI2XzEwNDcxNC1zY2FsZWQuanBnIiwic2xpZGVzaG93IjoiMGY2MjIwNSJ9\" href='https:\/\/zs.gromnik.pl\/zs\/wp-content\/uploads\/2024\/04\/20240326_104714-scaled.jpg'><img width=\"300\" height=\"225\" src=\"https:\/\/zs.gromnik.pl\/zs\/wp-content\/uploads\/2024\/04\/20240326_104714-300x225.jpg\" class=\"attachment-medium size-medium\" alt=\"\" loading=\"lazy\" srcset=\"https:\/\/zs.gromnik.pl\/zs\/wp-content\/uploads\/2024\/04\/20240326_104714-300x225.jpg 300w, https:\/\/zs.gromnik.pl\/zs\/wp-content\/uploads\/2024\/04\/20240326_104714-1024x768.jpg 1024w, https:\/\/zs.gromnik.pl\/zs\/wp-content\/uploads\/2024\/04\/20240326_104714-768x576.jpg 768w, https:\/\/zs.gromnik.pl\/zs\/wp-content\/uploads\/2024\/04\/20240326_104714-1536x1152.jpg 1536w, https:\/\/zs.gromnik.pl\/zs\/wp-content\/uploads\/2024\/04\/20240326_104714-2048x1536.jpg 2048w, https:\/\/zs.gromnik.pl\/zs\/wp-content\/uploads\/2024\/04\/20240326_104714-1140x855.jpg 1140w\" sizes=\"(max-width: 300px) 100vw, 300px\" \/><\/a>\n\t\t\t<\/div><\/figure><figure class='gallery-item'>\n\t\t\t<div class='gallery-icon landscape'>\n\t\t\t\t<a data-elementor-open-lightbox=\"yes\" data-elementor-lightbox-slideshow=\"0f62205\" data-elementor-lightbox-title=\"20240327_080212\" e-action-hash=\"#elementor-action%3Aaction%3Dlightbox%26settings%3DeyJpZCI6MTUyMjksInVybCI6Imh0dHBzOlwvXC96cy5ncm9tbmlrLnBsXC96c1wvd3AtY29udGVudFwvdXBsb2Fkc1wvMjAyNFwvMDRcLzIwMjQwMzI3XzA4MDIxMi1zY2FsZWQuanBnIiwic2xpZGVzaG93IjoiMGY2MjIwNSJ9\" href='https:\/\/zs.gromnik.pl\/zs\/wp-content\/uploads\/2024\/04\/20240327_080212-scaled.jpg'><img width=\"300\" height=\"225\" src=\"https:\/\/zs.gromnik.pl\/zs\/wp-content\/uploads\/2024\/04\/20240327_080212-300x225.jpg\" class=\"attachment-medium size-medium\" alt=\"\" loading=\"lazy\" srcset=\"https:\/\/zs.gromnik.pl\/zs\/wp-content\/uploads\/2024\/04\/20240327_080212-300x225.jpg 300w, https:\/\/zs.gromnik.pl\/zs\/wp-content\/uploads\/2024\/04\/20240327_080212-1024x768.jpg 1024w, https:\/\/zs.gromnik.pl\/zs\/wp-content\/uploads\/2024\/04\/20240327_080212-768x576.jpg 768w, https:\/\/zs.gromnik.pl\/zs\/wp-content\/uploads\/2024\/04\/20240327_080212-1536x1152.jpg 1536w, https:\/\/zs.gromnik.pl\/zs\/wp-content\/uploads\/2024\/04\/20240327_080212-2048x1536.jpg 2048w, https:\/\/zs.gromnik.pl\/zs\/wp-content\/uploads\/2024\/04\/20240327_080212-1140x855.jpg 1140w\" sizes=\"(max-width: 300px) 100vw, 300px\" \/><\/a>\n\t\t\t<\/div><\/figure>\n\t\t<\/div>\n\t\t<\/div>\n\t\t\t\t<\/div>\n\t\t\t\t<\/div>\n\t\t\t\t\t<\/div>\n\t\t<\/div>\n\t\t\t\t\t\t\t<\/div>\n\t\t<\/section>\n\t\t\t\t\t\t\t<\/div>\n\t\t","protected":false},"excerpt":{"rendered":"<p>25 marca 2024 r. w Szkole Podstawowej w Gromniku Filia w Golance, odby\u0142o si\u0119 zako\u0144czenie szkolnego konkursu plastycznego pt: \u201eWIELKANOCNA PISANKA\u201d. G\u0142\u00f3wne cele konkursu to piel\u0119gnowanie tradycji i zwyczaj\u00f3w wielkanocnych w Polsce, kszta\u0142towanie aktywnej postawy uczni\u00f3w wobec sztuki i tradycji kulturowej zwi\u0105zanej&nbsp;&nbsp;&nbsp;&nbsp;&nbsp;&nbsp;&nbsp;&nbsp;&nbsp;&nbsp;&nbsp;&nbsp;&nbsp;&nbsp;&nbsp;&nbsp;&nbsp;&nbsp; z obrz\u0119dami okresu Wielkiej Nocy, rozwijanie wra\u017cliwo\u015bci estetycznej oraz uzdolnie\u0144 plastycznych uczni\u00f3w, promowanie tw\u00f3rczo\u015bci artystycznej uczni\u00f3w. &nbsp;Laureatami konkursu zostali: &nbsp;&nbsp;&nbsp;&nbsp;&nbsp;&nbsp;&nbsp;&nbsp;&nbsp;&nbsp;&nbsp;&nbsp;&nbsp;&nbsp;&nbsp;&nbsp;&nbsp;&nbsp;&nbsp; &nbsp;&nbsp;&nbsp;&nbsp;&nbsp;&nbsp;&nbsp;&nbsp;&nbsp;I miejsce&nbsp; Karina Majka&nbsp; kl. 0 &nbsp;&nbsp;&nbsp;&nbsp;&nbsp;&nbsp;&nbsp;&nbsp;&nbsp;&nbsp;&nbsp;&nbsp;&nbsp;&nbsp;&nbsp;&nbsp;&nbsp;&nbsp;&nbsp;&nbsp;&nbsp;&nbsp;&nbsp;&nbsp; &nbsp;&nbsp;&nbsp;&nbsp;I miejsce&nbsp; Bart\u0142omiej Klimczak&nbsp; kl. 0 &nbsp;&nbsp;&nbsp;&nbsp;&nbsp;&nbsp;&nbsp;&nbsp;&nbsp;&nbsp;&nbsp;&nbsp;&nbsp;&nbsp;&nbsp;&nbsp;&nbsp;&nbsp;&nbsp;&nbsp;&nbsp;&nbsp;&nbsp;&nbsp;&nbsp; &nbsp;&nbsp;&nbsp;I miejsce&nbsp; Zuzanna Kras&nbsp; kl. III &nbsp;&nbsp;&nbsp;&nbsp;&nbsp;&nbsp;&nbsp;&nbsp;&nbsp;&nbsp;&nbsp;&nbsp;&nbsp;&nbsp;&nbsp;&nbsp;&nbsp;&nbsp;&nbsp;&nbsp;&nbsp;&nbsp;&nbsp;&nbsp;&nbsp;&nbsp;&nbsp; II miejsce&nbsp; Iga Klimczak&nbsp; kl. 0 &nbsp;&nbsp;&nbsp;&nbsp;&nbsp;&nbsp;&nbsp;&nbsp;&nbsp;&nbsp;&nbsp;&nbsp;&nbsp;&nbsp;&nbsp;&nbsp;&nbsp;&nbsp;&nbsp;&nbsp;&nbsp;&nbsp;&nbsp;&nbsp;&nbsp;&nbsp;&nbsp; II miejsce&nbsp; Milena Wolska&nbsp; kl. 0 &nbsp;&nbsp;&nbsp;&nbsp;&nbsp;&nbsp;&nbsp;&nbsp;&nbsp;&nbsp;&nbsp;&nbsp;&nbsp;&nbsp;&nbsp;&nbsp;&nbsp;&nbsp;&nbsp;&nbsp;&nbsp;&nbsp;&nbsp;&nbsp;&nbsp;&nbsp; &nbsp;II miejsce&nbsp; Aleksandra Kras&nbsp; kl.I &nbsp;&nbsp;&nbsp;&nbsp;&nbsp;&nbsp;&nbsp;&nbsp;&nbsp; &nbsp;&nbsp;&nbsp;&nbsp;&nbsp;&nbsp;&nbsp;&nbsp;&nbsp;&nbsp;&nbsp;&nbsp;&nbsp;&nbsp;&nbsp;&nbsp;&nbsp;III miejsce&nbsp; Micha\u0142 Skrobi\u015b&nbsp; kl. 0 &nbsp;&nbsp;&nbsp;&nbsp;&nbsp;&nbsp;&nbsp;&nbsp;&nbsp;&nbsp;&nbsp;&nbsp;&nbsp;&nbsp;&nbsp;&nbsp;&nbsp;&nbsp;&nbsp;&nbsp;&nbsp;&nbsp;&nbsp;&nbsp; &nbsp;&nbsp;III miejsce&nbsp; Izabela Witek&nbsp; kl. 0 &nbsp;&nbsp;&nbsp;&nbsp;&nbsp;&nbsp;&nbsp;&nbsp;&nbsp;&nbsp;&nbsp;&nbsp;&nbsp;&nbsp;&nbsp;&nbsp;&nbsp;&nbsp;&nbsp;&nbsp;&nbsp;&nbsp;&nbsp; &nbsp;&nbsp;&nbsp;III miejsce&nbsp; Kacper Majka&nbsp; kl. III Nagrody zosta\u0142y wr\u0119czone po og\u0142oszeniu wynik\u00f3w konkursu. Organizatorki konkursu: mgr Ma\u0142gorzata Mi\u0142kowska, mgr Lidia Zag\u00f3rska- W\u00f3jcik, mgr Anna Ste\u0107. Dzi\u0119kujemy nauczycielom za ufundowanie nagr\u00f3d dla zwyci\u0119zc\u00f3w i wyr\u00f3\u017cnionych uczni\u00f3w.<\/p>\n","protected":false},"author":1,"featured_media":15230,"comment_status":"closed","ping_status":"open","sticky":false,"template":"","format":"standard","meta":[],"categories":[3],"tags":[],"yoast_head":"<!-- This site is optimized with the Yoast SEO plugin v19.8 - https:\/\/yoast.com\/wordpress\/plugins\/seo\/ -->\n<title>WIELKANOCNA PISANKA - Zesp\u00f3\u0142 Szk\u00f3\u0142 w Gromniku<\/title>\n<meta name=\"description\" content=\"Zesp\u00f3\u0142 Szk\u00f3\u0142 w Gromniku\" \/>\n<meta name=\"robots\" content=\"index, follow, max-snippet:-1, max-image-preview:large, max-video-preview:-1\" \/>\n<link rel=\"canonical\" href=\"https:\/\/zs.gromnik.pl\/zs\/wielkanocna-pisanka-2\/\" \/>\n<meta property=\"og:locale\" content=\"pl_PL\" \/>\n<meta property=\"og:type\" content=\"article\" \/>\n<meta property=\"og:title\" content=\"WIELKANOCNA PISANKA - Zesp\u00f3\u0142 Szk\u00f3\u0142 w Gromniku\" \/>\n<meta property=\"og:description\" content=\"Zesp\u00f3\u0142 Szk\u00f3\u0142 w Gromniku\" \/>\n<meta property=\"og:url\" content=\"https:\/\/zs.gromnik.pl\/zs\/wielkanocna-pisanka-2\/\" \/>\n<meta property=\"og:site_name\" content=\"Zesp\u00f3\u0142 Szk\u00f3\u0142 w Gromniku\" \/>\n<meta property=\"article:publisher\" content=\"https:\/\/www.facebook.com\/zsgromnik\" \/>\n<meta property=\"article:published_time\" content=\"2024-03-28T10:58:00+00:00\" \/>\n<meta property=\"article:modified_time\" content=\"2024-04-01T10:03:33+00:00\" \/>\n<meta property=\"og:image\" content=\"https:\/\/zs.gromnik.pl\/zs\/wp-content\/uploads\/2024\/04\/5454.jpg\" \/>\n\t<meta property=\"og:image:width\" content=\"500\" \/>\n\t<meta property=\"og:image:height\" content=\"302\" \/>\n\t<meta property=\"og:image:type\" content=\"image\/jpeg\" \/>\n<meta name=\"author\" content=\"admin\" \/>\n<meta name=\"twitter:card\" content=\"summary_large_image\" \/>\n<meta name=\"twitter:label1\" content=\"Napisane przez\" \/>\n\t<meta name=\"twitter:data1\" content=\"admin\" \/>\n\t<meta name=\"twitter:label2\" content=\"Szacowany czas czytania\" \/>\n\t<meta name=\"twitter:data2\" content=\"2 minuty\" \/>\n<script type=\"application\/ld+json\" class=\"yoast-schema-graph\">{\"@context\":\"https:\/\/schema.org\",\"@graph\":[{\"@type\":\"WebPage\",\"@id\":\"https:\/\/zs.gromnik.pl\/zs\/wielkanocna-pisanka-2\/\",\"url\":\"https:\/\/zs.gromnik.pl\/zs\/wielkanocna-pisanka-2\/\",\"name\":\"WIELKANOCNA PISANKA - Zesp\u00f3\u0142 Szk\u00f3\u0142 w Gromniku\",\"isPartOf\":{\"@id\":\"https:\/\/zs.gromnik.pl\/zs\/#website\"},\"datePublished\":\"2024-03-28T10:58:00+00:00\",\"dateModified\":\"2024-04-01T10:03:33+00:00\",\"author\":{\"@id\":\"https:\/\/zs.gromnik.pl\/zs\/#\/schema\/person\/b197900f67c6133faddc284ae32f97ca\"},\"description\":\"Zesp\u00f3\u0142 Szk\u00f3\u0142 w Gromniku\",\"breadcrumb\":{\"@id\":\"https:\/\/zs.gromnik.pl\/zs\/wielkanocna-pisanka-2\/#breadcrumb\"},\"inLanguage\":\"pl-PL\",\"potentialAction\":[{\"@type\":\"ReadAction\",\"target\":[\"https:\/\/zs.gromnik.pl\/zs\/wielkanocna-pisanka-2\/\"]}]},{\"@type\":\"BreadcrumbList\",\"@id\":\"https:\/\/zs.gromnik.pl\/zs\/wielkanocna-pisanka-2\/#breadcrumb\",\"itemListElement\":[{\"@type\":\"ListItem\",\"position\":1,\"name\":\"Strona g\u0142\u00f3wna\",\"item\":\"https:\/\/zs.gromnik.pl\/zs\/\"},{\"@type\":\"ListItem\",\"position\":2,\"name\":\"WIELKANOCNA PISANKA\"}]},{\"@type\":\"WebSite\",\"@id\":\"https:\/\/zs.gromnik.pl\/zs\/#website\",\"url\":\"https:\/\/zs.gromnik.pl\/zs\/\",\"name\":\"Zesp\u00f3\u0142 Szk\u00f3\u0142 w Gromniku\",\"description\":\"\",\"potentialAction\":[{\"@type\":\"SearchAction\",\"target\":{\"@type\":\"EntryPoint\",\"urlTemplate\":\"https:\/\/zs.gromnik.pl\/zs\/?s={search_term_string}\"},\"query-input\":\"required name=search_term_string\"}],\"inLanguage\":\"pl-PL\"},{\"@type\":\"Person\",\"@id\":\"https:\/\/zs.gromnik.pl\/zs\/#\/schema\/person\/b197900f67c6133faddc284ae32f97ca\",\"name\":\"admin\",\"image\":{\"@type\":\"ImageObject\",\"inLanguage\":\"pl-PL\",\"@id\":\"https:\/\/zs.gromnik.pl\/zs\/#\/schema\/person\/image\/\",\"url\":\"https:\/\/secure.gravatar.com\/avatar\/f8a2f876dbcc8c8edd809a8ca77a2abe?s=96&d=mm&r=g\",\"contentUrl\":\"https:\/\/secure.gravatar.com\/avatar\/f8a2f876dbcc8c8edd809a8ca77a2abe?s=96&d=mm&r=g\",\"caption\":\"admin\"},\"url\":\"https:\/\/zs.gromnik.pl\/zs\/author\/admin\/\"}]}<\/script>\n<!-- \/ Yoast SEO plugin. -->","yoast_head_json":{"title":"WIELKANOCNA PISANKA - Zesp\u00f3\u0142 Szk\u00f3\u0142 w Gromniku","description":"Zesp\u00f3\u0142 Szk\u00f3\u0142 w Gromniku","robots":{"index":"index","follow":"follow","max-snippet":"max-snippet:-1","max-image-preview":"max-image-preview:large","max-video-preview":"max-video-preview:-1"},"canonical":"https:\/\/zs.gromnik.pl\/zs\/wielkanocna-pisanka-2\/","og_locale":"pl_PL","og_type":"article","og_title":"WIELKANOCNA PISANKA - Zesp\u00f3\u0142 Szk\u00f3\u0142 w Gromniku","og_description":"Zesp\u00f3\u0142 Szk\u00f3\u0142 w Gromniku","og_url":"https:\/\/zs.gromnik.pl\/zs\/wielkanocna-pisanka-2\/","og_site_name":"Zesp\u00f3\u0142 Szk\u00f3\u0142 w Gromniku","article_publisher":"https:\/\/www.facebook.com\/zsgromnik","article_published_time":"2024-03-28T10:58:00+00:00","article_modified_time":"2024-04-01T10:03:33+00:00","og_image":[{"width":500,"height":302,"url":"https:\/\/zs.gromnik.pl\/zs\/wp-content\/uploads\/2024\/04\/5454.jpg","type":"image\/jpeg"}],"author":"admin","twitter_card":"summary_large_image","twitter_misc":{"Napisane przez":"admin","Szacowany czas czytania":"2 minuty"},"schema":{"@context":"https:\/\/schema.org","@graph":[{"@type":"WebPage","@id":"https:\/\/zs.gromnik.pl\/zs\/wielkanocna-pisanka-2\/","url":"https:\/\/zs.gromnik.pl\/zs\/wielkanocna-pisanka-2\/","name":"WIELKANOCNA PISANKA - Zesp\u00f3\u0142 Szk\u00f3\u0142 w Gromniku","isPartOf":{"@id":"https:\/\/zs.gromnik.pl\/zs\/#website"},"datePublished":"2024-03-28T10:58:00+00:00","dateModified":"2024-04-01T10:03:33+00:00","author":{"@id":"https:\/\/zs.gromnik.pl\/zs\/#\/schema\/person\/b197900f67c6133faddc284ae32f97ca"},"description":"Zesp\u00f3\u0142 Szk\u00f3\u0142 w Gromniku","breadcrumb":{"@id":"https:\/\/zs.gromnik.pl\/zs\/wielkanocna-pisanka-2\/#breadcrumb"},"inLanguage":"pl-PL","potentialAction":[{"@type":"ReadAction","target":["https:\/\/zs.gromnik.pl\/zs\/wielkanocna-pisanka-2\/"]}]},{"@type":"BreadcrumbList","@id":"https:\/\/zs.gromnik.pl\/zs\/wielkanocna-pisanka-2\/#breadcrumb","itemListElement":[{"@type":"ListItem","position":1,"name":"Strona g\u0142\u00f3wna","item":"https:\/\/zs.gromnik.pl\/zs\/"},{"@type":"ListItem","position":2,"name":"WIELKANOCNA PISANKA"}]},{"@type":"WebSite","@id":"https:\/\/zs.gromnik.pl\/zs\/#website","url":"https:\/\/zs.gromnik.pl\/zs\/","name":"Zesp\u00f3\u0142 Szk\u00f3\u0142 w Gromniku","description":"","potentialAction":[{"@type":"SearchAction","target":{"@type":"EntryPoint","urlTemplate":"https:\/\/zs.gromnik.pl\/zs\/?s={search_term_string}"},"query-input":"required name=search_term_string"}],"inLanguage":"pl-PL"},{"@type":"Person","@id":"https:\/\/zs.gromnik.pl\/zs\/#\/schema\/person\/b197900f67c6133faddc284ae32f97ca","name":"admin","image":{"@type":"ImageObject","inLanguage":"pl-PL","@id":"https:\/\/zs.gromnik.pl\/zs\/#\/schema\/person\/image\/","url":"https:\/\/secure.gravatar.com\/avatar\/f8a2f876dbcc8c8edd809a8ca77a2abe?s=96&d=mm&r=g","contentUrl":"https:\/\/secure.gravatar.com\/avatar\/f8a2f876dbcc8c8edd809a8ca77a2abe?s=96&d=mm&r=g","caption":"admin"},"url":"https:\/\/zs.gromnik.pl\/zs\/author\/admin\/"}]}},"_links":{"self":[{"href":"https:\/\/zs.gromnik.pl\/zs\/wp-json\/wp\/v2\/posts\/15222"}],"collection":[{"href":"https:\/\/zs.gromnik.pl\/zs\/wp-json\/wp\/v2\/posts"}],"about":[{"href":"https:\/\/zs.gromnik.pl\/zs\/wp-json\/wp\/v2\/types\/post"}],"author":[{"embeddable":true,"href":"https:\/\/zs.gromnik.pl\/zs\/wp-json\/wp\/v2\/users\/1"}],"replies":[{"embeddable":true,"href":"https:\/\/zs.gromnik.pl\/zs\/wp-json\/wp\/v2\/comments?post=15222"}],"version-history":[{"count":6,"href":"https:\/\/zs.gromnik.pl\/zs\/wp-json\/wp\/v2\/posts\/15222\/revisions"}],"predecessor-version":[{"id":15234,"href":"https:\/\/zs.gromnik.pl\/zs\/wp-json\/wp\/v2\/posts\/15222\/revisions\/15234"}],"wp:featuredmedia":[{"embeddable":true,"href":"https:\/\/zs.gromnik.pl\/zs\/wp-json\/wp\/v2\/media\/15230"}],"wp:attachment":[{"href":"https:\/\/zs.gromnik.pl\/zs\/wp-json\/wp\/v2\/media?parent=15222"}],"wp:term":[{"taxonomy":"category","embeddable":true,"href":"https:\/\/zs.gromnik.pl\/zs\/wp-json\/wp\/v2\/categories?post=15222"},{"taxonomy":"post_tag","embeddable":true,"href":"https:\/\/zs.gromnik.pl\/zs\/wp-json\/wp\/v2\/tags?post=15222"}],"curies":[{"name":"wp","href":"https:\/\/api.w.org\/{rel}","templated":true}]}}