{"id":15253,"date":"2024-04-02T17:51:53","date_gmt":"2024-04-02T15:51:53","guid":{"rendered":"http:\/\/zs.gromnik.pl\/zs\/?p=15253"},"modified":"2024-04-02T17:54:32","modified_gmt":"2024-04-02T15:54:32","slug":"wiktoria-syrek-finalistka-xxi-europejskiego-integracyjnego-festiwalu-piosenki-dzieciecej-intermuza-sosnowiec-2024","status":"publish","type":"post","link":"https:\/\/zs.gromnik.pl\/zs\/wiktoria-syrek-finalistka-xxi-europejskiego-integracyjnego-festiwalu-piosenki-dzieciecej-intermuza-sosnowiec-2024\/","title":{"rendered":"Wiktoria Syrek \u2013 Finalistka XXI Europejskiego Integracyjnego Festiwalu Piosenki Dzieci\u0119cej \u201eIntermuza\u201d Sosnowiec 2024"},"content":{"rendered":"\t\t<div data-elementor-type=\"wp-post\" data-elementor-id=\"15253\" class=\"elementor elementor-15253\">\n\t\t\t\t\t\t\t\t\t<section class=\"elementor-section elementor-top-section elementor-element elementor-element-8dcf1cf elementor-section-boxed elementor-section-height-default elementor-section-height-default\" data-id=\"8dcf1cf\" data-element_type=\"section\">\n\t\t\t\t\t\t<div class=\"elementor-container elementor-column-gap-default\">\n\t\t\t\t\t<div class=\"elementor-column elementor-col-100 elementor-top-column elementor-element elementor-element-43078c1\" data-id=\"43078c1\" data-element_type=\"column\">\n\t\t\t<div class=\"elementor-widget-wrap elementor-element-populated\">\n\t\t\t\t\t\t\t\t<div class=\"elementor-element elementor-element-e746e85 elementor-widget elementor-widget-text-editor\" data-id=\"e746e85\" data-element_type=\"widget\" data-widget_type=\"text-editor.default\">\n\t\t\t\t<div class=\"elementor-widget-container\">\n\t\t\t\t\t\t\t<p>23.03.2024 Wiktoria \u00a0Syrek podczas fina\u0142u w Miejskim Klubie im. Jana Kiepury w Sosnowcu wykona\u0142a 2 piosenki: \u201eCzarodziej i ja\u201d oraz \u201eBy\u0142 sobie kr\u00f3l\u201d.<\/p><p style=\"text-align: center;\">GRATULACJE!!!\u00a0 \u017byczymy dalszych sukces\u00f3w.<\/p>\t\t\t\t\t\t<\/div>\n\t\t\t\t<\/div>\n\t\t\t\t\t<\/div>\n\t\t<\/div>\n\t\t\t\t\t\t\t<\/div>\n\t\t<\/section>\n\t\t\t\t<section class=\"elementor-section elementor-top-section elementor-element elementor-element-d1c75c2 elementor-section-boxed elementor-section-height-default elementor-section-height-default\" data-id=\"d1c75c2\" data-element_type=\"section\">\n\t\t\t\t\t\t<div class=\"elementor-container elementor-column-gap-default\">\n\t\t\t\t\t<div class=\"elementor-column elementor-col-100 elementor-top-column elementor-element elementor-element-7042330\" data-id=\"7042330\" data-element_type=\"column\">\n\t\t\t<div class=\"elementor-widget-wrap elementor-element-populated\">\n\t\t\t\t\t\t\t\t<div class=\"elementor-element elementor-element-6863459 elementor-widget elementor-widget-image-gallery\" data-id=\"6863459\" data-element_type=\"widget\" data-widget_type=\"image-gallery.default\">\n\t\t\t\t<div class=\"elementor-widget-container\">\n\t\t\t\t\t<div class=\"elementor-image-gallery\">\n\t\t\t<div id='gallery-1' class='gallery galleryid-15253 gallery-columns-2 gallery-size-medium'><figure class='gallery-item'>\n\t\t\t<div class='gallery-icon portrait'>\n\t\t\t\t<a data-elementor-open-lightbox=\"yes\" data-elementor-lightbox-slideshow=\"6863459\" data-elementor-lightbox-title=\"b4e38a5c-6226-43ef-85f3-641584494023\" e-action-hash=\"#elementor-action%3Aaction%3Dlightbox%26settings%3DeyJpZCI6MTUyNTUsInVybCI6Imh0dHBzOlwvXC96cy5ncm9tbmlrLnBsXC96c1wvd3AtY29udGVudFwvdXBsb2Fkc1wvMjAyNFwvMDRcL2I0ZTM4YTVjLTYyMjYtNDNlZi04NWYzLTY0MTU4NDQ5NDAyMy5qcGciLCJzbGlkZXNob3ciOiI2ODYzNDU5In0%3D\" href='https:\/\/zs.gromnik.pl\/zs\/wp-content\/uploads\/2024\/04\/b4e38a5c-6226-43ef-85f3-641584494023.jpg'><img width=\"225\" height=\"300\" src=\"https:\/\/zs.gromnik.pl\/zs\/wp-content\/uploads\/2024\/04\/b4e38a5c-6226-43ef-85f3-641584494023-225x300.jpg\" class=\"attachment-medium size-medium\" alt=\"\" loading=\"lazy\" srcset=\"https:\/\/zs.gromnik.pl\/zs\/wp-content\/uploads\/2024\/04\/b4e38a5c-6226-43ef-85f3-641584494023-225x300.jpg 225w, https:\/\/zs.gromnik.pl\/zs\/wp-content\/uploads\/2024\/04\/b4e38a5c-6226-43ef-85f3-641584494023-768x1024.jpg 768w, https:\/\/zs.gromnik.pl\/zs\/wp-content\/uploads\/2024\/04\/b4e38a5c-6226-43ef-85f3-641584494023-1152x1536.jpg 1152w, https:\/\/zs.gromnik.pl\/zs\/wp-content\/uploads\/2024\/04\/b4e38a5c-6226-43ef-85f3-641584494023-1140x1520.jpg 1140w, https:\/\/zs.gromnik.pl\/zs\/wp-content\/uploads\/2024\/04\/b4e38a5c-6226-43ef-85f3-641584494023.jpg 1200w\" sizes=\"(max-width: 225px) 100vw, 225px\" \/><\/a>\n\t\t\t<\/div><\/figure><figure class='gallery-item'>\n\t\t\t<div class='gallery-icon landscape'>\n\t\t\t\t<a data-elementor-open-lightbox=\"yes\" data-elementor-lightbox-slideshow=\"6863459\" data-elementor-lightbox-title=\"c43ae135-517f-4cb1-b17b-03685f4635b0\" e-action-hash=\"#elementor-action%3Aaction%3Dlightbox%26settings%3DeyJpZCI6MTUyNTYsInVybCI6Imh0dHBzOlwvXC96cy5ncm9tbmlrLnBsXC96c1wvd3AtY29udGVudFwvdXBsb2Fkc1wvMjAyNFwvMDRcL2M0M2FlMTM1LTUxN2YtNGNiMS1iMTdiLTAzNjg1ZjQ2MzViMC5qcGciLCJzbGlkZXNob3ciOiI2ODYzNDU5In0%3D\" href='https:\/\/zs.gromnik.pl\/zs\/wp-content\/uploads\/2024\/04\/c43ae135-517f-4cb1-b17b-03685f4635b0.jpg'><img width=\"300\" height=\"225\" src=\"https:\/\/zs.gromnik.pl\/zs\/wp-content\/uploads\/2024\/04\/c43ae135-517f-4cb1-b17b-03685f4635b0-300x225.jpg\" class=\"attachment-medium size-medium\" alt=\"\" loading=\"lazy\" srcset=\"https:\/\/zs.gromnik.pl\/zs\/wp-content\/uploads\/2024\/04\/c43ae135-517f-4cb1-b17b-03685f4635b0-300x225.jpg 300w, https:\/\/zs.gromnik.pl\/zs\/wp-content\/uploads\/2024\/04\/c43ae135-517f-4cb1-b17b-03685f4635b0-1024x768.jpg 1024w, https:\/\/zs.gromnik.pl\/zs\/wp-content\/uploads\/2024\/04\/c43ae135-517f-4cb1-b17b-03685f4635b0-768x576.jpg 768w, https:\/\/zs.gromnik.pl\/zs\/wp-content\/uploads\/2024\/04\/c43ae135-517f-4cb1-b17b-03685f4635b0-1536x1152.jpg 1536w, https:\/\/zs.gromnik.pl\/zs\/wp-content\/uploads\/2024\/04\/c43ae135-517f-4cb1-b17b-03685f4635b0-1140x855.jpg 1140w, https:\/\/zs.gromnik.pl\/zs\/wp-content\/uploads\/2024\/04\/c43ae135-517f-4cb1-b17b-03685f4635b0.jpg 1600w\" sizes=\"(max-width: 300px) 100vw, 300px\" \/><\/a>\n\t\t\t<\/div><\/figure>\n\t\t<\/div>\n\t\t<\/div>\n\t\t\t\t<\/div>\n\t\t\t\t<\/div>\n\t\t\t\t\t<\/div>\n\t\t<\/div>\n\t\t\t\t\t\t\t<\/div>\n\t\t<\/section>\n\t\t\t\t\t\t\t<\/div>\n\t\t","protected":false},"excerpt":{"rendered":"<p>23.03.2024 Wiktoria \u00a0Syrek podczas fina\u0142u w Miejskim Klubie im. Jana Kiepury w Sosnowcu wykona\u0142a 2 piosenki: \u201eCzarodziej i ja\u201d oraz \u201eBy\u0142 sobie kr\u00f3l\u201d. GRATULACJE!!!\u00a0 \u017byczymy dalszych sukces\u00f3w.<\/p>\n","protected":false},"author":1,"featured_media":15257,"comment_status":"closed","ping_status":"open","sticky":false,"template":"","format":"standard","meta":[],"categories":[3],"tags":[],"yoast_head":"<!-- This site is optimized with the Yoast SEO plugin v19.8 - https:\/\/yoast.com\/wordpress\/plugins\/seo\/ -->\n<title>Wiktoria Syrek \u2013 Finalistka XXI Europejskiego Integracyjnego Festiwalu Piosenki Dzieci\u0119cej \u201eIntermuza\u201d Sosnowiec 2024 - Zesp\u00f3\u0142 Szk\u00f3\u0142 w Gromniku<\/title>\n<meta name=\"description\" content=\"Zesp\u00f3\u0142 Szk\u00f3\u0142 w Gromniku\" \/>\n<meta name=\"robots\" content=\"index, follow, max-snippet:-1, max-image-preview:large, max-video-preview:-1\" \/>\n<link rel=\"canonical\" href=\"https:\/\/zs.gromnik.pl\/zs\/wiktoria-syrek-finalistka-xxi-europejskiego-integracyjnego-festiwalu-piosenki-dzieciecej-intermuza-sosnowiec-2024\/\" \/>\n<meta property=\"og:locale\" content=\"pl_PL\" \/>\n<meta property=\"og:type\" content=\"article\" \/>\n<meta property=\"og:title\" content=\"Wiktoria Syrek \u2013 Finalistka XXI Europejskiego Integracyjnego Festiwalu Piosenki Dzieci\u0119cej \u201eIntermuza\u201d Sosnowiec 2024 - Zesp\u00f3\u0142 Szk\u00f3\u0142 w Gromniku\" \/>\n<meta property=\"og:description\" content=\"Zesp\u00f3\u0142 Szk\u00f3\u0142 w Gromniku\" \/>\n<meta property=\"og:url\" content=\"https:\/\/zs.gromnik.pl\/zs\/wiktoria-syrek-finalistka-xxi-europejskiego-integracyjnego-festiwalu-piosenki-dzieciecej-intermuza-sosnowiec-2024\/\" \/>\n<meta property=\"og:site_name\" content=\"Zesp\u00f3\u0142 Szk\u00f3\u0142 w Gromniku\" \/>\n<meta property=\"article:publisher\" content=\"https:\/\/www.facebook.com\/zsgromnik\" \/>\n<meta property=\"article:published_time\" content=\"2024-04-02T15:51:53+00:00\" \/>\n<meta property=\"article:modified_time\" content=\"2024-04-02T15:54:32+00:00\" \/>\n<meta property=\"og:image\" content=\"https:\/\/zs.gromnik.pl\/zs\/wp-content\/uploads\/2024\/04\/5458.jpg\" \/>\n\t<meta property=\"og:image:width\" content=\"375\" \/>\n\t<meta property=\"og:image:height\" content=\"500\" \/>\n\t<meta property=\"og:image:type\" content=\"image\/jpeg\" \/>\n<meta name=\"author\" content=\"admin\" \/>\n<meta name=\"twitter:card\" content=\"summary_large_image\" \/>\n<meta name=\"twitter:label1\" content=\"Napisane przez\" \/>\n\t<meta name=\"twitter:data1\" content=\"admin\" \/>\n<script type=\"application\/ld+json\" class=\"yoast-schema-graph\">{\"@context\":\"https:\/\/schema.org\",\"@graph\":[{\"@type\":\"WebPage\",\"@id\":\"https:\/\/zs.gromnik.pl\/zs\/wiktoria-syrek-finalistka-xxi-europejskiego-integracyjnego-festiwalu-piosenki-dzieciecej-intermuza-sosnowiec-2024\/\",\"url\":\"https:\/\/zs.gromnik.pl\/zs\/wiktoria-syrek-finalistka-xxi-europejskiego-integracyjnego-festiwalu-piosenki-dzieciecej-intermuza-sosnowiec-2024\/\",\"name\":\"Wiktoria Syrek \u2013 Finalistka XXI Europejskiego Integracyjnego Festiwalu Piosenki Dzieci\u0119cej \u201eIntermuza\u201d Sosnowiec 2024 - Zesp\u00f3\u0142 Szk\u00f3\u0142 w Gromniku\",\"isPartOf\":{\"@id\":\"https:\/\/zs.gromnik.pl\/zs\/#website\"},\"datePublished\":\"2024-04-02T15:51:53+00:00\",\"dateModified\":\"2024-04-02T15:54:32+00:00\",\"author\":{\"@id\":\"https:\/\/zs.gromnik.pl\/zs\/#\/schema\/person\/b197900f67c6133faddc284ae32f97ca\"},\"description\":\"Zesp\u00f3\u0142 Szk\u00f3\u0142 w Gromniku\",\"breadcrumb\":{\"@id\":\"https:\/\/zs.gromnik.pl\/zs\/wiktoria-syrek-finalistka-xxi-europejskiego-integracyjnego-festiwalu-piosenki-dzieciecej-intermuza-sosnowiec-2024\/#breadcrumb\"},\"inLanguage\":\"pl-PL\",\"potentialAction\":[{\"@type\":\"ReadAction\",\"target\":[\"https:\/\/zs.gromnik.pl\/zs\/wiktoria-syrek-finalistka-xxi-europejskiego-integracyjnego-festiwalu-piosenki-dzieciecej-intermuza-sosnowiec-2024\/\"]}]},{\"@type\":\"BreadcrumbList\",\"@id\":\"https:\/\/zs.gromnik.pl\/zs\/wiktoria-syrek-finalistka-xxi-europejskiego-integracyjnego-festiwalu-piosenki-dzieciecej-intermuza-sosnowiec-2024\/#breadcrumb\",\"itemListElement\":[{\"@type\":\"ListItem\",\"position\":1,\"name\":\"Strona g\u0142\u00f3wna\",\"item\":\"https:\/\/zs.gromnik.pl\/zs\/\"},{\"@type\":\"ListItem\",\"position\":2,\"name\":\"Wiktoria Syrek \u2013 Finalistka XXI Europejskiego Integracyjnego Festiwalu Piosenki Dzieci\u0119cej \u201eIntermuza\u201d Sosnowiec 2024\"}]},{\"@type\":\"WebSite\",\"@id\":\"https:\/\/zs.gromnik.pl\/zs\/#website\",\"url\":\"https:\/\/zs.gromnik.pl\/zs\/\",\"name\":\"Zesp\u00f3\u0142 Szk\u00f3\u0142 w Gromniku\",\"description\":\"\",\"potentialAction\":[{\"@type\":\"SearchAction\",\"target\":{\"@type\":\"EntryPoint\",\"urlTemplate\":\"https:\/\/zs.gromnik.pl\/zs\/?s={search_term_string}\"},\"query-input\":\"required name=search_term_string\"}],\"inLanguage\":\"pl-PL\"},{\"@type\":\"Person\",\"@id\":\"https:\/\/zs.gromnik.pl\/zs\/#\/schema\/person\/b197900f67c6133faddc284ae32f97ca\",\"name\":\"admin\",\"image\":{\"@type\":\"ImageObject\",\"inLanguage\":\"pl-PL\",\"@id\":\"https:\/\/zs.gromnik.pl\/zs\/#\/schema\/person\/image\/\",\"url\":\"https:\/\/secure.gravatar.com\/avatar\/f8a2f876dbcc8c8edd809a8ca77a2abe?s=96&d=mm&r=g\",\"contentUrl\":\"https:\/\/secure.gravatar.com\/avatar\/f8a2f876dbcc8c8edd809a8ca77a2abe?s=96&d=mm&r=g\",\"caption\":\"admin\"},\"url\":\"https:\/\/zs.gromnik.pl\/zs\/author\/admin\/\"}]}<\/script>\n<!-- \/ Yoast SEO plugin. -->","yoast_head_json":{"title":"Wiktoria Syrek \u2013 Finalistka XXI Europejskiego Integracyjnego Festiwalu Piosenki Dzieci\u0119cej \u201eIntermuza\u201d Sosnowiec 2024 - Zesp\u00f3\u0142 Szk\u00f3\u0142 w Gromniku","description":"Zesp\u00f3\u0142 Szk\u00f3\u0142 w Gromniku","robots":{"index":"index","follow":"follow","max-snippet":"max-snippet:-1","max-image-preview":"max-image-preview:large","max-video-preview":"max-video-preview:-1"},"canonical":"https:\/\/zs.gromnik.pl\/zs\/wiktoria-syrek-finalistka-xxi-europejskiego-integracyjnego-festiwalu-piosenki-dzieciecej-intermuza-sosnowiec-2024\/","og_locale":"pl_PL","og_type":"article","og_title":"Wiktoria Syrek \u2013 Finalistka XXI Europejskiego Integracyjnego Festiwalu Piosenki Dzieci\u0119cej \u201eIntermuza\u201d Sosnowiec 2024 - Zesp\u00f3\u0142 Szk\u00f3\u0142 w Gromniku","og_description":"Zesp\u00f3\u0142 Szk\u00f3\u0142 w Gromniku","og_url":"https:\/\/zs.gromnik.pl\/zs\/wiktoria-syrek-finalistka-xxi-europejskiego-integracyjnego-festiwalu-piosenki-dzieciecej-intermuza-sosnowiec-2024\/","og_site_name":"Zesp\u00f3\u0142 Szk\u00f3\u0142 w Gromniku","article_publisher":"https:\/\/www.facebook.com\/zsgromnik","article_published_time":"2024-04-02T15:51:53+00:00","article_modified_time":"2024-04-02T15:54:32+00:00","og_image":[{"width":375,"height":500,"url":"https:\/\/zs.gromnik.pl\/zs\/wp-content\/uploads\/2024\/04\/5458.jpg","type":"image\/jpeg"}],"author":"admin","twitter_card":"summary_large_image","twitter_misc":{"Napisane przez":"admin"},"schema":{"@context":"https:\/\/schema.org","@graph":[{"@type":"WebPage","@id":"https:\/\/zs.gromnik.pl\/zs\/wiktoria-syrek-finalistka-xxi-europejskiego-integracyjnego-festiwalu-piosenki-dzieciecej-intermuza-sosnowiec-2024\/","url":"https:\/\/zs.gromnik.pl\/zs\/wiktoria-syrek-finalistka-xxi-europejskiego-integracyjnego-festiwalu-piosenki-dzieciecej-intermuza-sosnowiec-2024\/","name":"Wiktoria Syrek \u2013 Finalistka XXI Europejskiego Integracyjnego Festiwalu Piosenki Dzieci\u0119cej \u201eIntermuza\u201d Sosnowiec 2024 - Zesp\u00f3\u0142 Szk\u00f3\u0142 w Gromniku","isPartOf":{"@id":"https:\/\/zs.gromnik.pl\/zs\/#website"},"datePublished":"2024-04-02T15:51:53+00:00","dateModified":"2024-04-02T15:54:32+00:00","author":{"@id":"https:\/\/zs.gromnik.pl\/zs\/#\/schema\/person\/b197900f67c6133faddc284ae32f97ca"},"description":"Zesp\u00f3\u0142 Szk\u00f3\u0142 w Gromniku","breadcrumb":{"@id":"https:\/\/zs.gromnik.pl\/zs\/wiktoria-syrek-finalistka-xxi-europejskiego-integracyjnego-festiwalu-piosenki-dzieciecej-intermuza-sosnowiec-2024\/#breadcrumb"},"inLanguage":"pl-PL","potentialAction":[{"@type":"ReadAction","target":["https:\/\/zs.gromnik.pl\/zs\/wiktoria-syrek-finalistka-xxi-europejskiego-integracyjnego-festiwalu-piosenki-dzieciecej-intermuza-sosnowiec-2024\/"]}]},{"@type":"BreadcrumbList","@id":"https:\/\/zs.gromnik.pl\/zs\/wiktoria-syrek-finalistka-xxi-europejskiego-integracyjnego-festiwalu-piosenki-dzieciecej-intermuza-sosnowiec-2024\/#breadcrumb","itemListElement":[{"@type":"ListItem","position":1,"name":"Strona g\u0142\u00f3wna","item":"https:\/\/zs.gromnik.pl\/zs\/"},{"@type":"ListItem","position":2,"name":"Wiktoria Syrek \u2013 Finalistka XXI Europejskiego Integracyjnego Festiwalu Piosenki Dzieci\u0119cej \u201eIntermuza\u201d Sosnowiec 2024"}]},{"@type":"WebSite","@id":"https:\/\/zs.gromnik.pl\/zs\/#website","url":"https:\/\/zs.gromnik.pl\/zs\/","name":"Zesp\u00f3\u0142 Szk\u00f3\u0142 w Gromniku","description":"","potentialAction":[{"@type":"SearchAction","target":{"@type":"EntryPoint","urlTemplate":"https:\/\/zs.gromnik.pl\/zs\/?s={search_term_string}"},"query-input":"required name=search_term_string"}],"inLanguage":"pl-PL"},{"@type":"Person","@id":"https:\/\/zs.gromnik.pl\/zs\/#\/schema\/person\/b197900f67c6133faddc284ae32f97ca","name":"admin","image":{"@type":"ImageObject","inLanguage":"pl-PL","@id":"https:\/\/zs.gromnik.pl\/zs\/#\/schema\/person\/image\/","url":"https:\/\/secure.gravatar.com\/avatar\/f8a2f876dbcc8c8edd809a8ca77a2abe?s=96&d=mm&r=g","contentUrl":"https:\/\/secure.gravatar.com\/avatar\/f8a2f876dbcc8c8edd809a8ca77a2abe?s=96&d=mm&r=g","caption":"admin"},"url":"https:\/\/zs.gromnik.pl\/zs\/author\/admin\/"}]}},"_links":{"self":[{"href":"https:\/\/zs.gromnik.pl\/zs\/wp-json\/wp\/v2\/posts\/15253"}],"collection":[{"href":"https:\/\/zs.gromnik.pl\/zs\/wp-json\/wp\/v2\/posts"}],"about":[{"href":"https:\/\/zs.gromnik.pl\/zs\/wp-json\/wp\/v2\/types\/post"}],"author":[{"embeddable":true,"href":"https:\/\/zs.gromnik.pl\/zs\/wp-json\/wp\/v2\/users\/1"}],"replies":[{"embeddable":true,"href":"https:\/\/zs.gromnik.pl\/zs\/wp-json\/wp\/v2\/comments?post=15253"}],"version-history":[{"count":4,"href":"https:\/\/zs.gromnik.pl\/zs\/wp-json\/wp\/v2\/posts\/15253\/revisions"}],"predecessor-version":[{"id":15260,"href":"https:\/\/zs.gromnik.pl\/zs\/wp-json\/wp\/v2\/posts\/15253\/revisions\/15260"}],"wp:featuredmedia":[{"embeddable":true,"href":"https:\/\/zs.gromnik.pl\/zs\/wp-json\/wp\/v2\/media\/15257"}],"wp:attachment":[{"href":"https:\/\/zs.gromnik.pl\/zs\/wp-json\/wp\/v2\/media?parent=15253"}],"wp:term":[{"taxonomy":"category","embeddable":true,"href":"https:\/\/zs.gromnik.pl\/zs\/wp-json\/wp\/v2\/categories?post=15253"},{"taxonomy":"post_tag","embeddable":true,"href":"https:\/\/zs.gromnik.pl\/zs\/wp-json\/wp\/v2\/tags?post=15253"}],"curies":[{"name":"wp","href":"https:\/\/api.w.org\/{rel}","templated":true}]}}