{"id":15261,"date":"2024-04-03T20:20:37","date_gmt":"2024-04-03T18:20:37","guid":{"rendered":"http:\/\/zs.gromnik.pl\/zs\/?p=15261"},"modified":"2024-04-03T20:21:31","modified_gmt":"2024-04-03T18:21:31","slug":"swiatowy-dzien-poezji-w-klasach-iv-vi","status":"publish","type":"post","link":"https:\/\/zs.gromnik.pl\/zs\/swiatowy-dzien-poezji-w-klasach-iv-vi\/","title":{"rendered":"\u015awiatowy Dzie\u0144 Poezji w klasach IV-VI"},"content":{"rendered":"\t\t<div data-elementor-type=\"wp-post\" data-elementor-id=\"15261\" class=\"elementor elementor-15261\">\n\t\t\t\t\t\t\t\t\t<section class=\"elementor-section elementor-top-section elementor-element elementor-element-86093b6 elementor-section-boxed elementor-section-height-default elementor-section-height-default\" data-id=\"86093b6\" data-element_type=\"section\">\n\t\t\t\t\t\t<div class=\"elementor-container elementor-column-gap-default\">\n\t\t\t\t\t<div class=\"elementor-column elementor-col-100 elementor-top-column elementor-element elementor-element-9d93a54\" data-id=\"9d93a54\" data-element_type=\"column\">\n\t\t\t<div class=\"elementor-widget-wrap elementor-element-populated\">\n\t\t\t\t\t\t\t\t<div class=\"elementor-element elementor-element-552f189 elementor-widget elementor-widget-text-editor\" data-id=\"552f189\" data-element_type=\"widget\" data-widget_type=\"text-editor.default\">\n\t\t\t\t<div class=\"elementor-widget-container\">\n\t\t\t\t\t\t\t<p>\u015awiatowy Dzie\u0144 Poezji to \u015bwi\u0119to obchodzone corocznie 21 marca. \u015awi\u0119to zosta\u0142o ustanowione przez UNESCO jesieni\u0105 1999 roku. G\u0142\u00f3wne uroczysto\u015bci \u015bwi\u0119ta odbywaj\u0105 si\u0119 w Pary\u017cu. Celem tego dnia jest promocja czytania, pisania, publikowania i nauczania poezji na ca\u0142ym \u015bwiecie. UNESCO zadeklarowa\u0142o, \u017ce ten dzie\u0144 ma &#8222;da\u0107 nowy impuls, aby doceni\u0107 poezj\u0119 oraz poprze\u0107 krajowe, regionalne i mi\u0119dzynarodowe ruchy poetyckie&#8221;.<\/p><p>W ramach obchod\u00f3w \u201eDnia Poezji\u201d w dniach 21-22 marca uczniowie klas czwartych, pi\u0105tych i sz\u00f3stych naszej szko\u0142y uczestniczyli w zaj\u0119ciach bibliotecznych. Podczas zaj\u0119\u0107 uczniowie mogli wcieli\u0107 si\u0119 w rol\u0119 poet\u00f3w dzieci\u0119cych. Ich zadaniem by\u0142o utworzy\u0107 z rozsypanki wers\u00f3w nowe wersje wierszy Jana Brzechwy \u201eHipopotam\u201d oraz \u201e\u017baba\u201d. Nast\u0119pnie uczniowie podzieleni na\u00a0 trzy- oraz czteroosobowe grupy tworzyli zupe\u0142nie now\u0105 wersj\u0119 wiersza Jana Brzechwy \u201eLe\u0144\u201d W nowych wersjach wiersza tytu\u0142owy \u201eLe\u0144\u201d spa\u0142 do po\u0142udnia, gra\u0142 <br \/>w popularne gry komputerowe, unika\u0142 wszelkich obowi\u0105zk\u00f3w domowych. Powsta\u0142y bardzo ciekawe, kreatywne i warte uwagi wersje znanego wiersza.<\/p><p>Na koniec zaj\u0119\u0107 uczniowie brali udzia\u0142 w kalamburach j\u0119zykowych. Ich zadaniem by\u0142o opisa\u0107 has\u0142o z kategorii: literatura, czynno\u015bci, Internet, miejsca. Dodatkow\u0105 trudno\u015bci\u0105 gry by\u0142y s\u0142owa zakazane, takie kt\u00f3rych nie mog\u0105 u\u017cy\u0107 podczas prezentowania has\u0142a. Pomimo tego uczniowie \u015bwietnie poradzili sobie z odgadni\u0119ciem hase\u0142.<\/p>\t\t\t\t\t\t<\/div>\n\t\t\t\t<\/div>\n\t\t\t\t\t<\/div>\n\t\t<\/div>\n\t\t\t\t\t\t\t<\/div>\n\t\t<\/section>\n\t\t\t\t<section class=\"elementor-section elementor-top-section elementor-element elementor-element-5bc254c elementor-section-boxed elementor-section-height-default elementor-section-height-default\" data-id=\"5bc254c\" data-element_type=\"section\">\n\t\t\t\t\t\t<div class=\"elementor-container elementor-column-gap-default\">\n\t\t\t\t\t<div class=\"elementor-column elementor-col-100 elementor-top-column elementor-element elementor-element-0237046\" data-id=\"0237046\" data-element_type=\"column\">\n\t\t\t<div class=\"elementor-widget-wrap elementor-element-populated\">\n\t\t\t\t\t\t\t\t<div class=\"elementor-element elementor-element-73a3125 elementor-widget elementor-widget-image-gallery\" data-id=\"73a3125\" data-element_type=\"widget\" data-widget_type=\"image-gallery.default\">\n\t\t\t\t<div class=\"elementor-widget-container\">\n\t\t\t\t\t<div class=\"elementor-image-gallery\">\n\t\t\t<div id='gallery-1' class='gallery galleryid-15261 gallery-columns-3 gallery-size-medium'><figure class='gallery-item'>\n\t\t\t<div class='gallery-icon portrait'>\n\t\t\t\t<a data-elementor-open-lightbox=\"yes\" data-elementor-lightbox-slideshow=\"73a3125\" data-elementor-lightbox-title=\"IMG_20240322_125518\" e-action-hash=\"#elementor-action%3Aaction%3Dlightbox%26settings%3DeyJpZCI6MTUyNjMsInVybCI6Imh0dHBzOlwvXC96cy5ncm9tbmlrLnBsXC96c1wvd3AtY29udGVudFwvdXBsb2Fkc1wvMjAyNFwvMDRcL0lNR18yMDI0MDMyMl8xMjU1MTgtc2NhbGVkLmpwZyIsInNsaWRlc2hvdyI6IjczYTMxMjUifQ%3D%3D\" href='https:\/\/zs.gromnik.pl\/zs\/wp-content\/uploads\/2024\/04\/IMG_20240322_125518-scaled.jpg'><img width=\"225\" height=\"300\" src=\"https:\/\/zs.gromnik.pl\/zs\/wp-content\/uploads\/2024\/04\/IMG_20240322_125518-225x300.jpg\" class=\"attachment-medium size-medium\" alt=\"\" loading=\"lazy\" srcset=\"https:\/\/zs.gromnik.pl\/zs\/wp-content\/uploads\/2024\/04\/IMG_20240322_125518-225x300.jpg 225w, https:\/\/zs.gromnik.pl\/zs\/wp-content\/uploads\/2024\/04\/IMG_20240322_125518-768x1024.jpg 768w, https:\/\/zs.gromnik.pl\/zs\/wp-content\/uploads\/2024\/04\/IMG_20240322_125518-1152x1536.jpg 1152w, https:\/\/zs.gromnik.pl\/zs\/wp-content\/uploads\/2024\/04\/IMG_20240322_125518-1536x2048.jpg 1536w, https:\/\/zs.gromnik.pl\/zs\/wp-content\/uploads\/2024\/04\/IMG_20240322_125518-1140x1520.jpg 1140w, https:\/\/zs.gromnik.pl\/zs\/wp-content\/uploads\/2024\/04\/IMG_20240322_125518-scaled.jpg 1920w\" sizes=\"(max-width: 225px) 100vw, 225px\" \/><\/a>\n\t\t\t<\/div><\/figure><figure class='gallery-item'>\n\t\t\t<div class='gallery-icon portrait'>\n\t\t\t\t<a data-elementor-open-lightbox=\"yes\" data-elementor-lightbox-slideshow=\"73a3125\" data-elementor-lightbox-title=\"IMG_20240322_125526\" e-action-hash=\"#elementor-action%3Aaction%3Dlightbox%26settings%3DeyJpZCI6MTUyNjQsInVybCI6Imh0dHBzOlwvXC96cy5ncm9tbmlrLnBsXC96c1wvd3AtY29udGVudFwvdXBsb2Fkc1wvMjAyNFwvMDRcL0lNR18yMDI0MDMyMl8xMjU1MjYtc2NhbGVkLmpwZyIsInNsaWRlc2hvdyI6IjczYTMxMjUifQ%3D%3D\" href='https:\/\/zs.gromnik.pl\/zs\/wp-content\/uploads\/2024\/04\/IMG_20240322_125526-scaled.jpg'><img width=\"225\" height=\"300\" src=\"https:\/\/zs.gromnik.pl\/zs\/wp-content\/uploads\/2024\/04\/IMG_20240322_125526-225x300.jpg\" class=\"attachment-medium size-medium\" alt=\"\" loading=\"lazy\" srcset=\"https:\/\/zs.gromnik.pl\/zs\/wp-content\/uploads\/2024\/04\/IMG_20240322_125526-225x300.jpg 225w, https:\/\/zs.gromnik.pl\/zs\/wp-content\/uploads\/2024\/04\/IMG_20240322_125526-768x1024.jpg 768w, https:\/\/zs.gromnik.pl\/zs\/wp-content\/uploads\/2024\/04\/IMG_20240322_125526-1152x1536.jpg 1152w, https:\/\/zs.gromnik.pl\/zs\/wp-content\/uploads\/2024\/04\/IMG_20240322_125526-1536x2048.jpg 1536w, https:\/\/zs.gromnik.pl\/zs\/wp-content\/uploads\/2024\/04\/IMG_20240322_125526-1140x1520.jpg 1140w, https:\/\/zs.gromnik.pl\/zs\/wp-content\/uploads\/2024\/04\/IMG_20240322_125526-scaled.jpg 1920w\" sizes=\"(max-width: 225px) 100vw, 225px\" \/><\/a>\n\t\t\t<\/div><\/figure><figure class='gallery-item'>\n\t\t\t<div class='gallery-icon portrait'>\n\t\t\t\t<a data-elementor-open-lightbox=\"yes\" data-elementor-lightbox-slideshow=\"73a3125\" data-elementor-lightbox-title=\"IMG_20240321_104935\" e-action-hash=\"#elementor-action%3Aaction%3Dlightbox%26settings%3DeyJpZCI6MTUyNjUsInVybCI6Imh0dHBzOlwvXC96cy5ncm9tbmlrLnBsXC96c1wvd3AtY29udGVudFwvdXBsb2Fkc1wvMjAyNFwvMDRcL0lNR18yMDI0MDMyMV8xMDQ5MzUtc2NhbGVkLmpwZyIsInNsaWRlc2hvdyI6IjczYTMxMjUifQ%3D%3D\" href='https:\/\/zs.gromnik.pl\/zs\/wp-content\/uploads\/2024\/04\/IMG_20240321_104935-scaled.jpg'><img width=\"225\" height=\"300\" src=\"https:\/\/zs.gromnik.pl\/zs\/wp-content\/uploads\/2024\/04\/IMG_20240321_104935-225x300.jpg\" class=\"attachment-medium size-medium\" alt=\"\" loading=\"lazy\" srcset=\"https:\/\/zs.gromnik.pl\/zs\/wp-content\/uploads\/2024\/04\/IMG_20240321_104935-225x300.jpg 225w, https:\/\/zs.gromnik.pl\/zs\/wp-content\/uploads\/2024\/04\/IMG_20240321_104935-768x1024.jpg 768w, https:\/\/zs.gromnik.pl\/zs\/wp-content\/uploads\/2024\/04\/IMG_20240321_104935-1152x1536.jpg 1152w, https:\/\/zs.gromnik.pl\/zs\/wp-content\/uploads\/2024\/04\/IMG_20240321_104935-1536x2048.jpg 1536w, https:\/\/zs.gromnik.pl\/zs\/wp-content\/uploads\/2024\/04\/IMG_20240321_104935-1140x1520.jpg 1140w, https:\/\/zs.gromnik.pl\/zs\/wp-content\/uploads\/2024\/04\/IMG_20240321_104935-scaled.jpg 1920w\" sizes=\"(max-width: 225px) 100vw, 225px\" \/><\/a>\n\t\t\t<\/div><\/figure><figure class='gallery-item'>\n\t\t\t<div class='gallery-icon portrait'>\n\t\t\t\t<a data-elementor-open-lightbox=\"yes\" data-elementor-lightbox-slideshow=\"73a3125\" data-elementor-lightbox-title=\"IMG_20240321_104919\" e-action-hash=\"#elementor-action%3Aaction%3Dlightbox%26settings%3DeyJpZCI6MTUyNjYsInVybCI6Imh0dHBzOlwvXC96cy5ncm9tbmlrLnBsXC96c1wvd3AtY29udGVudFwvdXBsb2Fkc1wvMjAyNFwvMDRcL0lNR18yMDI0MDMyMV8xMDQ5MTktc2NhbGVkLmpwZyIsInNsaWRlc2hvdyI6IjczYTMxMjUifQ%3D%3D\" href='https:\/\/zs.gromnik.pl\/zs\/wp-content\/uploads\/2024\/04\/IMG_20240321_104919-scaled.jpg'><img width=\"225\" height=\"300\" src=\"https:\/\/zs.gromnik.pl\/zs\/wp-content\/uploads\/2024\/04\/IMG_20240321_104919-225x300.jpg\" class=\"attachment-medium size-medium\" alt=\"\" loading=\"lazy\" srcset=\"https:\/\/zs.gromnik.pl\/zs\/wp-content\/uploads\/2024\/04\/IMG_20240321_104919-225x300.jpg 225w, https:\/\/zs.gromnik.pl\/zs\/wp-content\/uploads\/2024\/04\/IMG_20240321_104919-768x1024.jpg 768w, https:\/\/zs.gromnik.pl\/zs\/wp-content\/uploads\/2024\/04\/IMG_20240321_104919-1152x1536.jpg 1152w, https:\/\/zs.gromnik.pl\/zs\/wp-content\/uploads\/2024\/04\/IMG_20240321_104919-1536x2048.jpg 1536w, https:\/\/zs.gromnik.pl\/zs\/wp-content\/uploads\/2024\/04\/IMG_20240321_104919-1140x1520.jpg 1140w, https:\/\/zs.gromnik.pl\/zs\/wp-content\/uploads\/2024\/04\/IMG_20240321_104919-scaled.jpg 1920w\" sizes=\"(max-width: 225px) 100vw, 225px\" \/><\/a>\n\t\t\t<\/div><\/figure><figure class='gallery-item'>\n\t\t\t<div class='gallery-icon portrait'>\n\t\t\t\t<a data-elementor-open-lightbox=\"yes\" data-elementor-lightbox-slideshow=\"73a3125\" data-elementor-lightbox-title=\"IMG_20240322_090609\" e-action-hash=\"#elementor-action%3Aaction%3Dlightbox%26settings%3DeyJpZCI6MTUyNjcsInVybCI6Imh0dHBzOlwvXC96cy5ncm9tbmlrLnBsXC96c1wvd3AtY29udGVudFwvdXBsb2Fkc1wvMjAyNFwvMDRcL0lNR18yMDI0MDMyMl8wOTA2MDktc2NhbGVkLmpwZyIsInNsaWRlc2hvdyI6IjczYTMxMjUifQ%3D%3D\" href='https:\/\/zs.gromnik.pl\/zs\/wp-content\/uploads\/2024\/04\/IMG_20240322_090609-scaled.jpg'><img width=\"225\" height=\"300\" src=\"https:\/\/zs.gromnik.pl\/zs\/wp-content\/uploads\/2024\/04\/IMG_20240322_090609-225x300.jpg\" class=\"attachment-medium size-medium\" alt=\"\" loading=\"lazy\" srcset=\"https:\/\/zs.gromnik.pl\/zs\/wp-content\/uploads\/2024\/04\/IMG_20240322_090609-225x300.jpg 225w, https:\/\/zs.gromnik.pl\/zs\/wp-content\/uploads\/2024\/04\/IMG_20240322_090609-768x1024.jpg 768w, https:\/\/zs.gromnik.pl\/zs\/wp-content\/uploads\/2024\/04\/IMG_20240322_090609-1152x1536.jpg 1152w, https:\/\/zs.gromnik.pl\/zs\/wp-content\/uploads\/2024\/04\/IMG_20240322_090609-1536x2048.jpg 1536w, https:\/\/zs.gromnik.pl\/zs\/wp-content\/uploads\/2024\/04\/IMG_20240322_090609-1140x1520.jpg 1140w, https:\/\/zs.gromnik.pl\/zs\/wp-content\/uploads\/2024\/04\/IMG_20240322_090609-scaled.jpg 1920w\" sizes=\"(max-width: 225px) 100vw, 225px\" \/><\/a>\n\t\t\t<\/div><\/figure><figure class='gallery-item'>\n\t\t\t<div class='gallery-icon portrait'>\n\t\t\t\t<a data-elementor-open-lightbox=\"yes\" data-elementor-lightbox-slideshow=\"73a3125\" data-elementor-lightbox-title=\"IMG_20240322_090630\" e-action-hash=\"#elementor-action%3Aaction%3Dlightbox%26settings%3DeyJpZCI6MTUyNjgsInVybCI6Imh0dHBzOlwvXC96cy5ncm9tbmlrLnBsXC96c1wvd3AtY29udGVudFwvdXBsb2Fkc1wvMjAyNFwvMDRcL0lNR18yMDI0MDMyMl8wOTA2MzAtc2NhbGVkLmpwZyIsInNsaWRlc2hvdyI6IjczYTMxMjUifQ%3D%3D\" href='https:\/\/zs.gromnik.pl\/zs\/wp-content\/uploads\/2024\/04\/IMG_20240322_090630-scaled.jpg'><img width=\"225\" height=\"300\" src=\"https:\/\/zs.gromnik.pl\/zs\/wp-content\/uploads\/2024\/04\/IMG_20240322_090630-225x300.jpg\" class=\"attachment-medium size-medium\" alt=\"\" loading=\"lazy\" srcset=\"https:\/\/zs.gromnik.pl\/zs\/wp-content\/uploads\/2024\/04\/IMG_20240322_090630-225x300.jpg 225w, https:\/\/zs.gromnik.pl\/zs\/wp-content\/uploads\/2024\/04\/IMG_20240322_090630-768x1024.jpg 768w, https:\/\/zs.gromnik.pl\/zs\/wp-content\/uploads\/2024\/04\/IMG_20240322_090630-1152x1536.jpg 1152w, https:\/\/zs.gromnik.pl\/zs\/wp-content\/uploads\/2024\/04\/IMG_20240322_090630-1536x2048.jpg 1536w, https:\/\/zs.gromnik.pl\/zs\/wp-content\/uploads\/2024\/04\/IMG_20240322_090630-1140x1520.jpg 1140w, https:\/\/zs.gromnik.pl\/zs\/wp-content\/uploads\/2024\/04\/IMG_20240322_090630-scaled.jpg 1920w\" sizes=\"(max-width: 225px) 100vw, 225px\" \/><\/a>\n\t\t\t<\/div><\/figure>\n\t\t<\/div>\n\t\t<\/div>\n\t\t\t\t<\/div>\n\t\t\t\t<\/div>\n\t\t\t\t\t<\/div>\n\t\t<\/div>\n\t\t\t\t\t\t\t<\/div>\n\t\t<\/section>\n\t\t\t\t\t\t\t<\/div>\n\t\t","protected":false},"excerpt":{"rendered":"<p>\u015awiatowy Dzie\u0144 Poezji to \u015bwi\u0119to obchodzone corocznie 21 marca. \u015awi\u0119to zosta\u0142o ustanowione przez UNESCO jesieni\u0105 1999 roku. G\u0142\u00f3wne uroczysto\u015bci \u015bwi\u0119ta odbywaj\u0105 si\u0119 w Pary\u017cu. Celem tego dnia jest promocja czytania, pisania, publikowania i nauczania poezji na ca\u0142ym \u015bwiecie. UNESCO zadeklarowa\u0142o, \u017ce ten dzie\u0144 ma &#8222;da\u0107 nowy impuls, aby doceni\u0107 poezj\u0119 oraz poprze\u0107 krajowe, regionalne i mi\u0119dzynarodowe ruchy poetyckie&#8221;. W ramach obchod\u00f3w \u201eDnia Poezji\u201d w dniach 21-22 marca uczniowie klas czwartych, pi\u0105tych i sz\u00f3stych naszej szko\u0142y uczestniczyli w zaj\u0119ciach bibliotecznych. Podczas zaj\u0119\u0107 uczniowie mogli wcieli\u0107 si\u0119 w rol\u0119 poet\u00f3w dzieci\u0119cych. Ich zadaniem by\u0142o utworzy\u0107 z rozsypanki wers\u00f3w nowe wersje wierszy Jana Brzechwy \u201eHipopotam\u201d oraz \u201e\u017baba\u201d. Nast\u0119pnie uczniowie podzieleni na\u00a0 trzy- oraz czteroosobowe grupy tworzyli zupe\u0142nie now\u0105 wersj\u0119 wiersza Jana Brzechwy \u201eLe\u0144\u201d W nowych wersjach wiersza tytu\u0142owy \u201eLe\u0144\u201d spa\u0142 do po\u0142udnia, gra\u0142 w popularne gry komputerowe, unika\u0142 wszelkich obowi\u0105zk\u00f3w domowych. Powsta\u0142y bardzo ciekawe, kreatywne i warte uwagi wersje znanego wiersza. Na koniec zaj\u0119\u0107 uczniowie brali udzia\u0142 w kalamburach j\u0119zykowych. Ich zadaniem by\u0142o opisa\u0107 has\u0142o z kategorii: literatura, czynno\u015bci, Internet, miejsca. Dodatkow\u0105 trudno\u015bci\u0105 gry by\u0142y s\u0142owa zakazane, takie kt\u00f3rych nie mog\u0105 u\u017cy\u0107 podczas prezentowania has\u0142a. Pomimo tego uczniowie \u015bwietnie poradzili sobie z odgadni\u0119ciem hase\u0142.<\/p>\n","protected":false},"author":1,"featured_media":15270,"comment_status":"closed","ping_status":"open","sticky":false,"template":"","format":"standard","meta":[],"categories":[3],"tags":[],"yoast_head":"<!-- This site is optimized with the Yoast SEO plugin v19.8 - https:\/\/yoast.com\/wordpress\/plugins\/seo\/ -->\n<title>\u015awiatowy Dzie\u0144 Poezji w klasach IV-VI - Zesp\u00f3\u0142 Szk\u00f3\u0142 w Gromniku<\/title>\n<meta name=\"description\" content=\"Zesp\u00f3\u0142 Szk\u00f3\u0142 w Gromniku\" \/>\n<meta name=\"robots\" content=\"index, follow, max-snippet:-1, max-image-preview:large, max-video-preview:-1\" \/>\n<link rel=\"canonical\" href=\"https:\/\/zs.gromnik.pl\/zs\/swiatowy-dzien-poezji-w-klasach-iv-vi\/\" \/>\n<meta property=\"og:locale\" content=\"pl_PL\" \/>\n<meta property=\"og:type\" content=\"article\" \/>\n<meta property=\"og:title\" content=\"\u015awiatowy Dzie\u0144 Poezji w klasach IV-VI - Zesp\u00f3\u0142 Szk\u00f3\u0142 w Gromniku\" \/>\n<meta property=\"og:description\" content=\"Zesp\u00f3\u0142 Szk\u00f3\u0142 w Gromniku\" \/>\n<meta property=\"og:url\" content=\"https:\/\/zs.gromnik.pl\/zs\/swiatowy-dzien-poezji-w-klasach-iv-vi\/\" \/>\n<meta property=\"og:site_name\" content=\"Zesp\u00f3\u0142 Szk\u00f3\u0142 w Gromniku\" \/>\n<meta property=\"article:publisher\" content=\"https:\/\/www.facebook.com\/zsgromnik\" \/>\n<meta property=\"article:published_time\" content=\"2024-04-03T18:20:37+00:00\" \/>\n<meta property=\"article:modified_time\" content=\"2024-04-03T18:21:31+00:00\" \/>\n<meta property=\"og:image\" content=\"https:\/\/zs.gromnik.pl\/zs\/wp-content\/uploads\/2024\/04\/3421.jpg\" \/>\n\t<meta property=\"og:image:width\" content=\"375\" \/>\n\t<meta property=\"og:image:height\" content=\"500\" \/>\n\t<meta property=\"og:image:type\" content=\"image\/jpeg\" \/>\n<meta name=\"author\" content=\"admin\" \/>\n<meta name=\"twitter:card\" content=\"summary_large_image\" \/>\n<meta name=\"twitter:label1\" content=\"Napisane przez\" \/>\n\t<meta name=\"twitter:data1\" content=\"admin\" \/>\n\t<meta name=\"twitter:label2\" content=\"Szacowany czas czytania\" \/>\n\t<meta name=\"twitter:data2\" content=\"1 minuta\" \/>\n<script type=\"application\/ld+json\" class=\"yoast-schema-graph\">{\"@context\":\"https:\/\/schema.org\",\"@graph\":[{\"@type\":\"WebPage\",\"@id\":\"https:\/\/zs.gromnik.pl\/zs\/swiatowy-dzien-poezji-w-klasach-iv-vi\/\",\"url\":\"https:\/\/zs.gromnik.pl\/zs\/swiatowy-dzien-poezji-w-klasach-iv-vi\/\",\"name\":\"\u015awiatowy Dzie\u0144 Poezji w klasach IV-VI - Zesp\u00f3\u0142 Szk\u00f3\u0142 w Gromniku\",\"isPartOf\":{\"@id\":\"https:\/\/zs.gromnik.pl\/zs\/#website\"},\"datePublished\":\"2024-04-03T18:20:37+00:00\",\"dateModified\":\"2024-04-03T18:21:31+00:00\",\"author\":{\"@id\":\"https:\/\/zs.gromnik.pl\/zs\/#\/schema\/person\/b197900f67c6133faddc284ae32f97ca\"},\"description\":\"Zesp\u00f3\u0142 Szk\u00f3\u0142 w Gromniku\",\"breadcrumb\":{\"@id\":\"https:\/\/zs.gromnik.pl\/zs\/swiatowy-dzien-poezji-w-klasach-iv-vi\/#breadcrumb\"},\"inLanguage\":\"pl-PL\",\"potentialAction\":[{\"@type\":\"ReadAction\",\"target\":[\"https:\/\/zs.gromnik.pl\/zs\/swiatowy-dzien-poezji-w-klasach-iv-vi\/\"]}]},{\"@type\":\"BreadcrumbList\",\"@id\":\"https:\/\/zs.gromnik.pl\/zs\/swiatowy-dzien-poezji-w-klasach-iv-vi\/#breadcrumb\",\"itemListElement\":[{\"@type\":\"ListItem\",\"position\":1,\"name\":\"Strona g\u0142\u00f3wna\",\"item\":\"https:\/\/zs.gromnik.pl\/zs\/\"},{\"@type\":\"ListItem\",\"position\":2,\"name\":\"\u015awiatowy Dzie\u0144 Poezji w klasach IV-VI\"}]},{\"@type\":\"WebSite\",\"@id\":\"https:\/\/zs.gromnik.pl\/zs\/#website\",\"url\":\"https:\/\/zs.gromnik.pl\/zs\/\",\"name\":\"Zesp\u00f3\u0142 Szk\u00f3\u0142 w Gromniku\",\"description\":\"\",\"potentialAction\":[{\"@type\":\"SearchAction\",\"target\":{\"@type\":\"EntryPoint\",\"urlTemplate\":\"https:\/\/zs.gromnik.pl\/zs\/?s={search_term_string}\"},\"query-input\":\"required name=search_term_string\"}],\"inLanguage\":\"pl-PL\"},{\"@type\":\"Person\",\"@id\":\"https:\/\/zs.gromnik.pl\/zs\/#\/schema\/person\/b197900f67c6133faddc284ae32f97ca\",\"name\":\"admin\",\"image\":{\"@type\":\"ImageObject\",\"inLanguage\":\"pl-PL\",\"@id\":\"https:\/\/zs.gromnik.pl\/zs\/#\/schema\/person\/image\/\",\"url\":\"https:\/\/secure.gravatar.com\/avatar\/f8a2f876dbcc8c8edd809a8ca77a2abe?s=96&d=mm&r=g\",\"contentUrl\":\"https:\/\/secure.gravatar.com\/avatar\/f8a2f876dbcc8c8edd809a8ca77a2abe?s=96&d=mm&r=g\",\"caption\":\"admin\"},\"url\":\"https:\/\/zs.gromnik.pl\/zs\/author\/admin\/\"}]}<\/script>\n<!-- \/ Yoast SEO plugin. -->","yoast_head_json":{"title":"\u015awiatowy Dzie\u0144 Poezji w klasach IV-VI - Zesp\u00f3\u0142 Szk\u00f3\u0142 w Gromniku","description":"Zesp\u00f3\u0142 Szk\u00f3\u0142 w Gromniku","robots":{"index":"index","follow":"follow","max-snippet":"max-snippet:-1","max-image-preview":"max-image-preview:large","max-video-preview":"max-video-preview:-1"},"canonical":"https:\/\/zs.gromnik.pl\/zs\/swiatowy-dzien-poezji-w-klasach-iv-vi\/","og_locale":"pl_PL","og_type":"article","og_title":"\u015awiatowy Dzie\u0144 Poezji w klasach IV-VI - Zesp\u00f3\u0142 Szk\u00f3\u0142 w Gromniku","og_description":"Zesp\u00f3\u0142 Szk\u00f3\u0142 w Gromniku","og_url":"https:\/\/zs.gromnik.pl\/zs\/swiatowy-dzien-poezji-w-klasach-iv-vi\/","og_site_name":"Zesp\u00f3\u0142 Szk\u00f3\u0142 w Gromniku","article_publisher":"https:\/\/www.facebook.com\/zsgromnik","article_published_time":"2024-04-03T18:20:37+00:00","article_modified_time":"2024-04-03T18:21:31+00:00","og_image":[{"width":375,"height":500,"url":"https:\/\/zs.gromnik.pl\/zs\/wp-content\/uploads\/2024\/04\/3421.jpg","type":"image\/jpeg"}],"author":"admin","twitter_card":"summary_large_image","twitter_misc":{"Napisane przez":"admin","Szacowany czas czytania":"1 minuta"},"schema":{"@context":"https:\/\/schema.org","@graph":[{"@type":"WebPage","@id":"https:\/\/zs.gromnik.pl\/zs\/swiatowy-dzien-poezji-w-klasach-iv-vi\/","url":"https:\/\/zs.gromnik.pl\/zs\/swiatowy-dzien-poezji-w-klasach-iv-vi\/","name":"\u015awiatowy Dzie\u0144 Poezji w klasach IV-VI - Zesp\u00f3\u0142 Szk\u00f3\u0142 w Gromniku","isPartOf":{"@id":"https:\/\/zs.gromnik.pl\/zs\/#website"},"datePublished":"2024-04-03T18:20:37+00:00","dateModified":"2024-04-03T18:21:31+00:00","author":{"@id":"https:\/\/zs.gromnik.pl\/zs\/#\/schema\/person\/b197900f67c6133faddc284ae32f97ca"},"description":"Zesp\u00f3\u0142 Szk\u00f3\u0142 w Gromniku","breadcrumb":{"@id":"https:\/\/zs.gromnik.pl\/zs\/swiatowy-dzien-poezji-w-klasach-iv-vi\/#breadcrumb"},"inLanguage":"pl-PL","potentialAction":[{"@type":"ReadAction","target":["https:\/\/zs.gromnik.pl\/zs\/swiatowy-dzien-poezji-w-klasach-iv-vi\/"]}]},{"@type":"BreadcrumbList","@id":"https:\/\/zs.gromnik.pl\/zs\/swiatowy-dzien-poezji-w-klasach-iv-vi\/#breadcrumb","itemListElement":[{"@type":"ListItem","position":1,"name":"Strona g\u0142\u00f3wna","item":"https:\/\/zs.gromnik.pl\/zs\/"},{"@type":"ListItem","position":2,"name":"\u015awiatowy Dzie\u0144 Poezji w klasach IV-VI"}]},{"@type":"WebSite","@id":"https:\/\/zs.gromnik.pl\/zs\/#website","url":"https:\/\/zs.gromnik.pl\/zs\/","name":"Zesp\u00f3\u0142 Szk\u00f3\u0142 w Gromniku","description":"","potentialAction":[{"@type":"SearchAction","target":{"@type":"EntryPoint","urlTemplate":"https:\/\/zs.gromnik.pl\/zs\/?s={search_term_string}"},"query-input":"required name=search_term_string"}],"inLanguage":"pl-PL"},{"@type":"Person","@id":"https:\/\/zs.gromnik.pl\/zs\/#\/schema\/person\/b197900f67c6133faddc284ae32f97ca","name":"admin","image":{"@type":"ImageObject","inLanguage":"pl-PL","@id":"https:\/\/zs.gromnik.pl\/zs\/#\/schema\/person\/image\/","url":"https:\/\/secure.gravatar.com\/avatar\/f8a2f876dbcc8c8edd809a8ca77a2abe?s=96&d=mm&r=g","contentUrl":"https:\/\/secure.gravatar.com\/avatar\/f8a2f876dbcc8c8edd809a8ca77a2abe?s=96&d=mm&r=g","caption":"admin"},"url":"https:\/\/zs.gromnik.pl\/zs\/author\/admin\/"}]}},"_links":{"self":[{"href":"https:\/\/zs.gromnik.pl\/zs\/wp-json\/wp\/v2\/posts\/15261"}],"collection":[{"href":"https:\/\/zs.gromnik.pl\/zs\/wp-json\/wp\/v2\/posts"}],"about":[{"href":"https:\/\/zs.gromnik.pl\/zs\/wp-json\/wp\/v2\/types\/post"}],"author":[{"embeddable":true,"href":"https:\/\/zs.gromnik.pl\/zs\/wp-json\/wp\/v2\/users\/1"}],"replies":[{"embeddable":true,"href":"https:\/\/zs.gromnik.pl\/zs\/wp-json\/wp\/v2\/comments?post=15261"}],"version-history":[{"count":5,"href":"https:\/\/zs.gromnik.pl\/zs\/wp-json\/wp\/v2\/posts\/15261\/revisions"}],"predecessor-version":[{"id":15273,"href":"https:\/\/zs.gromnik.pl\/zs\/wp-json\/wp\/v2\/posts\/15261\/revisions\/15273"}],"wp:featuredmedia":[{"embeddable":true,"href":"https:\/\/zs.gromnik.pl\/zs\/wp-json\/wp\/v2\/media\/15270"}],"wp:attachment":[{"href":"https:\/\/zs.gromnik.pl\/zs\/wp-json\/wp\/v2\/media?parent=15261"}],"wp:term":[{"taxonomy":"category","embeddable":true,"href":"https:\/\/zs.gromnik.pl\/zs\/wp-json\/wp\/v2\/categories?post=15261"},{"taxonomy":"post_tag","embeddable":true,"href":"https:\/\/zs.gromnik.pl\/zs\/wp-json\/wp\/v2\/tags?post=15261"}],"curies":[{"name":"wp","href":"https:\/\/api.w.org\/{rel}","templated":true}]}}