{"id":15274,"date":"2024-04-03T20:26:31","date_gmt":"2024-04-03T18:26:31","guid":{"rendered":"http:\/\/zs.gromnik.pl\/zs\/?p=15274"},"modified":"2024-04-03T20:27:14","modified_gmt":"2024-04-03T18:27:14","slug":"swiatowy-dzien-swiadomosci-autyzmu","status":"publish","type":"post","link":"https:\/\/zs.gromnik.pl\/zs\/swiatowy-dzien-swiadomosci-autyzmu\/","title":{"rendered":"\u015awiatowy Dzie\u0144 \u015awiadomo\u015bci Autyzmu"},"content":{"rendered":"\t\t<div data-elementor-type=\"wp-post\" data-elementor-id=\"15274\" class=\"elementor elementor-15274\">\n\t\t\t\t\t\t\t\t\t<section class=\"elementor-section elementor-top-section elementor-element elementor-element-a8cdf3c elementor-section-boxed elementor-section-height-default elementor-section-height-default\" data-id=\"a8cdf3c\" data-element_type=\"section\">\n\t\t\t\t\t\t<div class=\"elementor-container elementor-column-gap-default\">\n\t\t\t\t\t<div class=\"elementor-column elementor-col-100 elementor-top-column elementor-element elementor-element-331f067\" data-id=\"331f067\" data-element_type=\"column\">\n\t\t\t<div class=\"elementor-widget-wrap elementor-element-populated\">\n\t\t\t\t\t\t\t\t<div class=\"elementor-element elementor-element-6acf6be elementor-widget elementor-widget-text-editor\" data-id=\"6acf6be\" data-element_type=\"widget\" data-widget_type=\"text-editor.default\">\n\t\t\t\t<div class=\"elementor-widget-container\">\n\t\t\t\t\t\t\t<p>2 kwietnia na ca\u0142ym \u015bwiecie jest obchodzony \u015awiatowy Dzie\u0144 \u015awiadomo\u015bci Autyzmu. Autyzm jest to zaburzenie zwi\u0105zane z nieprawid\u0142owym dzia\u0142aniem uk\u0142adu nerwowego. Trudno\u015bci wyst\u0119puj\u0105 w obszarze komunikacji, zachowania oraz interakcji spo\u0142ecznych. G\u0142\u00f3wnym przes\u0142aniem tego dnia jest edukacja na temat autyzmu, promowanie akceptacji i\u00a0zrozumienia wobec os\u00f3b w spektrum autyzmu oraz ich rodzin.<\/p><p>Na znak solidarno\u015bci i wsparcia klasa 2a przy\u0142\u0105czy\u0142a si\u0119 do tego wydarzenia, poprzez stworzenie prac plastycznych. Drugoklasi\u015bci wykonali d\u0142onie wed\u0142ug w\u0142asnego uznania. Pomys\u0142 ten powsta\u0142, gdy\u017c symbolem wsparcia i pomocy dla drugiej osoby jest w\u0142a\u015bnie d\u0142o\u0144. Ka\u017cdy z nas jest inny i to czyni nas wyj\u0105tkowym.<\/p>\t\t\t\t\t\t<\/div>\n\t\t\t\t<\/div>\n\t\t\t\t\t<\/div>\n\t\t<\/div>\n\t\t\t\t\t\t\t<\/div>\n\t\t<\/section>\n\t\t\t\t<section class=\"elementor-section elementor-top-section elementor-element elementor-element-e12b8e5 elementor-section-boxed elementor-section-height-default elementor-section-height-default\" data-id=\"e12b8e5\" data-element_type=\"section\">\n\t\t\t\t\t\t<div class=\"elementor-container elementor-column-gap-default\">\n\t\t\t\t\t<div class=\"elementor-column elementor-col-100 elementor-top-column elementor-element elementor-element-9c9527b\" data-id=\"9c9527b\" data-element_type=\"column\">\n\t\t\t<div class=\"elementor-widget-wrap elementor-element-populated\">\n\t\t\t\t\t\t\t\t<div class=\"elementor-element elementor-element-ce14bf6 elementor-widget elementor-widget-image-gallery\" data-id=\"ce14bf6\" data-element_type=\"widget\" data-widget_type=\"image-gallery.default\">\n\t\t\t\t<div class=\"elementor-widget-container\">\n\t\t\t\t\t<div class=\"elementor-image-gallery\">\n\t\t\t<div id='gallery-1' class='gallery galleryid-15274 gallery-columns-3 gallery-size-medium'><figure class='gallery-item'>\n\t\t\t<div class='gallery-icon landscape'>\n\t\t\t\t<a data-elementor-open-lightbox=\"yes\" data-elementor-lightbox-slideshow=\"ce14bf6\" data-elementor-lightbox-title=\"434331874_789763545958593_4404431688212444889_n\" e-action-hash=\"#elementor-action%3Aaction%3Dlightbox%26settings%3DeyJpZCI6MTUyNzYsInVybCI6Imh0dHBzOlwvXC96cy5ncm9tbmlrLnBsXC96c1wvd3AtY29udGVudFwvdXBsb2Fkc1wvMjAyNFwvMDRcLzQzNDMzMTg3NF83ODk3NjM1NDU5NTg1OTNfNDQwNDQzMTY4ODIxMjQ0NDg4OV9uLmpwZyIsInNsaWRlc2hvdyI6ImNlMTRiZjYifQ%3D%3D\" href='https:\/\/zs.gromnik.pl\/zs\/wp-content\/uploads\/2024\/04\/434331874_789763545958593_4404431688212444889_n.jpg'><img width=\"300\" height=\"225\" src=\"https:\/\/zs.gromnik.pl\/zs\/wp-content\/uploads\/2024\/04\/434331874_789763545958593_4404431688212444889_n-300x225.jpg\" class=\"attachment-medium size-medium\" alt=\"\" loading=\"lazy\" srcset=\"https:\/\/zs.gromnik.pl\/zs\/wp-content\/uploads\/2024\/04\/434331874_789763545958593_4404431688212444889_n-300x225.jpg 300w, https:\/\/zs.gromnik.pl\/zs\/wp-content\/uploads\/2024\/04\/434331874_789763545958593_4404431688212444889_n-1024x768.jpg 1024w, https:\/\/zs.gromnik.pl\/zs\/wp-content\/uploads\/2024\/04\/434331874_789763545958593_4404431688212444889_n-768x576.jpg 768w, https:\/\/zs.gromnik.pl\/zs\/wp-content\/uploads\/2024\/04\/434331874_789763545958593_4404431688212444889_n-1536x1152.jpg 1536w, https:\/\/zs.gromnik.pl\/zs\/wp-content\/uploads\/2024\/04\/434331874_789763545958593_4404431688212444889_n-1140x855.jpg 1140w, https:\/\/zs.gromnik.pl\/zs\/wp-content\/uploads\/2024\/04\/434331874_789763545958593_4404431688212444889_n.jpg 2048w\" sizes=\"(max-width: 300px) 100vw, 300px\" \/><\/a>\n\t\t\t<\/div><\/figure><figure class='gallery-item'>\n\t\t\t<div class='gallery-icon landscape'>\n\t\t\t\t<a data-elementor-open-lightbox=\"yes\" data-elementor-lightbox-slideshow=\"ce14bf6\" data-elementor-lightbox-title=\"434400338_1420369715259906_4636341184418669353_n\" e-action-hash=\"#elementor-action%3Aaction%3Dlightbox%26settings%3DeyJpZCI6MTUyNzcsInVybCI6Imh0dHBzOlwvXC96cy5ncm9tbmlrLnBsXC96c1wvd3AtY29udGVudFwvdXBsb2Fkc1wvMjAyNFwvMDRcLzQzNDQwMDMzOF8xNDIwMzY5NzE1MjU5OTA2XzQ2MzYzNDExODQ0MTg2NjkzNTNfbi5qcGciLCJzbGlkZXNob3ciOiJjZTE0YmY2In0%3D\" href='https:\/\/zs.gromnik.pl\/zs\/wp-content\/uploads\/2024\/04\/434400338_1420369715259906_4636341184418669353_n.jpg'><img width=\"300\" height=\"225\" src=\"https:\/\/zs.gromnik.pl\/zs\/wp-content\/uploads\/2024\/04\/434400338_1420369715259906_4636341184418669353_n-300x225.jpg\" class=\"attachment-medium size-medium\" alt=\"\" loading=\"lazy\" srcset=\"https:\/\/zs.gromnik.pl\/zs\/wp-content\/uploads\/2024\/04\/434400338_1420369715259906_4636341184418669353_n-300x225.jpg 300w, https:\/\/zs.gromnik.pl\/zs\/wp-content\/uploads\/2024\/04\/434400338_1420369715259906_4636341184418669353_n-1024x768.jpg 1024w, https:\/\/zs.gromnik.pl\/zs\/wp-content\/uploads\/2024\/04\/434400338_1420369715259906_4636341184418669353_n-768x576.jpg 768w, https:\/\/zs.gromnik.pl\/zs\/wp-content\/uploads\/2024\/04\/434400338_1420369715259906_4636341184418669353_n-1536x1152.jpg 1536w, https:\/\/zs.gromnik.pl\/zs\/wp-content\/uploads\/2024\/04\/434400338_1420369715259906_4636341184418669353_n-1140x855.jpg 1140w, https:\/\/zs.gromnik.pl\/zs\/wp-content\/uploads\/2024\/04\/434400338_1420369715259906_4636341184418669353_n.jpg 2048w\" sizes=\"(max-width: 300px) 100vw, 300px\" \/><\/a>\n\t\t\t<\/div><\/figure><figure class='gallery-item'>\n\t\t\t<div class='gallery-icon landscape'>\n\t\t\t\t<a data-elementor-open-lightbox=\"yes\" data-elementor-lightbox-slideshow=\"ce14bf6\" data-elementor-lightbox-title=\"434372604_1182717362697661_1816291379836408266_n\" e-action-hash=\"#elementor-action%3Aaction%3Dlightbox%26settings%3DeyJpZCI6MTUyNzgsInVybCI6Imh0dHBzOlwvXC96cy5ncm9tbmlrLnBsXC96c1wvd3AtY29udGVudFwvdXBsb2Fkc1wvMjAyNFwvMDRcLzQzNDM3MjYwNF8xMTgyNzE3MzYyNjk3NjYxXzE4MTYyOTEzNzk4MzY0MDgyNjZfbi5qcGciLCJzbGlkZXNob3ciOiJjZTE0YmY2In0%3D\" href='https:\/\/zs.gromnik.pl\/zs\/wp-content\/uploads\/2024\/04\/434372604_1182717362697661_1816291379836408266_n.jpg'><img width=\"300\" height=\"225\" src=\"https:\/\/zs.gromnik.pl\/zs\/wp-content\/uploads\/2024\/04\/434372604_1182717362697661_1816291379836408266_n-300x225.jpg\" class=\"attachment-medium size-medium\" alt=\"\" loading=\"lazy\" srcset=\"https:\/\/zs.gromnik.pl\/zs\/wp-content\/uploads\/2024\/04\/434372604_1182717362697661_1816291379836408266_n-300x225.jpg 300w, https:\/\/zs.gromnik.pl\/zs\/wp-content\/uploads\/2024\/04\/434372604_1182717362697661_1816291379836408266_n-1024x768.jpg 1024w, https:\/\/zs.gromnik.pl\/zs\/wp-content\/uploads\/2024\/04\/434372604_1182717362697661_1816291379836408266_n-768x576.jpg 768w, https:\/\/zs.gromnik.pl\/zs\/wp-content\/uploads\/2024\/04\/434372604_1182717362697661_1816291379836408266_n-1536x1152.jpg 1536w, https:\/\/zs.gromnik.pl\/zs\/wp-content\/uploads\/2024\/04\/434372604_1182717362697661_1816291379836408266_n-1140x855.jpg 1140w, https:\/\/zs.gromnik.pl\/zs\/wp-content\/uploads\/2024\/04\/434372604_1182717362697661_1816291379836408266_n.jpg 2048w\" sizes=\"(max-width: 300px) 100vw, 300px\" \/><\/a>\n\t\t\t<\/div><\/figure>\n\t\t<\/div>\n\t\t<\/div>\n\t\t\t\t<\/div>\n\t\t\t\t<\/div>\n\t\t\t\t\t<\/div>\n\t\t<\/div>\n\t\t\t\t\t\t\t<\/div>\n\t\t<\/section>\n\t\t\t\t\t\t\t<\/div>\n\t\t","protected":false},"excerpt":{"rendered":"<p>2 kwietnia na ca\u0142ym \u015bwiecie jest obchodzony \u015awiatowy Dzie\u0144 \u015awiadomo\u015bci Autyzmu. Autyzm jest to zaburzenie zwi\u0105zane z nieprawid\u0142owym dzia\u0142aniem uk\u0142adu nerwowego. Trudno\u015bci wyst\u0119puj\u0105 w obszarze komunikacji, zachowania oraz interakcji spo\u0142ecznych. G\u0142\u00f3wnym przes\u0142aniem tego dnia jest edukacja na temat autyzmu, promowanie akceptacji i\u00a0zrozumienia wobec os\u00f3b w spektrum autyzmu oraz ich rodzin. Na znak solidarno\u015bci i wsparcia klasa 2a przy\u0142\u0105czy\u0142a si\u0119 do tego wydarzenia, poprzez stworzenie prac plastycznych. Drugoklasi\u015bci wykonali d\u0142onie wed\u0142ug w\u0142asnego uznania. Pomys\u0142 ten powsta\u0142, gdy\u017c symbolem wsparcia i pomocy dla drugiej osoby jest w\u0142a\u015bnie d\u0142o\u0144. Ka\u017cdy z nas jest inny i to czyni nas wyj\u0105tkowym.<\/p>\n","protected":false},"author":1,"featured_media":15280,"comment_status":"closed","ping_status":"open","sticky":false,"template":"","format":"standard","meta":[],"categories":[3],"tags":[],"yoast_head":"<!-- This site is optimized with the Yoast SEO plugin v19.8 - https:\/\/yoast.com\/wordpress\/plugins\/seo\/ -->\n<title>\u015awiatowy Dzie\u0144 \u015awiadomo\u015bci Autyzmu - Zesp\u00f3\u0142 Szk\u00f3\u0142 w Gromniku<\/title>\n<meta name=\"description\" content=\"Zesp\u00f3\u0142 Szk\u00f3\u0142 w Gromniku\" \/>\n<meta name=\"robots\" content=\"index, follow, max-snippet:-1, max-image-preview:large, max-video-preview:-1\" \/>\n<link rel=\"canonical\" href=\"https:\/\/zs.gromnik.pl\/zs\/swiatowy-dzien-swiadomosci-autyzmu\/\" \/>\n<meta property=\"og:locale\" content=\"pl_PL\" \/>\n<meta property=\"og:type\" content=\"article\" \/>\n<meta property=\"og:title\" content=\"\u015awiatowy Dzie\u0144 \u015awiadomo\u015bci Autyzmu - Zesp\u00f3\u0142 Szk\u00f3\u0142 w Gromniku\" \/>\n<meta property=\"og:description\" content=\"Zesp\u00f3\u0142 Szk\u00f3\u0142 w Gromniku\" \/>\n<meta property=\"og:url\" content=\"https:\/\/zs.gromnik.pl\/zs\/swiatowy-dzien-swiadomosci-autyzmu\/\" \/>\n<meta property=\"og:site_name\" content=\"Zesp\u00f3\u0142 Szk\u00f3\u0142 w Gromniku\" \/>\n<meta property=\"article:publisher\" content=\"https:\/\/www.facebook.com\/zsgromnik\" \/>\n<meta property=\"article:published_time\" content=\"2024-04-03T18:26:31+00:00\" \/>\n<meta property=\"article:modified_time\" content=\"2024-04-03T18:27:14+00:00\" \/>\n<meta property=\"og:image\" content=\"https:\/\/zs.gromnik.pl\/zs\/wp-content\/uploads\/2024\/04\/3456.jpg\" \/>\n\t<meta property=\"og:image:width\" content=\"500\" \/>\n\t<meta property=\"og:image:height\" content=\"375\" \/>\n\t<meta property=\"og:image:type\" content=\"image\/jpeg\" \/>\n<meta name=\"author\" content=\"admin\" \/>\n<meta name=\"twitter:card\" content=\"summary_large_image\" \/>\n<meta name=\"twitter:label1\" content=\"Napisane przez\" \/>\n\t<meta name=\"twitter:data1\" content=\"admin\" \/>\n\t<meta name=\"twitter:label2\" content=\"Szacowany czas czytania\" \/>\n\t<meta name=\"twitter:data2\" content=\"1 minuta\" \/>\n<script type=\"application\/ld+json\" class=\"yoast-schema-graph\">{\"@context\":\"https:\/\/schema.org\",\"@graph\":[{\"@type\":\"WebPage\",\"@id\":\"https:\/\/zs.gromnik.pl\/zs\/swiatowy-dzien-swiadomosci-autyzmu\/\",\"url\":\"https:\/\/zs.gromnik.pl\/zs\/swiatowy-dzien-swiadomosci-autyzmu\/\",\"name\":\"\u015awiatowy Dzie\u0144 \u015awiadomo\u015bci Autyzmu - Zesp\u00f3\u0142 Szk\u00f3\u0142 w Gromniku\",\"isPartOf\":{\"@id\":\"https:\/\/zs.gromnik.pl\/zs\/#website\"},\"datePublished\":\"2024-04-03T18:26:31+00:00\",\"dateModified\":\"2024-04-03T18:27:14+00:00\",\"author\":{\"@id\":\"https:\/\/zs.gromnik.pl\/zs\/#\/schema\/person\/b197900f67c6133faddc284ae32f97ca\"},\"description\":\"Zesp\u00f3\u0142 Szk\u00f3\u0142 w Gromniku\",\"breadcrumb\":{\"@id\":\"https:\/\/zs.gromnik.pl\/zs\/swiatowy-dzien-swiadomosci-autyzmu\/#breadcrumb\"},\"inLanguage\":\"pl-PL\",\"potentialAction\":[{\"@type\":\"ReadAction\",\"target\":[\"https:\/\/zs.gromnik.pl\/zs\/swiatowy-dzien-swiadomosci-autyzmu\/\"]}]},{\"@type\":\"BreadcrumbList\",\"@id\":\"https:\/\/zs.gromnik.pl\/zs\/swiatowy-dzien-swiadomosci-autyzmu\/#breadcrumb\",\"itemListElement\":[{\"@type\":\"ListItem\",\"position\":1,\"name\":\"Strona g\u0142\u00f3wna\",\"item\":\"https:\/\/zs.gromnik.pl\/zs\/\"},{\"@type\":\"ListItem\",\"position\":2,\"name\":\"\u015awiatowy Dzie\u0144 \u015awiadomo\u015bci Autyzmu\"}]},{\"@type\":\"WebSite\",\"@id\":\"https:\/\/zs.gromnik.pl\/zs\/#website\",\"url\":\"https:\/\/zs.gromnik.pl\/zs\/\",\"name\":\"Zesp\u00f3\u0142 Szk\u00f3\u0142 w Gromniku\",\"description\":\"\",\"potentialAction\":[{\"@type\":\"SearchAction\",\"target\":{\"@type\":\"EntryPoint\",\"urlTemplate\":\"https:\/\/zs.gromnik.pl\/zs\/?s={search_term_string}\"},\"query-input\":\"required name=search_term_string\"}],\"inLanguage\":\"pl-PL\"},{\"@type\":\"Person\",\"@id\":\"https:\/\/zs.gromnik.pl\/zs\/#\/schema\/person\/b197900f67c6133faddc284ae32f97ca\",\"name\":\"admin\",\"image\":{\"@type\":\"ImageObject\",\"inLanguage\":\"pl-PL\",\"@id\":\"https:\/\/zs.gromnik.pl\/zs\/#\/schema\/person\/image\/\",\"url\":\"https:\/\/secure.gravatar.com\/avatar\/f8a2f876dbcc8c8edd809a8ca77a2abe?s=96&d=mm&r=g\",\"contentUrl\":\"https:\/\/secure.gravatar.com\/avatar\/f8a2f876dbcc8c8edd809a8ca77a2abe?s=96&d=mm&r=g\",\"caption\":\"admin\"},\"url\":\"https:\/\/zs.gromnik.pl\/zs\/author\/admin\/\"}]}<\/script>\n<!-- \/ Yoast SEO plugin. -->","yoast_head_json":{"title":"\u015awiatowy Dzie\u0144 \u015awiadomo\u015bci Autyzmu - Zesp\u00f3\u0142 Szk\u00f3\u0142 w Gromniku","description":"Zesp\u00f3\u0142 Szk\u00f3\u0142 w Gromniku","robots":{"index":"index","follow":"follow","max-snippet":"max-snippet:-1","max-image-preview":"max-image-preview:large","max-video-preview":"max-video-preview:-1"},"canonical":"https:\/\/zs.gromnik.pl\/zs\/swiatowy-dzien-swiadomosci-autyzmu\/","og_locale":"pl_PL","og_type":"article","og_title":"\u015awiatowy Dzie\u0144 \u015awiadomo\u015bci Autyzmu - Zesp\u00f3\u0142 Szk\u00f3\u0142 w Gromniku","og_description":"Zesp\u00f3\u0142 Szk\u00f3\u0142 w Gromniku","og_url":"https:\/\/zs.gromnik.pl\/zs\/swiatowy-dzien-swiadomosci-autyzmu\/","og_site_name":"Zesp\u00f3\u0142 Szk\u00f3\u0142 w Gromniku","article_publisher":"https:\/\/www.facebook.com\/zsgromnik","article_published_time":"2024-04-03T18:26:31+00:00","article_modified_time":"2024-04-03T18:27:14+00:00","og_image":[{"width":500,"height":375,"url":"https:\/\/zs.gromnik.pl\/zs\/wp-content\/uploads\/2024\/04\/3456.jpg","type":"image\/jpeg"}],"author":"admin","twitter_card":"summary_large_image","twitter_misc":{"Napisane przez":"admin","Szacowany czas czytania":"1 minuta"},"schema":{"@context":"https:\/\/schema.org","@graph":[{"@type":"WebPage","@id":"https:\/\/zs.gromnik.pl\/zs\/swiatowy-dzien-swiadomosci-autyzmu\/","url":"https:\/\/zs.gromnik.pl\/zs\/swiatowy-dzien-swiadomosci-autyzmu\/","name":"\u015awiatowy Dzie\u0144 \u015awiadomo\u015bci Autyzmu - Zesp\u00f3\u0142 Szk\u00f3\u0142 w Gromniku","isPartOf":{"@id":"https:\/\/zs.gromnik.pl\/zs\/#website"},"datePublished":"2024-04-03T18:26:31+00:00","dateModified":"2024-04-03T18:27:14+00:00","author":{"@id":"https:\/\/zs.gromnik.pl\/zs\/#\/schema\/person\/b197900f67c6133faddc284ae32f97ca"},"description":"Zesp\u00f3\u0142 Szk\u00f3\u0142 w Gromniku","breadcrumb":{"@id":"https:\/\/zs.gromnik.pl\/zs\/swiatowy-dzien-swiadomosci-autyzmu\/#breadcrumb"},"inLanguage":"pl-PL","potentialAction":[{"@type":"ReadAction","target":["https:\/\/zs.gromnik.pl\/zs\/swiatowy-dzien-swiadomosci-autyzmu\/"]}]},{"@type":"BreadcrumbList","@id":"https:\/\/zs.gromnik.pl\/zs\/swiatowy-dzien-swiadomosci-autyzmu\/#breadcrumb","itemListElement":[{"@type":"ListItem","position":1,"name":"Strona g\u0142\u00f3wna","item":"https:\/\/zs.gromnik.pl\/zs\/"},{"@type":"ListItem","position":2,"name":"\u015awiatowy Dzie\u0144 \u015awiadomo\u015bci Autyzmu"}]},{"@type":"WebSite","@id":"https:\/\/zs.gromnik.pl\/zs\/#website","url":"https:\/\/zs.gromnik.pl\/zs\/","name":"Zesp\u00f3\u0142 Szk\u00f3\u0142 w Gromniku","description":"","potentialAction":[{"@type":"SearchAction","target":{"@type":"EntryPoint","urlTemplate":"https:\/\/zs.gromnik.pl\/zs\/?s={search_term_string}"},"query-input":"required name=search_term_string"}],"inLanguage":"pl-PL"},{"@type":"Person","@id":"https:\/\/zs.gromnik.pl\/zs\/#\/schema\/person\/b197900f67c6133faddc284ae32f97ca","name":"admin","image":{"@type":"ImageObject","inLanguage":"pl-PL","@id":"https:\/\/zs.gromnik.pl\/zs\/#\/schema\/person\/image\/","url":"https:\/\/secure.gravatar.com\/avatar\/f8a2f876dbcc8c8edd809a8ca77a2abe?s=96&d=mm&r=g","contentUrl":"https:\/\/secure.gravatar.com\/avatar\/f8a2f876dbcc8c8edd809a8ca77a2abe?s=96&d=mm&r=g","caption":"admin"},"url":"https:\/\/zs.gromnik.pl\/zs\/author\/admin\/"}]}},"_links":{"self":[{"href":"https:\/\/zs.gromnik.pl\/zs\/wp-json\/wp\/v2\/posts\/15274"}],"collection":[{"href":"https:\/\/zs.gromnik.pl\/zs\/wp-json\/wp\/v2\/posts"}],"about":[{"href":"https:\/\/zs.gromnik.pl\/zs\/wp-json\/wp\/v2\/types\/post"}],"author":[{"embeddable":true,"href":"https:\/\/zs.gromnik.pl\/zs\/wp-json\/wp\/v2\/users\/1"}],"replies":[{"embeddable":true,"href":"https:\/\/zs.gromnik.pl\/zs\/wp-json\/wp\/v2\/comments?post=15274"}],"version-history":[{"count":5,"href":"https:\/\/zs.gromnik.pl\/zs\/wp-json\/wp\/v2\/posts\/15274\/revisions"}],"predecessor-version":[{"id":15283,"href":"https:\/\/zs.gromnik.pl\/zs\/wp-json\/wp\/v2\/posts\/15274\/revisions\/15283"}],"wp:featuredmedia":[{"embeddable":true,"href":"https:\/\/zs.gromnik.pl\/zs\/wp-json\/wp\/v2\/media\/15280"}],"wp:attachment":[{"href":"https:\/\/zs.gromnik.pl\/zs\/wp-json\/wp\/v2\/media?parent=15274"}],"wp:term":[{"taxonomy":"category","embeddable":true,"href":"https:\/\/zs.gromnik.pl\/zs\/wp-json\/wp\/v2\/categories?post=15274"},{"taxonomy":"post_tag","embeddable":true,"href":"https:\/\/zs.gromnik.pl\/zs\/wp-json\/wp\/v2\/tags?post=15274"}],"curies":[{"name":"wp","href":"https:\/\/api.w.org\/{rel}","templated":true}]}}