{"id":15292,"date":"2024-04-16T06:53:01","date_gmt":"2024-04-16T04:53:01","guid":{"rendered":"http:\/\/zs.gromnik.pl\/zs\/?p=15292"},"modified":"2024-04-16T06:53:13","modified_gmt":"2024-04-16T04:53:13","slug":"czysta-ziemia-czyste-powietrze","status":"publish","type":"post","link":"https:\/\/zs.gromnik.pl\/zs\/czysta-ziemia-czyste-powietrze\/","title":{"rendered":"Czysta Ziemia. Czyste Powietrze"},"content":{"rendered":"\t\t<div data-elementor-type=\"wp-post\" data-elementor-id=\"15292\" class=\"elementor elementor-15292\">\n\t\t\t\t\t\t\t\t\t<section class=\"elementor-section elementor-top-section elementor-element elementor-element-fdd3bce elementor-section-boxed elementor-section-height-default elementor-section-height-default\" data-id=\"fdd3bce\" data-element_type=\"section\">\n\t\t\t\t\t\t<div class=\"elementor-container elementor-column-gap-default\">\n\t\t\t\t\t<div class=\"elementor-column elementor-col-100 elementor-top-column elementor-element elementor-element-08a32ee\" data-id=\"08a32ee\" data-element_type=\"column\">\n\t\t\t<div class=\"elementor-widget-wrap elementor-element-populated\">\n\t\t\t\t\t\t\t\t<div class=\"elementor-element elementor-element-2dd575b elementor-widget elementor-widget-text-editor\" data-id=\"2dd575b\" data-element_type=\"widget\" data-widget_type=\"text-editor.default\">\n\t\t\t\t<div class=\"elementor-widget-container\">\n\t\t\t\t\t\t\t<p>Szko\u0142a Podstawowa w Gromniku pocz\u0105tkiem 2024 roku wzi\u0119\u0142a udzia\u0142 w konkursie grantowym pt. \u201e Czysta Ziemia. Czyste Powietrze\u201d. Mimo wielu stara\u0144 nagrody nie uda\u0142o si\u0119 otrzyma\u0107. Jednak dzi\u0119ki zaanga\u017cowaniu uczni\u00f3w, nauczycieli oraz dyrekcji w szkole rozpocz\u0105\u0142 si\u0119 projekt pt. \u201e We\u017amy g\u0142\u0119boki oddech\u201d.<\/p><p>\u00a0\u00a0\u00a0\u00a0\u00a0\u00a0\u00a0\u00a0\u00a0\u00a0 Celem projektu jest zwi\u0119kszenie \u015bwiadomo\u015bci dzieci i m\u0142odzie\u017cy na temat czynnik\u00f3w powoduj\u0105cych zanieczyszczenia \u015brodowiska, poznanie wp\u0142ywu zanieczyszcze\u0144 powietrza na zdrowie oraz podj\u0119cie dzia\u0142a\u0144, kt\u00f3re mog\u0105 poprawi\u0107 stan powietrza w najbli\u017cszym otoczeniu.<\/p><p>Pierwszym dzia\u0142aniem, kt\u00f3re rozpocz\u0119\u0142o si\u0119 21 marca, jest obserwacja zmian sk\u0142adu zanieczyszcze\u0144 w powietrzu na podstawie monitoringu czysto\u015bci powietrza na terenie gminy Gromnik. Uczniowie klas 8 w grupach projektowych analizuj\u0105 dane, kt\u00f3re b\u0119d\u0105 podstaw\u0105 do wykonania prezentacji pt. \u201eWp\u0142yw pogody na st\u0119\u017cenie zanieczyszcze\u0144 powietrza. Czy smog jest niebezpieczny dla zdrowia?\u201d<\/p><p>Nadesz\u0142a pora na realizacj\u0119 kolejnych, zaplanowanych dzia\u0142a\u0144 zwi\u0105zanych z obchodami Dnia Ziemi. Uczniowie ZS w Gromniku wraz z opiekunami w dniach 19 \u2013 23 kwietnia b\u0119d\u0105 uczestniczy\u0107 w akcji sprz\u0105tania i segregacji zanieczyszcze\u0144 sta\u0142ych z teren\u00f3w le\u015bnych i przydro\u017cnych wok\u00f3\u0142 szko\u0142y. Akcja ta odb\u0119dzie si\u0119 przy wsparciu ze strony Referatu Gospodarki i Ochrony \u015arodowiska Urz\u0119du Gminy Gromnik, kt\u00f3ry dostarczy\u0142 dla uczni\u00f3w r\u0119kawiczki i worki do segregacji odpad\u00f3w.<\/p><p>Nast\u0119pnym zaplanowanym dzia\u0142aniem b\u0119dzie sadzenie drzew, kt\u00f3re zwi\u0119ksz\u0105 obszar teren\u00f3w zielonych, obni\u017c\u0105 ilo\u015b\u0107 zanieczyszcze\u0144 i ogranicz\u0105 zawarto\u015b\u0107 CO<sub>2<\/sub> w atmosferze. Pierwsz\u0105 parti\u0119 sadzonek przekazan\u0105 przez Urz\u0105d Gminy\u00a0 ufundowa\u0142o Starostwo Powiatowe w Tarnowie, natomiast druga partia b\u0119dzie przekazana przez Nadle\u015bnictwo Gromnik.<\/p><p>Sadzonki zostan\u0105 rozdane uczniom. Prosimy o posadzenie ro\u015blin na ternie w\u0142asnych ogrod\u00f3w lub teren\u00f3w le\u015bnych, dokumentacj\u0119 fotograficzn\u0105 tego dzia\u0142ania oraz przes\u0142anie zdj\u0119\u0107 do wychowawc\u00f3w.<\/p><p>Informacje na temat przysz\u0142ych dzia\u0142a\u0144 zwi\u0105zanych z realizacj\u0105 projektu b\u0119d\u0105 udost\u0119pniane na stronie szko\u0142y.<\/p><p style=\"text-align: right;\">Koordynator projektu: Anna Cudek<\/p><p>\u00a0<\/p>\t\t\t\t\t\t<\/div>\n\t\t\t\t<\/div>\n\t\t\t\t\t<\/div>\n\t\t<\/div>\n\t\t\t\t\t\t\t<\/div>\n\t\t<\/section>\n\t\t\t\t<section class=\"elementor-section elementor-top-section elementor-element elementor-element-8216285 elementor-section-boxed elementor-section-height-default elementor-section-height-default\" data-id=\"8216285\" data-element_type=\"section\">\n\t\t\t\t\t\t<div class=\"elementor-container elementor-column-gap-default\">\n\t\t\t\t\t<div class=\"elementor-column elementor-col-100 elementor-top-column elementor-element elementor-element-421dafa\" data-id=\"421dafa\" data-element_type=\"column\">\n\t\t\t<div class=\"elementor-widget-wrap elementor-element-populated\">\n\t\t\t\t\t\t\t\t<div class=\"elementor-element elementor-element-5d70373 elementor-widget elementor-widget-image-gallery\" data-id=\"5d70373\" data-element_type=\"widget\" data-widget_type=\"image-gallery.default\">\n\t\t\t\t<div class=\"elementor-widget-container\">\n\t\t\t\t\t<div class=\"elementor-image-gallery\">\n\t\t\t<div id='gallery-1' class='gallery galleryid-15292 gallery-columns-2 gallery-size-medium'><figure class='gallery-item'>\n\t\t\t<div class='gallery-icon portrait'>\n\t\t\t\t<a data-elementor-open-lightbox=\"yes\" data-elementor-lightbox-slideshow=\"5d70373\" data-elementor-lightbox-title=\"20240413_102145\" e-action-hash=\"#elementor-action%3Aaction%3Dlightbox%26settings%3DeyJpZCI6MTUyOTUsInVybCI6Imh0dHBzOlwvXC96cy5ncm9tbmlrLnBsXC96c1wvd3AtY29udGVudFwvdXBsb2Fkc1wvMjAyNFwvMDRcLzIwMjQwNDEzXzEwMjE0NS1zY2FsZWQuanBnIiwic2xpZGVzaG93IjoiNWQ3MDM3MyJ9\" href='https:\/\/zs.gromnik.pl\/zs\/wp-content\/uploads\/2024\/04\/20240413_102145-scaled.jpg'><img width=\"225\" height=\"300\" src=\"https:\/\/zs.gromnik.pl\/zs\/wp-content\/uploads\/2024\/04\/20240413_102145-225x300.jpg\" class=\"attachment-medium size-medium\" alt=\"\" loading=\"lazy\" srcset=\"https:\/\/zs.gromnik.pl\/zs\/wp-content\/uploads\/2024\/04\/20240413_102145-225x300.jpg 225w, https:\/\/zs.gromnik.pl\/zs\/wp-content\/uploads\/2024\/04\/20240413_102145-768x1024.jpg 768w, https:\/\/zs.gromnik.pl\/zs\/wp-content\/uploads\/2024\/04\/20240413_102145-1152x1536.jpg 1152w, https:\/\/zs.gromnik.pl\/zs\/wp-content\/uploads\/2024\/04\/20240413_102145-1536x2048.jpg 1536w, https:\/\/zs.gromnik.pl\/zs\/wp-content\/uploads\/2024\/04\/20240413_102145-1140x1520.jpg 1140w, https:\/\/zs.gromnik.pl\/zs\/wp-content\/uploads\/2024\/04\/20240413_102145-scaled.jpg 1920w\" sizes=\"(max-width: 225px) 100vw, 225px\" \/><\/a>\n\t\t\t<\/div><\/figure><figure class='gallery-item'>\n\t\t\t<div class='gallery-icon portrait'>\n\t\t\t\t<a data-elementor-open-lightbox=\"yes\" data-elementor-lightbox-slideshow=\"5d70373\" data-elementor-lightbox-title=\"20240413_102504\" e-action-hash=\"#elementor-action%3Aaction%3Dlightbox%26settings%3DeyJpZCI6MTUyOTYsInVybCI6Imh0dHBzOlwvXC96cy5ncm9tbmlrLnBsXC96c1wvd3AtY29udGVudFwvdXBsb2Fkc1wvMjAyNFwvMDRcLzIwMjQwNDEzXzEwMjUwNC1zY2FsZWQuanBnIiwic2xpZGVzaG93IjoiNWQ3MDM3MyJ9\" href='https:\/\/zs.gromnik.pl\/zs\/wp-content\/uploads\/2024\/04\/20240413_102504-scaled.jpg'><img width=\"225\" height=\"300\" src=\"https:\/\/zs.gromnik.pl\/zs\/wp-content\/uploads\/2024\/04\/20240413_102504-225x300.jpg\" class=\"attachment-medium size-medium\" alt=\"\" loading=\"lazy\" srcset=\"https:\/\/zs.gromnik.pl\/zs\/wp-content\/uploads\/2024\/04\/20240413_102504-225x300.jpg 225w, https:\/\/zs.gromnik.pl\/zs\/wp-content\/uploads\/2024\/04\/20240413_102504-768x1024.jpg 768w, https:\/\/zs.gromnik.pl\/zs\/wp-content\/uploads\/2024\/04\/20240413_102504-1152x1536.jpg 1152w, https:\/\/zs.gromnik.pl\/zs\/wp-content\/uploads\/2024\/04\/20240413_102504-1536x2048.jpg 1536w, https:\/\/zs.gromnik.pl\/zs\/wp-content\/uploads\/2024\/04\/20240413_102504-1140x1520.jpg 1140w, https:\/\/zs.gromnik.pl\/zs\/wp-content\/uploads\/2024\/04\/20240413_102504-scaled.jpg 1920w\" sizes=\"(max-width: 225px) 100vw, 225px\" \/><\/a>\n\t\t\t<\/div><\/figure>\n\t\t<\/div>\n\t\t<\/div>\n\t\t\t\t<\/div>\n\t\t\t\t<\/div>\n\t\t\t\t\t<\/div>\n\t\t<\/div>\n\t\t\t\t\t\t\t<\/div>\n\t\t<\/section>\n\t\t\t\t\t\t\t<\/div>\n\t\t","protected":false},"excerpt":{"rendered":"<p>Szko\u0142a Podstawowa w Gromniku pocz\u0105tkiem 2024 roku wzi\u0119\u0142a udzia\u0142 w konkursie grantowym pt. \u201e Czysta Ziemia. Czyste Powietrze\u201d. Mimo wielu stara\u0144 nagrody nie uda\u0142o si\u0119 otrzyma\u0107. Jednak dzi\u0119ki zaanga\u017cowaniu uczni\u00f3w, nauczycieli oraz dyrekcji w szkole rozpocz\u0105\u0142 si\u0119 projekt pt. \u201e We\u017amy g\u0142\u0119boki oddech\u201d. \u00a0\u00a0\u00a0\u00a0\u00a0\u00a0\u00a0\u00a0\u00a0\u00a0 Celem projektu jest zwi\u0119kszenie \u015bwiadomo\u015bci dzieci i m\u0142odzie\u017cy na temat czynnik\u00f3w powoduj\u0105cych zanieczyszczenia \u015brodowiska, poznanie wp\u0142ywu zanieczyszcze\u0144 powietrza na zdrowie oraz podj\u0119cie dzia\u0142a\u0144, kt\u00f3re mog\u0105 poprawi\u0107 stan powietrza w najbli\u017cszym otoczeniu. Pierwszym dzia\u0142aniem, kt\u00f3re rozpocz\u0119\u0142o si\u0119 21 marca, jest obserwacja zmian sk\u0142adu zanieczyszcze\u0144 w powietrzu na podstawie monitoringu czysto\u015bci powietrza na terenie gminy Gromnik. Uczniowie klas 8 w grupach projektowych analizuj\u0105 dane, kt\u00f3re b\u0119d\u0105 podstaw\u0105 do wykonania prezentacji pt. \u201eWp\u0142yw pogody na st\u0119\u017cenie zanieczyszcze\u0144 powietrza. Czy smog jest niebezpieczny dla zdrowia?\u201d Nadesz\u0142a pora na realizacj\u0119 kolejnych, zaplanowanych dzia\u0142a\u0144 zwi\u0105zanych z obchodami Dnia Ziemi. Uczniowie ZS w Gromniku wraz z opiekunami w dniach 19 \u2013 23 kwietnia b\u0119d\u0105 uczestniczy\u0107 w akcji sprz\u0105tania i segregacji zanieczyszcze\u0144 sta\u0142ych z teren\u00f3w le\u015bnych i przydro\u017cnych wok\u00f3\u0142 szko\u0142y. Akcja ta odb\u0119dzie si\u0119 przy wsparciu ze strony Referatu Gospodarki i Ochrony \u015arodowiska Urz\u0119du Gminy Gromnik, kt\u00f3ry dostarczy\u0142 dla uczni\u00f3w r\u0119kawiczki i worki do segregacji odpad\u00f3w. Nast\u0119pnym zaplanowanym dzia\u0142aniem b\u0119dzie sadzenie drzew, kt\u00f3re zwi\u0119ksz\u0105 obszar teren\u00f3w zielonych, obni\u017c\u0105 ilo\u015b\u0107 zanieczyszcze\u0144 i ogranicz\u0105 zawarto\u015b\u0107 CO2 w atmosferze. Pierwsz\u0105 parti\u0119 sadzonek przekazan\u0105 przez Urz\u0105d Gminy\u00a0 ufundowa\u0142o Starostwo Powiatowe w Tarnowie, natomiast druga partia b\u0119dzie przekazana przez Nadle\u015bnictwo Gromnik. Sadzonki zostan\u0105 rozdane uczniom. Prosimy o posadzenie ro\u015blin na ternie w\u0142asnych ogrod\u00f3w lub teren\u00f3w le\u015bnych, dokumentacj\u0119 fotograficzn\u0105 tego dzia\u0142ania oraz przes\u0142anie zdj\u0119\u0107 do wychowawc\u00f3w. Informacje na temat przysz\u0142ych dzia\u0142a\u0144 zwi\u0105zanych z realizacj\u0105 projektu b\u0119d\u0105 udost\u0119pniane na stronie szko\u0142y. Koordynator projektu: Anna Cudek \u00a0<\/p>\n","protected":false},"author":1,"featured_media":15297,"comment_status":"closed","ping_status":"open","sticky":false,"template":"","format":"standard","meta":[],"categories":[3],"tags":[],"yoast_head":"<!-- This site is optimized with the Yoast SEO plugin v19.8 - https:\/\/yoast.com\/wordpress\/plugins\/seo\/ -->\n<title>Czysta Ziemia. Czyste Powietrze - Zesp\u00f3\u0142 Szk\u00f3\u0142 w Gromniku<\/title>\n<meta name=\"description\" content=\"Zesp\u00f3\u0142 Szk\u00f3\u0142 w Gromniku\" \/>\n<meta name=\"robots\" content=\"index, follow, max-snippet:-1, max-image-preview:large, max-video-preview:-1\" \/>\n<link rel=\"canonical\" href=\"https:\/\/zs.gromnik.pl\/zs\/czysta-ziemia-czyste-powietrze\/\" \/>\n<meta property=\"og:locale\" content=\"pl_PL\" \/>\n<meta property=\"og:type\" content=\"article\" \/>\n<meta property=\"og:title\" content=\"Czysta Ziemia. Czyste Powietrze - Zesp\u00f3\u0142 Szk\u00f3\u0142 w Gromniku\" \/>\n<meta property=\"og:description\" content=\"Zesp\u00f3\u0142 Szk\u00f3\u0142 w Gromniku\" \/>\n<meta property=\"og:url\" content=\"https:\/\/zs.gromnik.pl\/zs\/czysta-ziemia-czyste-powietrze\/\" \/>\n<meta property=\"og:site_name\" content=\"Zesp\u00f3\u0142 Szk\u00f3\u0142 w Gromniku\" \/>\n<meta property=\"article:publisher\" content=\"https:\/\/www.facebook.com\/zsgromnik\" \/>\n<meta property=\"article:published_time\" content=\"2024-04-16T04:53:01+00:00\" \/>\n<meta property=\"article:modified_time\" content=\"2024-04-16T04:53:13+00:00\" \/>\n<meta property=\"og:image\" content=\"https:\/\/zs.gromnik.pl\/zs\/wp-content\/uploads\/2024\/04\/7454.jpg\" \/>\n\t<meta property=\"og:image:width\" content=\"375\" \/>\n\t<meta property=\"og:image:height\" content=\"500\" \/>\n\t<meta property=\"og:image:type\" content=\"image\/jpeg\" \/>\n<meta name=\"author\" content=\"admin\" \/>\n<meta name=\"twitter:card\" content=\"summary_large_image\" \/>\n<meta name=\"twitter:label1\" content=\"Napisane przez\" \/>\n\t<meta name=\"twitter:data1\" content=\"admin\" \/>\n\t<meta name=\"twitter:label2\" content=\"Szacowany czas czytania\" \/>\n\t<meta name=\"twitter:data2\" content=\"2 minuty\" \/>\n<script type=\"application\/ld+json\" class=\"yoast-schema-graph\">{\"@context\":\"https:\/\/schema.org\",\"@graph\":[{\"@type\":\"WebPage\",\"@id\":\"https:\/\/zs.gromnik.pl\/zs\/czysta-ziemia-czyste-powietrze\/\",\"url\":\"https:\/\/zs.gromnik.pl\/zs\/czysta-ziemia-czyste-powietrze\/\",\"name\":\"Czysta Ziemia. Czyste Powietrze - Zesp\u00f3\u0142 Szk\u00f3\u0142 w Gromniku\",\"isPartOf\":{\"@id\":\"https:\/\/zs.gromnik.pl\/zs\/#website\"},\"datePublished\":\"2024-04-16T04:53:01+00:00\",\"dateModified\":\"2024-04-16T04:53:13+00:00\",\"author\":{\"@id\":\"https:\/\/zs.gromnik.pl\/zs\/#\/schema\/person\/b197900f67c6133faddc284ae32f97ca\"},\"description\":\"Zesp\u00f3\u0142 Szk\u00f3\u0142 w Gromniku\",\"breadcrumb\":{\"@id\":\"https:\/\/zs.gromnik.pl\/zs\/czysta-ziemia-czyste-powietrze\/#breadcrumb\"},\"inLanguage\":\"pl-PL\",\"potentialAction\":[{\"@type\":\"ReadAction\",\"target\":[\"https:\/\/zs.gromnik.pl\/zs\/czysta-ziemia-czyste-powietrze\/\"]}]},{\"@type\":\"BreadcrumbList\",\"@id\":\"https:\/\/zs.gromnik.pl\/zs\/czysta-ziemia-czyste-powietrze\/#breadcrumb\",\"itemListElement\":[{\"@type\":\"ListItem\",\"position\":1,\"name\":\"Strona g\u0142\u00f3wna\",\"item\":\"https:\/\/zs.gromnik.pl\/zs\/\"},{\"@type\":\"ListItem\",\"position\":2,\"name\":\"Czysta Ziemia. Czyste Powietrze\"}]},{\"@type\":\"WebSite\",\"@id\":\"https:\/\/zs.gromnik.pl\/zs\/#website\",\"url\":\"https:\/\/zs.gromnik.pl\/zs\/\",\"name\":\"Zesp\u00f3\u0142 Szk\u00f3\u0142 w Gromniku\",\"description\":\"\",\"potentialAction\":[{\"@type\":\"SearchAction\",\"target\":{\"@type\":\"EntryPoint\",\"urlTemplate\":\"https:\/\/zs.gromnik.pl\/zs\/?s={search_term_string}\"},\"query-input\":\"required name=search_term_string\"}],\"inLanguage\":\"pl-PL\"},{\"@type\":\"Person\",\"@id\":\"https:\/\/zs.gromnik.pl\/zs\/#\/schema\/person\/b197900f67c6133faddc284ae32f97ca\",\"name\":\"admin\",\"image\":{\"@type\":\"ImageObject\",\"inLanguage\":\"pl-PL\",\"@id\":\"https:\/\/zs.gromnik.pl\/zs\/#\/schema\/person\/image\/\",\"url\":\"https:\/\/secure.gravatar.com\/avatar\/f8a2f876dbcc8c8edd809a8ca77a2abe?s=96&d=mm&r=g\",\"contentUrl\":\"https:\/\/secure.gravatar.com\/avatar\/f8a2f876dbcc8c8edd809a8ca77a2abe?s=96&d=mm&r=g\",\"caption\":\"admin\"},\"url\":\"https:\/\/zs.gromnik.pl\/zs\/author\/admin\/\"}]}<\/script>\n<!-- \/ Yoast SEO plugin. -->","yoast_head_json":{"title":"Czysta Ziemia. Czyste Powietrze - Zesp\u00f3\u0142 Szk\u00f3\u0142 w Gromniku","description":"Zesp\u00f3\u0142 Szk\u00f3\u0142 w Gromniku","robots":{"index":"index","follow":"follow","max-snippet":"max-snippet:-1","max-image-preview":"max-image-preview:large","max-video-preview":"max-video-preview:-1"},"canonical":"https:\/\/zs.gromnik.pl\/zs\/czysta-ziemia-czyste-powietrze\/","og_locale":"pl_PL","og_type":"article","og_title":"Czysta Ziemia. Czyste Powietrze - Zesp\u00f3\u0142 Szk\u00f3\u0142 w Gromniku","og_description":"Zesp\u00f3\u0142 Szk\u00f3\u0142 w Gromniku","og_url":"https:\/\/zs.gromnik.pl\/zs\/czysta-ziemia-czyste-powietrze\/","og_site_name":"Zesp\u00f3\u0142 Szk\u00f3\u0142 w Gromniku","article_publisher":"https:\/\/www.facebook.com\/zsgromnik","article_published_time":"2024-04-16T04:53:01+00:00","article_modified_time":"2024-04-16T04:53:13+00:00","og_image":[{"width":375,"height":500,"url":"https:\/\/zs.gromnik.pl\/zs\/wp-content\/uploads\/2024\/04\/7454.jpg","type":"image\/jpeg"}],"author":"admin","twitter_card":"summary_large_image","twitter_misc":{"Napisane przez":"admin","Szacowany czas czytania":"2 minuty"},"schema":{"@context":"https:\/\/schema.org","@graph":[{"@type":"WebPage","@id":"https:\/\/zs.gromnik.pl\/zs\/czysta-ziemia-czyste-powietrze\/","url":"https:\/\/zs.gromnik.pl\/zs\/czysta-ziemia-czyste-powietrze\/","name":"Czysta Ziemia. Czyste Powietrze - Zesp\u00f3\u0142 Szk\u00f3\u0142 w Gromniku","isPartOf":{"@id":"https:\/\/zs.gromnik.pl\/zs\/#website"},"datePublished":"2024-04-16T04:53:01+00:00","dateModified":"2024-04-16T04:53:13+00:00","author":{"@id":"https:\/\/zs.gromnik.pl\/zs\/#\/schema\/person\/b197900f67c6133faddc284ae32f97ca"},"description":"Zesp\u00f3\u0142 Szk\u00f3\u0142 w Gromniku","breadcrumb":{"@id":"https:\/\/zs.gromnik.pl\/zs\/czysta-ziemia-czyste-powietrze\/#breadcrumb"},"inLanguage":"pl-PL","potentialAction":[{"@type":"ReadAction","target":["https:\/\/zs.gromnik.pl\/zs\/czysta-ziemia-czyste-powietrze\/"]}]},{"@type":"BreadcrumbList","@id":"https:\/\/zs.gromnik.pl\/zs\/czysta-ziemia-czyste-powietrze\/#breadcrumb","itemListElement":[{"@type":"ListItem","position":1,"name":"Strona g\u0142\u00f3wna","item":"https:\/\/zs.gromnik.pl\/zs\/"},{"@type":"ListItem","position":2,"name":"Czysta Ziemia. Czyste Powietrze"}]},{"@type":"WebSite","@id":"https:\/\/zs.gromnik.pl\/zs\/#website","url":"https:\/\/zs.gromnik.pl\/zs\/","name":"Zesp\u00f3\u0142 Szk\u00f3\u0142 w Gromniku","description":"","potentialAction":[{"@type":"SearchAction","target":{"@type":"EntryPoint","urlTemplate":"https:\/\/zs.gromnik.pl\/zs\/?s={search_term_string}"},"query-input":"required name=search_term_string"}],"inLanguage":"pl-PL"},{"@type":"Person","@id":"https:\/\/zs.gromnik.pl\/zs\/#\/schema\/person\/b197900f67c6133faddc284ae32f97ca","name":"admin","image":{"@type":"ImageObject","inLanguage":"pl-PL","@id":"https:\/\/zs.gromnik.pl\/zs\/#\/schema\/person\/image\/","url":"https:\/\/secure.gravatar.com\/avatar\/f8a2f876dbcc8c8edd809a8ca77a2abe?s=96&d=mm&r=g","contentUrl":"https:\/\/secure.gravatar.com\/avatar\/f8a2f876dbcc8c8edd809a8ca77a2abe?s=96&d=mm&r=g","caption":"admin"},"url":"https:\/\/zs.gromnik.pl\/zs\/author\/admin\/"}]}},"_links":{"self":[{"href":"https:\/\/zs.gromnik.pl\/zs\/wp-json\/wp\/v2\/posts\/15292"}],"collection":[{"href":"https:\/\/zs.gromnik.pl\/zs\/wp-json\/wp\/v2\/posts"}],"about":[{"href":"https:\/\/zs.gromnik.pl\/zs\/wp-json\/wp\/v2\/types\/post"}],"author":[{"embeddable":true,"href":"https:\/\/zs.gromnik.pl\/zs\/wp-json\/wp\/v2\/users\/1"}],"replies":[{"embeddable":true,"href":"https:\/\/zs.gromnik.pl\/zs\/wp-json\/wp\/v2\/comments?post=15292"}],"version-history":[{"count":5,"href":"https:\/\/zs.gromnik.pl\/zs\/wp-json\/wp\/v2\/posts\/15292\/revisions"}],"predecessor-version":[{"id":15300,"href":"https:\/\/zs.gromnik.pl\/zs\/wp-json\/wp\/v2\/posts\/15292\/revisions\/15300"}],"wp:featuredmedia":[{"embeddable":true,"href":"https:\/\/zs.gromnik.pl\/zs\/wp-json\/wp\/v2\/media\/15297"}],"wp:attachment":[{"href":"https:\/\/zs.gromnik.pl\/zs\/wp-json\/wp\/v2\/media?parent=15292"}],"wp:term":[{"taxonomy":"category","embeddable":true,"href":"https:\/\/zs.gromnik.pl\/zs\/wp-json\/wp\/v2\/categories?post=15292"},{"taxonomy":"post_tag","embeddable":true,"href":"https:\/\/zs.gromnik.pl\/zs\/wp-json\/wp\/v2\/tags?post=15292"}],"curies":[{"name":"wp","href":"https:\/\/api.w.org\/{rel}","templated":true}]}}