{"id":15302,"date":"2024-04-30T19:52:24","date_gmt":"2024-04-30T17:52:24","guid":{"rendered":"http:\/\/zs.gromnik.pl\/zs\/?p=15302"},"modified":"2024-04-30T19:52:41","modified_gmt":"2024-04-30T17:52:41","slug":"podsumowanie-akcji-zbierania-i-segregacji-smieci-oraz-sadzenia-drzew","status":"publish","type":"post","link":"https:\/\/zs.gromnik.pl\/zs\/podsumowanie-akcji-zbierania-i-segregacji-smieci-oraz-sadzenia-drzew\/","title":{"rendered":"Podsumowanie akcji zbierania i segregacji \u015bmieci oraz sadzenia drzew"},"content":{"rendered":"\t\t<div data-elementor-type=\"wp-post\" data-elementor-id=\"15302\" class=\"elementor elementor-15302\">\n\t\t\t\t\t\t\t\t\t<section class=\"elementor-section elementor-top-section elementor-element elementor-element-43d110b elementor-section-boxed elementor-section-height-default elementor-section-height-default\" data-id=\"43d110b\" data-element_type=\"section\">\n\t\t\t\t\t\t<div class=\"elementor-container elementor-column-gap-default\">\n\t\t\t\t\t<div class=\"elementor-column elementor-col-100 elementor-top-column elementor-element elementor-element-f89bdb0\" data-id=\"f89bdb0\" data-element_type=\"column\">\n\t\t\t<div class=\"elementor-widget-wrap elementor-element-populated\">\n\t\t\t\t\t\t\t\t<div class=\"elementor-element elementor-element-2787733 elementor-widget elementor-widget-text-editor\" data-id=\"2787733\" data-element_type=\"widget\" data-widget_type=\"text-editor.default\">\n\t\t\t\t<div class=\"elementor-widget-container\">\n\t\t\t\t\t\t\t<p>Nadesz\u0142a pora na kilka podsumowa\u0144.<\/p><p>W dniach 19 i 22 kwietnia uczniowie naszej szko\u0142y wraz z opiekunami uczestniczyli w akcji zbierania i segregacji odpad\u00f3w sta\u0142ych. Zebrano 15 kg szk\u0142a, 12,5 kg tworzyw sztucznych, 2 kg papieru, 3,5 kg metali i 10 kg odpad\u00f3w mieszanych. Dzi\u0119kujemy instytucjom oraz osobom indywidualnym, dzi\u0119ki kt\u00f3rym mogli\u015bmy podj\u0105\u0107 dzia\u0142ania poprawiaj\u0105ce kondycj\u0119 ekologiczn\u0105 naszego otoczenia.<\/p><p>Ogromnym zainteresowaniem, szczeg\u00f3lnie w\u015br\u00f3d m\u0142odszych dzieci cieszy\u0142a si\u0119 akcja sadzenia drzew.\u00a0 W dniach od 17 do 24 kwietnia przekazano uczniom oko\u0142o 250 sadzonek drzew li\u015bciastych i iglastych wyprodukowanych w\u00a0 Gospodarstwie Szk\u00f3\u0142karskim Nadle\u015bnictwa Gromnik oraz ufundowanych przez Starostwo Powiatowe w Tarnowie.<\/p><p>Dlaczego drzewa s\u0105 wa\u017cne? To nasi najwi\u0119ksi sprzymierze\u0144cy w walce ze zmianami klimatycznymi, poniewa\u017c poch\u0142aniaj\u0105 dwutlenek w\u0119gla, neutralizuj\u0105 zanieczyszczenia, produkuj\u0105 tlen, obni\u017caj\u0105 odczuwaln\u0105 temperatur\u0119 latem i poprawiaj\u0105 komfort \u017cycia.<\/p><p>Dzi\u0119kujemy za wszystkie nades\u0142ane zdj\u0119cia. Mamy nadziej\u0119, \u017ce taka inicjatywa b\u0119dzie kontynuowana i b\u0119dzie cieszy\u0107 si\u0119 r\u00f3wnie du\u017cym zainteresowaniem w\u00a0 przysz\u0142o\u015bci. Ka\u017cde zasadzone drzewo to krok w stron\u0119 lepszego, zdrowszego \u015brodowiska dla nas wszystkich.<\/p><p>\u00a0<\/p><p style=\"text-align: right;\">\u00a0\u00a0\u00a0\u00a0\u00a0\u00a0\u00a0\u00a0\u00a0\u00a0\u00a0\u00a0\u00a0\u00a0\u00a0\u00a0\u00a0\u00a0\u00a0\u00a0\u00a0\u00a0\u00a0\u00a0\u00a0\u00a0\u00a0\u00a0\u00a0\u00a0\u00a0\u00a0\u00a0\u00a0\u00a0\u00a0\u00a0\u00a0\u00a0\u00a0\u00a0\u00a0\u00a0\u00a0\u00a0\u00a0\u00a0\u00a0\u00a0\u00a0\u00a0\u00a0\u00a0\u00a0\u00a0\u00a0\u00a0\u00a0\u00a0\u00a0\u00a0\u00a0\u00a0\u00a0\u00a0\u00a0\u00a0\u00a0\u00a0\u00a0\u00a0\u00a0\u00a0\u00a0\u00a0\u00a0\u00a0\u00a0\u00a0\u00a0\u00a0\u00a0\u00a0\u00a0\u00a0\u00a0\u00a0\u00a0\u00a0\u00a0\u00a0\u00a0\u00a0\u00a0\u00a0\u00a0\u00a0\u00a0\u00a0\u00a0\u00a0\u00a0\u00a0\u00a0\u00a0\u00a0\u00a0\u00a0\u00a0\u00a0\u00a0\u00a0\u00a0\u00a0\u00a0\u00a0\u00a0 Organizatorzy: \u00a0 Anna Cudek<\/p><p style=\"text-align: right;\">\u00a0\u00a0\u00a0\u00a0\u00a0\u00a0\u00a0\u00a0\u00a0\u00a0\u00a0\u00a0\u00a0\u00a0\u00a0\u00a0\u00a0\u00a0\u00a0\u00a0\u00a0\u00a0\u00a0\u00a0\u00a0\u00a0\u00a0\u00a0\u00a0\u00a0\u00a0\u00a0\u00a0\u00a0\u00a0\u00a0\u00a0\u00a0\u00a0\u00a0\u00a0\u00a0\u00a0\u00a0\u00a0\u00a0\u00a0\u00a0\u00a0\u00a0\u00a0\u00a0\u00a0\u00a0\u00a0\u00a0\u00a0\u00a0\u00a0\u00a0\u00a0\u00a0\u00a0\u00a0\u00a0\u00a0\u00a0\u00a0\u00a0\u00a0\u00a0\u00a0\u00a0\u00a0\u00a0\u00a0\u00a0\u00a0\u00a0\u00a0\u00a0\u00a0\u00a0\u00a0\u00a0\u00a0\u00a0\u00a0\u00a0\u00a0\u00a0\u00a0\u00a0\u00a0\u00a0\u00a0\u00a0\u00a0\u00a0\u00a0\u00a0\u00a0\u00a0\u00a0\u00a0\u00a0\u00a0\u00a0\u00a0\u00a0\u00a0\u00a0\u00a0\u00a0\u00a0\u00a0\u00a0\u00a0\u00a0\u00a0\u00a0\u00a0\u00a0\u00a0\u00a0\u00a0\u00a0\u00a0\u00a0\u00a0\u00a0\u00a0\u00a0\u00a0\u00a0\u00a0\u00a0\u00a0\u00a0\u00a0\u00a0\u00a0\u00a0\u00a0\u00a0\u00a0\u00a0 Agata Karplewicz<\/p>\t\t\t\t\t\t<\/div>\n\t\t\t\t<\/div>\n\t\t\t\t\t<\/div>\n\t\t<\/div>\n\t\t\t\t\t\t\t<\/div>\n\t\t<\/section>\n\t\t\t\t<section class=\"elementor-section elementor-top-section elementor-element elementor-element-5a300d3 elementor-section-boxed elementor-section-height-default elementor-section-height-default\" data-id=\"5a300d3\" data-element_type=\"section\">\n\t\t\t\t\t\t<div class=\"elementor-container elementor-column-gap-default\">\n\t\t\t\t\t<div class=\"elementor-column elementor-col-100 elementor-top-column elementor-element elementor-element-d2f75e6\" data-id=\"d2f75e6\" data-element_type=\"column\">\n\t\t\t<div class=\"elementor-widget-wrap elementor-element-populated\">\n\t\t\t\t\t\t\t\t<div class=\"elementor-element elementor-element-e622cad elementor-widget elementor-widget-image-gallery\" data-id=\"e622cad\" data-element_type=\"widget\" data-widget_type=\"image-gallery.default\">\n\t\t\t\t<div class=\"elementor-widget-container\">\n\t\t\t\t\t<div class=\"elementor-image-gallery\">\n\t\t\t<div id='gallery-1' class='gallery galleryid-15302 gallery-columns-5 gallery-size-medium'><figure class='gallery-item'>\n\t\t\t<div class='gallery-icon landscape'>\n\t\t\t\t<a data-elementor-open-lightbox=\"yes\" data-elementor-lightbox-slideshow=\"e622cad\" data-elementor-lightbox-title=\"20240419_104012\" e-action-hash=\"#elementor-action%3Aaction%3Dlightbox%26settings%3DeyJpZCI6MTUzMDQsInVybCI6Imh0dHBzOlwvXC96cy5ncm9tbmlrLnBsXC96c1wvd3AtY29udGVudFwvdXBsb2Fkc1wvMjAyNFwvMDRcLzIwMjQwNDE5XzEwNDAxMi1zY2FsZWQuanBnIiwic2xpZGVzaG93IjoiZTYyMmNhZCJ9\" href='https:\/\/zs.gromnik.pl\/zs\/wp-content\/uploads\/2024\/04\/20240419_104012-scaled.jpg'><img width=\"300\" height=\"169\" src=\"https:\/\/zs.gromnik.pl\/zs\/wp-content\/uploads\/2024\/04\/20240419_104012-300x169.jpg\" class=\"attachment-medium size-medium\" alt=\"\" loading=\"lazy\" srcset=\"https:\/\/zs.gromnik.pl\/zs\/wp-content\/uploads\/2024\/04\/20240419_104012-300x169.jpg 300w, https:\/\/zs.gromnik.pl\/zs\/wp-content\/uploads\/2024\/04\/20240419_104012-1024x576.jpg 1024w, https:\/\/zs.gromnik.pl\/zs\/wp-content\/uploads\/2024\/04\/20240419_104012-768x432.jpg 768w, https:\/\/zs.gromnik.pl\/zs\/wp-content\/uploads\/2024\/04\/20240419_104012-1536x864.jpg 1536w, https:\/\/zs.gromnik.pl\/zs\/wp-content\/uploads\/2024\/04\/20240419_104012-2048x1152.jpg 2048w, https:\/\/zs.gromnik.pl\/zs\/wp-content\/uploads\/2024\/04\/20240419_104012-1140x641.jpg 1140w\" sizes=\"(max-width: 300px) 100vw, 300px\" \/><\/a>\n\t\t\t<\/div><\/figure><figure class='gallery-item'>\n\t\t\t<div class='gallery-icon portrait'>\n\t\t\t\t<a data-elementor-open-lightbox=\"yes\" data-elementor-lightbox-slideshow=\"e622cad\" data-elementor-lightbox-title=\"IMG_20240428_142546\" e-action-hash=\"#elementor-action%3Aaction%3Dlightbox%26settings%3DeyJpZCI6MTUzMDUsInVybCI6Imh0dHBzOlwvXC96cy5ncm9tbmlrLnBsXC96c1wvd3AtY29udGVudFwvdXBsb2Fkc1wvMjAyNFwvMDRcL0lNR18yMDI0MDQyOF8xNDI1NDYuanBnIiwic2xpZGVzaG93IjoiZTYyMmNhZCJ9\" href='https:\/\/zs.gromnik.pl\/zs\/wp-content\/uploads\/2024\/04\/IMG_20240428_142546.jpg'><img width=\"225\" height=\"300\" src=\"https:\/\/zs.gromnik.pl\/zs\/wp-content\/uploads\/2024\/04\/IMG_20240428_142546-225x300.jpg\" class=\"attachment-medium size-medium\" alt=\"\" loading=\"lazy\" srcset=\"https:\/\/zs.gromnik.pl\/zs\/wp-content\/uploads\/2024\/04\/IMG_20240428_142546-225x300.jpg 225w, https:\/\/zs.gromnik.pl\/zs\/wp-content\/uploads\/2024\/04\/IMG_20240428_142546-768x1024.jpg 768w, https:\/\/zs.gromnik.pl\/zs\/wp-content\/uploads\/2024\/04\/IMG_20240428_142546.jpg 804w\" sizes=\"(max-width: 225px) 100vw, 225px\" \/><\/a>\n\t\t\t<\/div><\/figure><figure class='gallery-item'>\n\t\t\t<div class='gallery-icon portrait'>\n\t\t\t\t<a data-elementor-open-lightbox=\"yes\" data-elementor-lightbox-slideshow=\"e622cad\" data-elementor-lightbox-title=\"IMG_20240428_142618\" e-action-hash=\"#elementor-action%3Aaction%3Dlightbox%26settings%3DeyJpZCI6MTUzMDYsInVybCI6Imh0dHBzOlwvXC96cy5ncm9tbmlrLnBsXC96c1wvd3AtY29udGVudFwvdXBsb2Fkc1wvMjAyNFwvMDRcL0lNR18yMDI0MDQyOF8xNDI2MTguanBnIiwic2xpZGVzaG93IjoiZTYyMmNhZCJ9\" href='https:\/\/zs.gromnik.pl\/zs\/wp-content\/uploads\/2024\/04\/IMG_20240428_142618.jpg'><img width=\"225\" height=\"300\" src=\"https:\/\/zs.gromnik.pl\/zs\/wp-content\/uploads\/2024\/04\/IMG_20240428_142618-225x300.jpg\" class=\"attachment-medium size-medium\" alt=\"\" loading=\"lazy\" srcset=\"https:\/\/zs.gromnik.pl\/zs\/wp-content\/uploads\/2024\/04\/IMG_20240428_142618-225x300.jpg 225w, https:\/\/zs.gromnik.pl\/zs\/wp-content\/uploads\/2024\/04\/IMG_20240428_142618.jpg 360w\" sizes=\"(max-width: 225px) 100vw, 225px\" \/><\/a>\n\t\t\t<\/div><\/figure><figure class='gallery-item'>\n\t\t\t<div class='gallery-icon portrait'>\n\t\t\t\t<a data-elementor-open-lightbox=\"yes\" data-elementor-lightbox-slideshow=\"e622cad\" data-elementor-lightbox-title=\"IMG_20240428_142641\" e-action-hash=\"#elementor-action%3Aaction%3Dlightbox%26settings%3DeyJpZCI6MTUzMDcsInVybCI6Imh0dHBzOlwvXC96cy5ncm9tbmlrLnBsXC96c1wvd3AtY29udGVudFwvdXBsb2Fkc1wvMjAyNFwvMDRcL0lNR18yMDI0MDQyOF8xNDI2NDEuanBnIiwic2xpZGVzaG93IjoiZTYyMmNhZCJ9\" href='https:\/\/zs.gromnik.pl\/zs\/wp-content\/uploads\/2024\/04\/IMG_20240428_142641.jpg'><img width=\"225\" height=\"300\" src=\"https:\/\/zs.gromnik.pl\/zs\/wp-content\/uploads\/2024\/04\/IMG_20240428_142641-225x300.jpg\" class=\"attachment-medium size-medium\" alt=\"\" loading=\"lazy\" srcset=\"https:\/\/zs.gromnik.pl\/zs\/wp-content\/uploads\/2024\/04\/IMG_20240428_142641-225x300.jpg 225w, https:\/\/zs.gromnik.pl\/zs\/wp-content\/uploads\/2024\/04\/IMG_20240428_142641.jpg 599w\" sizes=\"(max-width: 225px) 100vw, 225px\" \/><\/a>\n\t\t\t<\/div><\/figure><figure class='gallery-item'>\n\t\t\t<div class='gallery-icon portrait'>\n\t\t\t\t<a data-elementor-open-lightbox=\"yes\" data-elementor-lightbox-slideshow=\"e622cad\" data-elementor-lightbox-title=\"IMG_20240428_142706\" e-action-hash=\"#elementor-action%3Aaction%3Dlightbox%26settings%3DeyJpZCI6MTUzMDgsInVybCI6Imh0dHBzOlwvXC96cy5ncm9tbmlrLnBsXC96c1wvd3AtY29udGVudFwvdXBsb2Fkc1wvMjAyNFwvMDRcL0lNR18yMDI0MDQyOF8xNDI3MDYuanBnIiwic2xpZGVzaG93IjoiZTYyMmNhZCJ9\" href='https:\/\/zs.gromnik.pl\/zs\/wp-content\/uploads\/2024\/04\/IMG_20240428_142706.jpg'><img width=\"225\" height=\"300\" src=\"https:\/\/zs.gromnik.pl\/zs\/wp-content\/uploads\/2024\/04\/IMG_20240428_142706-225x300.jpg\" class=\"attachment-medium size-medium\" alt=\"\" loading=\"lazy\" srcset=\"https:\/\/zs.gromnik.pl\/zs\/wp-content\/uploads\/2024\/04\/IMG_20240428_142706-225x300.jpg 225w, https:\/\/zs.gromnik.pl\/zs\/wp-content\/uploads\/2024\/04\/IMG_20240428_142706.jpg 423w\" sizes=\"(max-width: 225px) 100vw, 225px\" \/><\/a>\n\t\t\t<\/div><\/figure><figure class='gallery-item'>\n\t\t\t<div class='gallery-icon portrait'>\n\t\t\t\t<a data-elementor-open-lightbox=\"yes\" data-elementor-lightbox-slideshow=\"e622cad\" data-elementor-lightbox-title=\"IMG_20240430_083245\" e-action-hash=\"#elementor-action%3Aaction%3Dlightbox%26settings%3DeyJpZCI6MTUzMDksInVybCI6Imh0dHBzOlwvXC96cy5ncm9tbmlrLnBsXC96c1wvd3AtY29udGVudFwvdXBsb2Fkc1wvMjAyNFwvMDRcL0lNR18yMDI0MDQzMF8wODMyNDUuanBnIiwic2xpZGVzaG93IjoiZTYyMmNhZCJ9\" href='https:\/\/zs.gromnik.pl\/zs\/wp-content\/uploads\/2024\/04\/IMG_20240430_083245.jpg'><img width=\"224\" height=\"300\" src=\"https:\/\/zs.gromnik.pl\/zs\/wp-content\/uploads\/2024\/04\/IMG_20240430_083245-224x300.jpg\" class=\"attachment-medium size-medium\" alt=\"\" loading=\"lazy\" srcset=\"https:\/\/zs.gromnik.pl\/zs\/wp-content\/uploads\/2024\/04\/IMG_20240430_083245-224x300.jpg 224w, https:\/\/zs.gromnik.pl\/zs\/wp-content\/uploads\/2024\/04\/IMG_20240430_083245.jpg 538w\" sizes=\"(max-width: 224px) 100vw, 224px\" \/><\/a>\n\t\t\t<\/div><\/figure><figure class='gallery-item'>\n\t\t\t<div class='gallery-icon portrait'>\n\t\t\t\t<a data-elementor-open-lightbox=\"yes\" data-elementor-lightbox-slideshow=\"e622cad\" data-elementor-lightbox-title=\"IMG_20240430_083253\" e-action-hash=\"#elementor-action%3Aaction%3Dlightbox%26settings%3DeyJpZCI6MTUzMTAsInVybCI6Imh0dHBzOlwvXC96cy5ncm9tbmlrLnBsXC96c1wvd3AtY29udGVudFwvdXBsb2Fkc1wvMjAyNFwvMDRcL0lNR18yMDI0MDQzMF8wODMyNTMuanBnIiwic2xpZGVzaG93IjoiZTYyMmNhZCJ9\" href='https:\/\/zs.gromnik.pl\/zs\/wp-content\/uploads\/2024\/04\/IMG_20240430_083253.jpg'><img width=\"225\" height=\"300\" src=\"https:\/\/zs.gromnik.pl\/zs\/wp-content\/uploads\/2024\/04\/IMG_20240430_083253-225x300.jpg\" class=\"attachment-medium size-medium\" alt=\"\" loading=\"lazy\" srcset=\"https:\/\/zs.gromnik.pl\/zs\/wp-content\/uploads\/2024\/04\/IMG_20240430_083253-225x300.jpg 225w, https:\/\/zs.gromnik.pl\/zs\/wp-content\/uploads\/2024\/04\/IMG_20240430_083253.jpg 540w\" sizes=\"(max-width: 225px) 100vw, 225px\" \/><\/a>\n\t\t\t<\/div><\/figure><figure class='gallery-item'>\n\t\t\t<div class='gallery-icon portrait'>\n\t\t\t\t<a data-elementor-open-lightbox=\"yes\" data-elementor-lightbox-slideshow=\"e622cad\" data-elementor-lightbox-title=\"IMG_20240430_083303\" e-action-hash=\"#elementor-action%3Aaction%3Dlightbox%26settings%3DeyJpZCI6MTUzMTEsInVybCI6Imh0dHBzOlwvXC96cy5ncm9tbmlrLnBsXC96c1wvd3AtY29udGVudFwvdXBsb2Fkc1wvMjAyNFwvMDRcL0lNR18yMDI0MDQzMF8wODMzMDMuanBnIiwic2xpZGVzaG93IjoiZTYyMmNhZCJ9\" href='https:\/\/zs.gromnik.pl\/zs\/wp-content\/uploads\/2024\/04\/IMG_20240430_083303.jpg'><img width=\"226\" height=\"300\" src=\"https:\/\/zs.gromnik.pl\/zs\/wp-content\/uploads\/2024\/04\/IMG_20240430_083303-226x300.jpg\" class=\"attachment-medium size-medium\" alt=\"\" loading=\"lazy\" srcset=\"https:\/\/zs.gromnik.pl\/zs\/wp-content\/uploads\/2024\/04\/IMG_20240430_083303-226x300.jpg 226w, https:\/\/zs.gromnik.pl\/zs\/wp-content\/uploads\/2024\/04\/IMG_20240430_083303.jpg 542w\" sizes=\"(max-width: 226px) 100vw, 226px\" \/><\/a>\n\t\t\t<\/div><\/figure><figure class='gallery-item'>\n\t\t\t<div class='gallery-icon portrait'>\n\t\t\t\t<a data-elementor-open-lightbox=\"yes\" data-elementor-lightbox-slideshow=\"e622cad\" data-elementor-lightbox-title=\"IMG-20240419-WA0000\" e-action-hash=\"#elementor-action%3Aaction%3Dlightbox%26settings%3DeyJpZCI6MTUzMTIsInVybCI6Imh0dHBzOlwvXC96cy5ncm9tbmlrLnBsXC96c1wvd3AtY29udGVudFwvdXBsb2Fkc1wvMjAyNFwvMDRcL0lNRy0yMDI0MDQxOS1XQTAwMDAuanBnIiwic2xpZGVzaG93IjoiZTYyMmNhZCJ9\" href='https:\/\/zs.gromnik.pl\/zs\/wp-content\/uploads\/2024\/04\/IMG-20240419-WA0000.jpg'><img width=\"225\" height=\"300\" src=\"https:\/\/zs.gromnik.pl\/zs\/wp-content\/uploads\/2024\/04\/IMG-20240419-WA0000-225x300.jpg\" class=\"attachment-medium size-medium\" alt=\"\" loading=\"lazy\" srcset=\"https:\/\/zs.gromnik.pl\/zs\/wp-content\/uploads\/2024\/04\/IMG-20240419-WA0000-225x300.jpg 225w, https:\/\/zs.gromnik.pl\/zs\/wp-content\/uploads\/2024\/04\/IMG-20240419-WA0000-768x1024.jpg 768w, https:\/\/zs.gromnik.pl\/zs\/wp-content\/uploads\/2024\/04\/IMG-20240419-WA0000-1152x1536.jpg 1152w, https:\/\/zs.gromnik.pl\/zs\/wp-content\/uploads\/2024\/04\/IMG-20240419-WA0000-1140x1520.jpg 1140w, https:\/\/zs.gromnik.pl\/zs\/wp-content\/uploads\/2024\/04\/IMG-20240419-WA0000.jpg 1536w\" sizes=\"(max-width: 225px) 100vw, 225px\" \/><\/a>\n\t\t\t<\/div><\/figure><figure class='gallery-item'>\n\t\t\t<div class='gallery-icon landscape'>\n\t\t\t\t<a data-elementor-open-lightbox=\"yes\" data-elementor-lightbox-slideshow=\"e622cad\" data-elementor-lightbox-title=\"IMG-20240419-WA0001\" e-action-hash=\"#elementor-action%3Aaction%3Dlightbox%26settings%3DeyJpZCI6MTUzMTMsInVybCI6Imh0dHBzOlwvXC96cy5ncm9tbmlrLnBsXC96c1wvd3AtY29udGVudFwvdXBsb2Fkc1wvMjAyNFwvMDRcL0lNRy0yMDI0MDQxOS1XQTAwMDEuanBnIiwic2xpZGVzaG93IjoiZTYyMmNhZCJ9\" href='https:\/\/zs.gromnik.pl\/zs\/wp-content\/uploads\/2024\/04\/IMG-20240419-WA0001.jpg'><img width=\"300\" height=\"225\" src=\"https:\/\/zs.gromnik.pl\/zs\/wp-content\/uploads\/2024\/04\/IMG-20240419-WA0001-300x225.jpg\" class=\"attachment-medium size-medium\" alt=\"\" loading=\"lazy\" srcset=\"https:\/\/zs.gromnik.pl\/zs\/wp-content\/uploads\/2024\/04\/IMG-20240419-WA0001-300x225.jpg 300w, https:\/\/zs.gromnik.pl\/zs\/wp-content\/uploads\/2024\/04\/IMG-20240419-WA0001-768x576.jpg 768w, https:\/\/zs.gromnik.pl\/zs\/wp-content\/uploads\/2024\/04\/IMG-20240419-WA0001.jpg 1024w\" sizes=\"(max-width: 300px) 100vw, 300px\" \/><\/a>\n\t\t\t<\/div><\/figure><figure class='gallery-item'>\n\t\t\t<div class='gallery-icon landscape'>\n\t\t\t\t<a data-elementor-open-lightbox=\"yes\" data-elementor-lightbox-slideshow=\"e622cad\" data-elementor-lightbox-title=\"IMG-20240419-WA0002\" e-action-hash=\"#elementor-action%3Aaction%3Dlightbox%26settings%3DeyJpZCI6MTUzMTQsInVybCI6Imh0dHBzOlwvXC96cy5ncm9tbmlrLnBsXC96c1wvd3AtY29udGVudFwvdXBsb2Fkc1wvMjAyNFwvMDRcL0lNRy0yMDI0MDQxOS1XQTAwMDIuanBnIiwic2xpZGVzaG93IjoiZTYyMmNhZCJ9\" href='https:\/\/zs.gromnik.pl\/zs\/wp-content\/uploads\/2024\/04\/IMG-20240419-WA0002.jpg'><img width=\"300\" height=\"225\" src=\"https:\/\/zs.gromnik.pl\/zs\/wp-content\/uploads\/2024\/04\/IMG-20240419-WA0002-300x225.jpg\" class=\"attachment-medium size-medium\" alt=\"\" loading=\"lazy\" srcset=\"https:\/\/zs.gromnik.pl\/zs\/wp-content\/uploads\/2024\/04\/IMG-20240419-WA0002-300x225.jpg 300w, https:\/\/zs.gromnik.pl\/zs\/wp-content\/uploads\/2024\/04\/IMG-20240419-WA0002-768x576.jpg 768w, https:\/\/zs.gromnik.pl\/zs\/wp-content\/uploads\/2024\/04\/IMG-20240419-WA0002.jpg 1024w\" sizes=\"(max-width: 300px) 100vw, 300px\" \/><\/a>\n\t\t\t<\/div><\/figure><figure class='gallery-item'>\n\t\t\t<div class='gallery-icon landscape'>\n\t\t\t\t<a data-elementor-open-lightbox=\"yes\" data-elementor-lightbox-slideshow=\"e622cad\" data-elementor-lightbox-title=\"IMG-20240419-WA0003\" e-action-hash=\"#elementor-action%3Aaction%3Dlightbox%26settings%3DeyJpZCI6MTUzMTUsInVybCI6Imh0dHBzOlwvXC96cy5ncm9tbmlrLnBsXC96c1wvd3AtY29udGVudFwvdXBsb2Fkc1wvMjAyNFwvMDRcL0lNRy0yMDI0MDQxOS1XQTAwMDMuanBnIiwic2xpZGVzaG93IjoiZTYyMmNhZCJ9\" href='https:\/\/zs.gromnik.pl\/zs\/wp-content\/uploads\/2024\/04\/IMG-20240419-WA0003.jpg'><img width=\"300\" height=\"225\" src=\"https:\/\/zs.gromnik.pl\/zs\/wp-content\/uploads\/2024\/04\/IMG-20240419-WA0003-300x225.jpg\" class=\"attachment-medium size-medium\" alt=\"\" loading=\"lazy\" srcset=\"https:\/\/zs.gromnik.pl\/zs\/wp-content\/uploads\/2024\/04\/IMG-20240419-WA0003-300x225.jpg 300w, https:\/\/zs.gromnik.pl\/zs\/wp-content\/uploads\/2024\/04\/IMG-20240419-WA0003-768x576.jpg 768w, https:\/\/zs.gromnik.pl\/zs\/wp-content\/uploads\/2024\/04\/IMG-20240419-WA0003.jpg 1024w\" sizes=\"(max-width: 300px) 100vw, 300px\" \/><\/a>\n\t\t\t<\/div><\/figure><figure class='gallery-item'>\n\t\t\t<div class='gallery-icon landscape'>\n\t\t\t\t<a data-elementor-open-lightbox=\"yes\" data-elementor-lightbox-slideshow=\"e622cad\" data-elementor-lightbox-title=\"IMG-20240419-WA0004\" e-action-hash=\"#elementor-action%3Aaction%3Dlightbox%26settings%3DeyJpZCI6MTUzMTYsInVybCI6Imh0dHBzOlwvXC96cy5ncm9tbmlrLnBsXC96c1wvd3AtY29udGVudFwvdXBsb2Fkc1wvMjAyNFwvMDRcL0lNRy0yMDI0MDQxOS1XQTAwMDQuanBnIiwic2xpZGVzaG93IjoiZTYyMmNhZCJ9\" href='https:\/\/zs.gromnik.pl\/zs\/wp-content\/uploads\/2024\/04\/IMG-20240419-WA0004.jpg'><img width=\"300\" height=\"225\" src=\"https:\/\/zs.gromnik.pl\/zs\/wp-content\/uploads\/2024\/04\/IMG-20240419-WA0004-300x225.jpg\" class=\"attachment-medium size-medium\" alt=\"\" loading=\"lazy\" srcset=\"https:\/\/zs.gromnik.pl\/zs\/wp-content\/uploads\/2024\/04\/IMG-20240419-WA0004-300x225.jpg 300w, https:\/\/zs.gromnik.pl\/zs\/wp-content\/uploads\/2024\/04\/IMG-20240419-WA0004-768x576.jpg 768w, https:\/\/zs.gromnik.pl\/zs\/wp-content\/uploads\/2024\/04\/IMG-20240419-WA0004.jpg 1024w\" sizes=\"(max-width: 300px) 100vw, 300px\" \/><\/a>\n\t\t\t<\/div><\/figure><figure class='gallery-item'>\n\t\t\t<div class='gallery-icon portrait'>\n\t\t\t\t<a data-elementor-open-lightbox=\"yes\" data-elementor-lightbox-slideshow=\"e622cad\" data-elementor-lightbox-title=\"IMG-20240419-WA0005\" e-action-hash=\"#elementor-action%3Aaction%3Dlightbox%26settings%3DeyJpZCI6MTUzMTcsInVybCI6Imh0dHBzOlwvXC96cy5ncm9tbmlrLnBsXC96c1wvd3AtY29udGVudFwvdXBsb2Fkc1wvMjAyNFwvMDRcL0lNRy0yMDI0MDQxOS1XQTAwMDUuanBnIiwic2xpZGVzaG93IjoiZTYyMmNhZCJ9\" href='https:\/\/zs.gromnik.pl\/zs\/wp-content\/uploads\/2024\/04\/IMG-20240419-WA0005.jpg'><img width=\"225\" height=\"300\" src=\"https:\/\/zs.gromnik.pl\/zs\/wp-content\/uploads\/2024\/04\/IMG-20240419-WA0005-225x300.jpg\" class=\"attachment-medium size-medium\" alt=\"\" loading=\"lazy\" srcset=\"https:\/\/zs.gromnik.pl\/zs\/wp-content\/uploads\/2024\/04\/IMG-20240419-WA0005-225x300.jpg 225w, https:\/\/zs.gromnik.pl\/zs\/wp-content\/uploads\/2024\/04\/IMG-20240419-WA0005-768x1024.jpg 768w, https:\/\/zs.gromnik.pl\/zs\/wp-content\/uploads\/2024\/04\/IMG-20240419-WA0005-1152x1536.jpg 1152w, https:\/\/zs.gromnik.pl\/zs\/wp-content\/uploads\/2024\/04\/IMG-20240419-WA0005-1140x1520.jpg 1140w, https:\/\/zs.gromnik.pl\/zs\/wp-content\/uploads\/2024\/04\/IMG-20240419-WA0005.jpg 1536w\" sizes=\"(max-width: 225px) 100vw, 225px\" \/><\/a>\n\t\t\t<\/div><\/figure><figure class='gallery-item'>\n\t\t\t<div class='gallery-icon landscape'>\n\t\t\t\t<a data-elementor-open-lightbox=\"yes\" data-elementor-lightbox-slideshow=\"e622cad\" data-elementor-lightbox-title=\"IMG-20240419-WA0006\" e-action-hash=\"#elementor-action%3Aaction%3Dlightbox%26settings%3DeyJpZCI6MTUzMTgsInVybCI6Imh0dHBzOlwvXC96cy5ncm9tbmlrLnBsXC96c1wvd3AtY29udGVudFwvdXBsb2Fkc1wvMjAyNFwvMDRcL0lNRy0yMDI0MDQxOS1XQTAwMDYuanBnIiwic2xpZGVzaG93IjoiZTYyMmNhZCJ9\" href='https:\/\/zs.gromnik.pl\/zs\/wp-content\/uploads\/2024\/04\/IMG-20240419-WA0006.jpg'><img width=\"300\" height=\"225\" src=\"https:\/\/zs.gromnik.pl\/zs\/wp-content\/uploads\/2024\/04\/IMG-20240419-WA0006-300x225.jpg\" class=\"attachment-medium size-medium\" alt=\"\" loading=\"lazy\" srcset=\"https:\/\/zs.gromnik.pl\/zs\/wp-content\/uploads\/2024\/04\/IMG-20240419-WA0006-300x225.jpg 300w, https:\/\/zs.gromnik.pl\/zs\/wp-content\/uploads\/2024\/04\/IMG-20240419-WA0006-1024x768.jpg 1024w, https:\/\/zs.gromnik.pl\/zs\/wp-content\/uploads\/2024\/04\/IMG-20240419-WA0006-768x576.jpg 768w, https:\/\/zs.gromnik.pl\/zs\/wp-content\/uploads\/2024\/04\/IMG-20240419-WA0006-1536x1152.jpg 1536w, https:\/\/zs.gromnik.pl\/zs\/wp-content\/uploads\/2024\/04\/IMG-20240419-WA0006-1140x855.jpg 1140w, https:\/\/zs.gromnik.pl\/zs\/wp-content\/uploads\/2024\/04\/IMG-20240419-WA0006.jpg 2048w\" sizes=\"(max-width: 300px) 100vw, 300px\" \/><\/a>\n\t\t\t<\/div><\/figure><figure class='gallery-item'>\n\t\t\t<div class='gallery-icon portrait'>\n\t\t\t\t<a data-elementor-open-lightbox=\"yes\" data-elementor-lightbox-slideshow=\"e622cad\" data-elementor-lightbox-title=\"Messenger_creation_7e9b8c18-c349-44cb-9a11-92193936487d\" e-action-hash=\"#elementor-action%3Aaction%3Dlightbox%26settings%3DeyJpZCI6MTUzMTksInVybCI6Imh0dHBzOlwvXC96cy5ncm9tbmlrLnBsXC96c1wvd3AtY29udGVudFwvdXBsb2Fkc1wvMjAyNFwvMDRcL01lc3Nlbmdlcl9jcmVhdGlvbl83ZTliOGMxOC1jMzQ5LTQ0Y2ItOWExMS05MjE5MzkzNjQ4N2QuanBlZyIsInNsaWRlc2hvdyI6ImU2MjJjYWQifQ%3D%3D\" href='https:\/\/zs.gromnik.pl\/zs\/wp-content\/uploads\/2024\/04\/Messenger_creation_7e9b8c18-c349-44cb-9a11-92193936487d.jpeg'><img width=\"225\" height=\"300\" src=\"https:\/\/zs.gromnik.pl\/zs\/wp-content\/uploads\/2024\/04\/Messenger_creation_7e9b8c18-c349-44cb-9a11-92193936487d-225x300.jpeg\" class=\"attachment-medium size-medium\" alt=\"\" loading=\"lazy\" srcset=\"https:\/\/zs.gromnik.pl\/zs\/wp-content\/uploads\/2024\/04\/Messenger_creation_7e9b8c18-c349-44cb-9a11-92193936487d-225x300.jpeg 225w, https:\/\/zs.gromnik.pl\/zs\/wp-content\/uploads\/2024\/04\/Messenger_creation_7e9b8c18-c349-44cb-9a11-92193936487d-768x1024.jpeg 768w, https:\/\/zs.gromnik.pl\/zs\/wp-content\/uploads\/2024\/04\/Messenger_creation_7e9b8c18-c349-44cb-9a11-92193936487d-1152x1536.jpeg 1152w, https:\/\/zs.gromnik.pl\/zs\/wp-content\/uploads\/2024\/04\/Messenger_creation_7e9b8c18-c349-44cb-9a11-92193936487d-1140x1520.jpeg 1140w, https:\/\/zs.gromnik.pl\/zs\/wp-content\/uploads\/2024\/04\/Messenger_creation_7e9b8c18-c349-44cb-9a11-92193936487d.jpeg 1536w\" sizes=\"(max-width: 225px) 100vw, 225px\" \/><\/a>\n\t\t\t<\/div><\/figure><figure class='gallery-item'>\n\t\t\t<div class='gallery-icon portrait'>\n\t\t\t\t<a data-elementor-open-lightbox=\"yes\" data-elementor-lightbox-slideshow=\"e622cad\" data-elementor-lightbox-title=\"Messenger_creation_1674EA19-2E83-4583-A8DB-5F614AB2FBA2_4\" e-action-hash=\"#elementor-action%3Aaction%3Dlightbox%26settings%3DeyJpZCI6MTUzMjAsInVybCI6Imh0dHBzOlwvXC96cy5ncm9tbmlrLnBsXC96c1wvd3AtY29udGVudFwvdXBsb2Fkc1wvMjAyNFwvMDRcL01lc3Nlbmdlcl9jcmVhdGlvbl8xNjc0RUExOS0yRTgzLTQ1ODMtQThEQi01RjYxNEFCMkZCQTJfNC5qcGVnIiwic2xpZGVzaG93IjoiZTYyMmNhZCJ9\" href='https:\/\/zs.gromnik.pl\/zs\/wp-content\/uploads\/2024\/04\/Messenger_creation_1674EA19-2E83-4583-A8DB-5F614AB2FBA2_4.jpeg'><img width=\"225\" height=\"300\" src=\"https:\/\/zs.gromnik.pl\/zs\/wp-content\/uploads\/2024\/04\/Messenger_creation_1674EA19-2E83-4583-A8DB-5F614AB2FBA2_4-225x300.jpeg\" class=\"attachment-medium size-medium\" alt=\"\" loading=\"lazy\" srcset=\"https:\/\/zs.gromnik.pl\/zs\/wp-content\/uploads\/2024\/04\/Messenger_creation_1674EA19-2E83-4583-A8DB-5F614AB2FBA2_4-225x300.jpeg 225w, https:\/\/zs.gromnik.pl\/zs\/wp-content\/uploads\/2024\/04\/Messenger_creation_1674EA19-2E83-4583-A8DB-5F614AB2FBA2_4-768x1024.jpeg 768w, https:\/\/zs.gromnik.pl\/zs\/wp-content\/uploads\/2024\/04\/Messenger_creation_1674EA19-2E83-4583-A8DB-5F614AB2FBA2_4-1152x1536.jpeg 1152w, https:\/\/zs.gromnik.pl\/zs\/wp-content\/uploads\/2024\/04\/Messenger_creation_1674EA19-2E83-4583-A8DB-5F614AB2FBA2_4-1140x1520.jpeg 1140w, https:\/\/zs.gromnik.pl\/zs\/wp-content\/uploads\/2024\/04\/Messenger_creation_1674EA19-2E83-4583-A8DB-5F614AB2FBA2_4.jpeg 1200w\" sizes=\"(max-width: 225px) 100vw, 225px\" \/><\/a>\n\t\t\t<\/div><\/figure><figure class='gallery-item'>\n\t\t\t<div class='gallery-icon portrait'>\n\t\t\t\t<a data-elementor-open-lightbox=\"yes\" data-elementor-lightbox-slideshow=\"e622cad\" data-elementor-lightbox-title=\"received_922177123016746\" e-action-hash=\"#elementor-action%3Aaction%3Dlightbox%26settings%3DeyJpZCI6MTUzMjEsInVybCI6Imh0dHBzOlwvXC96cy5ncm9tbmlrLnBsXC96c1wvd3AtY29udGVudFwvdXBsb2Fkc1wvMjAyNFwvMDRcL3JlY2VpdmVkXzkyMjE3NzEyMzAxNjc0Ni5qcGVnIiwic2xpZGVzaG93IjoiZTYyMmNhZCJ9\" href='https:\/\/zs.gromnik.pl\/zs\/wp-content\/uploads\/2024\/04\/received_922177123016746.jpeg'><img width=\"225\" height=\"300\" src=\"https:\/\/zs.gromnik.pl\/zs\/wp-content\/uploads\/2024\/04\/received_922177123016746-225x300.jpeg\" class=\"attachment-medium size-medium\" alt=\"\" loading=\"lazy\" srcset=\"https:\/\/zs.gromnik.pl\/zs\/wp-content\/uploads\/2024\/04\/received_922177123016746-225x300.jpeg 225w, https:\/\/zs.gromnik.pl\/zs\/wp-content\/uploads\/2024\/04\/received_922177123016746-768x1024.jpeg 768w, https:\/\/zs.gromnik.pl\/zs\/wp-content\/uploads\/2024\/04\/received_922177123016746-1152x1536.jpeg 1152w, https:\/\/zs.gromnik.pl\/zs\/wp-content\/uploads\/2024\/04\/received_922177123016746-1140x1520.jpeg 1140w, https:\/\/zs.gromnik.pl\/zs\/wp-content\/uploads\/2024\/04\/received_922177123016746.jpeg 1530w\" sizes=\"(max-width: 225px) 100vw, 225px\" \/><\/a>\n\t\t\t<\/div><\/figure><figure class='gallery-item'>\n\t\t\t<div class='gallery-icon portrait'>\n\t\t\t\t<a data-elementor-open-lightbox=\"yes\" data-elementor-lightbox-slideshow=\"e622cad\" data-elementor-lightbox-title=\"received_1094511784964392\" e-action-hash=\"#elementor-action%3Aaction%3Dlightbox%26settings%3DeyJpZCI6MTUzMjIsInVybCI6Imh0dHBzOlwvXC96cy5ncm9tbmlrLnBsXC96c1wvd3AtY29udGVudFwvdXBsb2Fkc1wvMjAyNFwvMDRcL3JlY2VpdmVkXzEwOTQ1MTE3ODQ5NjQzOTIuanBlZyIsInNsaWRlc2hvdyI6ImU2MjJjYWQifQ%3D%3D\" href='https:\/\/zs.gromnik.pl\/zs\/wp-content\/uploads\/2024\/04\/received_1094511784964392.jpeg'><img width=\"195\" height=\"300\" src=\"https:\/\/zs.gromnik.pl\/zs\/wp-content\/uploads\/2024\/04\/received_1094511784964392-195x300.jpeg\" class=\"attachment-medium size-medium\" alt=\"\" loading=\"lazy\" srcset=\"https:\/\/zs.gromnik.pl\/zs\/wp-content\/uploads\/2024\/04\/received_1094511784964392-195x300.jpeg 195w, https:\/\/zs.gromnik.pl\/zs\/wp-content\/uploads\/2024\/04\/received_1094511784964392-664x1024.jpeg 664w, https:\/\/zs.gromnik.pl\/zs\/wp-content\/uploads\/2024\/04\/received_1094511784964392-768x1184.jpeg 768w, https:\/\/zs.gromnik.pl\/zs\/wp-content\/uploads\/2024\/04\/received_1094511784964392-996x1536.jpeg 996w, https:\/\/zs.gromnik.pl\/zs\/wp-content\/uploads\/2024\/04\/received_1094511784964392-1140x1758.jpeg 1140w, https:\/\/zs.gromnik.pl\/zs\/wp-content\/uploads\/2024\/04\/received_1094511784964392.jpeg 1264w\" sizes=\"(max-width: 195px) 100vw, 195px\" \/><\/a>\n\t\t\t<\/div><\/figure>\n\t\t<\/div>\n\t\t<\/div>\n\t\t\t\t<\/div>\n\t\t\t\t<\/div>\n\t\t\t\t\t<\/div>\n\t\t<\/div>\n\t\t\t\t\t\t\t<\/div>\n\t\t<\/section>\n\t\t\t\t\t\t\t<\/div>\n\t\t","protected":false},"excerpt":{"rendered":"<p>Nadesz\u0142a pora na kilka podsumowa\u0144. W dniach 19 i 22 kwietnia uczniowie naszej szko\u0142y wraz z opiekunami uczestniczyli w akcji zbierania i segregacji odpad\u00f3w sta\u0142ych. Zebrano 15 kg szk\u0142a, 12,5 kg tworzyw sztucznych, 2 kg papieru, 3,5 kg metali i 10 kg odpad\u00f3w mieszanych. Dzi\u0119kujemy instytucjom oraz osobom indywidualnym, dzi\u0119ki kt\u00f3rym mogli\u015bmy podj\u0105\u0107 dzia\u0142ania poprawiaj\u0105ce kondycj\u0119 ekologiczn\u0105 naszego otoczenia. Ogromnym zainteresowaniem, szczeg\u00f3lnie w\u015br\u00f3d m\u0142odszych dzieci cieszy\u0142a si\u0119 akcja sadzenia drzew.\u00a0 W dniach od 17 do 24 kwietnia przekazano uczniom oko\u0142o 250 sadzonek drzew li\u015bciastych i iglastych wyprodukowanych w\u00a0 Gospodarstwie Szk\u00f3\u0142karskim Nadle\u015bnictwa Gromnik oraz ufundowanych przez Starostwo Powiatowe w Tarnowie. Dlaczego drzewa s\u0105 wa\u017cne? To nasi najwi\u0119ksi sprzymierze\u0144cy w walce ze zmianami klimatycznymi, poniewa\u017c poch\u0142aniaj\u0105 dwutlenek w\u0119gla, neutralizuj\u0105 zanieczyszczenia, produkuj\u0105 tlen, obni\u017caj\u0105 odczuwaln\u0105 temperatur\u0119 latem i poprawiaj\u0105 komfort \u017cycia. Dzi\u0119kujemy za wszystkie nades\u0142ane zdj\u0119cia. Mamy nadziej\u0119, \u017ce taka inicjatywa b\u0119dzie kontynuowana i b\u0119dzie cieszy\u0107 si\u0119 r\u00f3wnie du\u017cym zainteresowaniem w\u00a0 przysz\u0142o\u015bci. Ka\u017cde zasadzone drzewo to krok w stron\u0119 lepszego, zdrowszego \u015brodowiska dla nas wszystkich. \u00a0 \u00a0\u00a0\u00a0\u00a0\u00a0\u00a0\u00a0\u00a0\u00a0\u00a0\u00a0\u00a0\u00a0\u00a0\u00a0\u00a0\u00a0\u00a0\u00a0\u00a0\u00a0\u00a0\u00a0\u00a0\u00a0\u00a0\u00a0\u00a0\u00a0\u00a0\u00a0\u00a0\u00a0\u00a0\u00a0\u00a0\u00a0\u00a0\u00a0\u00a0\u00a0\u00a0\u00a0\u00a0\u00a0\u00a0\u00a0\u00a0\u00a0\u00a0\u00a0\u00a0\u00a0\u00a0\u00a0\u00a0\u00a0\u00a0\u00a0\u00a0\u00a0\u00a0\u00a0\u00a0\u00a0\u00a0\u00a0\u00a0\u00a0\u00a0\u00a0\u00a0\u00a0\u00a0\u00a0\u00a0\u00a0\u00a0\u00a0\u00a0\u00a0\u00a0\u00a0\u00a0\u00a0\u00a0\u00a0\u00a0\u00a0\u00a0\u00a0\u00a0\u00a0\u00a0\u00a0\u00a0\u00a0\u00a0\u00a0\u00a0\u00a0\u00a0\u00a0\u00a0\u00a0\u00a0\u00a0\u00a0\u00a0\u00a0\u00a0\u00a0\u00a0\u00a0\u00a0\u00a0\u00a0 Organizatorzy: \u00a0 Anna Cudek \u00a0\u00a0\u00a0\u00a0\u00a0\u00a0\u00a0\u00a0\u00a0\u00a0\u00a0\u00a0\u00a0\u00a0\u00a0\u00a0\u00a0\u00a0\u00a0\u00a0\u00a0\u00a0\u00a0\u00a0\u00a0\u00a0\u00a0\u00a0\u00a0\u00a0\u00a0\u00a0\u00a0\u00a0\u00a0\u00a0\u00a0\u00a0\u00a0\u00a0\u00a0\u00a0\u00a0\u00a0\u00a0\u00a0\u00a0\u00a0\u00a0\u00a0\u00a0\u00a0\u00a0\u00a0\u00a0\u00a0\u00a0\u00a0\u00a0\u00a0\u00a0\u00a0\u00a0\u00a0\u00a0\u00a0\u00a0\u00a0\u00a0\u00a0\u00a0\u00a0\u00a0\u00a0\u00a0\u00a0\u00a0\u00a0\u00a0\u00a0\u00a0\u00a0\u00a0\u00a0\u00a0\u00a0\u00a0\u00a0\u00a0\u00a0\u00a0\u00a0\u00a0\u00a0\u00a0\u00a0\u00a0\u00a0\u00a0\u00a0\u00a0\u00a0\u00a0\u00a0\u00a0\u00a0\u00a0\u00a0\u00a0\u00a0\u00a0\u00a0\u00a0\u00a0\u00a0\u00a0\u00a0\u00a0\u00a0\u00a0\u00a0\u00a0\u00a0\u00a0\u00a0\u00a0\u00a0\u00a0\u00a0\u00a0\u00a0\u00a0\u00a0\u00a0\u00a0\u00a0\u00a0\u00a0\u00a0\u00a0\u00a0\u00a0\u00a0\u00a0\u00a0\u00a0\u00a0 Agata Karplewicz<\/p>\n","protected":false},"author":1,"featured_media":15323,"comment_status":"closed","ping_status":"open","sticky":false,"template":"","format":"standard","meta":[],"categories":[3],"tags":[],"yoast_head":"<!-- This site is optimized with the Yoast SEO plugin v19.8 - https:\/\/yoast.com\/wordpress\/plugins\/seo\/ -->\n<title>Podsumowanie akcji zbierania i segregacji \u015bmieci oraz sadzenia drzew - Zesp\u00f3\u0142 Szk\u00f3\u0142 w Gromniku<\/title>\n<meta name=\"description\" content=\"Zesp\u00f3\u0142 Szk\u00f3\u0142 w Gromniku\" \/>\n<meta name=\"robots\" content=\"index, follow, max-snippet:-1, max-image-preview:large, max-video-preview:-1\" \/>\n<link rel=\"canonical\" href=\"https:\/\/zs.gromnik.pl\/zs\/podsumowanie-akcji-zbierania-i-segregacji-smieci-oraz-sadzenia-drzew\/\" \/>\n<meta property=\"og:locale\" content=\"pl_PL\" \/>\n<meta property=\"og:type\" content=\"article\" \/>\n<meta property=\"og:title\" content=\"Podsumowanie akcji zbierania i segregacji \u015bmieci oraz sadzenia drzew - Zesp\u00f3\u0142 Szk\u00f3\u0142 w Gromniku\" \/>\n<meta property=\"og:description\" content=\"Zesp\u00f3\u0142 Szk\u00f3\u0142 w Gromniku\" \/>\n<meta property=\"og:url\" content=\"https:\/\/zs.gromnik.pl\/zs\/podsumowanie-akcji-zbierania-i-segregacji-smieci-oraz-sadzenia-drzew\/\" \/>\n<meta property=\"og:site_name\" content=\"Zesp\u00f3\u0142 Szk\u00f3\u0142 w Gromniku\" \/>\n<meta property=\"article:publisher\" content=\"https:\/\/www.facebook.com\/zsgromnik\" \/>\n<meta property=\"article:published_time\" content=\"2024-04-30T17:52:24+00:00\" \/>\n<meta property=\"article:modified_time\" content=\"2024-04-30T17:52:41+00:00\" \/>\n<meta property=\"og:image\" content=\"https:\/\/zs.gromnik.pl\/zs\/wp-content\/uploads\/2024\/04\/21w.jpg\" \/>\n\t<meta property=\"og:image:width\" content=\"500\" \/>\n\t<meta property=\"og:image:height\" content=\"281\" \/>\n\t<meta property=\"og:image:type\" content=\"image\/jpeg\" \/>\n<meta name=\"author\" content=\"admin\" \/>\n<meta name=\"twitter:card\" content=\"summary_large_image\" \/>\n<meta name=\"twitter:label1\" content=\"Napisane przez\" \/>\n\t<meta name=\"twitter:data1\" content=\"admin\" \/>\n\t<meta name=\"twitter:label2\" content=\"Szacowany czas czytania\" \/>\n\t<meta name=\"twitter:data2\" content=\"1 minuta\" \/>\n<script type=\"application\/ld+json\" class=\"yoast-schema-graph\">{\"@context\":\"https:\/\/schema.org\",\"@graph\":[{\"@type\":\"WebPage\",\"@id\":\"https:\/\/zs.gromnik.pl\/zs\/podsumowanie-akcji-zbierania-i-segregacji-smieci-oraz-sadzenia-drzew\/\",\"url\":\"https:\/\/zs.gromnik.pl\/zs\/podsumowanie-akcji-zbierania-i-segregacji-smieci-oraz-sadzenia-drzew\/\",\"name\":\"Podsumowanie akcji zbierania i segregacji \u015bmieci oraz sadzenia drzew - Zesp\u00f3\u0142 Szk\u00f3\u0142 w Gromniku\",\"isPartOf\":{\"@id\":\"https:\/\/zs.gromnik.pl\/zs\/#website\"},\"datePublished\":\"2024-04-30T17:52:24+00:00\",\"dateModified\":\"2024-04-30T17:52:41+00:00\",\"author\":{\"@id\":\"https:\/\/zs.gromnik.pl\/zs\/#\/schema\/person\/b197900f67c6133faddc284ae32f97ca\"},\"description\":\"Zesp\u00f3\u0142 Szk\u00f3\u0142 w Gromniku\",\"breadcrumb\":{\"@id\":\"https:\/\/zs.gromnik.pl\/zs\/podsumowanie-akcji-zbierania-i-segregacji-smieci-oraz-sadzenia-drzew\/#breadcrumb\"},\"inLanguage\":\"pl-PL\",\"potentialAction\":[{\"@type\":\"ReadAction\",\"target\":[\"https:\/\/zs.gromnik.pl\/zs\/podsumowanie-akcji-zbierania-i-segregacji-smieci-oraz-sadzenia-drzew\/\"]}]},{\"@type\":\"BreadcrumbList\",\"@id\":\"https:\/\/zs.gromnik.pl\/zs\/podsumowanie-akcji-zbierania-i-segregacji-smieci-oraz-sadzenia-drzew\/#breadcrumb\",\"itemListElement\":[{\"@type\":\"ListItem\",\"position\":1,\"name\":\"Strona g\u0142\u00f3wna\",\"item\":\"https:\/\/zs.gromnik.pl\/zs\/\"},{\"@type\":\"ListItem\",\"position\":2,\"name\":\"Podsumowanie akcji zbierania i segregacji \u015bmieci oraz sadzenia drzew\"}]},{\"@type\":\"WebSite\",\"@id\":\"https:\/\/zs.gromnik.pl\/zs\/#website\",\"url\":\"https:\/\/zs.gromnik.pl\/zs\/\",\"name\":\"Zesp\u00f3\u0142 Szk\u00f3\u0142 w Gromniku\",\"description\":\"\",\"potentialAction\":[{\"@type\":\"SearchAction\",\"target\":{\"@type\":\"EntryPoint\",\"urlTemplate\":\"https:\/\/zs.gromnik.pl\/zs\/?s={search_term_string}\"},\"query-input\":\"required name=search_term_string\"}],\"inLanguage\":\"pl-PL\"},{\"@type\":\"Person\",\"@id\":\"https:\/\/zs.gromnik.pl\/zs\/#\/schema\/person\/b197900f67c6133faddc284ae32f97ca\",\"name\":\"admin\",\"image\":{\"@type\":\"ImageObject\",\"inLanguage\":\"pl-PL\",\"@id\":\"https:\/\/zs.gromnik.pl\/zs\/#\/schema\/person\/image\/\",\"url\":\"https:\/\/secure.gravatar.com\/avatar\/f8a2f876dbcc8c8edd809a8ca77a2abe?s=96&d=mm&r=g\",\"contentUrl\":\"https:\/\/secure.gravatar.com\/avatar\/f8a2f876dbcc8c8edd809a8ca77a2abe?s=96&d=mm&r=g\",\"caption\":\"admin\"},\"url\":\"https:\/\/zs.gromnik.pl\/zs\/author\/admin\/\"}]}<\/script>\n<!-- \/ Yoast SEO plugin. -->","yoast_head_json":{"title":"Podsumowanie akcji zbierania i segregacji \u015bmieci oraz sadzenia drzew - Zesp\u00f3\u0142 Szk\u00f3\u0142 w Gromniku","description":"Zesp\u00f3\u0142 Szk\u00f3\u0142 w Gromniku","robots":{"index":"index","follow":"follow","max-snippet":"max-snippet:-1","max-image-preview":"max-image-preview:large","max-video-preview":"max-video-preview:-1"},"canonical":"https:\/\/zs.gromnik.pl\/zs\/podsumowanie-akcji-zbierania-i-segregacji-smieci-oraz-sadzenia-drzew\/","og_locale":"pl_PL","og_type":"article","og_title":"Podsumowanie akcji zbierania i segregacji \u015bmieci oraz sadzenia drzew - Zesp\u00f3\u0142 Szk\u00f3\u0142 w Gromniku","og_description":"Zesp\u00f3\u0142 Szk\u00f3\u0142 w Gromniku","og_url":"https:\/\/zs.gromnik.pl\/zs\/podsumowanie-akcji-zbierania-i-segregacji-smieci-oraz-sadzenia-drzew\/","og_site_name":"Zesp\u00f3\u0142 Szk\u00f3\u0142 w Gromniku","article_publisher":"https:\/\/www.facebook.com\/zsgromnik","article_published_time":"2024-04-30T17:52:24+00:00","article_modified_time":"2024-04-30T17:52:41+00:00","og_image":[{"width":500,"height":281,"url":"https:\/\/zs.gromnik.pl\/zs\/wp-content\/uploads\/2024\/04\/21w.jpg","type":"image\/jpeg"}],"author":"admin","twitter_card":"summary_large_image","twitter_misc":{"Napisane przez":"admin","Szacowany czas czytania":"1 minuta"},"schema":{"@context":"https:\/\/schema.org","@graph":[{"@type":"WebPage","@id":"https:\/\/zs.gromnik.pl\/zs\/podsumowanie-akcji-zbierania-i-segregacji-smieci-oraz-sadzenia-drzew\/","url":"https:\/\/zs.gromnik.pl\/zs\/podsumowanie-akcji-zbierania-i-segregacji-smieci-oraz-sadzenia-drzew\/","name":"Podsumowanie akcji zbierania i segregacji \u015bmieci oraz sadzenia drzew - Zesp\u00f3\u0142 Szk\u00f3\u0142 w Gromniku","isPartOf":{"@id":"https:\/\/zs.gromnik.pl\/zs\/#website"},"datePublished":"2024-04-30T17:52:24+00:00","dateModified":"2024-04-30T17:52:41+00:00","author":{"@id":"https:\/\/zs.gromnik.pl\/zs\/#\/schema\/person\/b197900f67c6133faddc284ae32f97ca"},"description":"Zesp\u00f3\u0142 Szk\u00f3\u0142 w Gromniku","breadcrumb":{"@id":"https:\/\/zs.gromnik.pl\/zs\/podsumowanie-akcji-zbierania-i-segregacji-smieci-oraz-sadzenia-drzew\/#breadcrumb"},"inLanguage":"pl-PL","potentialAction":[{"@type":"ReadAction","target":["https:\/\/zs.gromnik.pl\/zs\/podsumowanie-akcji-zbierania-i-segregacji-smieci-oraz-sadzenia-drzew\/"]}]},{"@type":"BreadcrumbList","@id":"https:\/\/zs.gromnik.pl\/zs\/podsumowanie-akcji-zbierania-i-segregacji-smieci-oraz-sadzenia-drzew\/#breadcrumb","itemListElement":[{"@type":"ListItem","position":1,"name":"Strona g\u0142\u00f3wna","item":"https:\/\/zs.gromnik.pl\/zs\/"},{"@type":"ListItem","position":2,"name":"Podsumowanie akcji zbierania i segregacji \u015bmieci oraz sadzenia drzew"}]},{"@type":"WebSite","@id":"https:\/\/zs.gromnik.pl\/zs\/#website","url":"https:\/\/zs.gromnik.pl\/zs\/","name":"Zesp\u00f3\u0142 Szk\u00f3\u0142 w Gromniku","description":"","potentialAction":[{"@type":"SearchAction","target":{"@type":"EntryPoint","urlTemplate":"https:\/\/zs.gromnik.pl\/zs\/?s={search_term_string}"},"query-input":"required name=search_term_string"}],"inLanguage":"pl-PL"},{"@type":"Person","@id":"https:\/\/zs.gromnik.pl\/zs\/#\/schema\/person\/b197900f67c6133faddc284ae32f97ca","name":"admin","image":{"@type":"ImageObject","inLanguage":"pl-PL","@id":"https:\/\/zs.gromnik.pl\/zs\/#\/schema\/person\/image\/","url":"https:\/\/secure.gravatar.com\/avatar\/f8a2f876dbcc8c8edd809a8ca77a2abe?s=96&d=mm&r=g","contentUrl":"https:\/\/secure.gravatar.com\/avatar\/f8a2f876dbcc8c8edd809a8ca77a2abe?s=96&d=mm&r=g","caption":"admin"},"url":"https:\/\/zs.gromnik.pl\/zs\/author\/admin\/"}]}},"_links":{"self":[{"href":"https:\/\/zs.gromnik.pl\/zs\/wp-json\/wp\/v2\/posts\/15302"}],"collection":[{"href":"https:\/\/zs.gromnik.pl\/zs\/wp-json\/wp\/v2\/posts"}],"about":[{"href":"https:\/\/zs.gromnik.pl\/zs\/wp-json\/wp\/v2\/types\/post"}],"author":[{"embeddable":true,"href":"https:\/\/zs.gromnik.pl\/zs\/wp-json\/wp\/v2\/users\/1"}],"replies":[{"embeddable":true,"href":"https:\/\/zs.gromnik.pl\/zs\/wp-json\/wp\/v2\/comments?post=15302"}],"version-history":[{"count":4,"href":"https:\/\/zs.gromnik.pl\/zs\/wp-json\/wp\/v2\/posts\/15302\/revisions"}],"predecessor-version":[{"id":15326,"href":"https:\/\/zs.gromnik.pl\/zs\/wp-json\/wp\/v2\/posts\/15302\/revisions\/15326"}],"wp:featuredmedia":[{"embeddable":true,"href":"https:\/\/zs.gromnik.pl\/zs\/wp-json\/wp\/v2\/media\/15323"}],"wp:attachment":[{"href":"https:\/\/zs.gromnik.pl\/zs\/wp-json\/wp\/v2\/media?parent=15302"}],"wp:term":[{"taxonomy":"category","embeddable":true,"href":"https:\/\/zs.gromnik.pl\/zs\/wp-json\/wp\/v2\/categories?post=15302"},{"taxonomy":"post_tag","embeddable":true,"href":"https:\/\/zs.gromnik.pl\/zs\/wp-json\/wp\/v2\/tags?post=15302"}],"curies":[{"name":"wp","href":"https:\/\/api.w.org\/{rel}","templated":true}]}}