{"id":15328,"date":"2024-04-30T20:11:33","date_gmt":"2024-04-30T18:11:33","guid":{"rendered":"http:\/\/zs.gromnik.pl\/zs\/?p=15328"},"modified":"2024-04-30T20:14:38","modified_gmt":"2024-04-30T18:14:38","slug":"wycieczka-iv-b-do-patrona","status":"publish","type":"post","link":"https:\/\/zs.gromnik.pl\/zs\/wycieczka-iv-b-do-patrona\/","title":{"rendered":"Wycieczka IV b do PATRONA"},"content":{"rendered":"\t\t<div data-elementor-type=\"wp-post\" data-elementor-id=\"15328\" class=\"elementor elementor-15328\">\n\t\t\t\t\t\t\t\t\t<section class=\"elementor-section elementor-top-section elementor-element elementor-element-d218679 elementor-section-boxed elementor-section-height-default elementor-section-height-default\" data-id=\"d218679\" data-element_type=\"section\">\n\t\t\t\t\t\t<div class=\"elementor-container elementor-column-gap-default\">\n\t\t\t\t\t<div class=\"elementor-column elementor-col-100 elementor-top-column elementor-element elementor-element-a5fa451\" data-id=\"a5fa451\" data-element_type=\"column\">\n\t\t\t<div class=\"elementor-widget-wrap elementor-element-populated\">\n\t\t\t\t\t\t\t\t<div class=\"elementor-element elementor-element-af1487b elementor-widget elementor-widget-text-editor\" data-id=\"af1487b\" data-element_type=\"widget\" data-widget_type=\"text-editor.default\">\n\t\t\t\t<div class=\"elementor-widget-container\">\n\t\t\t\t\t\t\t<p>W tym roku 2024 przypada\u00a0 150 &#8211; ta rocznica urodzin naszego Patrona Szko\u0142y Wincentego Witosa.<\/p><p>Dlatego klas 4b uda\u0142a si\u0119 na wycieczk\u0119 do Wierzchos\u0142awic gdzie znajduje si\u0119 dom rodzinny i jednocze\u015bnie muzeum tego charyzmatycznego przyw\u00f3dcy ruchu ludowego i trzykrotnego premiera II RP. Miejsce to aktywnie piel\u0119gnuje pami\u0119\u0107 oraz dziedzictwo po Wincentym Witosie.<\/p><p>Podczas pobytu wys\u0142uchali\u015bmy ciekawego wyk\u0142adu na temat \u017cycia prywatnego i dzia\u0142alno\u015bci politycznej Witosa oraz zwiedzili\u015bmy muzeum jemu po\u015bwi\u0119cone. Dowiedzieli\u015bmy si\u0119 wiele na temat naszego patrona, uzupe\u0142nili\u015bmy wiedz\u0119 historyczn\u0105 dotycz\u0105c\u0105 los\u00f3w pa\u0144stwa polskiego oraz przekonali\u015bmy si\u0119, jak wygl\u0105da\u0142o \u017cycie zwyk\u0142ych ludzi na prze\u0142omie XIX i XX wieku.<\/p><p>Dodatkowo uczestniczyli\u015bmy w warsztatach edukacyjnych, kt\u00f3re trwa\u0142y dwie godziny lekcyjne.<\/p><p>Lekcja muzealna \u2013 \u201eWspomnienia ze szkolnej \u0142awy\u201d uczniowie poznali zasady pisma kaligraficznego. Samodzielnie pisali g\u0119sim pi\u00f3rem,\u00a0 jak r\u00f3wnie\u017c wykonali ozdobn\u0105 ok\u0142adk\u0119 do pami\u0119tnika.<\/p><p>Warto zobaczy\u0107 miejsce zwi\u0105zane z naszym patronem, by lepiej zrozumie\u0107 trudne dzieje Polski.<\/p><p>Kolejnym punktem naszej wycieczki by\u0142o zwiedzanie Zamku w D\u0119bnie.<\/p><p>Uczniowie zapoznali si\u0119 z makiet\u0105 i histori\u0105 tego XV- sto wiecznego Zamku. Zwiedzanie kolejno kaplicy, kuchni, spi\u017carni, sali koncertowej, sali my\u015bliwskiej i sali rycerskiej zapoznawali si\u0119 z histori\u0105 zamku i \u017cyciem najwa\u017cniejszych przedstawicieli rod\u00f3w go zamieszkuj\u0105cych.\u00a0 Nie zwykle zaciekawieni byli opowie\u015bci\u0105\u00a0 o Bia\u0142ej Damie. Najwi\u0119ksze wra\u017cenie jednak sprawi\u0142 pobyt w podziemnych lochach.<\/p><p>Ten dzie\u0144 obfitowa\u0142 w niezwyk\u0142\u0105 i prawdziw\u0105 lekcj\u0119 historii. Naszym uczniom dostarczy\u0142 \u00a0wielu wra\u017ce\u0144 i zapewne na d\u0142ugo pozostanie w ich pami\u0119ci.<\/p>\t\t\t\t\t\t<\/div>\n\t\t\t\t<\/div>\n\t\t\t\t\t<\/div>\n\t\t<\/div>\n\t\t\t\t\t\t\t<\/div>\n\t\t<\/section>\n\t\t\t\t<section class=\"elementor-section elementor-top-section elementor-element elementor-element-07a251a elementor-section-boxed elementor-section-height-default elementor-section-height-default\" data-id=\"07a251a\" data-element_type=\"section\">\n\t\t\t\t\t\t<div class=\"elementor-container elementor-column-gap-default\">\n\t\t\t\t\t<div class=\"elementor-column elementor-col-100 elementor-top-column elementor-element elementor-element-2d5452a\" data-id=\"2d5452a\" data-element_type=\"column\">\n\t\t\t<div class=\"elementor-widget-wrap elementor-element-populated\">\n\t\t\t\t\t\t\t\t<div class=\"elementor-element elementor-element-0acd804 elementor-aspect-ratio-169 elementor-widget elementor-widget-video\" data-id=\"0acd804\" data-element_type=\"widget\" data-settings=\"{&quot;youtube_url&quot;:&quot;https:\\\/\\\/youtu.be\\\/ks2jhQB2DYo&quot;,&quot;video_type&quot;:&quot;youtube&quot;,&quot;controls&quot;:&quot;yes&quot;,&quot;aspect_ratio&quot;:&quot;169&quot;}\" data-widget_type=\"video.default\">\n\t\t\t\t<div class=\"elementor-widget-container\">\n\t\t\t\t\t<div class=\"elementor-wrapper elementor-fit-aspect-ratio elementor-open-inline\">\n\t\t\t<div class=\"elementor-video\"><\/div>\t\t<\/div>\n\t\t\t\t<\/div>\n\t\t\t\t<\/div>\n\t\t\t\t\t<\/div>\n\t\t<\/div>\n\t\t\t\t\t\t\t<\/div>\n\t\t<\/section>\n\t\t\t\t\t\t\t<\/div>\n\t\t","protected":false},"excerpt":{"rendered":"<p>W tym roku 2024 przypada\u00a0 150 &#8211; ta rocznica urodzin naszego Patrona Szko\u0142y Wincentego Witosa. Dlatego klas 4b uda\u0142a si\u0119 na wycieczk\u0119 do Wierzchos\u0142awic gdzie znajduje si\u0119 dom rodzinny i jednocze\u015bnie muzeum tego charyzmatycznego przyw\u00f3dcy ruchu ludowego i trzykrotnego premiera II RP. Miejsce to aktywnie piel\u0119gnuje pami\u0119\u0107 oraz dziedzictwo po Wincentym Witosie. Podczas pobytu wys\u0142uchali\u015bmy ciekawego wyk\u0142adu na temat \u017cycia prywatnego i dzia\u0142alno\u015bci politycznej Witosa oraz zwiedzili\u015bmy muzeum jemu po\u015bwi\u0119cone. Dowiedzieli\u015bmy si\u0119 wiele na temat naszego patrona, uzupe\u0142nili\u015bmy wiedz\u0119 historyczn\u0105 dotycz\u0105c\u0105 los\u00f3w pa\u0144stwa polskiego oraz przekonali\u015bmy si\u0119, jak wygl\u0105da\u0142o \u017cycie zwyk\u0142ych ludzi na prze\u0142omie XIX i XX wieku. Dodatkowo uczestniczyli\u015bmy w warsztatach edukacyjnych, kt\u00f3re trwa\u0142y dwie godziny lekcyjne. Lekcja muzealna \u2013 \u201eWspomnienia ze szkolnej \u0142awy\u201d uczniowie poznali zasady pisma kaligraficznego. Samodzielnie pisali g\u0119sim pi\u00f3rem,\u00a0 jak r\u00f3wnie\u017c wykonali ozdobn\u0105 ok\u0142adk\u0119 do pami\u0119tnika. Warto zobaczy\u0107 miejsce zwi\u0105zane z naszym patronem, by lepiej zrozumie\u0107 trudne dzieje Polski. Kolejnym punktem naszej wycieczki by\u0142o zwiedzanie Zamku w D\u0119bnie. Uczniowie zapoznali si\u0119 z makiet\u0105 i histori\u0105 tego XV- sto wiecznego Zamku. Zwiedzanie kolejno kaplicy, kuchni, spi\u017carni, sali koncertowej, sali my\u015bliwskiej i sali rycerskiej zapoznawali si\u0119 z histori\u0105 zamku i \u017cyciem najwa\u017cniejszych przedstawicieli rod\u00f3w go zamieszkuj\u0105cych.\u00a0 Nie zwykle zaciekawieni byli opowie\u015bci\u0105\u00a0 o Bia\u0142ej Damie. Najwi\u0119ksze wra\u017cenie jednak sprawi\u0142 pobyt w podziemnych lochach. Ten dzie\u0144 obfitowa\u0142 w niezwyk\u0142\u0105 i prawdziw\u0105 lekcj\u0119 historii. Naszym uczniom dostarczy\u0142 \u00a0wielu wra\u017ce\u0144 i zapewne na d\u0142ugo pozostanie w ich pami\u0119ci. https:\/\/youtu.be\/ks2jhQB2DYo<\/p>\n","protected":false},"author":1,"featured_media":15331,"comment_status":"closed","ping_status":"open","sticky":false,"template":"","format":"standard","meta":[],"categories":[3],"tags":[],"yoast_head":"<!-- This site is optimized with the Yoast SEO plugin v19.8 - https:\/\/yoast.com\/wordpress\/plugins\/seo\/ -->\n<title>Wycieczka IV b do PATRONA - Zesp\u00f3\u0142 Szk\u00f3\u0142 w Gromniku<\/title>\n<meta name=\"description\" content=\"Zesp\u00f3\u0142 Szk\u00f3\u0142 w Gromniku\" \/>\n<meta name=\"robots\" content=\"index, follow, max-snippet:-1, max-image-preview:large, max-video-preview:-1\" \/>\n<link rel=\"canonical\" href=\"https:\/\/zs.gromnik.pl\/zs\/wycieczka-iv-b-do-patrona\/\" \/>\n<meta property=\"og:locale\" content=\"pl_PL\" \/>\n<meta property=\"og:type\" content=\"article\" \/>\n<meta property=\"og:title\" content=\"Wycieczka IV b do PATRONA - Zesp\u00f3\u0142 Szk\u00f3\u0142 w Gromniku\" \/>\n<meta property=\"og:description\" content=\"Zesp\u00f3\u0142 Szk\u00f3\u0142 w Gromniku\" \/>\n<meta property=\"og:url\" content=\"https:\/\/zs.gromnik.pl\/zs\/wycieczka-iv-b-do-patrona\/\" \/>\n<meta property=\"og:site_name\" content=\"Zesp\u00f3\u0142 Szk\u00f3\u0142 w Gromniku\" \/>\n<meta property=\"article:publisher\" content=\"https:\/\/www.facebook.com\/zsgromnik\" \/>\n<meta property=\"article:published_time\" content=\"2024-04-30T18:11:33+00:00\" \/>\n<meta property=\"article:modified_time\" content=\"2024-04-30T18:14:38+00:00\" \/>\n<meta property=\"og:image\" content=\"https:\/\/zs.gromnik.pl\/zs\/wp-content\/uploads\/2024\/04\/35r.jpg\" \/>\n\t<meta property=\"og:image:width\" content=\"500\" \/>\n\t<meta property=\"og:image:height\" content=\"281\" \/>\n\t<meta property=\"og:image:type\" content=\"image\/jpeg\" \/>\n<meta name=\"author\" content=\"admin\" \/>\n<meta name=\"twitter:card\" content=\"summary_large_image\" \/>\n<meta name=\"twitter:label1\" content=\"Napisane przez\" \/>\n\t<meta name=\"twitter:data1\" content=\"admin\" \/>\n\t<meta name=\"twitter:label2\" content=\"Szacowany czas czytania\" \/>\n\t<meta name=\"twitter:data2\" content=\"1 minuta\" \/>\n<script type=\"application\/ld+json\" class=\"yoast-schema-graph\">{\"@context\":\"https:\/\/schema.org\",\"@graph\":[{\"@type\":\"WebPage\",\"@id\":\"https:\/\/zs.gromnik.pl\/zs\/wycieczka-iv-b-do-patrona\/\",\"url\":\"https:\/\/zs.gromnik.pl\/zs\/wycieczka-iv-b-do-patrona\/\",\"name\":\"Wycieczka IV b do PATRONA - Zesp\u00f3\u0142 Szk\u00f3\u0142 w Gromniku\",\"isPartOf\":{\"@id\":\"https:\/\/zs.gromnik.pl\/zs\/#website\"},\"datePublished\":\"2024-04-30T18:11:33+00:00\",\"dateModified\":\"2024-04-30T18:14:38+00:00\",\"author\":{\"@id\":\"https:\/\/zs.gromnik.pl\/zs\/#\/schema\/person\/b197900f67c6133faddc284ae32f97ca\"},\"description\":\"Zesp\u00f3\u0142 Szk\u00f3\u0142 w Gromniku\",\"breadcrumb\":{\"@id\":\"https:\/\/zs.gromnik.pl\/zs\/wycieczka-iv-b-do-patrona\/#breadcrumb\"},\"inLanguage\":\"pl-PL\",\"potentialAction\":[{\"@type\":\"ReadAction\",\"target\":[\"https:\/\/zs.gromnik.pl\/zs\/wycieczka-iv-b-do-patrona\/\"]}]},{\"@type\":\"BreadcrumbList\",\"@id\":\"https:\/\/zs.gromnik.pl\/zs\/wycieczka-iv-b-do-patrona\/#breadcrumb\",\"itemListElement\":[{\"@type\":\"ListItem\",\"position\":1,\"name\":\"Strona g\u0142\u00f3wna\",\"item\":\"https:\/\/zs.gromnik.pl\/zs\/\"},{\"@type\":\"ListItem\",\"position\":2,\"name\":\"Wycieczka IV b do PATRONA\"}]},{\"@type\":\"WebSite\",\"@id\":\"https:\/\/zs.gromnik.pl\/zs\/#website\",\"url\":\"https:\/\/zs.gromnik.pl\/zs\/\",\"name\":\"Zesp\u00f3\u0142 Szk\u00f3\u0142 w Gromniku\",\"description\":\"\",\"potentialAction\":[{\"@type\":\"SearchAction\",\"target\":{\"@type\":\"EntryPoint\",\"urlTemplate\":\"https:\/\/zs.gromnik.pl\/zs\/?s={search_term_string}\"},\"query-input\":\"required name=search_term_string\"}],\"inLanguage\":\"pl-PL\"},{\"@type\":\"Person\",\"@id\":\"https:\/\/zs.gromnik.pl\/zs\/#\/schema\/person\/b197900f67c6133faddc284ae32f97ca\",\"name\":\"admin\",\"image\":{\"@type\":\"ImageObject\",\"inLanguage\":\"pl-PL\",\"@id\":\"https:\/\/zs.gromnik.pl\/zs\/#\/schema\/person\/image\/\",\"url\":\"https:\/\/secure.gravatar.com\/avatar\/f8a2f876dbcc8c8edd809a8ca77a2abe?s=96&d=mm&r=g\",\"contentUrl\":\"https:\/\/secure.gravatar.com\/avatar\/f8a2f876dbcc8c8edd809a8ca77a2abe?s=96&d=mm&r=g\",\"caption\":\"admin\"},\"url\":\"https:\/\/zs.gromnik.pl\/zs\/author\/admin\/\"}]}<\/script>\n<!-- \/ Yoast SEO plugin. -->","yoast_head_json":{"title":"Wycieczka IV b do PATRONA - Zesp\u00f3\u0142 Szk\u00f3\u0142 w Gromniku","description":"Zesp\u00f3\u0142 Szk\u00f3\u0142 w Gromniku","robots":{"index":"index","follow":"follow","max-snippet":"max-snippet:-1","max-image-preview":"max-image-preview:large","max-video-preview":"max-video-preview:-1"},"canonical":"https:\/\/zs.gromnik.pl\/zs\/wycieczka-iv-b-do-patrona\/","og_locale":"pl_PL","og_type":"article","og_title":"Wycieczka IV b do PATRONA - Zesp\u00f3\u0142 Szk\u00f3\u0142 w Gromniku","og_description":"Zesp\u00f3\u0142 Szk\u00f3\u0142 w Gromniku","og_url":"https:\/\/zs.gromnik.pl\/zs\/wycieczka-iv-b-do-patrona\/","og_site_name":"Zesp\u00f3\u0142 Szk\u00f3\u0142 w Gromniku","article_publisher":"https:\/\/www.facebook.com\/zsgromnik","article_published_time":"2024-04-30T18:11:33+00:00","article_modified_time":"2024-04-30T18:14:38+00:00","og_image":[{"width":500,"height":281,"url":"https:\/\/zs.gromnik.pl\/zs\/wp-content\/uploads\/2024\/04\/35r.jpg","type":"image\/jpeg"}],"author":"admin","twitter_card":"summary_large_image","twitter_misc":{"Napisane przez":"admin","Szacowany czas czytania":"1 minuta"},"schema":{"@context":"https:\/\/schema.org","@graph":[{"@type":"WebPage","@id":"https:\/\/zs.gromnik.pl\/zs\/wycieczka-iv-b-do-patrona\/","url":"https:\/\/zs.gromnik.pl\/zs\/wycieczka-iv-b-do-patrona\/","name":"Wycieczka IV b do PATRONA - Zesp\u00f3\u0142 Szk\u00f3\u0142 w Gromniku","isPartOf":{"@id":"https:\/\/zs.gromnik.pl\/zs\/#website"},"datePublished":"2024-04-30T18:11:33+00:00","dateModified":"2024-04-30T18:14:38+00:00","author":{"@id":"https:\/\/zs.gromnik.pl\/zs\/#\/schema\/person\/b197900f67c6133faddc284ae32f97ca"},"description":"Zesp\u00f3\u0142 Szk\u00f3\u0142 w Gromniku","breadcrumb":{"@id":"https:\/\/zs.gromnik.pl\/zs\/wycieczka-iv-b-do-patrona\/#breadcrumb"},"inLanguage":"pl-PL","potentialAction":[{"@type":"ReadAction","target":["https:\/\/zs.gromnik.pl\/zs\/wycieczka-iv-b-do-patrona\/"]}]},{"@type":"BreadcrumbList","@id":"https:\/\/zs.gromnik.pl\/zs\/wycieczka-iv-b-do-patrona\/#breadcrumb","itemListElement":[{"@type":"ListItem","position":1,"name":"Strona g\u0142\u00f3wna","item":"https:\/\/zs.gromnik.pl\/zs\/"},{"@type":"ListItem","position":2,"name":"Wycieczka IV b do PATRONA"}]},{"@type":"WebSite","@id":"https:\/\/zs.gromnik.pl\/zs\/#website","url":"https:\/\/zs.gromnik.pl\/zs\/","name":"Zesp\u00f3\u0142 Szk\u00f3\u0142 w Gromniku","description":"","potentialAction":[{"@type":"SearchAction","target":{"@type":"EntryPoint","urlTemplate":"https:\/\/zs.gromnik.pl\/zs\/?s={search_term_string}"},"query-input":"required name=search_term_string"}],"inLanguage":"pl-PL"},{"@type":"Person","@id":"https:\/\/zs.gromnik.pl\/zs\/#\/schema\/person\/b197900f67c6133faddc284ae32f97ca","name":"admin","image":{"@type":"ImageObject","inLanguage":"pl-PL","@id":"https:\/\/zs.gromnik.pl\/zs\/#\/schema\/person\/image\/","url":"https:\/\/secure.gravatar.com\/avatar\/f8a2f876dbcc8c8edd809a8ca77a2abe?s=96&d=mm&r=g","contentUrl":"https:\/\/secure.gravatar.com\/avatar\/f8a2f876dbcc8c8edd809a8ca77a2abe?s=96&d=mm&r=g","caption":"admin"},"url":"https:\/\/zs.gromnik.pl\/zs\/author\/admin\/"}]}},"_links":{"self":[{"href":"https:\/\/zs.gromnik.pl\/zs\/wp-json\/wp\/v2\/posts\/15328"}],"collection":[{"href":"https:\/\/zs.gromnik.pl\/zs\/wp-json\/wp\/v2\/posts"}],"about":[{"href":"https:\/\/zs.gromnik.pl\/zs\/wp-json\/wp\/v2\/types\/post"}],"author":[{"embeddable":true,"href":"https:\/\/zs.gromnik.pl\/zs\/wp-json\/wp\/v2\/users\/1"}],"replies":[{"embeddable":true,"href":"https:\/\/zs.gromnik.pl\/zs\/wp-json\/wp\/v2\/comments?post=15328"}],"version-history":[{"count":5,"href":"https:\/\/zs.gromnik.pl\/zs\/wp-json\/wp\/v2\/posts\/15328\/revisions"}],"predecessor-version":[{"id":15334,"href":"https:\/\/zs.gromnik.pl\/zs\/wp-json\/wp\/v2\/posts\/15328\/revisions\/15334"}],"wp:featuredmedia":[{"embeddable":true,"href":"https:\/\/zs.gromnik.pl\/zs\/wp-json\/wp\/v2\/media\/15331"}],"wp:attachment":[{"href":"https:\/\/zs.gromnik.pl\/zs\/wp-json\/wp\/v2\/media?parent=15328"}],"wp:term":[{"taxonomy":"category","embeddable":true,"href":"https:\/\/zs.gromnik.pl\/zs\/wp-json\/wp\/v2\/categories?post=15328"},{"taxonomy":"post_tag","embeddable":true,"href":"https:\/\/zs.gromnik.pl\/zs\/wp-json\/wp\/v2\/tags?post=15328"}],"curies":[{"name":"wp","href":"https:\/\/api.w.org\/{rel}","templated":true}]}}