{"id":15346,"date":"2024-05-07T06:22:37","date_gmt":"2024-05-07T04:22:37","guid":{"rendered":"http:\/\/zs.gromnik.pl\/zs\/?p=15346"},"modified":"2024-05-07T06:29:07","modified_gmt":"2024-05-07T04:29:07","slug":"kolejne-sukcesy-muzyczne","status":"publish","type":"post","link":"https:\/\/zs.gromnik.pl\/zs\/kolejne-sukcesy-muzyczne\/","title":{"rendered":"Kolejne sukcesy muzyczne"},"content":{"rendered":"<p>Karolina Sanek \u2013 laureatk\u0105 nagrody specjalnej Og\u00f3lnopolskiego Festiwalu Piosenki Aktorskiej, Filmowej i Musicalowej \u201ePiosenka w Meloniku\u201d w Rzeszowie.<\/p>\n<p>Do Festiwalu zg\u0142osi\u0142o si\u0119 ponad 160 wokalist\u00f3w z ca\u0142ej Polski. Po przes\u0142uchaniach online do fina\u0142u zakwalifikowa\u0142o si\u0119 55 uczestnik\u00f3w w 3 kategoriach:<\/p>\n<ul>\n<li>13 &#8211; 15 lat<\/li>\n<li>16 -18 lat<\/li>\n<li>19 i wi\u0119cej.<\/li>\n<\/ul>\n<p>Jury&nbsp; w sk\u0142adzie:<\/p>\n<p>Robert Janowski \u2013 piosenkarz, kompozytor, aktor, prezenter telewizyjny, prowadz\u0105cy teleturniej \u201eJaka to melodia\u201d<\/p>\n<p>S\u0142awek Uniatowski \u2013 wokalista, kompozytor, autor tekst\u00f3w, multiinstrumentalista<\/p>\n<p>Ela W\u0119grzynowska \u2013 wokalistka, aktorka musicalowa, pianistka<\/p>\n<p>Przyzna\u0142o KAROLINIE SANEK NAGROD\u0118 SPECJALN\u0104 12 OG\u00d3LNOPOLSKIEGO FESTIWALU \u2018PIOSENKA W MELONIKU\u201d W RZESZOWIE.<\/p>\n<p style=\"text-align: center;\">\n<p>Wiktoria Syrek &#8211; laureatk\u0105 I miejsca&nbsp; w VI Og\u00f3lnopolskim Konkursie Piosenki Dzieci\u0119cej i M\u0142odzie\u017cowej &#8222;Z\u0142oty Mikrofon Opoczno 2024&#8221;.<\/p>\n<p>Na konkurs zg\u0142osi\u0142o si\u0119 250&nbsp; uczestnik\u00f3w z ca\u0142ej Polski. Po eliminacjach &nbsp;on-line wybrano 72 uczestnik\u00f3w do przes\u0142ucha\u0144 fina\u0142owych, w 4 kategoriach wiekowych:<\/p>\n<p>I &#8211; klasy 1-3<\/p>\n<p>II &#8211; klasy 4-6<\/p>\n<p>III &#8211;&nbsp; klasy 7-8<\/p>\n<p>IV &#8211; szko\u0142y \u015brednie i doro\u015bli do lat 30<\/p>\n<p>Jury konkursu w sk\u0142adzie:<\/p>\n<p><strong>MARIKA<\/strong>:-&nbsp; wokalistka i autorka tekst\u00f3w, dziennikarka radiowa,&nbsp;<\/p>\n<p><strong>Ma\u0142gorzata Szarek<\/strong> &#8211; trener wokalny w programie Szansa na sukces,&nbsp;<\/p>\n<p><strong>Szymon Wydra <\/strong>&#8211; wokalista i kompozytor- za\u0142o\u017cyciel zespo\u0142u Carpe Diem<\/p>\n<p>Przyzna\u0142o WIKTORII I MIEJSCE w kategorii 4-6.<\/p>\n<p style=\"text-align: center;\">WIELKIE GRATULACJE!!!<\/p>\n<p style=\"text-align: center;\">\n<figure class=\"gallery-item\">\n\t\t\t\t<a data-elementor-open-lightbox=\"yes\" data-elementor-lightbox-slideshow=\"d48fe57\" data-elementor-lightbox-title=\"IMG_20240503_150441\" e-action-hash=\"#elementor-action%3Aaction%3Dlightbox%26settings%3DeyJpZCI6MTUzNDksInVybCI6Imh0dHA6XC9cL3pzLmdyb21uaWsucGxcL3pzXC93cC1jb250ZW50XC91cGxvYWRzXC8yMDI0XC8wNVwvSU1HXzIwMjQwNTAzXzE1MDQ0MS5qcGciLCJzbGlkZXNob3ciOiJkNDhmZTU3In0%3D\" href=\"http:\/\/zs.gromnik.pl\/zs\/wp-content\/uploads\/2024\/05\/IMG_20240503_150441.jpg\"><img width=\"224\" height=\"300\" src=\"http:\/\/zs.gromnik.pl\/zs\/wp-content\/uploads\/2024\/05\/IMG_20240503_150441-224x300.jpg\" alt=\"\" loading=\"lazy\" srcset=\"http:\/\/zs.gromnik.pl\/zs\/wp-content\/uploads\/2024\/05\/IMG_20240503_150441-224x300.jpg 224w, http:\/\/zs.gromnik.pl\/zs\/wp-content\/uploads\/2024\/05\/IMG_20240503_150441-766x1024.jpg 766w, http:\/\/zs.gromnik.pl\/zs\/wp-content\/uploads\/2024\/05\/IMG_20240503_150441-768x1027.jpg 768w, http:\/\/zs.gromnik.pl\/zs\/wp-content\/uploads\/2024\/05\/IMG_20240503_150441-1149x1536.jpg 1149w, http:\/\/zs.gromnik.pl\/zs\/wp-content\/uploads\/2024\/05\/IMG_20240503_150441-1140x1524.jpg 1140w, http:\/\/zs.gromnik.pl\/zs\/wp-content\/uploads\/2024\/05\/IMG_20240503_150441.jpg 1196w\" sizes=\"(max-width: 224px) 100vw, 224px\"><\/a><\/figure>\n<figure class=\"gallery-item\">\n\t\t\t\t<a data-elementor-open-lightbox=\"yes\" data-elementor-lightbox-slideshow=\"d48fe57\" data-elementor-lightbox-title=\"IMG_20240503_150747\" e-action-hash=\"#elementor-action%3Aaction%3Dlightbox%26settings%3DeyJpZCI6MTUzNTAsInVybCI6Imh0dHA6XC9cL3pzLmdyb21uaWsucGxcL3pzXC93cC1jb250ZW50XC91cGxvYWRzXC8yMDI0XC8wNVwvSU1HXzIwMjQwNTAzXzE1MDc0Ny5qcGciLCJzbGlkZXNob3ciOiJkNDhmZTU3In0%3D\" href=\"http:\/\/zs.gromnik.pl\/zs\/wp-content\/uploads\/2024\/05\/IMG_20240503_150747.jpg\"><img width=\"224\" height=\"300\" src=\"http:\/\/zs.gromnik.pl\/zs\/wp-content\/uploads\/2024\/05\/IMG_20240503_150747-224x300.jpg\" alt=\"\" loading=\"lazy\" srcset=\"http:\/\/zs.gromnik.pl\/zs\/wp-content\/uploads\/2024\/05\/IMG_20240503_150747-224x300.jpg 224w, http:\/\/zs.gromnik.pl\/zs\/wp-content\/uploads\/2024\/05\/IMG_20240503_150747-766x1024.jpg 766w, http:\/\/zs.gromnik.pl\/zs\/wp-content\/uploads\/2024\/05\/IMG_20240503_150747-768x1027.jpg 768w, http:\/\/zs.gromnik.pl\/zs\/wp-content\/uploads\/2024\/05\/IMG_20240503_150747.jpg 845w\" sizes=\"(max-width: 224px) 100vw, 224px\"><\/a><\/figure>\n<figure class=\"gallery-item\">\n\t\t\t\t<a data-elementor-open-lightbox=\"yes\" data-elementor-lightbox-slideshow=\"d48fe57\" data-elementor-lightbox-title=\"IMG_20240503_150756\" e-action-hash=\"#elementor-action%3Aaction%3Dlightbox%26settings%3DeyJpZCI6MTUzNTEsInVybCI6Imh0dHA6XC9cL3pzLmdyb21uaWsucGxcL3pzXC93cC1jb250ZW50XC91cGxvYWRzXC8yMDI0XC8wNVwvSU1HXzIwMjQwNTAzXzE1MDc1Ni5qcGciLCJzbGlkZXNob3ciOiJkNDhmZTU3In0%3D\" href=\"http:\/\/zs.gromnik.pl\/zs\/wp-content\/uploads\/2024\/05\/IMG_20240503_150756.jpg\"><img width=\"300\" height=\"224\" src=\"http:\/\/zs.gromnik.pl\/zs\/wp-content\/uploads\/2024\/05\/IMG_20240503_150756-300x224.jpg\" alt=\"\" loading=\"lazy\" srcset=\"http:\/\/zs.gromnik.pl\/zs\/wp-content\/uploads\/2024\/05\/IMG_20240503_150756-300x224.jpg 300w, http:\/\/zs.gromnik.pl\/zs\/wp-content\/uploads\/2024\/05\/IMG_20240503_150756-768x575.jpg 768w, http:\/\/zs.gromnik.pl\/zs\/wp-content\/uploads\/2024\/05\/IMG_20240503_150756.jpg 798w\" sizes=\"(max-width: 300px) 100vw, 300px\"><\/a><\/figure>\n<figure class=\"gallery-item\">\n\t\t\t\t<a data-elementor-open-lightbox=\"yes\" data-elementor-lightbox-slideshow=\"d48fe57\" data-elementor-lightbox-title=\"IMG_20240503_150123\" e-action-hash=\"#elementor-action%3Aaction%3Dlightbox%26settings%3DeyJpZCI6MTUzNTIsInVybCI6Imh0dHA6XC9cL3pzLmdyb21uaWsucGxcL3pzXC93cC1jb250ZW50XC91cGxvYWRzXC8yMDI0XC8wNVwvSU1HXzIwMjQwNTAzXzE1MDEyMy5qcGciLCJzbGlkZXNob3ciOiJkNDhmZTU3In0%3D\" href=\"http:\/\/zs.gromnik.pl\/zs\/wp-content\/uploads\/2024\/05\/IMG_20240503_150123.jpg\"><img width=\"169\" height=\"300\" src=\"http:\/\/zs.gromnik.pl\/zs\/wp-content\/uploads\/2024\/05\/IMG_20240503_150123-169x300.jpg\" alt=\"\" loading=\"lazy\" srcset=\"http:\/\/zs.gromnik.pl\/zs\/wp-content\/uploads\/2024\/05\/IMG_20240503_150123-169x300.jpg 169w, http:\/\/zs.gromnik.pl\/zs\/wp-content\/uploads\/2024\/05\/IMG_20240503_150123-577x1024.jpg 577w, http:\/\/zs.gromnik.pl\/zs\/wp-content\/uploads\/2024\/05\/IMG_20240503_150123.jpg 637w\" sizes=\"(max-width: 169px) 100vw, 169px\"><\/a><\/figure>\n<figure class=\"gallery-item\">\n\t\t\t\t<a data-elementor-open-lightbox=\"yes\" data-elementor-lightbox-slideshow=\"d48fe57\" data-elementor-lightbox-title=\"IMG_5631\" e-action-hash=\"#elementor-action%3Aaction%3Dlightbox%26settings%3DeyJpZCI6MTUzNTMsInVybCI6Imh0dHA6XC9cL3pzLmdyb21uaWsucGxcL3pzXC93cC1jb250ZW50XC91cGxvYWRzXC8yMDI0XC8wNVwvSU1HXzU2MzEtc2NhbGVkLmpwZyIsInNsaWRlc2hvdyI6ImQ0OGZlNTcifQ%3D%3D\" href=\"http:\/\/zs.gromnik.pl\/zs\/wp-content\/uploads\/2024\/05\/IMG_5631-scaled.jpg\"><img width=\"225\" height=\"300\" src=\"http:\/\/zs.gromnik.pl\/zs\/wp-content\/uploads\/2024\/05\/IMG_5631-225x300.jpg\" alt=\"\" loading=\"lazy\" srcset=\"http:\/\/zs.gromnik.pl\/zs\/wp-content\/uploads\/2024\/05\/IMG_5631-225x300.jpg 225w, http:\/\/zs.gromnik.pl\/zs\/wp-content\/uploads\/2024\/05\/IMG_5631-768x1024.jpg 768w, http:\/\/zs.gromnik.pl\/zs\/wp-content\/uploads\/2024\/05\/IMG_5631-1152x1536.jpg 1152w, http:\/\/zs.gromnik.pl\/zs\/wp-content\/uploads\/2024\/05\/IMG_5631-1536x2048.jpg 1536w, http:\/\/zs.gromnik.pl\/zs\/wp-content\/uploads\/2024\/05\/IMG_5631-1140x1520.jpg 1140w, http:\/\/zs.gromnik.pl\/zs\/wp-content\/uploads\/2024\/05\/IMG_5631-scaled.jpg 1920w\" sizes=\"(max-width: 225px) 100vw, 225px\"><\/a><\/figure>\n<figure class=\"gallery-item\">\n\t\t\t\t<a data-elementor-open-lightbox=\"yes\" data-elementor-lightbox-slideshow=\"d48fe57\" data-elementor-lightbox-title=\"IMG_5634\" e-action-hash=\"#elementor-action%3Aaction%3Dlightbox%26settings%3DeyJpZCI6MTUzNTQsInVybCI6Imh0dHA6XC9cL3pzLmdyb21uaWsucGxcL3pzXC93cC1jb250ZW50XC91cGxvYWRzXC8yMDI0XC8wNVwvSU1HXzU2MzQuanBnIiwic2xpZGVzaG93IjoiZDQ4ZmU1NyJ9\" href=\"http:\/\/zs.gromnik.pl\/zs\/wp-content\/uploads\/2024\/05\/IMG_5634.jpg\"><img width=\"300\" height=\"200\" src=\"http:\/\/zs.gromnik.pl\/zs\/wp-content\/uploads\/2024\/05\/IMG_5634-300x200.jpg\" alt=\"\" loading=\"lazy\" srcset=\"http:\/\/zs.gromnik.pl\/zs\/wp-content\/uploads\/2024\/05\/IMG_5634-300x200.jpg 300w, http:\/\/zs.gromnik.pl\/zs\/wp-content\/uploads\/2024\/05\/IMG_5634-1024x683.jpg 1024w, http:\/\/zs.gromnik.pl\/zs\/wp-content\/uploads\/2024\/05\/IMG_5634-768x512.jpg 768w, http:\/\/zs.gromnik.pl\/zs\/wp-content\/uploads\/2024\/05\/IMG_5634-1536x1025.jpg 1536w, http:\/\/zs.gromnik.pl\/zs\/wp-content\/uploads\/2024\/05\/IMG_5634-1140x760.jpg 1140w, http:\/\/zs.gromnik.pl\/zs\/wp-content\/uploads\/2024\/05\/IMG_5634.jpg 2048w\" sizes=\"(max-width: 300px) 100vw, 300px\"><\/a><\/figure>\n<figure class=\"gallery-item\">\n\t\t\t\t<a data-elementor-open-lightbox=\"yes\" data-elementor-lightbox-slideshow=\"d48fe57\" data-elementor-lightbox-title=\"IMG_5635\" e-action-hash=\"#elementor-action%3Aaction%3Dlightbox%26settings%3DeyJpZCI6MTUzNTUsInVybCI6Imh0dHA6XC9cL3pzLmdyb21uaWsucGxcL3pzXC93cC1jb250ZW50XC91cGxvYWRzXC8yMDI0XC8wNVwvSU1HXzU2MzUuanBnIiwic2xpZGVzaG93IjoiZDQ4ZmU1NyJ9\" href=\"http:\/\/zs.gromnik.pl\/zs\/wp-content\/uploads\/2024\/05\/IMG_5635.jpg\"><img width=\"300\" height=\"200\" src=\"http:\/\/zs.gromnik.pl\/zs\/wp-content\/uploads\/2024\/05\/IMG_5635-300x200.jpg\" alt=\"\" loading=\"lazy\" srcset=\"http:\/\/zs.gromnik.pl\/zs\/wp-content\/uploads\/2024\/05\/IMG_5635-300x200.jpg 300w, http:\/\/zs.gromnik.pl\/zs\/wp-content\/uploads\/2024\/05\/IMG_5635-1024x683.jpg 1024w, http:\/\/zs.gromnik.pl\/zs\/wp-content\/uploads\/2024\/05\/IMG_5635-768x512.jpg 768w, http:\/\/zs.gromnik.pl\/zs\/wp-content\/uploads\/2024\/05\/IMG_5635-1536x1025.jpg 1536w, http:\/\/zs.gromnik.pl\/zs\/wp-content\/uploads\/2024\/05\/IMG_5635-1140x760.jpg 1140w, http:\/\/zs.gromnik.pl\/zs\/wp-content\/uploads\/2024\/05\/IMG_5635.jpg 2048w\" sizes=\"(max-width: 300px) 100vw, 300px\"><\/a><\/figure>\n<figure class=\"gallery-item\">\n\t\t\t\t<a data-elementor-open-lightbox=\"yes\" data-elementor-lightbox-slideshow=\"d48fe57\" data-elementor-lightbox-title=\"IMG_5636\" e-action-hash=\"#elementor-action%3Aaction%3Dlightbox%26settings%3DeyJpZCI6MTUzNTYsInVybCI6Imh0dHA6XC9cL3pzLmdyb21uaWsucGxcL3pzXC93cC1jb250ZW50XC91cGxvYWRzXC8yMDI0XC8wNVwvSU1HXzU2MzYuanBnIiwic2xpZGVzaG93IjoiZDQ4ZmU1NyJ9\" href=\"http:\/\/zs.gromnik.pl\/zs\/wp-content\/uploads\/2024\/05\/IMG_5636.jpg\"><img width=\"200\" height=\"300\" src=\"http:\/\/zs.gromnik.pl\/zs\/wp-content\/uploads\/2024\/05\/IMG_5636-200x300.jpg\" alt=\"\" loading=\"lazy\" srcset=\"http:\/\/zs.gromnik.pl\/zs\/wp-content\/uploads\/2024\/05\/IMG_5636-200x300.jpg 200w, http:\/\/zs.gromnik.pl\/zs\/wp-content\/uploads\/2024\/05\/IMG_5636.jpg 640w\" sizes=\"(max-width: 200px) 100vw, 200px\"><\/a><\/figure>\n<figure class=\"gallery-item\">\n\t\t\t\t<a data-elementor-open-lightbox=\"yes\" data-elementor-lightbox-slideshow=\"d48fe57\" data-elementor-lightbox-title=\"IMG_5641\" e-action-hash=\"#elementor-action%3Aaction%3Dlightbox%26settings%3DeyJpZCI6MTUzNTcsInVybCI6Imh0dHA6XC9cL3pzLmdyb21uaWsucGxcL3pzXC93cC1jb250ZW50XC91cGxvYWRzXC8yMDI0XC8wNVwvSU1HXzU2NDEuanBnIiwic2xpZGVzaG93IjoiZDQ4ZmU1NyJ9\" href=\"http:\/\/zs.gromnik.pl\/zs\/wp-content\/uploads\/2024\/05\/IMG_5641.jpg\"><img width=\"200\" height=\"300\" src=\"http:\/\/zs.gromnik.pl\/zs\/wp-content\/uploads\/2024\/05\/IMG_5641-200x300.jpg\" alt=\"\" loading=\"lazy\" srcset=\"http:\/\/zs.gromnik.pl\/zs\/wp-content\/uploads\/2024\/05\/IMG_5641-200x300.jpg 200w, http:\/\/zs.gromnik.pl\/zs\/wp-content\/uploads\/2024\/05\/IMG_5641-683x1024.jpg 683w, http:\/\/zs.gromnik.pl\/zs\/wp-content\/uploads\/2024\/05\/IMG_5641-768x1151.jpg 768w, http:\/\/zs.gromnik.pl\/zs\/wp-content\/uploads\/2024\/05\/IMG_5641-1025x1536.jpg 1025w, http:\/\/zs.gromnik.pl\/zs\/wp-content\/uploads\/2024\/05\/IMG_5641-1140x1709.jpg 1140w, http:\/\/zs.gromnik.pl\/zs\/wp-content\/uploads\/2024\/05\/IMG_5641.jpg 1201w\" sizes=\"(max-width: 200px) 100vw, 200px\"><\/a><\/figure>\n","protected":false},"excerpt":{"rendered":"<p>Karolina Sanek \u2013 laureatk\u0105 nagrody specjalnej Og\u00f3lnopolskiego Festiwalu Piosenki Aktorskiej, Filmowej i Musicalowej \u201ePiosenka w Meloniku\u201d w Rzeszowie. Do Festiwalu zg\u0142osi\u0142o si\u0119 ponad 160 wokalist\u00f3w z ca\u0142ej Polski. Po przes\u0142uchaniach online do fina\u0142u zakwalifikowa\u0142o si\u0119 55 uczestnik\u00f3w w 3 kategoriach: 13 &#8211; 15 lat 16 -18 lat 19 i wi\u0119cej. Jury&nbsp; w sk\u0142adzie: Robert Janowski \u2013 piosenkarz, kompozytor, aktor, prezenter telewizyjny, prowadz\u0105cy teleturniej \u201eJaka to melodia\u201d S\u0142awek Uniatowski \u2013 wokalista, kompozytor, autor tekst\u00f3w, multiinstrumentalista Ela W\u0119grzynowska \u2013 wokalistka, aktorka musicalowa, pianistka Przyzna\u0142o KAROLINIE SANEK NAGROD\u0118 SPECJALN\u0104 12 OG\u00d3LNOPOLSKIEGO FESTIWALU \u2018PIOSENKA W MELONIKU\u201d W RZESZOWIE. Wiktoria Syrek &#8211; laureatk\u0105 I miejsca&nbsp; w VI Og\u00f3lnopolskim Konkursie Piosenki Dzieci\u0119cej i M\u0142odzie\u017cowej &#8222;Z\u0142oty Mikrofon Opoczno 2024&#8221;. Na konkurs zg\u0142osi\u0142o si\u0119 250&nbsp; uczestnik\u00f3w z ca\u0142ej Polski. Po eliminacjach &nbsp;on-line wybrano 72 uczestnik\u00f3w do przes\u0142ucha\u0144 fina\u0142owych, w 4 kategoriach wiekowych: I &#8211; klasy 1-3 II &#8211; klasy 4-6 III &#8211;&nbsp; klasy 7-8 IV &#8211; szko\u0142y \u015brednie i doro\u015bli do lat 30 Jury konkursu w sk\u0142adzie: MARIKA:-&nbsp; wokalistka i autorka tekst\u00f3w, dziennikarka radiowa,&nbsp; Ma\u0142gorzata Szarek &#8211; trener wokalny w programie Szansa na sukces,&nbsp; Szymon Wydra &#8211; wokalista i kompozytor- za\u0142o\u017cyciel zespo\u0142u Carpe Diem Przyzna\u0142o WIKTORII I MIEJSCE w kategorii 4-6. WIELKIE GRATULACJE!!!<\/p>\n","protected":false},"author":1,"featured_media":15358,"comment_status":"closed","ping_status":"open","sticky":false,"template":"","format":"standard","meta":[],"categories":[3],"tags":[],"yoast_head":"<!-- This site is optimized with the Yoast SEO plugin v19.8 - https:\/\/yoast.com\/wordpress\/plugins\/seo\/ -->\n<title>Kolejne sukcesy muzyczne - Zesp\u00f3\u0142 Szk\u00f3\u0142 w Gromniku<\/title>\n<meta name=\"description\" content=\"Zesp\u00f3\u0142 Szk\u00f3\u0142 w Gromniku\" \/>\n<meta name=\"robots\" content=\"index, follow, max-snippet:-1, max-image-preview:large, max-video-preview:-1\" \/>\n<link rel=\"canonical\" href=\"https:\/\/zs.gromnik.pl\/zs\/kolejne-sukcesy-muzyczne\/\" \/>\n<meta property=\"og:locale\" content=\"pl_PL\" \/>\n<meta property=\"og:type\" content=\"article\" \/>\n<meta property=\"og:title\" content=\"Kolejne sukcesy muzyczne - Zesp\u00f3\u0142 Szk\u00f3\u0142 w Gromniku\" \/>\n<meta property=\"og:description\" content=\"Zesp\u00f3\u0142 Szk\u00f3\u0142 w Gromniku\" \/>\n<meta property=\"og:url\" content=\"https:\/\/zs.gromnik.pl\/zs\/kolejne-sukcesy-muzyczne\/\" \/>\n<meta property=\"og:site_name\" content=\"Zesp\u00f3\u0142 Szk\u00f3\u0142 w Gromniku\" \/>\n<meta property=\"article:publisher\" content=\"https:\/\/www.facebook.com\/zsgromnik\" \/>\n<meta property=\"article:published_time\" content=\"2024-05-07T04:22:37+00:00\" \/>\n<meta property=\"article:modified_time\" content=\"2024-05-07T04:29:07+00:00\" \/>\n<meta property=\"og:image\" content=\"https:\/\/zs.gromnik.pl\/zs\/wp-content\/uploads\/2024\/05\/23w.jpg\" \/>\n\t<meta property=\"og:image:width\" content=\"500\" \/>\n\t<meta property=\"og:image:height\" content=\"331\" \/>\n\t<meta property=\"og:image:type\" content=\"image\/jpeg\" \/>\n<meta name=\"author\" content=\"admin\" \/>\n<meta name=\"twitter:card\" content=\"summary_large_image\" \/>\n<meta name=\"twitter:label1\" content=\"Napisane przez\" \/>\n\t<meta name=\"twitter:data1\" content=\"admin\" \/>\n\t<meta name=\"twitter:label2\" content=\"Szacowany czas czytania\" \/>\n\t<meta name=\"twitter:data2\" content=\"1 minuta\" \/>\n<script type=\"application\/ld+json\" class=\"yoast-schema-graph\">{\"@context\":\"https:\/\/schema.org\",\"@graph\":[{\"@type\":\"WebPage\",\"@id\":\"https:\/\/zs.gromnik.pl\/zs\/kolejne-sukcesy-muzyczne\/\",\"url\":\"https:\/\/zs.gromnik.pl\/zs\/kolejne-sukcesy-muzyczne\/\",\"name\":\"Kolejne sukcesy muzyczne - Zesp\u00f3\u0142 Szk\u00f3\u0142 w Gromniku\",\"isPartOf\":{\"@id\":\"https:\/\/zs.gromnik.pl\/zs\/#website\"},\"datePublished\":\"2024-05-07T04:22:37+00:00\",\"dateModified\":\"2024-05-07T04:29:07+00:00\",\"author\":{\"@id\":\"https:\/\/zs.gromnik.pl\/zs\/#\/schema\/person\/b197900f67c6133faddc284ae32f97ca\"},\"description\":\"Zesp\u00f3\u0142 Szk\u00f3\u0142 w Gromniku\",\"breadcrumb\":{\"@id\":\"https:\/\/zs.gromnik.pl\/zs\/kolejne-sukcesy-muzyczne\/#breadcrumb\"},\"inLanguage\":\"pl-PL\",\"potentialAction\":[{\"@type\":\"ReadAction\",\"target\":[\"https:\/\/zs.gromnik.pl\/zs\/kolejne-sukcesy-muzyczne\/\"]}]},{\"@type\":\"BreadcrumbList\",\"@id\":\"https:\/\/zs.gromnik.pl\/zs\/kolejne-sukcesy-muzyczne\/#breadcrumb\",\"itemListElement\":[{\"@type\":\"ListItem\",\"position\":1,\"name\":\"Strona g\u0142\u00f3wna\",\"item\":\"https:\/\/zs.gromnik.pl\/zs\/\"},{\"@type\":\"ListItem\",\"position\":2,\"name\":\"Kolejne sukcesy muzyczne\"}]},{\"@type\":\"WebSite\",\"@id\":\"https:\/\/zs.gromnik.pl\/zs\/#website\",\"url\":\"https:\/\/zs.gromnik.pl\/zs\/\",\"name\":\"Zesp\u00f3\u0142 Szk\u00f3\u0142 w Gromniku\",\"description\":\"\",\"potentialAction\":[{\"@type\":\"SearchAction\",\"target\":{\"@type\":\"EntryPoint\",\"urlTemplate\":\"https:\/\/zs.gromnik.pl\/zs\/?s={search_term_string}\"},\"query-input\":\"required name=search_term_string\"}],\"inLanguage\":\"pl-PL\"},{\"@type\":\"Person\",\"@id\":\"https:\/\/zs.gromnik.pl\/zs\/#\/schema\/person\/b197900f67c6133faddc284ae32f97ca\",\"name\":\"admin\",\"image\":{\"@type\":\"ImageObject\",\"inLanguage\":\"pl-PL\",\"@id\":\"https:\/\/zs.gromnik.pl\/zs\/#\/schema\/person\/image\/\",\"url\":\"https:\/\/secure.gravatar.com\/avatar\/f8a2f876dbcc8c8edd809a8ca77a2abe?s=96&d=mm&r=g\",\"contentUrl\":\"https:\/\/secure.gravatar.com\/avatar\/f8a2f876dbcc8c8edd809a8ca77a2abe?s=96&d=mm&r=g\",\"caption\":\"admin\"},\"url\":\"https:\/\/zs.gromnik.pl\/zs\/author\/admin\/\"}]}<\/script>\n<!-- \/ Yoast SEO plugin. -->","yoast_head_json":{"title":"Kolejne sukcesy muzyczne - Zesp\u00f3\u0142 Szk\u00f3\u0142 w Gromniku","description":"Zesp\u00f3\u0142 Szk\u00f3\u0142 w Gromniku","robots":{"index":"index","follow":"follow","max-snippet":"max-snippet:-1","max-image-preview":"max-image-preview:large","max-video-preview":"max-video-preview:-1"},"canonical":"https:\/\/zs.gromnik.pl\/zs\/kolejne-sukcesy-muzyczne\/","og_locale":"pl_PL","og_type":"article","og_title":"Kolejne sukcesy muzyczne - Zesp\u00f3\u0142 Szk\u00f3\u0142 w Gromniku","og_description":"Zesp\u00f3\u0142 Szk\u00f3\u0142 w Gromniku","og_url":"https:\/\/zs.gromnik.pl\/zs\/kolejne-sukcesy-muzyczne\/","og_site_name":"Zesp\u00f3\u0142 Szk\u00f3\u0142 w Gromniku","article_publisher":"https:\/\/www.facebook.com\/zsgromnik","article_published_time":"2024-05-07T04:22:37+00:00","article_modified_time":"2024-05-07T04:29:07+00:00","og_image":[{"width":500,"height":331,"url":"https:\/\/zs.gromnik.pl\/zs\/wp-content\/uploads\/2024\/05\/23w.jpg","type":"image\/jpeg"}],"author":"admin","twitter_card":"summary_large_image","twitter_misc":{"Napisane przez":"admin","Szacowany czas czytania":"1 minuta"},"schema":{"@context":"https:\/\/schema.org","@graph":[{"@type":"WebPage","@id":"https:\/\/zs.gromnik.pl\/zs\/kolejne-sukcesy-muzyczne\/","url":"https:\/\/zs.gromnik.pl\/zs\/kolejne-sukcesy-muzyczne\/","name":"Kolejne sukcesy muzyczne - Zesp\u00f3\u0142 Szk\u00f3\u0142 w Gromniku","isPartOf":{"@id":"https:\/\/zs.gromnik.pl\/zs\/#website"},"datePublished":"2024-05-07T04:22:37+00:00","dateModified":"2024-05-07T04:29:07+00:00","author":{"@id":"https:\/\/zs.gromnik.pl\/zs\/#\/schema\/person\/b197900f67c6133faddc284ae32f97ca"},"description":"Zesp\u00f3\u0142 Szk\u00f3\u0142 w Gromniku","breadcrumb":{"@id":"https:\/\/zs.gromnik.pl\/zs\/kolejne-sukcesy-muzyczne\/#breadcrumb"},"inLanguage":"pl-PL","potentialAction":[{"@type":"ReadAction","target":["https:\/\/zs.gromnik.pl\/zs\/kolejne-sukcesy-muzyczne\/"]}]},{"@type":"BreadcrumbList","@id":"https:\/\/zs.gromnik.pl\/zs\/kolejne-sukcesy-muzyczne\/#breadcrumb","itemListElement":[{"@type":"ListItem","position":1,"name":"Strona g\u0142\u00f3wna","item":"https:\/\/zs.gromnik.pl\/zs\/"},{"@type":"ListItem","position":2,"name":"Kolejne sukcesy muzyczne"}]},{"@type":"WebSite","@id":"https:\/\/zs.gromnik.pl\/zs\/#website","url":"https:\/\/zs.gromnik.pl\/zs\/","name":"Zesp\u00f3\u0142 Szk\u00f3\u0142 w Gromniku","description":"","potentialAction":[{"@type":"SearchAction","target":{"@type":"EntryPoint","urlTemplate":"https:\/\/zs.gromnik.pl\/zs\/?s={search_term_string}"},"query-input":"required name=search_term_string"}],"inLanguage":"pl-PL"},{"@type":"Person","@id":"https:\/\/zs.gromnik.pl\/zs\/#\/schema\/person\/b197900f67c6133faddc284ae32f97ca","name":"admin","image":{"@type":"ImageObject","inLanguage":"pl-PL","@id":"https:\/\/zs.gromnik.pl\/zs\/#\/schema\/person\/image\/","url":"https:\/\/secure.gravatar.com\/avatar\/f8a2f876dbcc8c8edd809a8ca77a2abe?s=96&d=mm&r=g","contentUrl":"https:\/\/secure.gravatar.com\/avatar\/f8a2f876dbcc8c8edd809a8ca77a2abe?s=96&d=mm&r=g","caption":"admin"},"url":"https:\/\/zs.gromnik.pl\/zs\/author\/admin\/"}]}},"_links":{"self":[{"href":"https:\/\/zs.gromnik.pl\/zs\/wp-json\/wp\/v2\/posts\/15346"}],"collection":[{"href":"https:\/\/zs.gromnik.pl\/zs\/wp-json\/wp\/v2\/posts"}],"about":[{"href":"https:\/\/zs.gromnik.pl\/zs\/wp-json\/wp\/v2\/types\/post"}],"author":[{"embeddable":true,"href":"https:\/\/zs.gromnik.pl\/zs\/wp-json\/wp\/v2\/users\/1"}],"replies":[{"embeddable":true,"href":"https:\/\/zs.gromnik.pl\/zs\/wp-json\/wp\/v2\/comments?post=15346"}],"version-history":[{"count":6,"href":"https:\/\/zs.gromnik.pl\/zs\/wp-json\/wp\/v2\/posts\/15346\/revisions"}],"predecessor-version":[{"id":15362,"href":"https:\/\/zs.gromnik.pl\/zs\/wp-json\/wp\/v2\/posts\/15346\/revisions\/15362"}],"wp:featuredmedia":[{"embeddable":true,"href":"https:\/\/zs.gromnik.pl\/zs\/wp-json\/wp\/v2\/media\/15358"}],"wp:attachment":[{"href":"https:\/\/zs.gromnik.pl\/zs\/wp-json\/wp\/v2\/media?parent=15346"}],"wp:term":[{"taxonomy":"category","embeddable":true,"href":"https:\/\/zs.gromnik.pl\/zs\/wp-json\/wp\/v2\/categories?post=15346"},{"taxonomy":"post_tag","embeddable":true,"href":"https:\/\/zs.gromnik.pl\/zs\/wp-json\/wp\/v2\/tags?post=15346"}],"curies":[{"name":"wp","href":"https:\/\/api.w.org\/{rel}","templated":true}]}}