{"id":15408,"date":"2024-05-16T07:55:12","date_gmt":"2024-05-16T05:55:12","guid":{"rendered":"http:\/\/zs.gromnik.pl\/zs\/?p=15408"},"modified":"2024-05-16T08:06:51","modified_gmt":"2024-05-16T06:06:51","slug":"bialo-czerwona-dla-przedszkolaka-podsumowanie-projektu-edukacyjnego","status":"publish","type":"post","link":"https:\/\/zs.gromnik.pl\/zs\/bialo-czerwona-dla-przedszkolaka-podsumowanie-projektu-edukacyjnego\/","title":{"rendered":"\u201eBia\u0142o-czerwona dla przedszkolaka\u201c \u2013podsumowanie projektu edukacyjnego"},"content":{"rendered":"\t\t<div data-elementor-type=\"wp-post\" data-elementor-id=\"15408\" class=\"elementor elementor-15408\">\n\t\t\t\t\t\t\t\t\t<section class=\"elementor-section elementor-top-section elementor-element elementor-element-fe32a3a elementor-section-boxed elementor-section-height-default elementor-section-height-default\" data-id=\"fe32a3a\" data-element_type=\"section\">\n\t\t\t\t\t\t<div class=\"elementor-container elementor-column-gap-default\">\n\t\t\t\t\t<div class=\"elementor-column elementor-col-100 elementor-top-column elementor-element elementor-element-3f87130\" data-id=\"3f87130\" data-element_type=\"column\">\n\t\t\t<div class=\"elementor-widget-wrap elementor-element-populated\">\n\t\t\t\t\t\t\t\t<div class=\"elementor-element elementor-element-11a9dda elementor-widget elementor-widget-text-editor\" data-id=\"11a9dda\" data-element_type=\"widget\" data-widget_type=\"text-editor.default\">\n\t\t\t\t<div class=\"elementor-widget-container\">\n\t\t\t\t\t\t\t<p>8 maja 2023r. na korytarzu przedszkolnym odby\u0142a si\u0119 uroczysta akademia z okazji trzech wa\u017cnych \u015bwi\u0105t, o kt\u00f3rych nale\u017cy pami\u0119ta\u0107: 1 maja- \u015awi\u0119to Pracy, 2 maja \u2013 Dzie\u0144 Flagi Rzeczypospolitej Polskiej i 3 maja &#8211; rocznica uchwalenia Konstytucji.<\/p><p>W tym dniu mieli\u015bmy, r\u00f3wnie\u017c okazj\u0119 do podsumowania i zako\u0144czenia 3-letniego \u00a0projekt edukacyjnego \u201eBia\u0142o-czerwona dla przedszkolaka\u201d.<\/p><p>Wierzymy, \u017ce podj\u0119te dzia\u0142ania zaowocuj\u0105 i dadz\u0105 poczucie m\u0142odym, \u017ce s\u0105 prawdziwymi patriotami kochaj\u0105cymi swoj\u0105 ojczyzn\u0119.<\/p><p>Dzi\u0119kujemy za wsp\u00f3lne chwile obecnej klasie VI a i wszystkim przedszkolakom, w tym szczeg\u00f3lnie grupie przedszkolnej VI &#8211; 6 latkom.<\/p><p>Koordynatorzy: mgr Ewa Wajda, mgr Karina G\u00f3rska<\/p><p>\u00a0<\/p><p><em>Wiersz na podzi\u0119kowanie <\/em><em>\u201eBia\u0142o-czerwona dla przedszkolaka\u201d<\/em><\/p><p><strong><em>Dzi\u0119kujemy!<\/em><\/strong><\/p><p><em>Pani Ewie, kt\u00f3ra zawsze z nami by\u0142a.<\/em><\/p><p><em>Czasu i si\u0142y dla ma\u0142ych przedszkolak\u00f3w nie szcz\u0119dzi\u0142a. <\/em><\/p><p><em>Z mi\u0142o\u015bci\u0105 o naszej wolnej Polsce nam prawi\u0142a. <\/em><\/p><p><em>Przez 3 lata z pani\u0105 Karin\u0105 plan wsp\u00f3lnie obmy\u015bla\u0142y, <\/em><\/p><p><em>Aby w \u0142atwy spos\u00f3b god\u0142o, flag\u0119 <\/em><\/p><p><em>I hymn narodowy wszystkim dzieciom utrwala\u0142y. <\/em><\/p><p><em>\u00a0<\/em><\/p><p><strong><em>Dzi\u0119kujemy!<\/em><\/strong><\/p><p><em>Pani Karinie, kt\u00f3ra filmy kolorowe na stron\u0119 szko\u0142y tworzy\u0142a,<\/em><\/p><p><em>A nawet na Facebook-u nas polubi\u0142a.<\/em><\/p><p><em>Niech ka\u017cdy w okolicy Gromnika si\u0119 dowie, <\/em><\/p><p><em>\u017be nasze przedszkolaki m\u0105dr\u0105 maj\u0105 g\u0142ow\u0119!<\/em><\/p><p><em>\u00a0<\/em><\/p><p><strong><em>Dzi\u0119kujemy!<\/em><\/strong><\/p><p><em>Pani Dyrektor, kt\u00f3ra na naszej akademii\u00a0 ma\u0142\u0105 \u0142ezk\u0119 uroni\u0142a<\/em><\/p><p><em>Bo dumna z wszystkich artyst\u00f3w by\u0142a.<\/em><\/p><p><em>\u00a0<\/em><\/p><p><strong><em>Dzi\u0119kujemy!<\/em><\/strong><\/p><p><em>Pani Ani, kt\u00f3ra swoj\u0105 klas\u0119 mocno wspiera\u0142a,<\/em><\/p><p><em>projekt chwali\u0142a i dzia\u0142a\u0107 w pocie czo\u0142a nam nakaza\u0142a. <\/em><\/p><p><em>\u00a0<\/em><\/p><p><strong><em>Dzi\u0119kujemy!<\/em><\/strong><\/p><p><em>Wszystkim paniom z przedszkola, kt\u00f3re wytrwale nam pomaga\u0142y.<\/em><\/p><p><em>Pi\u0119kne patriotyczne piosenki nas uczy\u0142y, <\/em><\/p><p><em>Prace plastyczne a nawet wzruszaj\u0105ce inscenizacje wymy\u015bla\u0142y. <\/em><\/p><p><em>\u00a0<\/em><\/p><p><em>Dzi\u0119ki Wam dzisiaj dobrze ju\u017c wiemy, \u017ce god\u0142o i flag\u0119 Polski czci\u0107 do ko\u0144ca \u017cycia b\u0119dziemy!<\/em><\/p><p><em>Ka\u017cdy z nas dzisiaj jest wiernym Polakiem, czy du\u017cym nastolatkiem, czy ma\u0142ym przedszkolakiem. <\/em><\/p><p><strong><em>Dzi\u0119kujemy!<\/em><\/strong><\/p><p style=\"text-align: right;\">Karina G\u00f3rska-08.05.2024r.<\/p>\t\t\t\t\t\t<\/div>\n\t\t\t\t<\/div>\n\t\t\t\t\t<\/div>\n\t\t<\/div>\n\t\t\t\t\t\t\t<\/div>\n\t\t<\/section>\n\t\t\t\t<section class=\"elementor-section elementor-top-section elementor-element elementor-element-7283a5e elementor-section-boxed elementor-section-height-default elementor-section-height-default\" data-id=\"7283a5e\" data-element_type=\"section\">\n\t\t\t\t\t\t<div class=\"elementor-container elementor-column-gap-default\">\n\t\t\t\t\t<div class=\"elementor-column elementor-col-100 elementor-top-column elementor-element elementor-element-5fde73f\" data-id=\"5fde73f\" data-element_type=\"column\">\n\t\t\t<div class=\"elementor-widget-wrap elementor-element-populated\">\n\t\t\t\t\t\t\t\t<div class=\"elementor-element elementor-element-f114c7b elementor-aspect-ratio-169 elementor-widget elementor-widget-video\" data-id=\"f114c7b\" data-element_type=\"widget\" data-settings=\"{&quot;youtube_url&quot;:&quot;https:\\\/\\\/youtu.be\\\/q5K_XuA0JgE&quot;,&quot;video_type&quot;:&quot;youtube&quot;,&quot;controls&quot;:&quot;yes&quot;,&quot;aspect_ratio&quot;:&quot;169&quot;}\" data-widget_type=\"video.default\">\n\t\t\t\t<div class=\"elementor-widget-container\">\n\t\t\t\t\t<div class=\"elementor-wrapper elementor-fit-aspect-ratio elementor-open-inline\">\n\t\t\t<div class=\"elementor-video\"><\/div>\t\t<\/div>\n\t\t\t\t<\/div>\n\t\t\t\t<\/div>\n\t\t\t\t\t<\/div>\n\t\t<\/div>\n\t\t\t\t\t\t\t<\/div>\n\t\t<\/section>\n\t\t\t\t<section class=\"elementor-section elementor-top-section elementor-element elementor-element-02ae097 elementor-section-boxed elementor-section-height-default elementor-section-height-default\" data-id=\"02ae097\" data-element_type=\"section\">\n\t\t\t\t\t\t<div class=\"elementor-container elementor-column-gap-default\">\n\t\t\t\t\t<div class=\"elementor-column elementor-col-100 elementor-top-column elementor-element elementor-element-12d598b\" data-id=\"12d598b\" data-element_type=\"column\">\n\t\t\t<div class=\"elementor-widget-wrap elementor-element-populated\">\n\t\t\t\t\t\t\t\t<div class=\"elementor-element elementor-element-dd8a739 elementor-aspect-ratio-169 elementor-widget elementor-widget-video\" data-id=\"dd8a739\" data-element_type=\"widget\" data-settings=\"{&quot;youtube_url&quot;:&quot;https:\\\/\\\/youtu.be\\\/agH3u9j2GDw&quot;,&quot;video_type&quot;:&quot;youtube&quot;,&quot;controls&quot;:&quot;yes&quot;,&quot;aspect_ratio&quot;:&quot;169&quot;}\" data-widget_type=\"video.default\">\n\t\t\t\t<div class=\"elementor-widget-container\">\n\t\t\t\t\t<div class=\"elementor-wrapper elementor-fit-aspect-ratio elementor-open-inline\">\n\t\t\t<div class=\"elementor-video\"><\/div>\t\t<\/div>\n\t\t\t\t<\/div>\n\t\t\t\t<\/div>\n\t\t\t\t\t<\/div>\n\t\t<\/div>\n\t\t\t\t\t\t\t<\/div>\n\t\t<\/section>\n\t\t\t\t<section class=\"elementor-section elementor-top-section elementor-element elementor-element-1199871 elementor-section-boxed elementor-section-height-default elementor-section-height-default\" data-id=\"1199871\" data-element_type=\"section\">\n\t\t\t\t\t\t<div class=\"elementor-container elementor-column-gap-default\">\n\t\t\t\t\t<div class=\"elementor-column elementor-col-100 elementor-top-column elementor-element elementor-element-070fdea\" data-id=\"070fdea\" data-element_type=\"column\">\n\t\t\t<div class=\"elementor-widget-wrap elementor-element-populated\">\n\t\t\t\t\t\t\t\t<div class=\"elementor-element elementor-element-ef48ddf elementor-aspect-ratio-169 elementor-widget elementor-widget-video\" data-id=\"ef48ddf\" data-element_type=\"widget\" data-settings=\"{&quot;youtube_url&quot;:&quot;https:\\\/\\\/youtu.be\\\/eEFTnRSdEjc&quot;,&quot;video_type&quot;:&quot;youtube&quot;,&quot;controls&quot;:&quot;yes&quot;,&quot;aspect_ratio&quot;:&quot;169&quot;}\" data-widget_type=\"video.default\">\n\t\t\t\t<div class=\"elementor-widget-container\">\n\t\t\t\t\t<div class=\"elementor-wrapper elementor-fit-aspect-ratio elementor-open-inline\">\n\t\t\t<div class=\"elementor-video\"><\/div>\t\t<\/div>\n\t\t\t\t<\/div>\n\t\t\t\t<\/div>\n\t\t\t\t\t<\/div>\n\t\t<\/div>\n\t\t\t\t\t\t\t<\/div>\n\t\t<\/section>\n\t\t\t\t<section class=\"elementor-section elementor-top-section elementor-element elementor-element-b1a55d4 elementor-section-boxed elementor-section-height-default elementor-section-height-default\" data-id=\"b1a55d4\" data-element_type=\"section\">\n\t\t\t\t\t\t<div class=\"elementor-container elementor-column-gap-default\">\n\t\t\t\t\t<div class=\"elementor-column elementor-col-100 elementor-top-column elementor-element elementor-element-0a24348\" data-id=\"0a24348\" data-element_type=\"column\">\n\t\t\t<div class=\"elementor-widget-wrap elementor-element-populated\">\n\t\t\t\t\t\t\t\t<div class=\"elementor-element elementor-element-e265f6b elementor-widget elementor-widget-image-gallery\" data-id=\"e265f6b\" data-element_type=\"widget\" data-widget_type=\"image-gallery.default\">\n\t\t\t\t<div class=\"elementor-widget-container\">\n\t\t\t\t\t<div class=\"elementor-image-gallery\">\n\t\t\t<div id='gallery-1' class='gallery galleryid-15408 gallery-columns-4 gallery-size-medium'><figure class='gallery-item'>\n\t\t\t<div class='gallery-icon landscape'>\n\t\t\t\t<a data-elementor-open-lightbox=\"yes\" data-elementor-lightbox-slideshow=\"e265f6b\" data-elementor-lightbox-title=\"IMG_8517\" e-action-hash=\"#elementor-action%3Aaction%3Dlightbox%26settings%3DeyJpZCI6MTU0MTEsInVybCI6Imh0dHBzOlwvXC96cy5ncm9tbmlrLnBsXC96c1wvd3AtY29udGVudFwvdXBsb2Fkc1wvMjAyNFwvMDVcL0lNR184NTE3LXNjYWxlZC5qcGciLCJzbGlkZXNob3ciOiJlMjY1ZjZiIn0%3D\" href='https:\/\/zs.gromnik.pl\/zs\/wp-content\/uploads\/2024\/05\/IMG_8517-scaled.jpg'><img width=\"300\" height=\"200\" src=\"https:\/\/zs.gromnik.pl\/zs\/wp-content\/uploads\/2024\/05\/IMG_8517-300x200.jpg\" class=\"attachment-medium size-medium\" alt=\"\" loading=\"lazy\" srcset=\"https:\/\/zs.gromnik.pl\/zs\/wp-content\/uploads\/2024\/05\/IMG_8517-300x200.jpg 300w, https:\/\/zs.gromnik.pl\/zs\/wp-content\/uploads\/2024\/05\/IMG_8517-1024x683.jpg 1024w, https:\/\/zs.gromnik.pl\/zs\/wp-content\/uploads\/2024\/05\/IMG_8517-768x512.jpg 768w, https:\/\/zs.gromnik.pl\/zs\/wp-content\/uploads\/2024\/05\/IMG_8517-1536x1024.jpg 1536w, https:\/\/zs.gromnik.pl\/zs\/wp-content\/uploads\/2024\/05\/IMG_8517-2048x1365.jpg 2048w, https:\/\/zs.gromnik.pl\/zs\/wp-content\/uploads\/2024\/05\/IMG_8517-1140x760.jpg 1140w\" sizes=\"(max-width: 300px) 100vw, 300px\" \/><\/a>\n\t\t\t<\/div><\/figure><figure class='gallery-item'>\n\t\t\t<div class='gallery-icon landscape'>\n\t\t\t\t<a data-elementor-open-lightbox=\"yes\" data-elementor-lightbox-slideshow=\"e265f6b\" data-elementor-lightbox-title=\"IMG_8558\" e-action-hash=\"#elementor-action%3Aaction%3Dlightbox%26settings%3DeyJpZCI6MTU0MTIsInVybCI6Imh0dHBzOlwvXC96cy5ncm9tbmlrLnBsXC96c1wvd3AtY29udGVudFwvdXBsb2Fkc1wvMjAyNFwvMDVcL0lNR184NTU4LXNjYWxlZC5qcGciLCJzbGlkZXNob3ciOiJlMjY1ZjZiIn0%3D\" href='https:\/\/zs.gromnik.pl\/zs\/wp-content\/uploads\/2024\/05\/IMG_8558-scaled.jpg'><img width=\"300\" height=\"200\" src=\"https:\/\/zs.gromnik.pl\/zs\/wp-content\/uploads\/2024\/05\/IMG_8558-300x200.jpg\" class=\"attachment-medium size-medium\" alt=\"\" loading=\"lazy\" srcset=\"https:\/\/zs.gromnik.pl\/zs\/wp-content\/uploads\/2024\/05\/IMG_8558-300x200.jpg 300w, https:\/\/zs.gromnik.pl\/zs\/wp-content\/uploads\/2024\/05\/IMG_8558-1024x683.jpg 1024w, https:\/\/zs.gromnik.pl\/zs\/wp-content\/uploads\/2024\/05\/IMG_8558-768x512.jpg 768w, https:\/\/zs.gromnik.pl\/zs\/wp-content\/uploads\/2024\/05\/IMG_8558-1536x1024.jpg 1536w, https:\/\/zs.gromnik.pl\/zs\/wp-content\/uploads\/2024\/05\/IMG_8558-2048x1365.jpg 2048w, https:\/\/zs.gromnik.pl\/zs\/wp-content\/uploads\/2024\/05\/IMG_8558-1140x760.jpg 1140w\" sizes=\"(max-width: 300px) 100vw, 300px\" \/><\/a>\n\t\t\t<\/div><\/figure><figure class='gallery-item'>\n\t\t\t<div class='gallery-icon landscape'>\n\t\t\t\t<a data-elementor-open-lightbox=\"yes\" data-elementor-lightbox-slideshow=\"e265f6b\" data-elementor-lightbox-title=\"IMG_8536\" e-action-hash=\"#elementor-action%3Aaction%3Dlightbox%26settings%3DeyJpZCI6MTU0MTMsInVybCI6Imh0dHBzOlwvXC96cy5ncm9tbmlrLnBsXC96c1wvd3AtY29udGVudFwvdXBsb2Fkc1wvMjAyNFwvMDVcL0lNR184NTM2LXNjYWxlZC5qcGciLCJzbGlkZXNob3ciOiJlMjY1ZjZiIn0%3D\" href='https:\/\/zs.gromnik.pl\/zs\/wp-content\/uploads\/2024\/05\/IMG_8536-scaled.jpg'><img width=\"300\" height=\"200\" src=\"https:\/\/zs.gromnik.pl\/zs\/wp-content\/uploads\/2024\/05\/IMG_8536-300x200.jpg\" class=\"attachment-medium size-medium\" alt=\"\" loading=\"lazy\" srcset=\"https:\/\/zs.gromnik.pl\/zs\/wp-content\/uploads\/2024\/05\/IMG_8536-300x200.jpg 300w, https:\/\/zs.gromnik.pl\/zs\/wp-content\/uploads\/2024\/05\/IMG_8536-1024x683.jpg 1024w, https:\/\/zs.gromnik.pl\/zs\/wp-content\/uploads\/2024\/05\/IMG_8536-768x512.jpg 768w, https:\/\/zs.gromnik.pl\/zs\/wp-content\/uploads\/2024\/05\/IMG_8536-1536x1024.jpg 1536w, https:\/\/zs.gromnik.pl\/zs\/wp-content\/uploads\/2024\/05\/IMG_8536-2048x1365.jpg 2048w, https:\/\/zs.gromnik.pl\/zs\/wp-content\/uploads\/2024\/05\/IMG_8536-1140x760.jpg 1140w\" sizes=\"(max-width: 300px) 100vw, 300px\" \/><\/a>\n\t\t\t<\/div><\/figure><figure class='gallery-item'>\n\t\t\t<div class='gallery-icon landscape'>\n\t\t\t\t<a data-elementor-open-lightbox=\"yes\" data-elementor-lightbox-slideshow=\"e265f6b\" data-elementor-lightbox-title=\"IMG_8550\" e-action-hash=\"#elementor-action%3Aaction%3Dlightbox%26settings%3DeyJpZCI6MTU0MTQsInVybCI6Imh0dHBzOlwvXC96cy5ncm9tbmlrLnBsXC96c1wvd3AtY29udGVudFwvdXBsb2Fkc1wvMjAyNFwvMDVcL0lNR184NTUwLXNjYWxlZC5qcGciLCJzbGlkZXNob3ciOiJlMjY1ZjZiIn0%3D\" href='https:\/\/zs.gromnik.pl\/zs\/wp-content\/uploads\/2024\/05\/IMG_8550-scaled.jpg'><img width=\"300\" height=\"200\" src=\"https:\/\/zs.gromnik.pl\/zs\/wp-content\/uploads\/2024\/05\/IMG_8550-300x200.jpg\" class=\"attachment-medium size-medium\" alt=\"\" loading=\"lazy\" srcset=\"https:\/\/zs.gromnik.pl\/zs\/wp-content\/uploads\/2024\/05\/IMG_8550-300x200.jpg 300w, https:\/\/zs.gromnik.pl\/zs\/wp-content\/uploads\/2024\/05\/IMG_8550-1024x683.jpg 1024w, https:\/\/zs.gromnik.pl\/zs\/wp-content\/uploads\/2024\/05\/IMG_8550-768x512.jpg 768w, https:\/\/zs.gromnik.pl\/zs\/wp-content\/uploads\/2024\/05\/IMG_8550-1536x1024.jpg 1536w, https:\/\/zs.gromnik.pl\/zs\/wp-content\/uploads\/2024\/05\/IMG_8550-2048x1365.jpg 2048w, https:\/\/zs.gromnik.pl\/zs\/wp-content\/uploads\/2024\/05\/IMG_8550-1140x760.jpg 1140w\" sizes=\"(max-width: 300px) 100vw, 300px\" \/><\/a>\n\t\t\t<\/div><\/figure><figure class='gallery-item'>\n\t\t\t<div class='gallery-icon landscape'>\n\t\t\t\t<a data-elementor-open-lightbox=\"yes\" data-elementor-lightbox-slideshow=\"e265f6b\" data-elementor-lightbox-title=\"IMG_8529\" e-action-hash=\"#elementor-action%3Aaction%3Dlightbox%26settings%3DeyJpZCI6MTU0MTUsInVybCI6Imh0dHBzOlwvXC96cy5ncm9tbmlrLnBsXC96c1wvd3AtY29udGVudFwvdXBsb2Fkc1wvMjAyNFwvMDVcL0lNR184NTI5LXNjYWxlZC5qcGciLCJzbGlkZXNob3ciOiJlMjY1ZjZiIn0%3D\" href='https:\/\/zs.gromnik.pl\/zs\/wp-content\/uploads\/2024\/05\/IMG_8529-scaled.jpg'><img width=\"300\" height=\"200\" src=\"https:\/\/zs.gromnik.pl\/zs\/wp-content\/uploads\/2024\/05\/IMG_8529-300x200.jpg\" class=\"attachment-medium size-medium\" alt=\"\" loading=\"lazy\" srcset=\"https:\/\/zs.gromnik.pl\/zs\/wp-content\/uploads\/2024\/05\/IMG_8529-300x200.jpg 300w, https:\/\/zs.gromnik.pl\/zs\/wp-content\/uploads\/2024\/05\/IMG_8529-1024x683.jpg 1024w, https:\/\/zs.gromnik.pl\/zs\/wp-content\/uploads\/2024\/05\/IMG_8529-768x512.jpg 768w, https:\/\/zs.gromnik.pl\/zs\/wp-content\/uploads\/2024\/05\/IMG_8529-1536x1024.jpg 1536w, https:\/\/zs.gromnik.pl\/zs\/wp-content\/uploads\/2024\/05\/IMG_8529-2048x1365.jpg 2048w, https:\/\/zs.gromnik.pl\/zs\/wp-content\/uploads\/2024\/05\/IMG_8529-1140x760.jpg 1140w\" sizes=\"(max-width: 300px) 100vw, 300px\" \/><\/a>\n\t\t\t<\/div><\/figure><figure class='gallery-item'>\n\t\t\t<div class='gallery-icon landscape'>\n\t\t\t\t<a data-elementor-open-lightbox=\"yes\" data-elementor-lightbox-slideshow=\"e265f6b\" data-elementor-lightbox-title=\"IMG_8520\" e-action-hash=\"#elementor-action%3Aaction%3Dlightbox%26settings%3DeyJpZCI6MTU0MTYsInVybCI6Imh0dHBzOlwvXC96cy5ncm9tbmlrLnBsXC96c1wvd3AtY29udGVudFwvdXBsb2Fkc1wvMjAyNFwvMDVcL0lNR184NTIwLXNjYWxlZC5qcGciLCJzbGlkZXNob3ciOiJlMjY1ZjZiIn0%3D\" href='https:\/\/zs.gromnik.pl\/zs\/wp-content\/uploads\/2024\/05\/IMG_8520-scaled.jpg'><img width=\"300\" height=\"200\" src=\"https:\/\/zs.gromnik.pl\/zs\/wp-content\/uploads\/2024\/05\/IMG_8520-300x200.jpg\" class=\"attachment-medium size-medium\" alt=\"\" loading=\"lazy\" srcset=\"https:\/\/zs.gromnik.pl\/zs\/wp-content\/uploads\/2024\/05\/IMG_8520-300x200.jpg 300w, https:\/\/zs.gromnik.pl\/zs\/wp-content\/uploads\/2024\/05\/IMG_8520-1024x683.jpg 1024w, https:\/\/zs.gromnik.pl\/zs\/wp-content\/uploads\/2024\/05\/IMG_8520-768x512.jpg 768w, https:\/\/zs.gromnik.pl\/zs\/wp-content\/uploads\/2024\/05\/IMG_8520-1536x1024.jpg 1536w, https:\/\/zs.gromnik.pl\/zs\/wp-content\/uploads\/2024\/05\/IMG_8520-2048x1365.jpg 2048w, https:\/\/zs.gromnik.pl\/zs\/wp-content\/uploads\/2024\/05\/IMG_8520-1140x760.jpg 1140w\" sizes=\"(max-width: 300px) 100vw, 300px\" \/><\/a>\n\t\t\t<\/div><\/figure><figure class='gallery-item'>\n\t\t\t<div class='gallery-icon landscape'>\n\t\t\t\t<a data-elementor-open-lightbox=\"yes\" data-elementor-lightbox-slideshow=\"e265f6b\" data-elementor-lightbox-title=\"IMG_8525\" e-action-hash=\"#elementor-action%3Aaction%3Dlightbox%26settings%3DeyJpZCI6MTU0MTcsInVybCI6Imh0dHBzOlwvXC96cy5ncm9tbmlrLnBsXC96c1wvd3AtY29udGVudFwvdXBsb2Fkc1wvMjAyNFwvMDVcL0lNR184NTI1LXNjYWxlZC5qcGciLCJzbGlkZXNob3ciOiJlMjY1ZjZiIn0%3D\" href='https:\/\/zs.gromnik.pl\/zs\/wp-content\/uploads\/2024\/05\/IMG_8525-scaled.jpg'><img width=\"300\" height=\"200\" src=\"https:\/\/zs.gromnik.pl\/zs\/wp-content\/uploads\/2024\/05\/IMG_8525-300x200.jpg\" class=\"attachment-medium size-medium\" alt=\"\" loading=\"lazy\" srcset=\"https:\/\/zs.gromnik.pl\/zs\/wp-content\/uploads\/2024\/05\/IMG_8525-300x200.jpg 300w, https:\/\/zs.gromnik.pl\/zs\/wp-content\/uploads\/2024\/05\/IMG_8525-1024x683.jpg 1024w, https:\/\/zs.gromnik.pl\/zs\/wp-content\/uploads\/2024\/05\/IMG_8525-768x512.jpg 768w, https:\/\/zs.gromnik.pl\/zs\/wp-content\/uploads\/2024\/05\/IMG_8525-1536x1024.jpg 1536w, https:\/\/zs.gromnik.pl\/zs\/wp-content\/uploads\/2024\/05\/IMG_8525-2048x1365.jpg 2048w, https:\/\/zs.gromnik.pl\/zs\/wp-content\/uploads\/2024\/05\/IMG_8525-1140x760.jpg 1140w\" sizes=\"(max-width: 300px) 100vw, 300px\" \/><\/a>\n\t\t\t<\/div><\/figure>\n\t\t<\/div>\n\t\t<\/div>\n\t\t\t\t<\/div>\n\t\t\t\t<\/div>\n\t\t\t\t\t<\/div>\n\t\t<\/div>\n\t\t\t\t\t\t\t<\/div>\n\t\t<\/section>\n\t\t\t\t\t\t\t<\/div>\n\t\t","protected":false},"excerpt":{"rendered":"<p>8 maja 2023r. na korytarzu przedszkolnym odby\u0142a si\u0119 uroczysta akademia z okazji trzech wa\u017cnych \u015bwi\u0105t, o kt\u00f3rych nale\u017cy pami\u0119ta\u0107: 1 maja- \u015awi\u0119to Pracy, 2 maja \u2013 Dzie\u0144 Flagi Rzeczypospolitej Polskiej i 3 maja &#8211; rocznica uchwalenia Konstytucji. W tym dniu mieli\u015bmy, r\u00f3wnie\u017c okazj\u0119 do podsumowania i zako\u0144czenia 3-letniego \u00a0projekt edukacyjnego \u201eBia\u0142o-czerwona dla przedszkolaka\u201d. Wierzymy, \u017ce podj\u0119te dzia\u0142ania zaowocuj\u0105 i dadz\u0105 poczucie m\u0142odym, \u017ce s\u0105 prawdziwymi patriotami kochaj\u0105cymi swoj\u0105 ojczyzn\u0119. Dzi\u0119kujemy za wsp\u00f3lne chwile obecnej klasie VI a i wszystkim przedszkolakom, w tym szczeg\u00f3lnie grupie przedszkolnej VI &#8211; 6 latkom. Koordynatorzy: mgr Ewa Wajda, mgr Karina G\u00f3rska \u00a0 Wiersz na podzi\u0119kowanie \u201eBia\u0142o-czerwona dla przedszkolaka\u201d Dzi\u0119kujemy! Pani Ewie, kt\u00f3ra zawsze z nami by\u0142a. Czasu i si\u0142y dla ma\u0142ych przedszkolak\u00f3w nie szcz\u0119dzi\u0142a. Z mi\u0142o\u015bci\u0105 o naszej wolnej Polsce nam prawi\u0142a. Przez 3 lata z pani\u0105 Karin\u0105 plan wsp\u00f3lnie obmy\u015bla\u0142y, Aby w \u0142atwy spos\u00f3b god\u0142o, flag\u0119 I hymn narodowy wszystkim dzieciom utrwala\u0142y. \u00a0 Dzi\u0119kujemy! Pani Karinie, kt\u00f3ra filmy kolorowe na stron\u0119 szko\u0142y tworzy\u0142a, A nawet na Facebook-u nas polubi\u0142a. Niech ka\u017cdy w okolicy Gromnika si\u0119 dowie, \u017be nasze przedszkolaki m\u0105dr\u0105 maj\u0105 g\u0142ow\u0119! \u00a0 Dzi\u0119kujemy! Pani Dyrektor, kt\u00f3ra na naszej akademii\u00a0 ma\u0142\u0105 \u0142ezk\u0119 uroni\u0142a Bo dumna z wszystkich artyst\u00f3w by\u0142a. \u00a0 Dzi\u0119kujemy! Pani Ani, kt\u00f3ra swoj\u0105 klas\u0119 mocno wspiera\u0142a, projekt chwali\u0142a i dzia\u0142a\u0107 w pocie czo\u0142a nam nakaza\u0142a. \u00a0 Dzi\u0119kujemy! Wszystkim paniom z przedszkola, kt\u00f3re wytrwale nam pomaga\u0142y. Pi\u0119kne patriotyczne piosenki nas uczy\u0142y, Prace plastyczne a nawet wzruszaj\u0105ce inscenizacje wymy\u015bla\u0142y. \u00a0 Dzi\u0119ki Wam dzisiaj dobrze ju\u017c wiemy, \u017ce god\u0142o i flag\u0119 Polski czci\u0107 do ko\u0144ca \u017cycia b\u0119dziemy! Ka\u017cdy z nas dzisiaj jest wiernym Polakiem, czy du\u017cym nastolatkiem, czy ma\u0142ym przedszkolakiem. Dzi\u0119kujemy! Karina G\u00f3rska-08.05.2024r. https:\/\/youtu.be\/q5K_XuA0JgEhttps:\/\/youtu.be\/agH3u9j2GDwhttps:\/\/youtu.be\/eEFTnRSdEjc<\/p>\n","protected":false},"author":1,"featured_media":15421,"comment_status":"closed","ping_status":"open","sticky":false,"template":"","format":"standard","meta":[],"categories":[3],"tags":[],"yoast_head":"<!-- This site is optimized with the Yoast SEO plugin v19.8 - https:\/\/yoast.com\/wordpress\/plugins\/seo\/ -->\n<title>\u201eBia\u0142o-czerwona dla przedszkolaka\u201c \u2013podsumowanie projektu edukacyjnego - Zesp\u00f3\u0142 Szk\u00f3\u0142 w Gromniku<\/title>\n<meta name=\"description\" content=\"Zesp\u00f3\u0142 Szk\u00f3\u0142 w Gromniku\" \/>\n<meta name=\"robots\" content=\"index, follow, max-snippet:-1, max-image-preview:large, max-video-preview:-1\" \/>\n<link rel=\"canonical\" href=\"https:\/\/zs.gromnik.pl\/zs\/bialo-czerwona-dla-przedszkolaka-podsumowanie-projektu-edukacyjnego\/\" \/>\n<meta property=\"og:locale\" content=\"pl_PL\" \/>\n<meta property=\"og:type\" content=\"article\" \/>\n<meta property=\"og:title\" content=\"\u201eBia\u0142o-czerwona dla przedszkolaka\u201c \u2013podsumowanie projektu edukacyjnego - Zesp\u00f3\u0142 Szk\u00f3\u0142 w Gromniku\" \/>\n<meta property=\"og:description\" content=\"Zesp\u00f3\u0142 Szk\u00f3\u0142 w Gromniku\" \/>\n<meta property=\"og:url\" content=\"https:\/\/zs.gromnik.pl\/zs\/bialo-czerwona-dla-przedszkolaka-podsumowanie-projektu-edukacyjnego\/\" \/>\n<meta property=\"og:site_name\" content=\"Zesp\u00f3\u0142 Szk\u00f3\u0142 w Gromniku\" \/>\n<meta property=\"article:publisher\" content=\"https:\/\/www.facebook.com\/zsgromnik\" \/>\n<meta property=\"article:published_time\" content=\"2024-05-16T05:55:12+00:00\" \/>\n<meta property=\"article:modified_time\" content=\"2024-05-16T06:06:51+00:00\" \/>\n<meta property=\"og:image\" content=\"https:\/\/zs.gromnik.pl\/zs\/wp-content\/uploads\/2024\/05\/IMG_8525-1.jpg\" \/>\n\t<meta property=\"og:image:width\" content=\"500\" \/>\n\t<meta property=\"og:image:height\" content=\"333\" \/>\n\t<meta property=\"og:image:type\" content=\"image\/jpeg\" \/>\n<meta name=\"author\" content=\"admin\" \/>\n<meta name=\"twitter:card\" content=\"summary_large_image\" \/>\n<meta name=\"twitter:label1\" content=\"Napisane przez\" \/>\n\t<meta name=\"twitter:data1\" content=\"admin\" \/>\n\t<meta name=\"twitter:label2\" content=\"Szacowany czas czytania\" \/>\n\t<meta name=\"twitter:data2\" content=\"2 minuty\" \/>\n<script type=\"application\/ld+json\" class=\"yoast-schema-graph\">{\"@context\":\"https:\/\/schema.org\",\"@graph\":[{\"@type\":\"WebPage\",\"@id\":\"https:\/\/zs.gromnik.pl\/zs\/bialo-czerwona-dla-przedszkolaka-podsumowanie-projektu-edukacyjnego\/\",\"url\":\"https:\/\/zs.gromnik.pl\/zs\/bialo-czerwona-dla-przedszkolaka-podsumowanie-projektu-edukacyjnego\/\",\"name\":\"\u201eBia\u0142o-czerwona dla przedszkolaka\u201c \u2013podsumowanie projektu edukacyjnego - Zesp\u00f3\u0142 Szk\u00f3\u0142 w Gromniku\",\"isPartOf\":{\"@id\":\"https:\/\/zs.gromnik.pl\/zs\/#website\"},\"datePublished\":\"2024-05-16T05:55:12+00:00\",\"dateModified\":\"2024-05-16T06:06:51+00:00\",\"author\":{\"@id\":\"https:\/\/zs.gromnik.pl\/zs\/#\/schema\/person\/b197900f67c6133faddc284ae32f97ca\"},\"description\":\"Zesp\u00f3\u0142 Szk\u00f3\u0142 w Gromniku\",\"breadcrumb\":{\"@id\":\"https:\/\/zs.gromnik.pl\/zs\/bialo-czerwona-dla-przedszkolaka-podsumowanie-projektu-edukacyjnego\/#breadcrumb\"},\"inLanguage\":\"pl-PL\",\"potentialAction\":[{\"@type\":\"ReadAction\",\"target\":[\"https:\/\/zs.gromnik.pl\/zs\/bialo-czerwona-dla-przedszkolaka-podsumowanie-projektu-edukacyjnego\/\"]}]},{\"@type\":\"BreadcrumbList\",\"@id\":\"https:\/\/zs.gromnik.pl\/zs\/bialo-czerwona-dla-przedszkolaka-podsumowanie-projektu-edukacyjnego\/#breadcrumb\",\"itemListElement\":[{\"@type\":\"ListItem\",\"position\":1,\"name\":\"Strona g\u0142\u00f3wna\",\"item\":\"https:\/\/zs.gromnik.pl\/zs\/\"},{\"@type\":\"ListItem\",\"position\":2,\"name\":\"\u201eBia\u0142o-czerwona dla przedszkolaka\u201c \u2013podsumowanie projektu edukacyjnego\"}]},{\"@type\":\"WebSite\",\"@id\":\"https:\/\/zs.gromnik.pl\/zs\/#website\",\"url\":\"https:\/\/zs.gromnik.pl\/zs\/\",\"name\":\"Zesp\u00f3\u0142 Szk\u00f3\u0142 w Gromniku\",\"description\":\"\",\"potentialAction\":[{\"@type\":\"SearchAction\",\"target\":{\"@type\":\"EntryPoint\",\"urlTemplate\":\"https:\/\/zs.gromnik.pl\/zs\/?s={search_term_string}\"},\"query-input\":\"required name=search_term_string\"}],\"inLanguage\":\"pl-PL\"},{\"@type\":\"Person\",\"@id\":\"https:\/\/zs.gromnik.pl\/zs\/#\/schema\/person\/b197900f67c6133faddc284ae32f97ca\",\"name\":\"admin\",\"image\":{\"@type\":\"ImageObject\",\"inLanguage\":\"pl-PL\",\"@id\":\"https:\/\/zs.gromnik.pl\/zs\/#\/schema\/person\/image\/\",\"url\":\"https:\/\/secure.gravatar.com\/avatar\/f8a2f876dbcc8c8edd809a8ca77a2abe?s=96&d=mm&r=g\",\"contentUrl\":\"https:\/\/secure.gravatar.com\/avatar\/f8a2f876dbcc8c8edd809a8ca77a2abe?s=96&d=mm&r=g\",\"caption\":\"admin\"},\"url\":\"https:\/\/zs.gromnik.pl\/zs\/author\/admin\/\"}]}<\/script>\n<!-- \/ Yoast SEO plugin. -->","yoast_head_json":{"title":"\u201eBia\u0142o-czerwona dla przedszkolaka\u201c \u2013podsumowanie projektu edukacyjnego - Zesp\u00f3\u0142 Szk\u00f3\u0142 w Gromniku","description":"Zesp\u00f3\u0142 Szk\u00f3\u0142 w Gromniku","robots":{"index":"index","follow":"follow","max-snippet":"max-snippet:-1","max-image-preview":"max-image-preview:large","max-video-preview":"max-video-preview:-1"},"canonical":"https:\/\/zs.gromnik.pl\/zs\/bialo-czerwona-dla-przedszkolaka-podsumowanie-projektu-edukacyjnego\/","og_locale":"pl_PL","og_type":"article","og_title":"\u201eBia\u0142o-czerwona dla przedszkolaka\u201c \u2013podsumowanie projektu edukacyjnego - Zesp\u00f3\u0142 Szk\u00f3\u0142 w Gromniku","og_description":"Zesp\u00f3\u0142 Szk\u00f3\u0142 w Gromniku","og_url":"https:\/\/zs.gromnik.pl\/zs\/bialo-czerwona-dla-przedszkolaka-podsumowanie-projektu-edukacyjnego\/","og_site_name":"Zesp\u00f3\u0142 Szk\u00f3\u0142 w Gromniku","article_publisher":"https:\/\/www.facebook.com\/zsgromnik","article_published_time":"2024-05-16T05:55:12+00:00","article_modified_time":"2024-05-16T06:06:51+00:00","og_image":[{"width":500,"height":333,"url":"https:\/\/zs.gromnik.pl\/zs\/wp-content\/uploads\/2024\/05\/IMG_8525-1.jpg","type":"image\/jpeg"}],"author":"admin","twitter_card":"summary_large_image","twitter_misc":{"Napisane przez":"admin","Szacowany czas czytania":"2 minuty"},"schema":{"@context":"https:\/\/schema.org","@graph":[{"@type":"WebPage","@id":"https:\/\/zs.gromnik.pl\/zs\/bialo-czerwona-dla-przedszkolaka-podsumowanie-projektu-edukacyjnego\/","url":"https:\/\/zs.gromnik.pl\/zs\/bialo-czerwona-dla-przedszkolaka-podsumowanie-projektu-edukacyjnego\/","name":"\u201eBia\u0142o-czerwona dla przedszkolaka\u201c \u2013podsumowanie projektu edukacyjnego - Zesp\u00f3\u0142 Szk\u00f3\u0142 w Gromniku","isPartOf":{"@id":"https:\/\/zs.gromnik.pl\/zs\/#website"},"datePublished":"2024-05-16T05:55:12+00:00","dateModified":"2024-05-16T06:06:51+00:00","author":{"@id":"https:\/\/zs.gromnik.pl\/zs\/#\/schema\/person\/b197900f67c6133faddc284ae32f97ca"},"description":"Zesp\u00f3\u0142 Szk\u00f3\u0142 w Gromniku","breadcrumb":{"@id":"https:\/\/zs.gromnik.pl\/zs\/bialo-czerwona-dla-przedszkolaka-podsumowanie-projektu-edukacyjnego\/#breadcrumb"},"inLanguage":"pl-PL","potentialAction":[{"@type":"ReadAction","target":["https:\/\/zs.gromnik.pl\/zs\/bialo-czerwona-dla-przedszkolaka-podsumowanie-projektu-edukacyjnego\/"]}]},{"@type":"BreadcrumbList","@id":"https:\/\/zs.gromnik.pl\/zs\/bialo-czerwona-dla-przedszkolaka-podsumowanie-projektu-edukacyjnego\/#breadcrumb","itemListElement":[{"@type":"ListItem","position":1,"name":"Strona g\u0142\u00f3wna","item":"https:\/\/zs.gromnik.pl\/zs\/"},{"@type":"ListItem","position":2,"name":"\u201eBia\u0142o-czerwona dla przedszkolaka\u201c \u2013podsumowanie projektu edukacyjnego"}]},{"@type":"WebSite","@id":"https:\/\/zs.gromnik.pl\/zs\/#website","url":"https:\/\/zs.gromnik.pl\/zs\/","name":"Zesp\u00f3\u0142 Szk\u00f3\u0142 w Gromniku","description":"","potentialAction":[{"@type":"SearchAction","target":{"@type":"EntryPoint","urlTemplate":"https:\/\/zs.gromnik.pl\/zs\/?s={search_term_string}"},"query-input":"required name=search_term_string"}],"inLanguage":"pl-PL"},{"@type":"Person","@id":"https:\/\/zs.gromnik.pl\/zs\/#\/schema\/person\/b197900f67c6133faddc284ae32f97ca","name":"admin","image":{"@type":"ImageObject","inLanguage":"pl-PL","@id":"https:\/\/zs.gromnik.pl\/zs\/#\/schema\/person\/image\/","url":"https:\/\/secure.gravatar.com\/avatar\/f8a2f876dbcc8c8edd809a8ca77a2abe?s=96&d=mm&r=g","contentUrl":"https:\/\/secure.gravatar.com\/avatar\/f8a2f876dbcc8c8edd809a8ca77a2abe?s=96&d=mm&r=g","caption":"admin"},"url":"https:\/\/zs.gromnik.pl\/zs\/author\/admin\/"}]}},"_links":{"self":[{"href":"https:\/\/zs.gromnik.pl\/zs\/wp-json\/wp\/v2\/posts\/15408"}],"collection":[{"href":"https:\/\/zs.gromnik.pl\/zs\/wp-json\/wp\/v2\/posts"}],"about":[{"href":"https:\/\/zs.gromnik.pl\/zs\/wp-json\/wp\/v2\/types\/post"}],"author":[{"embeddable":true,"href":"https:\/\/zs.gromnik.pl\/zs\/wp-json\/wp\/v2\/users\/1"}],"replies":[{"embeddable":true,"href":"https:\/\/zs.gromnik.pl\/zs\/wp-json\/wp\/v2\/comments?post=15408"}],"version-history":[{"count":11,"href":"https:\/\/zs.gromnik.pl\/zs\/wp-json\/wp\/v2\/posts\/15408\/revisions"}],"predecessor-version":[{"id":15427,"href":"https:\/\/zs.gromnik.pl\/zs\/wp-json\/wp\/v2\/posts\/15408\/revisions\/15427"}],"wp:featuredmedia":[{"embeddable":true,"href":"https:\/\/zs.gromnik.pl\/zs\/wp-json\/wp\/v2\/media\/15421"}],"wp:attachment":[{"href":"https:\/\/zs.gromnik.pl\/zs\/wp-json\/wp\/v2\/media?parent=15408"}],"wp:term":[{"taxonomy":"category","embeddable":true,"href":"https:\/\/zs.gromnik.pl\/zs\/wp-json\/wp\/v2\/categories?post=15408"},{"taxonomy":"post_tag","embeddable":true,"href":"https:\/\/zs.gromnik.pl\/zs\/wp-json\/wp\/v2\/tags?post=15408"}],"curies":[{"name":"wp","href":"https:\/\/api.w.org\/{rel}","templated":true}]}}