{"id":1764,"date":"2017-09-05T21:42:46","date_gmt":"2017-09-05T19:42:46","guid":{"rendered":"http:\/\/www.zs.gromnik.pl\/zs\/?p=1764"},"modified":"2017-09-19T14:52:39","modified_gmt":"2017-09-19T12:52:39","slug":"rok-szkolny-20172018-rozpoczety","status":"publish","type":"post","link":"https:\/\/zs.gromnik.pl\/zs\/rok-szkolny-20172018-rozpoczety\/","title":{"rendered":"Rok szkolny 2017\/2018 rozpocz\u0119ty!"},"content":{"rendered":"<p style=\"text-align: justify;\">Wyj\u0105tkowo 4 wrze\u015bnia 2017 r. mia\u0142o miejsce rozpocz\u0119cie nowego 2017\/2018 roku szkolnego. Tradycyjnie o godz. 8.00 zainaugurowali\u015bmy go msz\u0105 \u015bw. w ko\u015bciele parafialnym w Gromniku. P\u00f3\u017aniej monta\u017c s\u0142owno &#8211; muzyczny przypomnia\u0142 nam o wydarzeniach sprzed 78 laty, kiedy to m\u0142odzi ludzie nie poszli do szko\u0142y&#8230; Chwile zadumy i refleksji nad tym co si\u0119 wydarzy\u0142o w historii naszej Ojczyzny. Na zako\u0144czenie spotkanie z wychowawc\u0105, w niekt\u00f3rych przypadkach now\u0105 osob\u0105 i &#8230; pierwszy dzwonek.<\/p>\n<p>Na czas nowego roku szkolnego \u017cyczymy, aby ten rok by\u0142 bezpieczny, pe\u0142en sukces\u00f3w i radosnych chwil. Oby\u015bmy w czerwcu mogli powiedzie\u0107, \u017ce si\u0119 uda\u0142o, \u017ce zrobili\u015bmy to, co do nas nale\u017ca\u0142o &#8211; uczniowie, nauczyciele i rodzice!<\/p>\n<div id='gallery-1' class='gallery galleryid-1764 gallery-columns-9 gallery-size-thumbnail'><figure class='gallery-item'>\n\t\t\t<div class='gallery-icon landscape'>\n\t\t\t\t<a href='https:\/\/zs.gromnik.pl\/zs\/rok-szkolny-20172018-rozpoczety\/olympus-digital-camera-323\/'><img width=\"150\" height=\"150\" src=\"https:\/\/zs.gromnik.pl\/zs\/wp-content\/uploads\/2017\/09\/P9042168-150x150.jpg\" class=\"attachment-thumbnail size-thumbnail\" alt=\"\" loading=\"lazy\" \/><\/a>\n\t\t\t<\/div><\/figure><figure class='gallery-item'>\n\t\t\t<div class='gallery-icon landscape'>\n\t\t\t\t<a href='https:\/\/zs.gromnik.pl\/zs\/rok-szkolny-20172018-rozpoczety\/olympus-digital-camera-324\/'><img width=\"150\" height=\"150\" src=\"https:\/\/zs.gromnik.pl\/zs\/wp-content\/uploads\/2017\/09\/P9042171-150x150.jpg\" class=\"attachment-thumbnail size-thumbnail\" alt=\"\" loading=\"lazy\" \/><\/a>\n\t\t\t<\/div><\/figure><figure class='gallery-item'>\n\t\t\t<div class='gallery-icon portrait'>\n\t\t\t\t<a href='https:\/\/zs.gromnik.pl\/zs\/rok-szkolny-20172018-rozpoczety\/olympus-digital-camera-325\/'><img width=\"150\" height=\"150\" src=\"https:\/\/zs.gromnik.pl\/zs\/wp-content\/uploads\/2017\/09\/P9042172-150x150.jpg\" class=\"attachment-thumbnail size-thumbnail\" alt=\"\" loading=\"lazy\" \/><\/a>\n\t\t\t<\/div><\/figure><figure class='gallery-item'>\n\t\t\t<div class='gallery-icon landscape'>\n\t\t\t\t<a href='https:\/\/zs.gromnik.pl\/zs\/rok-szkolny-20172018-rozpoczety\/olympus-digital-camera-326\/'><img width=\"150\" height=\"150\" src=\"https:\/\/zs.gromnik.pl\/zs\/wp-content\/uploads\/2017\/09\/P9042176-150x150.jpg\" class=\"attachment-thumbnail size-thumbnail\" alt=\"\" loading=\"lazy\" \/><\/a>\n\t\t\t<\/div><\/figure><figure class='gallery-item'>\n\t\t\t<div class='gallery-icon landscape'>\n\t\t\t\t<a href='https:\/\/zs.gromnik.pl\/zs\/rok-szkolny-20172018-rozpoczety\/olympus-digital-camera-327\/'><img width=\"150\" height=\"150\" src=\"https:\/\/zs.gromnik.pl\/zs\/wp-content\/uploads\/2017\/09\/P9042179-150x150.jpg\" class=\"attachment-thumbnail size-thumbnail\" alt=\"\" loading=\"lazy\" \/><\/a>\n\t\t\t<\/div><\/figure><figure class='gallery-item'>\n\t\t\t<div class='gallery-icon landscape'>\n\t\t\t\t<a href='https:\/\/zs.gromnik.pl\/zs\/rok-szkolny-20172018-rozpoczety\/olympus-digital-camera-328\/'><img width=\"150\" height=\"150\" src=\"https:\/\/zs.gromnik.pl\/zs\/wp-content\/uploads\/2017\/09\/P9042181-150x150.jpg\" class=\"attachment-thumbnail size-thumbnail\" alt=\"\" loading=\"lazy\" \/><\/a>\n\t\t\t<\/div><\/figure><figure class='gallery-item'>\n\t\t\t<div class='gallery-icon landscape'>\n\t\t\t\t<a href='https:\/\/zs.gromnik.pl\/zs\/rok-szkolny-20172018-rozpoczety\/olympus-digital-camera-329\/'><img width=\"150\" height=\"150\" src=\"https:\/\/zs.gromnik.pl\/zs\/wp-content\/uploads\/2017\/09\/P9042183-150x150.jpg\" class=\"attachment-thumbnail size-thumbnail\" alt=\"\" loading=\"lazy\" \/><\/a>\n\t\t\t<\/div><\/figure><figure class='gallery-item'>\n\t\t\t<div class='gallery-icon landscape'>\n\t\t\t\t<a href='https:\/\/zs.gromnik.pl\/zs\/rok-szkolny-20172018-rozpoczety\/olympus-digital-camera-330\/'><img width=\"150\" height=\"150\" src=\"https:\/\/zs.gromnik.pl\/zs\/wp-content\/uploads\/2017\/09\/P9042184-150x150.jpg\" class=\"attachment-thumbnail size-thumbnail\" alt=\"\" loading=\"lazy\" \/><\/a>\n\t\t\t<\/div><\/figure><figure class='gallery-item'>\n\t\t\t<div class='gallery-icon landscape'>\n\t\t\t\t<a href='https:\/\/zs.gromnik.pl\/zs\/rok-szkolny-20172018-rozpoczety\/olympus-digital-camera-331\/'><img width=\"150\" height=\"150\" src=\"https:\/\/zs.gromnik.pl\/zs\/wp-content\/uploads\/2017\/09\/P9042185-150x150.jpg\" class=\"attachment-thumbnail size-thumbnail\" alt=\"\" loading=\"lazy\" \/><\/a>\n\t\t\t<\/div><\/figure><figure class='gallery-item'>\n\t\t\t<div class='gallery-icon landscape'>\n\t\t\t\t<a href='https:\/\/zs.gromnik.pl\/zs\/rok-szkolny-20172018-rozpoczety\/olympus-digital-camera-332\/'><img width=\"150\" height=\"150\" src=\"https:\/\/zs.gromnik.pl\/zs\/wp-content\/uploads\/2017\/09\/P9042186-150x150.jpg\" class=\"attachment-thumbnail size-thumbnail\" alt=\"\" loading=\"lazy\" \/><\/a>\n\t\t\t<\/div><\/figure><figure class='gallery-item'>\n\t\t\t<div class='gallery-icon landscape'>\n\t\t\t\t<a href='https:\/\/zs.gromnik.pl\/zs\/rok-szkolny-20172018-rozpoczety\/olympus-digital-camera-333\/'><img width=\"150\" height=\"150\" src=\"https:\/\/zs.gromnik.pl\/zs\/wp-content\/uploads\/2017\/09\/P9042187-150x150.jpg\" class=\"attachment-thumbnail size-thumbnail\" alt=\"\" loading=\"lazy\" \/><\/a>\n\t\t\t<\/div><\/figure><figure class='gallery-item'>\n\t\t\t<div class='gallery-icon portrait'>\n\t\t\t\t<a href='https:\/\/zs.gromnik.pl\/zs\/rok-szkolny-20172018-rozpoczety\/olympus-digital-camera-334\/'><img width=\"150\" height=\"150\" src=\"https:\/\/zs.gromnik.pl\/zs\/wp-content\/uploads\/2017\/09\/P9042190-150x150.jpg\" class=\"attachment-thumbnail size-thumbnail\" alt=\"\" loading=\"lazy\" \/><\/a>\n\t\t\t<\/div><\/figure><figure class='gallery-item'>\n\t\t\t<div class='gallery-icon landscape'>\n\t\t\t\t<a href='https:\/\/zs.gromnik.pl\/zs\/rok-szkolny-20172018-rozpoczety\/olympus-digital-camera-335\/'><img width=\"150\" height=\"150\" src=\"https:\/\/zs.gromnik.pl\/zs\/wp-content\/uploads\/2017\/09\/P9042191-150x150.jpg\" class=\"attachment-thumbnail size-thumbnail\" alt=\"\" loading=\"lazy\" \/><\/a>\n\t\t\t<\/div><\/figure><figure class='gallery-item'>\n\t\t\t<div class='gallery-icon landscape'>\n\t\t\t\t<a href='https:\/\/zs.gromnik.pl\/zs\/rok-szkolny-20172018-rozpoczety\/olympus-digital-camera-336\/'><img width=\"150\" height=\"150\" src=\"https:\/\/zs.gromnik.pl\/zs\/wp-content\/uploads\/2017\/09\/P9042194-150x150.jpg\" class=\"attachment-thumbnail size-thumbnail\" alt=\"\" loading=\"lazy\" \/><\/a>\n\t\t\t<\/div><\/figure><figure class='gallery-item'>\n\t\t\t<div class='gallery-icon landscape'>\n\t\t\t\t<a href='https:\/\/zs.gromnik.pl\/zs\/rok-szkolny-20172018-rozpoczety\/olympus-digital-camera-337\/'><img width=\"150\" height=\"150\" src=\"https:\/\/zs.gromnik.pl\/zs\/wp-content\/uploads\/2017\/09\/P9042195-150x150.jpg\" class=\"attachment-thumbnail size-thumbnail\" alt=\"\" loading=\"lazy\" \/><\/a>\n\t\t\t<\/div><\/figure><figure class='gallery-item'>\n\t\t\t<div class='gallery-icon landscape'>\n\t\t\t\t<a href='https:\/\/zs.gromnik.pl\/zs\/rok-szkolny-20172018-rozpoczety\/olympus-digital-camera-338\/'><img width=\"150\" height=\"150\" src=\"https:\/\/zs.gromnik.pl\/zs\/wp-content\/uploads\/2017\/09\/P9042201-150x150.jpg\" class=\"attachment-thumbnail size-thumbnail\" alt=\"\" loading=\"lazy\" \/><\/a>\n\t\t\t<\/div><\/figure><figure class='gallery-item'>\n\t\t\t<div class='gallery-icon landscape'>\n\t\t\t\t<a href='https:\/\/zs.gromnik.pl\/zs\/rok-szkolny-20172018-rozpoczety\/olympus-digital-camera-339\/'><img width=\"150\" height=\"150\" src=\"https:\/\/zs.gromnik.pl\/zs\/wp-content\/uploads\/2017\/09\/P9042202-150x150.jpg\" class=\"attachment-thumbnail size-thumbnail\" alt=\"\" loading=\"lazy\" \/><\/a>\n\t\t\t<\/div><\/figure><figure class='gallery-item'>\n\t\t\t<div class='gallery-icon portrait'>\n\t\t\t\t<a href='https:\/\/zs.gromnik.pl\/zs\/rok-szkolny-20172018-rozpoczety\/olympus-digital-camera-340\/'><img width=\"150\" height=\"150\" src=\"https:\/\/zs.gromnik.pl\/zs\/wp-content\/uploads\/2017\/09\/P9042212-150x150.jpg\" class=\"attachment-thumbnail size-thumbnail\" alt=\"\" loading=\"lazy\" \/><\/a>\n\t\t\t<\/div><\/figure><figure class='gallery-item'>\n\t\t\t<div class='gallery-icon portrait'>\n\t\t\t\t<a href='https:\/\/zs.gromnik.pl\/zs\/rok-szkolny-20172018-rozpoczety\/olympus-digital-camera-341\/'><img width=\"150\" height=\"150\" src=\"https:\/\/zs.gromnik.pl\/zs\/wp-content\/uploads\/2017\/09\/P9042219-150x150.jpg\" class=\"attachment-thumbnail size-thumbnail\" alt=\"\" loading=\"lazy\" \/><\/a>\n\t\t\t<\/div><\/figure><figure class='gallery-item'>\n\t\t\t<div class='gallery-icon portrait'>\n\t\t\t\t<a href='https:\/\/zs.gromnik.pl\/zs\/rok-szkolny-20172018-rozpoczety\/olympus-digital-camera-342\/'><img width=\"150\" height=\"150\" src=\"https:\/\/zs.gromnik.pl\/zs\/wp-content\/uploads\/2017\/09\/P9042224-150x150.jpg\" class=\"attachment-thumbnail size-thumbnail\" alt=\"\" loading=\"lazy\" \/><\/a>\n\t\t\t<\/div><\/figure><figure class='gallery-item'>\n\t\t\t<div class='gallery-icon portrait'>\n\t\t\t\t<a href='https:\/\/zs.gromnik.pl\/zs\/rok-szkolny-20172018-rozpoczety\/olympus-digital-camera-343\/'><img width=\"150\" height=\"150\" src=\"https:\/\/zs.gromnik.pl\/zs\/wp-content\/uploads\/2017\/09\/P9042228-150x150.jpg\" class=\"attachment-thumbnail size-thumbnail\" alt=\"\" loading=\"lazy\" \/><\/a>\n\t\t\t<\/div><\/figure><figure class='gallery-item'>\n\t\t\t<div class='gallery-icon portrait'>\n\t\t\t\t<a href='https:\/\/zs.gromnik.pl\/zs\/rok-szkolny-20172018-rozpoczety\/olympus-digital-camera-344\/'><img width=\"150\" height=\"150\" src=\"https:\/\/zs.gromnik.pl\/zs\/wp-content\/uploads\/2017\/09\/P9042229-150x150.jpg\" class=\"attachment-thumbnail size-thumbnail\" alt=\"\" loading=\"lazy\" \/><\/a>\n\t\t\t<\/div><\/figure>\n\t\t<\/div>\n\n","protected":false},"excerpt":{"rendered":"<p>Wyj\u0105tkowo 4 wrze\u015bnia 2017 r. mia\u0142o miejsce rozpocz\u0119cie nowego 2017\/2018 roku szkolnego. Tradycyjnie o godz. 8.00 zainaugurowali\u015bmy go msz\u0105 \u015bw. w ko\u015bciele parafialnym w Gromniku. P\u00f3\u017aniej monta\u017c s\u0142owno &#8211; muzyczny przypomnia\u0142 nam o wydarzeniach sprzed 78 laty, kiedy to m\u0142odzi ludzie nie poszli do szko\u0142y&#8230; Chwile zadumy i refleksji nad tym co si\u0119 wydarzy\u0142o w historii naszej Ojczyzny. Na zako\u0144czenie spotkanie z wychowawc\u0105, w niekt\u00f3rych przypadkach now\u0105 osob\u0105 i &#8230; pierwszy dzwonek. Na czas nowego roku szkolnego \u017cyczymy, aby ten rok by\u0142 bezpieczny, pe\u0142en sukces\u00f3w i radosnych chwil. Oby\u015bmy w czerwcu mogli powiedzie\u0107, \u017ce si\u0119 uda\u0142o, \u017ce zrobili\u015bmy to, co do nas nale\u017ca\u0142o &#8211; uczniowie, nauczyciele i rodzice!<\/p>\n","protected":false},"author":1,"featured_media":1765,"comment_status":"closed","ping_status":"open","sticky":false,"template":"","format":"standard","meta":[],"categories":[3],"tags":[],"yoast_head":"<!-- This site is optimized with the Yoast SEO plugin v19.8 - https:\/\/yoast.com\/wordpress\/plugins\/seo\/ -->\n<title>Rok szkolny 2017\/2018 rozpocz\u0119ty! - Zesp\u00f3\u0142 Szk\u00f3\u0142 w Gromniku<\/title>\n<meta name=\"description\" content=\"Zesp\u00f3\u0142 Szk\u00f3\u0142 w Gromniku\" \/>\n<meta name=\"robots\" content=\"index, follow, max-snippet:-1, max-image-preview:large, max-video-preview:-1\" \/>\n<link rel=\"canonical\" href=\"https:\/\/zs.gromnik.pl\/zs\/rok-szkolny-20172018-rozpoczety\/\" \/>\n<meta property=\"og:locale\" content=\"pl_PL\" \/>\n<meta property=\"og:type\" content=\"article\" \/>\n<meta property=\"og:title\" content=\"Rok szkolny 2017\/2018 rozpocz\u0119ty! - Zesp\u00f3\u0142 Szk\u00f3\u0142 w Gromniku\" \/>\n<meta property=\"og:description\" content=\"Zesp\u00f3\u0142 Szk\u00f3\u0142 w Gromniku\" \/>\n<meta property=\"og:url\" content=\"https:\/\/zs.gromnik.pl\/zs\/rok-szkolny-20172018-rozpoczety\/\" \/>\n<meta property=\"og:site_name\" content=\"Zesp\u00f3\u0142 Szk\u00f3\u0142 w Gromniku\" \/>\n<meta property=\"article:publisher\" content=\"https:\/\/www.facebook.com\/zsgromnik\" \/>\n<meta property=\"article:published_time\" content=\"2017-09-05T19:42:46+00:00\" \/>\n<meta property=\"article:modified_time\" content=\"2017-09-19T12:52:39+00:00\" \/>\n<meta property=\"og:image\" content=\"https:\/\/zs.gromnik.pl\/zs\/wp-content\/uploads\/2017\/09\/uroczyste-rozpoczecie-roku-szkolnego-2015-2016-4d4.jpg\" \/>\n\t<meta property=\"og:image:width\" content=\"1200\" \/>\n\t<meta property=\"og:image:height\" content=\"911\" \/>\n\t<meta property=\"og:image:type\" content=\"image\/jpeg\" \/>\n<meta name=\"author\" content=\"admin\" \/>\n<meta name=\"twitter:card\" content=\"summary_large_image\" \/>\n<meta name=\"twitter:label1\" content=\"Napisane przez\" \/>\n\t<meta name=\"twitter:data1\" content=\"admin\" \/>\n\t<meta name=\"twitter:label2\" content=\"Szacowany czas czytania\" \/>\n\t<meta name=\"twitter:data2\" content=\"1 minuta\" \/>\n<script type=\"application\/ld+json\" class=\"yoast-schema-graph\">{\"@context\":\"https:\/\/schema.org\",\"@graph\":[{\"@type\":\"WebPage\",\"@id\":\"https:\/\/zs.gromnik.pl\/zs\/rok-szkolny-20172018-rozpoczety\/\",\"url\":\"https:\/\/zs.gromnik.pl\/zs\/rok-szkolny-20172018-rozpoczety\/\",\"name\":\"Rok szkolny 2017\/2018 rozpocz\u0119ty! - Zesp\u00f3\u0142 Szk\u00f3\u0142 w Gromniku\",\"isPartOf\":{\"@id\":\"https:\/\/zs.gromnik.pl\/zs\/#website\"},\"datePublished\":\"2017-09-05T19:42:46+00:00\",\"dateModified\":\"2017-09-19T12:52:39+00:00\",\"author\":{\"@id\":\"https:\/\/zs.gromnik.pl\/zs\/#\/schema\/person\/b197900f67c6133faddc284ae32f97ca\"},\"description\":\"Zesp\u00f3\u0142 Szk\u00f3\u0142 w Gromniku\",\"breadcrumb\":{\"@id\":\"https:\/\/zs.gromnik.pl\/zs\/rok-szkolny-20172018-rozpoczety\/#breadcrumb\"},\"inLanguage\":\"pl-PL\",\"potentialAction\":[{\"@type\":\"ReadAction\",\"target\":[\"https:\/\/zs.gromnik.pl\/zs\/rok-szkolny-20172018-rozpoczety\/\"]}]},{\"@type\":\"BreadcrumbList\",\"@id\":\"https:\/\/zs.gromnik.pl\/zs\/rok-szkolny-20172018-rozpoczety\/#breadcrumb\",\"itemListElement\":[{\"@type\":\"ListItem\",\"position\":1,\"name\":\"Strona g\u0142\u00f3wna\",\"item\":\"https:\/\/zs.gromnik.pl\/zs\/\"},{\"@type\":\"ListItem\",\"position\":2,\"name\":\"Rok szkolny 2017\/2018 rozpocz\u0119ty!\"}]},{\"@type\":\"WebSite\",\"@id\":\"https:\/\/zs.gromnik.pl\/zs\/#website\",\"url\":\"https:\/\/zs.gromnik.pl\/zs\/\",\"name\":\"Zesp\u00f3\u0142 Szk\u00f3\u0142 w Gromniku\",\"description\":\"\",\"potentialAction\":[{\"@type\":\"SearchAction\",\"target\":{\"@type\":\"EntryPoint\",\"urlTemplate\":\"https:\/\/zs.gromnik.pl\/zs\/?s={search_term_string}\"},\"query-input\":\"required name=search_term_string\"}],\"inLanguage\":\"pl-PL\"},{\"@type\":\"Person\",\"@id\":\"https:\/\/zs.gromnik.pl\/zs\/#\/schema\/person\/b197900f67c6133faddc284ae32f97ca\",\"name\":\"admin\",\"image\":{\"@type\":\"ImageObject\",\"inLanguage\":\"pl-PL\",\"@id\":\"https:\/\/zs.gromnik.pl\/zs\/#\/schema\/person\/image\/\",\"url\":\"https:\/\/secure.gravatar.com\/avatar\/f8a2f876dbcc8c8edd809a8ca77a2abe?s=96&d=mm&r=g\",\"contentUrl\":\"https:\/\/secure.gravatar.com\/avatar\/f8a2f876dbcc8c8edd809a8ca77a2abe?s=96&d=mm&r=g\",\"caption\":\"admin\"},\"url\":\"https:\/\/zs.gromnik.pl\/zs\/author\/admin\/\"}]}<\/script>\n<!-- \/ Yoast SEO plugin. -->","yoast_head_json":{"title":"Rok szkolny 2017\/2018 rozpocz\u0119ty! - Zesp\u00f3\u0142 Szk\u00f3\u0142 w Gromniku","description":"Zesp\u00f3\u0142 Szk\u00f3\u0142 w Gromniku","robots":{"index":"index","follow":"follow","max-snippet":"max-snippet:-1","max-image-preview":"max-image-preview:large","max-video-preview":"max-video-preview:-1"},"canonical":"https:\/\/zs.gromnik.pl\/zs\/rok-szkolny-20172018-rozpoczety\/","og_locale":"pl_PL","og_type":"article","og_title":"Rok szkolny 2017\/2018 rozpocz\u0119ty! - Zesp\u00f3\u0142 Szk\u00f3\u0142 w Gromniku","og_description":"Zesp\u00f3\u0142 Szk\u00f3\u0142 w Gromniku","og_url":"https:\/\/zs.gromnik.pl\/zs\/rok-szkolny-20172018-rozpoczety\/","og_site_name":"Zesp\u00f3\u0142 Szk\u00f3\u0142 w Gromniku","article_publisher":"https:\/\/www.facebook.com\/zsgromnik","article_published_time":"2017-09-05T19:42:46+00:00","article_modified_time":"2017-09-19T12:52:39+00:00","og_image":[{"width":1200,"height":911,"url":"https:\/\/zs.gromnik.pl\/zs\/wp-content\/uploads\/2017\/09\/uroczyste-rozpoczecie-roku-szkolnego-2015-2016-4d4.jpg","type":"image\/jpeg"}],"author":"admin","twitter_card":"summary_large_image","twitter_misc":{"Napisane przez":"admin","Szacowany czas czytania":"1 minuta"},"schema":{"@context":"https:\/\/schema.org","@graph":[{"@type":"WebPage","@id":"https:\/\/zs.gromnik.pl\/zs\/rok-szkolny-20172018-rozpoczety\/","url":"https:\/\/zs.gromnik.pl\/zs\/rok-szkolny-20172018-rozpoczety\/","name":"Rok szkolny 2017\/2018 rozpocz\u0119ty! - Zesp\u00f3\u0142 Szk\u00f3\u0142 w Gromniku","isPartOf":{"@id":"https:\/\/zs.gromnik.pl\/zs\/#website"},"datePublished":"2017-09-05T19:42:46+00:00","dateModified":"2017-09-19T12:52:39+00:00","author":{"@id":"https:\/\/zs.gromnik.pl\/zs\/#\/schema\/person\/b197900f67c6133faddc284ae32f97ca"},"description":"Zesp\u00f3\u0142 Szk\u00f3\u0142 w Gromniku","breadcrumb":{"@id":"https:\/\/zs.gromnik.pl\/zs\/rok-szkolny-20172018-rozpoczety\/#breadcrumb"},"inLanguage":"pl-PL","potentialAction":[{"@type":"ReadAction","target":["https:\/\/zs.gromnik.pl\/zs\/rok-szkolny-20172018-rozpoczety\/"]}]},{"@type":"BreadcrumbList","@id":"https:\/\/zs.gromnik.pl\/zs\/rok-szkolny-20172018-rozpoczety\/#breadcrumb","itemListElement":[{"@type":"ListItem","position":1,"name":"Strona g\u0142\u00f3wna","item":"https:\/\/zs.gromnik.pl\/zs\/"},{"@type":"ListItem","position":2,"name":"Rok szkolny 2017\/2018 rozpocz\u0119ty!"}]},{"@type":"WebSite","@id":"https:\/\/zs.gromnik.pl\/zs\/#website","url":"https:\/\/zs.gromnik.pl\/zs\/","name":"Zesp\u00f3\u0142 Szk\u00f3\u0142 w Gromniku","description":"","potentialAction":[{"@type":"SearchAction","target":{"@type":"EntryPoint","urlTemplate":"https:\/\/zs.gromnik.pl\/zs\/?s={search_term_string}"},"query-input":"required name=search_term_string"}],"inLanguage":"pl-PL"},{"@type":"Person","@id":"https:\/\/zs.gromnik.pl\/zs\/#\/schema\/person\/b197900f67c6133faddc284ae32f97ca","name":"admin","image":{"@type":"ImageObject","inLanguage":"pl-PL","@id":"https:\/\/zs.gromnik.pl\/zs\/#\/schema\/person\/image\/","url":"https:\/\/secure.gravatar.com\/avatar\/f8a2f876dbcc8c8edd809a8ca77a2abe?s=96&d=mm&r=g","contentUrl":"https:\/\/secure.gravatar.com\/avatar\/f8a2f876dbcc8c8edd809a8ca77a2abe?s=96&d=mm&r=g","caption":"admin"},"url":"https:\/\/zs.gromnik.pl\/zs\/author\/admin\/"}]}},"_links":{"self":[{"href":"https:\/\/zs.gromnik.pl\/zs\/wp-json\/wp\/v2\/posts\/1764"}],"collection":[{"href":"https:\/\/zs.gromnik.pl\/zs\/wp-json\/wp\/v2\/posts"}],"about":[{"href":"https:\/\/zs.gromnik.pl\/zs\/wp-json\/wp\/v2\/types\/post"}],"author":[{"embeddable":true,"href":"https:\/\/zs.gromnik.pl\/zs\/wp-json\/wp\/v2\/users\/1"}],"replies":[{"embeddable":true,"href":"https:\/\/zs.gromnik.pl\/zs\/wp-json\/wp\/v2\/comments?post=1764"}],"version-history":[{"count":4,"href":"https:\/\/zs.gromnik.pl\/zs\/wp-json\/wp\/v2\/posts\/1764\/revisions"}],"predecessor-version":[{"id":1929,"href":"https:\/\/zs.gromnik.pl\/zs\/wp-json\/wp\/v2\/posts\/1764\/revisions\/1929"}],"wp:featuredmedia":[{"embeddable":true,"href":"https:\/\/zs.gromnik.pl\/zs\/wp-json\/wp\/v2\/media\/1765"}],"wp:attachment":[{"href":"https:\/\/zs.gromnik.pl\/zs\/wp-json\/wp\/v2\/media?parent=1764"}],"wp:term":[{"taxonomy":"category","embeddable":true,"href":"https:\/\/zs.gromnik.pl\/zs\/wp-json\/wp\/v2\/categories?post=1764"},{"taxonomy":"post_tag","embeddable":true,"href":"https:\/\/zs.gromnik.pl\/zs\/wp-json\/wp\/v2\/tags?post=1764"}],"curies":[{"name":"wp","href":"https:\/\/api.w.org\/{rel}","templated":true}]}}