{"id":18880,"date":"2025-10-24T22:41:52","date_gmt":"2025-10-24T20:41:52","guid":{"rendered":"https:\/\/zs.gromnik.pl\/zs\/?p=18880"},"modified":"2025-10-24T22:41:54","modified_gmt":"2025-10-24T20:41:54","slug":"wycieczka-do-muzeum-ii-wojny-swiatowej-w-tarnowie","status":"publish","type":"post","link":"https:\/\/zs.gromnik.pl\/zs\/wycieczka-do-muzeum-ii-wojny-swiatowej-w-tarnowie\/","title":{"rendered":"Wycieczka do Muzeum II Wojny \u015awiatowej w Tarnowie"},"content":{"rendered":"\n<p>16 pa\u017adziernika uczniowie szko\u0142y filialnej w Golance\u00a0 wybrali si\u0119 w podr\u00f3\u017c do przesz\u0142o\u015bci. W Regionalnym Centrum Edukacji o Pami\u0119ci odkrywali tajemnice wydarze\u0144 II wojny \u015bwiatowej w spos\u00f3b przyst\u0119pny i dostosowany do ich wieku.<\/p>\n\n\n\n<p>Udzia\u0142 w zaj\u0119ciach pozwoli\u0142 odkry\u0107 wiele nieznanych fakt\u00f3w mi\u0119dzy innymi pozna\u0107 bli\u017cej zwierz\u0119cych bohater\u00f3w, kt\u00f3rzy wspierali \u017co\u0142nierzy podczas wojen. Po lekcji historii wybrali\u015bmy si\u0119 na wsp\u00f3lny posi\u0142ek. Na koniec zosta\u0142a rekreacja na \u015bwie\u017cym powietrzu.&nbsp; Pogoda sprzyja\u0142a, wi\u0119c wybrali\u015bmy si\u0119 do Parku Strzeleckiego gdzie zwiedzali\u015bmy \u015bcie\u017ck\u0119 przyrodniczo- dydaktyczn\u0105. Nie mog\u0142o te\u017c zabrakn\u0105\u0107 czasu na dobr\u0105 zabaw\u0119 na placu zabaw.<\/p>\n\n\n\n<p>Zwie\u0144czeniem wycieczki by\u0142a podr\u00f3\u017c poci\u0105giem, kt\u00f3ra zawsze sprawia wiele rado\u015bci.<\/p>\n\n\n\n<figure class=\"wp-container-2 wp-block-gallery-1 wp-block-gallery has-nested-images columns-default is-cropped\">\n<figure class=\"wp-block-image size-large\"><img loading=\"lazy\" width=\"473\" height=\"1024\" data-id=\"18882\"  src=\"https:\/\/zs.gromnik.pl\/zs\/wp-content\/uploads\/2025\/10\/20251016_091504-473x1024.jpg\" alt=\"\" class=\"wp-image-18882\" srcset=\"https:\/\/zs.gromnik.pl\/zs\/wp-content\/uploads\/2025\/10\/20251016_091504-473x1024.jpg 473w, https:\/\/zs.gromnik.pl\/zs\/wp-content\/uploads\/2025\/10\/20251016_091504-139x300.jpg 139w, https:\/\/zs.gromnik.pl\/zs\/wp-content\/uploads\/2025\/10\/20251016_091504-768x1663.jpg 768w, https:\/\/zs.gromnik.pl\/zs\/wp-content\/uploads\/2025\/10\/20251016_091504-709x1536.jpg 709w, https:\/\/zs.gromnik.pl\/zs\/wp-content\/uploads\/2025\/10\/20251016_091504-946x2048.jpg 946w, https:\/\/zs.gromnik.pl\/zs\/wp-content\/uploads\/2025\/10\/20251016_091504-1140x2469.jpg 1140w, https:\/\/zs.gromnik.pl\/zs\/wp-content\/uploads\/2025\/10\/20251016_091504-scaled.jpg 1182w\" sizes=\"(max-width: 473px) 100vw, 473px\" \/><\/figure>\n\n\n\n<figure class=\"wp-block-image size-large\"><img loading=\"lazy\" width=\"1024\" height=\"473\" data-id=\"18885\"  src=\"https:\/\/zs.gromnik.pl\/zs\/wp-content\/uploads\/2025\/10\/20251016_083206-1024x473.jpg\" alt=\"\" class=\"wp-image-18885\" srcset=\"https:\/\/zs.gromnik.pl\/zs\/wp-content\/uploads\/2025\/10\/20251016_083206-1024x473.jpg 1024w, https:\/\/zs.gromnik.pl\/zs\/wp-content\/uploads\/2025\/10\/20251016_083206-300x139.jpg 300w, https:\/\/zs.gromnik.pl\/zs\/wp-content\/uploads\/2025\/10\/20251016_083206-768x355.jpg 768w, https:\/\/zs.gromnik.pl\/zs\/wp-content\/uploads\/2025\/10\/20251016_083206-1536x709.jpg 1536w, https:\/\/zs.gromnik.pl\/zs\/wp-content\/uploads\/2025\/10\/20251016_083206-2048x946.jpg 2048w, https:\/\/zs.gromnik.pl\/zs\/wp-content\/uploads\/2025\/10\/20251016_083206-1140x526.jpg 1140w\" sizes=\"(max-width: 1024px) 100vw, 1024px\" \/><\/figure>\n\n\n\n<figure class=\"wp-block-image size-large\"><img loading=\"lazy\" width=\"1024\" height=\"473\" data-id=\"18883\"  src=\"https:\/\/zs.gromnik.pl\/zs\/wp-content\/uploads\/2025\/10\/20251016_091513-1024x473.jpg\" alt=\"\" class=\"wp-image-18883\" srcset=\"https:\/\/zs.gromnik.pl\/zs\/wp-content\/uploads\/2025\/10\/20251016_091513-1024x473.jpg 1024w, https:\/\/zs.gromnik.pl\/zs\/wp-content\/uploads\/2025\/10\/20251016_091513-300x139.jpg 300w, https:\/\/zs.gromnik.pl\/zs\/wp-content\/uploads\/2025\/10\/20251016_091513-768x355.jpg 768w, https:\/\/zs.gromnik.pl\/zs\/wp-content\/uploads\/2025\/10\/20251016_091513-1536x709.jpg 1536w, https:\/\/zs.gromnik.pl\/zs\/wp-content\/uploads\/2025\/10\/20251016_091513-2048x946.jpg 2048w, https:\/\/zs.gromnik.pl\/zs\/wp-content\/uploads\/2025\/10\/20251016_091513-1140x526.jpg 1140w\" sizes=\"(max-width: 1024px) 100vw, 1024px\" \/><\/figure>\n\n\n\n<figure class=\"wp-block-image size-large\"><img loading=\"lazy\" width=\"1024\" height=\"473\" data-id=\"18881\"  src=\"https:\/\/zs.gromnik.pl\/zs\/wp-content\/uploads\/2025\/10\/20251016_083159-1024x473.jpg\" alt=\"\" class=\"wp-image-18881\" srcset=\"https:\/\/zs.gromnik.pl\/zs\/wp-content\/uploads\/2025\/10\/20251016_083159-1024x473.jpg 1024w, https:\/\/zs.gromnik.pl\/zs\/wp-content\/uploads\/2025\/10\/20251016_083159-300x139.jpg 300w, https:\/\/zs.gromnik.pl\/zs\/wp-content\/uploads\/2025\/10\/20251016_083159-768x355.jpg 768w, https:\/\/zs.gromnik.pl\/zs\/wp-content\/uploads\/2025\/10\/20251016_083159-1536x709.jpg 1536w, https:\/\/zs.gromnik.pl\/zs\/wp-content\/uploads\/2025\/10\/20251016_083159-2048x946.jpg 2048w, https:\/\/zs.gromnik.pl\/zs\/wp-content\/uploads\/2025\/10\/20251016_083159-1140x526.jpg 1140w\" sizes=\"(max-width: 1024px) 100vw, 1024px\" \/><\/figure>\n\n\n\n<figure class=\"wp-block-image size-large\"><img loading=\"lazy\" width=\"473\" height=\"1024\" data-id=\"18884\"  src=\"https:\/\/zs.gromnik.pl\/zs\/wp-content\/uploads\/2025\/10\/20251016_091458-473x1024.jpg\" alt=\"\" class=\"wp-image-18884\" srcset=\"https:\/\/zs.gromnik.pl\/zs\/wp-content\/uploads\/2025\/10\/20251016_091458-473x1024.jpg 473w, https:\/\/zs.gromnik.pl\/zs\/wp-content\/uploads\/2025\/10\/20251016_091458-139x300.jpg 139w, https:\/\/zs.gromnik.pl\/zs\/wp-content\/uploads\/2025\/10\/20251016_091458-768x1663.jpg 768w, https:\/\/zs.gromnik.pl\/zs\/wp-content\/uploads\/2025\/10\/20251016_091458-709x1536.jpg 709w, https:\/\/zs.gromnik.pl\/zs\/wp-content\/uploads\/2025\/10\/20251016_091458-946x2048.jpg 946w, https:\/\/zs.gromnik.pl\/zs\/wp-content\/uploads\/2025\/10\/20251016_091458-1140x2469.jpg 1140w, https:\/\/zs.gromnik.pl\/zs\/wp-content\/uploads\/2025\/10\/20251016_091458-scaled.jpg 1182w\" sizes=\"(max-width: 473px) 100vw, 473px\" \/><\/figure>\n<\/figure>\n\n\n\n<figure class=\"wp-container-4 wp-block-gallery-3 wp-block-gallery has-nested-images columns-default is-cropped\">\n<figure class=\"wp-block-image size-large\"><img loading=\"lazy\" width=\"1024\" height=\"473\" data-id=\"18886\"  src=\"https:\/\/zs.gromnik.pl\/zs\/wp-content\/uploads\/2025\/10\/20251016_115743-1024x473.jpg\" alt=\"\" class=\"wp-image-18886\" srcset=\"https:\/\/zs.gromnik.pl\/zs\/wp-content\/uploads\/2025\/10\/20251016_115743-1024x473.jpg 1024w, https:\/\/zs.gromnik.pl\/zs\/wp-content\/uploads\/2025\/10\/20251016_115743-300x139.jpg 300w, https:\/\/zs.gromnik.pl\/zs\/wp-content\/uploads\/2025\/10\/20251016_115743-768x355.jpg 768w, https:\/\/zs.gromnik.pl\/zs\/wp-content\/uploads\/2025\/10\/20251016_115743-1536x709.jpg 1536w, https:\/\/zs.gromnik.pl\/zs\/wp-content\/uploads\/2025\/10\/20251016_115743-2048x946.jpg 2048w, https:\/\/zs.gromnik.pl\/zs\/wp-content\/uploads\/2025\/10\/20251016_115743-1140x526.jpg 1140w\" sizes=\"(max-width: 1024px) 100vw, 1024px\" \/><\/figure>\n\n\n\n<figure class=\"wp-block-image size-large\"><img loading=\"lazy\" width=\"1024\" height=\"473\" data-id=\"18891\"  src=\"https:\/\/zs.gromnik.pl\/zs\/wp-content\/uploads\/2025\/10\/20251016_120039-1024x473.jpg\" alt=\"\" class=\"wp-image-18891\" srcset=\"https:\/\/zs.gromnik.pl\/zs\/wp-content\/uploads\/2025\/10\/20251016_120039-1024x473.jpg 1024w, https:\/\/zs.gromnik.pl\/zs\/wp-content\/uploads\/2025\/10\/20251016_120039-300x139.jpg 300w, https:\/\/zs.gromnik.pl\/zs\/wp-content\/uploads\/2025\/10\/20251016_120039-768x355.jpg 768w, https:\/\/zs.gromnik.pl\/zs\/wp-content\/uploads\/2025\/10\/20251016_120039-1536x709.jpg 1536w, https:\/\/zs.gromnik.pl\/zs\/wp-content\/uploads\/2025\/10\/20251016_120039-2048x946.jpg 2048w, https:\/\/zs.gromnik.pl\/zs\/wp-content\/uploads\/2025\/10\/20251016_120039-1140x526.jpg 1140w\" sizes=\"(max-width: 1024px) 100vw, 1024px\" \/><\/figure>\n\n\n\n<figure class=\"wp-block-image size-large\"><img loading=\"lazy\" width=\"1024\" height=\"473\" data-id=\"18892\"  src=\"https:\/\/zs.gromnik.pl\/zs\/wp-content\/uploads\/2025\/10\/20251016_114841-1024x473.jpg\" alt=\"\" class=\"wp-image-18892\" srcset=\"https:\/\/zs.gromnik.pl\/zs\/wp-content\/uploads\/2025\/10\/20251016_114841-1024x473.jpg 1024w, https:\/\/zs.gromnik.pl\/zs\/wp-content\/uploads\/2025\/10\/20251016_114841-300x139.jpg 300w, https:\/\/zs.gromnik.pl\/zs\/wp-content\/uploads\/2025\/10\/20251016_114841-768x355.jpg 768w, https:\/\/zs.gromnik.pl\/zs\/wp-content\/uploads\/2025\/10\/20251016_114841-1536x709.jpg 1536w, https:\/\/zs.gromnik.pl\/zs\/wp-content\/uploads\/2025\/10\/20251016_114841-2048x946.jpg 2048w, https:\/\/zs.gromnik.pl\/zs\/wp-content\/uploads\/2025\/10\/20251016_114841-1140x526.jpg 1140w\" sizes=\"(max-width: 1024px) 100vw, 1024px\" \/><\/figure>\n\n\n\n<figure class=\"wp-block-image size-large\"><img loading=\"lazy\" width=\"473\" height=\"1024\" data-id=\"18889\"  src=\"https:\/\/zs.gromnik.pl\/zs\/wp-content\/uploads\/2025\/10\/20251016_092828-473x1024.jpg\" alt=\"\" class=\"wp-image-18889\" srcset=\"https:\/\/zs.gromnik.pl\/zs\/wp-content\/uploads\/2025\/10\/20251016_092828-473x1024.jpg 473w, https:\/\/zs.gromnik.pl\/zs\/wp-content\/uploads\/2025\/10\/20251016_092828-139x300.jpg 139w, https:\/\/zs.gromnik.pl\/zs\/wp-content\/uploads\/2025\/10\/20251016_092828-768x1663.jpg 768w, https:\/\/zs.gromnik.pl\/zs\/wp-content\/uploads\/2025\/10\/20251016_092828-709x1536.jpg 709w, https:\/\/zs.gromnik.pl\/zs\/wp-content\/uploads\/2025\/10\/20251016_092828-946x2048.jpg 946w, https:\/\/zs.gromnik.pl\/zs\/wp-content\/uploads\/2025\/10\/20251016_092828-1140x2469.jpg 1140w, https:\/\/zs.gromnik.pl\/zs\/wp-content\/uploads\/2025\/10\/20251016_092828-scaled.jpg 1182w\" sizes=\"(max-width: 473px) 100vw, 473px\" \/><\/figure>\n\n\n\n<figure class=\"wp-block-image size-large\"><img loading=\"lazy\" width=\"1024\" height=\"473\" data-id=\"18890\"  src=\"https:\/\/zs.gromnik.pl\/zs\/wp-content\/uploads\/2025\/10\/20251016_105026-1024x473.jpg\" alt=\"\" class=\"wp-image-18890\" srcset=\"https:\/\/zs.gromnik.pl\/zs\/wp-content\/uploads\/2025\/10\/20251016_105026-1024x473.jpg 1024w, https:\/\/zs.gromnik.pl\/zs\/wp-content\/uploads\/2025\/10\/20251016_105026-300x139.jpg 300w, https:\/\/zs.gromnik.pl\/zs\/wp-content\/uploads\/2025\/10\/20251016_105026-768x355.jpg 768w, https:\/\/zs.gromnik.pl\/zs\/wp-content\/uploads\/2025\/10\/20251016_105026-1536x709.jpg 1536w, https:\/\/zs.gromnik.pl\/zs\/wp-content\/uploads\/2025\/10\/20251016_105026-2048x946.jpg 2048w, https:\/\/zs.gromnik.pl\/zs\/wp-content\/uploads\/2025\/10\/20251016_105026-1140x526.jpg 1140w\" sizes=\"(max-width: 1024px) 100vw, 1024px\" \/><\/figure>\n\n\n\n<figure class=\"wp-block-image size-large\"><img loading=\"lazy\" width=\"473\" height=\"1024\" data-id=\"18888\"  src=\"https:\/\/zs.gromnik.pl\/zs\/wp-content\/uploads\/2025\/10\/20251016_093026-473x1024.jpg\" alt=\"\" class=\"wp-image-18888\" srcset=\"https:\/\/zs.gromnik.pl\/zs\/wp-content\/uploads\/2025\/10\/20251016_093026-473x1024.jpg 473w, https:\/\/zs.gromnik.pl\/zs\/wp-content\/uploads\/2025\/10\/20251016_093026-139x300.jpg 139w, https:\/\/zs.gromnik.pl\/zs\/wp-content\/uploads\/2025\/10\/20251016_093026-768x1663.jpg 768w, https:\/\/zs.gromnik.pl\/zs\/wp-content\/uploads\/2025\/10\/20251016_093026-709x1536.jpg 709w, https:\/\/zs.gromnik.pl\/zs\/wp-content\/uploads\/2025\/10\/20251016_093026-946x2048.jpg 946w, https:\/\/zs.gromnik.pl\/zs\/wp-content\/uploads\/2025\/10\/20251016_093026-1140x2469.jpg 1140w, https:\/\/zs.gromnik.pl\/zs\/wp-content\/uploads\/2025\/10\/20251016_093026-scaled.jpg 1182w\" sizes=\"(max-width: 473px) 100vw, 473px\" \/><\/figure>\n\n\n\n<figure class=\"wp-block-image size-large\"><img loading=\"lazy\" width=\"473\" height=\"1024\" data-id=\"18893\"  src=\"https:\/\/zs.gromnik.pl\/zs\/wp-content\/uploads\/2025\/10\/20251016_114305-473x1024.jpg\" alt=\"\" class=\"wp-image-18893\" srcset=\"https:\/\/zs.gromnik.pl\/zs\/wp-content\/uploads\/2025\/10\/20251016_114305-473x1024.jpg 473w, https:\/\/zs.gromnik.pl\/zs\/wp-content\/uploads\/2025\/10\/20251016_114305-139x300.jpg 139w, https:\/\/zs.gromnik.pl\/zs\/wp-content\/uploads\/2025\/10\/20251016_114305-768x1663.jpg 768w, https:\/\/zs.gromnik.pl\/zs\/wp-content\/uploads\/2025\/10\/20251016_114305-709x1536.jpg 709w, https:\/\/zs.gromnik.pl\/zs\/wp-content\/uploads\/2025\/10\/20251016_114305-946x2048.jpg 946w, https:\/\/zs.gromnik.pl\/zs\/wp-content\/uploads\/2025\/10\/20251016_114305-1140x2469.jpg 1140w, https:\/\/zs.gromnik.pl\/zs\/wp-content\/uploads\/2025\/10\/20251016_114305-scaled.jpg 1182w\" sizes=\"(max-width: 473px) 100vw, 473px\" \/><\/figure>\n\n\n\n<figure class=\"wp-block-image size-large\"><img loading=\"lazy\" width=\"1024\" height=\"473\" data-id=\"18887\"  src=\"https:\/\/zs.gromnik.pl\/zs\/wp-content\/uploads\/2025\/10\/20251016_092813-1024x473.jpg\" alt=\"\" class=\"wp-image-18887\" srcset=\"https:\/\/zs.gromnik.pl\/zs\/wp-content\/uploads\/2025\/10\/20251016_092813-1024x473.jpg 1024w, https:\/\/zs.gromnik.pl\/zs\/wp-content\/uploads\/2025\/10\/20251016_092813-300x139.jpg 300w, https:\/\/zs.gromnik.pl\/zs\/wp-content\/uploads\/2025\/10\/20251016_092813-768x355.jpg 768w, https:\/\/zs.gromnik.pl\/zs\/wp-content\/uploads\/2025\/10\/20251016_092813-1536x709.jpg 1536w, https:\/\/zs.gromnik.pl\/zs\/wp-content\/uploads\/2025\/10\/20251016_092813-2048x946.jpg 2048w, https:\/\/zs.gromnik.pl\/zs\/wp-content\/uploads\/2025\/10\/20251016_092813-1140x526.jpg 1140w\" sizes=\"(max-width: 1024px) 100vw, 1024px\" \/><\/figure>\n<\/figure>\n","protected":false},"excerpt":{"rendered":"<p>16 pa\u017adziernika uczniowie szko\u0142y filialnej w Golance\u00a0 wybrali si\u0119 w podr\u00f3\u017c do przesz\u0142o\u015bci. W Regionalnym Centrum Edukacji o Pami\u0119ci odkrywali tajemnice wydarze\u0144 II wojny \u015bwiatowej w spos\u00f3b przyst\u0119pny i dostosowany do ich wieku. Udzia\u0142 w zaj\u0119ciach pozwoli\u0142 odkry\u0107 wiele nieznanych fakt\u00f3w mi\u0119dzy innymi pozna\u0107 bli\u017cej zwierz\u0119cych bohater\u00f3w, kt\u00f3rzy wspierali \u017co\u0142nierzy podczas wojen. Po lekcji historii wybrali\u015bmy si\u0119 na wsp\u00f3lny posi\u0142ek. Na koniec zosta\u0142a rekreacja na \u015bwie\u017cym powietrzu.&nbsp; Pogoda sprzyja\u0142a, wi\u0119c wybrali\u015bmy si\u0119 do Parku Strzeleckiego gdzie zwiedzali\u015bmy \u015bcie\u017ck\u0119 przyrodniczo- dydaktyczn\u0105. Nie mog\u0142o te\u017c zabrakn\u0105\u0107 czasu na dobr\u0105 zabaw\u0119 na placu zabaw. Zwie\u0144czeniem wycieczki by\u0142a podr\u00f3\u017c poci\u0105giem, kt\u00f3ra zawsze sprawia wiele rado\u015bci.<\/p>\n","protected":false},"author":8,"featured_media":18884,"comment_status":"closed","ping_status":"open","sticky":false,"template":"","format":"standard","meta":[],"categories":[3,16],"tags":[],"yoast_head":"<!-- This site is optimized with the Yoast SEO plugin v19.8 - https:\/\/yoast.com\/wordpress\/plugins\/seo\/ -->\n<title>Wycieczka do Muzeum II Wojny \u015awiatowej w Tarnowie - Zesp\u00f3\u0142 Szk\u00f3\u0142 w Gromniku<\/title>\n<meta name=\"description\" content=\"Zesp\u00f3\u0142 Szk\u00f3\u0142 w Gromniku\" \/>\n<meta name=\"robots\" content=\"index, follow, max-snippet:-1, max-image-preview:large, max-video-preview:-1\" \/>\n<link rel=\"canonical\" href=\"https:\/\/zs.gromnik.pl\/zs\/wycieczka-do-muzeum-ii-wojny-swiatowej-w-tarnowie\/\" \/>\n<meta property=\"og:locale\" content=\"pl_PL\" \/>\n<meta property=\"og:type\" content=\"article\" \/>\n<meta property=\"og:title\" content=\"Wycieczka do Muzeum II Wojny \u015awiatowej w Tarnowie - Zesp\u00f3\u0142 Szk\u00f3\u0142 w Gromniku\" \/>\n<meta property=\"og:description\" content=\"Zesp\u00f3\u0142 Szk\u00f3\u0142 w Gromniku\" \/>\n<meta property=\"og:url\" content=\"https:\/\/zs.gromnik.pl\/zs\/wycieczka-do-muzeum-ii-wojny-swiatowej-w-tarnowie\/\" \/>\n<meta property=\"og:site_name\" content=\"Zesp\u00f3\u0142 Szk\u00f3\u0142 w Gromniku\" \/>\n<meta property=\"article:publisher\" content=\"https:\/\/www.facebook.com\/zsgromnik\" \/>\n<meta property=\"article:published_time\" content=\"2025-10-24T20:41:52+00:00\" \/>\n<meta property=\"article:modified_time\" content=\"2025-10-24T20:41:54+00:00\" \/>\n<meta property=\"og:image\" content=\"https:\/\/zs.gromnik.pl\/zs\/wp-content\/uploads\/2025\/10\/20251016_091458-scaled.jpg\" \/>\n\t<meta property=\"og:image:width\" content=\"1182\" \/>\n\t<meta property=\"og:image:height\" content=\"2560\" \/>\n\t<meta property=\"og:image:type\" content=\"image\/jpeg\" \/>\n<meta name=\"author\" content=\"Natalia Chrzanowska\" \/>\n<meta name=\"twitter:card\" content=\"summary_large_image\" \/>\n<meta name=\"twitter:label1\" content=\"Napisane przez\" \/>\n\t<meta name=\"twitter:data1\" content=\"Natalia Chrzanowska\" \/>\n\t<meta name=\"twitter:label2\" content=\"Szacowany czas czytania\" \/>\n\t<meta name=\"twitter:data2\" content=\"1 minuta\" \/>\n<script type=\"application\/ld+json\" class=\"yoast-schema-graph\">{\"@context\":\"https:\/\/schema.org\",\"@graph\":[{\"@type\":\"WebPage\",\"@id\":\"https:\/\/zs.gromnik.pl\/zs\/wycieczka-do-muzeum-ii-wojny-swiatowej-w-tarnowie\/\",\"url\":\"https:\/\/zs.gromnik.pl\/zs\/wycieczka-do-muzeum-ii-wojny-swiatowej-w-tarnowie\/\",\"name\":\"Wycieczka do Muzeum II Wojny \u015awiatowej w Tarnowie - Zesp\u00f3\u0142 Szk\u00f3\u0142 w Gromniku\",\"isPartOf\":{\"@id\":\"https:\/\/zs.gromnik.pl\/zs\/#website\"},\"datePublished\":\"2025-10-24T20:41:52+00:00\",\"dateModified\":\"2025-10-24T20:41:54+00:00\",\"author\":{\"@id\":\"https:\/\/zs.gromnik.pl\/zs\/#\/schema\/person\/bdc40814dc26b2bfd8d2bb6568cf545b\"},\"description\":\"Zesp\u00f3\u0142 Szk\u00f3\u0142 w Gromniku\",\"breadcrumb\":{\"@id\":\"https:\/\/zs.gromnik.pl\/zs\/wycieczka-do-muzeum-ii-wojny-swiatowej-w-tarnowie\/#breadcrumb\"},\"inLanguage\":\"pl-PL\",\"potentialAction\":[{\"@type\":\"ReadAction\",\"target\":[\"https:\/\/zs.gromnik.pl\/zs\/wycieczka-do-muzeum-ii-wojny-swiatowej-w-tarnowie\/\"]}]},{\"@type\":\"BreadcrumbList\",\"@id\":\"https:\/\/zs.gromnik.pl\/zs\/wycieczka-do-muzeum-ii-wojny-swiatowej-w-tarnowie\/#breadcrumb\",\"itemListElement\":[{\"@type\":\"ListItem\",\"position\":1,\"name\":\"Strona g\u0142\u00f3wna\",\"item\":\"https:\/\/zs.gromnik.pl\/zs\/\"},{\"@type\":\"ListItem\",\"position\":2,\"name\":\"Wycieczka do Muzeum II Wojny \u015awiatowej w Tarnowie\"}]},{\"@type\":\"WebSite\",\"@id\":\"https:\/\/zs.gromnik.pl\/zs\/#website\",\"url\":\"https:\/\/zs.gromnik.pl\/zs\/\",\"name\":\"Zesp\u00f3\u0142 Szk\u00f3\u0142 w Gromniku\",\"description\":\"\",\"potentialAction\":[{\"@type\":\"SearchAction\",\"target\":{\"@type\":\"EntryPoint\",\"urlTemplate\":\"https:\/\/zs.gromnik.pl\/zs\/?s={search_term_string}\"},\"query-input\":\"required name=search_term_string\"}],\"inLanguage\":\"pl-PL\"},{\"@type\":\"Person\",\"@id\":\"https:\/\/zs.gromnik.pl\/zs\/#\/schema\/person\/bdc40814dc26b2bfd8d2bb6568cf545b\",\"name\":\"Natalia Chrzanowska\",\"image\":{\"@type\":\"ImageObject\",\"inLanguage\":\"pl-PL\",\"@id\":\"https:\/\/zs.gromnik.pl\/zs\/#\/schema\/person\/image\/\",\"url\":\"https:\/\/secure.gravatar.com\/avatar\/116a440b0a07f60518f7c1055317e6ab?s=96&d=mm&r=g\",\"contentUrl\":\"https:\/\/secure.gravatar.com\/avatar\/116a440b0a07f60518f7c1055317e6ab?s=96&d=mm&r=g\",\"caption\":\"Natalia Chrzanowska\"},\"url\":\"https:\/\/zs.gromnik.pl\/zs\/author\/nchrzanowska\/\"}]}<\/script>\n<!-- \/ Yoast SEO plugin. -->","yoast_head_json":{"title":"Wycieczka do Muzeum II Wojny \u015awiatowej w Tarnowie - Zesp\u00f3\u0142 Szk\u00f3\u0142 w Gromniku","description":"Zesp\u00f3\u0142 Szk\u00f3\u0142 w Gromniku","robots":{"index":"index","follow":"follow","max-snippet":"max-snippet:-1","max-image-preview":"max-image-preview:large","max-video-preview":"max-video-preview:-1"},"canonical":"https:\/\/zs.gromnik.pl\/zs\/wycieczka-do-muzeum-ii-wojny-swiatowej-w-tarnowie\/","og_locale":"pl_PL","og_type":"article","og_title":"Wycieczka do Muzeum II Wojny \u015awiatowej w Tarnowie - Zesp\u00f3\u0142 Szk\u00f3\u0142 w Gromniku","og_description":"Zesp\u00f3\u0142 Szk\u00f3\u0142 w Gromniku","og_url":"https:\/\/zs.gromnik.pl\/zs\/wycieczka-do-muzeum-ii-wojny-swiatowej-w-tarnowie\/","og_site_name":"Zesp\u00f3\u0142 Szk\u00f3\u0142 w Gromniku","article_publisher":"https:\/\/www.facebook.com\/zsgromnik","article_published_time":"2025-10-24T20:41:52+00:00","article_modified_time":"2025-10-24T20:41:54+00:00","og_image":[{"width":1182,"height":2560,"url":"https:\/\/zs.gromnik.pl\/zs\/wp-content\/uploads\/2025\/10\/20251016_091458-scaled.jpg","type":"image\/jpeg"}],"author":"Natalia Chrzanowska","twitter_card":"summary_large_image","twitter_misc":{"Napisane przez":"Natalia Chrzanowska","Szacowany czas czytania":"1 minuta"},"schema":{"@context":"https:\/\/schema.org","@graph":[{"@type":"WebPage","@id":"https:\/\/zs.gromnik.pl\/zs\/wycieczka-do-muzeum-ii-wojny-swiatowej-w-tarnowie\/","url":"https:\/\/zs.gromnik.pl\/zs\/wycieczka-do-muzeum-ii-wojny-swiatowej-w-tarnowie\/","name":"Wycieczka do Muzeum II Wojny \u015awiatowej w Tarnowie - Zesp\u00f3\u0142 Szk\u00f3\u0142 w Gromniku","isPartOf":{"@id":"https:\/\/zs.gromnik.pl\/zs\/#website"},"datePublished":"2025-10-24T20:41:52+00:00","dateModified":"2025-10-24T20:41:54+00:00","author":{"@id":"https:\/\/zs.gromnik.pl\/zs\/#\/schema\/person\/bdc40814dc26b2bfd8d2bb6568cf545b"},"description":"Zesp\u00f3\u0142 Szk\u00f3\u0142 w Gromniku","breadcrumb":{"@id":"https:\/\/zs.gromnik.pl\/zs\/wycieczka-do-muzeum-ii-wojny-swiatowej-w-tarnowie\/#breadcrumb"},"inLanguage":"pl-PL","potentialAction":[{"@type":"ReadAction","target":["https:\/\/zs.gromnik.pl\/zs\/wycieczka-do-muzeum-ii-wojny-swiatowej-w-tarnowie\/"]}]},{"@type":"BreadcrumbList","@id":"https:\/\/zs.gromnik.pl\/zs\/wycieczka-do-muzeum-ii-wojny-swiatowej-w-tarnowie\/#breadcrumb","itemListElement":[{"@type":"ListItem","position":1,"name":"Strona g\u0142\u00f3wna","item":"https:\/\/zs.gromnik.pl\/zs\/"},{"@type":"ListItem","position":2,"name":"Wycieczka do Muzeum II Wojny \u015awiatowej w Tarnowie"}]},{"@type":"WebSite","@id":"https:\/\/zs.gromnik.pl\/zs\/#website","url":"https:\/\/zs.gromnik.pl\/zs\/","name":"Zesp\u00f3\u0142 Szk\u00f3\u0142 w Gromniku","description":"","potentialAction":[{"@type":"SearchAction","target":{"@type":"EntryPoint","urlTemplate":"https:\/\/zs.gromnik.pl\/zs\/?s={search_term_string}"},"query-input":"required name=search_term_string"}],"inLanguage":"pl-PL"},{"@type":"Person","@id":"https:\/\/zs.gromnik.pl\/zs\/#\/schema\/person\/bdc40814dc26b2bfd8d2bb6568cf545b","name":"Natalia Chrzanowska","image":{"@type":"ImageObject","inLanguage":"pl-PL","@id":"https:\/\/zs.gromnik.pl\/zs\/#\/schema\/person\/image\/","url":"https:\/\/secure.gravatar.com\/avatar\/116a440b0a07f60518f7c1055317e6ab?s=96&d=mm&r=g","contentUrl":"https:\/\/secure.gravatar.com\/avatar\/116a440b0a07f60518f7c1055317e6ab?s=96&d=mm&r=g","caption":"Natalia Chrzanowska"},"url":"https:\/\/zs.gromnik.pl\/zs\/author\/nchrzanowska\/"}]}},"_links":{"self":[{"href":"https:\/\/zs.gromnik.pl\/zs\/wp-json\/wp\/v2\/posts\/18880"}],"collection":[{"href":"https:\/\/zs.gromnik.pl\/zs\/wp-json\/wp\/v2\/posts"}],"about":[{"href":"https:\/\/zs.gromnik.pl\/zs\/wp-json\/wp\/v2\/types\/post"}],"author":[{"embeddable":true,"href":"https:\/\/zs.gromnik.pl\/zs\/wp-json\/wp\/v2\/users\/8"}],"replies":[{"embeddable":true,"href":"https:\/\/zs.gromnik.pl\/zs\/wp-json\/wp\/v2\/comments?post=18880"}],"version-history":[{"count":1,"href":"https:\/\/zs.gromnik.pl\/zs\/wp-json\/wp\/v2\/posts\/18880\/revisions"}],"predecessor-version":[{"id":18894,"href":"https:\/\/zs.gromnik.pl\/zs\/wp-json\/wp\/v2\/posts\/18880\/revisions\/18894"}],"wp:featuredmedia":[{"embeddable":true,"href":"https:\/\/zs.gromnik.pl\/zs\/wp-json\/wp\/v2\/media\/18884"}],"wp:attachment":[{"href":"https:\/\/zs.gromnik.pl\/zs\/wp-json\/wp\/v2\/media?parent=18880"}],"wp:term":[{"taxonomy":"category","embeddable":true,"href":"https:\/\/zs.gromnik.pl\/zs\/wp-json\/wp\/v2\/categories?post=18880"},{"taxonomy":"post_tag","embeddable":true,"href":"https:\/\/zs.gromnik.pl\/zs\/wp-json\/wp\/v2\/tags?post=18880"}],"curies":[{"name":"wp","href":"https:\/\/api.w.org\/{rel}","templated":true}]}}