{"id":18895,"date":"2025-10-24T22:51:34","date_gmt":"2025-10-24T20:51:34","guid":{"rendered":"https:\/\/zs.gromnik.pl\/zs\/?p=18895"},"modified":"2025-10-24T22:51:36","modified_gmt":"2025-10-24T20:51:36","slug":"jesienny-kiermasz-ksiazek-ksiegarni-tuliszkow","status":"publish","type":"post","link":"https:\/\/zs.gromnik.pl\/zs\/jesienny-kiermasz-ksiazek-ksiegarni-tuliszkow\/","title":{"rendered":"Jesienny Kiermasz Ksi\u0105\u017cek Ksi\u0119garni Tuliszk\u00f3w"},"content":{"rendered":"\n<p>Jesie\u0144 rozgo\u015bci\u0142a si\u0119 ju\u017c dobre a wraz z ni\u0105 nadszed\u0142 czas na kolejny Kiermasz Taniej Ksi\u0105\u017cki. Wzorem lat poprzednich serdecznie zapraszam na \u201eJesienny Kiermasz Taniej Ksi\u0105\u017cki z Tuliszkowa\u201d.  W czytelni do 08.12.2025r. mo\u017cna zakupi\u0107 w wyj\u0105tkowo atrakcyjnych cenach:<\/p>\n\n\n\n<ul><li>malowanki bo\u017conarodzeniowe,<\/li><li>ksi\u0105\u017ceczki z naklejkami,<\/li><li>\u0142amig\u0142\u00f3wki, ksi\u0105\u017ceczki edukacyjne<\/li><li>wycinanki,<\/li><li>bajki i ba\u015bnie,<\/li><li>ksi\u0105\u017cki dla dzieci,<\/li><li>ksi\u0105\u017cki dla m\u0142odzie\u017cy,<\/li><li>repetytoria, ksi\u0105\u017cki w j\u0119zyku angielskim<\/li><\/ul>\n\n\n\n<p>Zapraszam serdecznie do zapoznania si\u0119 z ofert\u0105. \u00a020% kwoty ze sprzeda\u017cy ksi\u0119garnia przeka\u017ce bibliotece szkolnej na zakup nowo\u015bci czytelniczych ze swojej oferty.<\/p>\n\n\n\n<figure class=\"wp-container-2 wp-block-gallery-1 wp-block-gallery has-nested-images columns-default is-cropped\">\n<figure class=\"wp-block-image size-large\"><img loading=\"lazy\" width=\"1024\" height=\"768\" data-id=\"18898\"  src=\"https:\/\/zs.gromnik.pl\/zs\/wp-content\/uploads\/2025\/10\/IMG_20251016_131605-1024x768.jpg\" alt=\"\" class=\"wp-image-18898\" srcset=\"https:\/\/zs.gromnik.pl\/zs\/wp-content\/uploads\/2025\/10\/IMG_20251016_131605-1024x768.jpg 1024w, https:\/\/zs.gromnik.pl\/zs\/wp-content\/uploads\/2025\/10\/IMG_20251016_131605-300x225.jpg 300w, https:\/\/zs.gromnik.pl\/zs\/wp-content\/uploads\/2025\/10\/IMG_20251016_131605-768x576.jpg 768w, https:\/\/zs.gromnik.pl\/zs\/wp-content\/uploads\/2025\/10\/IMG_20251016_131605-1536x1152.jpg 1536w, https:\/\/zs.gromnik.pl\/zs\/wp-content\/uploads\/2025\/10\/IMG_20251016_131605-2048x1536.jpg 2048w, https:\/\/zs.gromnik.pl\/zs\/wp-content\/uploads\/2025\/10\/IMG_20251016_131605-1140x855.jpg 1140w\" sizes=\"(max-width: 1024px) 100vw, 1024px\" \/><\/figure>\n\n\n\n<figure class=\"wp-block-image size-large\"><img loading=\"lazy\" width=\"1024\" height=\"768\" data-id=\"18901\"  src=\"https:\/\/zs.gromnik.pl\/zs\/wp-content\/uploads\/2025\/10\/IMG_20251016_131522-1024x768.jpg\" alt=\"\" class=\"wp-image-18901\" srcset=\"https:\/\/zs.gromnik.pl\/zs\/wp-content\/uploads\/2025\/10\/IMG_20251016_131522-1024x768.jpg 1024w, https:\/\/zs.gromnik.pl\/zs\/wp-content\/uploads\/2025\/10\/IMG_20251016_131522-300x225.jpg 300w, https:\/\/zs.gromnik.pl\/zs\/wp-content\/uploads\/2025\/10\/IMG_20251016_131522-768x576.jpg 768w, https:\/\/zs.gromnik.pl\/zs\/wp-content\/uploads\/2025\/10\/IMG_20251016_131522-1536x1152.jpg 1536w, https:\/\/zs.gromnik.pl\/zs\/wp-content\/uploads\/2025\/10\/IMG_20251016_131522-2048x1536.jpg 2048w, https:\/\/zs.gromnik.pl\/zs\/wp-content\/uploads\/2025\/10\/IMG_20251016_131522-1140x855.jpg 1140w\" sizes=\"(max-width: 1024px) 100vw, 1024px\" \/><\/figure>\n\n\n\n<figure class=\"wp-block-image size-large\"><img loading=\"lazy\" width=\"1024\" height=\"768\" data-id=\"18899\"  src=\"https:\/\/zs.gromnik.pl\/zs\/wp-content\/uploads\/2025\/10\/IMG_20251016_131510-1024x768.jpg\" alt=\"\" class=\"wp-image-18899\" srcset=\"https:\/\/zs.gromnik.pl\/zs\/wp-content\/uploads\/2025\/10\/IMG_20251016_131510-1024x768.jpg 1024w, https:\/\/zs.gromnik.pl\/zs\/wp-content\/uploads\/2025\/10\/IMG_20251016_131510-300x225.jpg 300w, https:\/\/zs.gromnik.pl\/zs\/wp-content\/uploads\/2025\/10\/IMG_20251016_131510-768x576.jpg 768w, https:\/\/zs.gromnik.pl\/zs\/wp-content\/uploads\/2025\/10\/IMG_20251016_131510-1536x1152.jpg 1536w, https:\/\/zs.gromnik.pl\/zs\/wp-content\/uploads\/2025\/10\/IMG_20251016_131510-2048x1536.jpg 2048w, https:\/\/zs.gromnik.pl\/zs\/wp-content\/uploads\/2025\/10\/IMG_20251016_131510-1140x855.jpg 1140w\" sizes=\"(max-width: 1024px) 100vw, 1024px\" \/><\/figure>\n\n\n\n<figure class=\"wp-block-image size-large\"><img loading=\"lazy\" width=\"1024\" height=\"768\" data-id=\"18896\"  src=\"https:\/\/zs.gromnik.pl\/zs\/wp-content\/uploads\/2025\/10\/IMG_20251016_131557-1024x768.jpg\" alt=\"\" class=\"wp-image-18896\" srcset=\"https:\/\/zs.gromnik.pl\/zs\/wp-content\/uploads\/2025\/10\/IMG_20251016_131557-1024x768.jpg 1024w, https:\/\/zs.gromnik.pl\/zs\/wp-content\/uploads\/2025\/10\/IMG_20251016_131557-300x225.jpg 300w, https:\/\/zs.gromnik.pl\/zs\/wp-content\/uploads\/2025\/10\/IMG_20251016_131557-768x576.jpg 768w, https:\/\/zs.gromnik.pl\/zs\/wp-content\/uploads\/2025\/10\/IMG_20251016_131557-1536x1152.jpg 1536w, https:\/\/zs.gromnik.pl\/zs\/wp-content\/uploads\/2025\/10\/IMG_20251016_131557-2048x1536.jpg 2048w, https:\/\/zs.gromnik.pl\/zs\/wp-content\/uploads\/2025\/10\/IMG_20251016_131557-1140x855.jpg 1140w\" sizes=\"(max-width: 1024px) 100vw, 1024px\" \/><\/figure>\n\n\n\n<figure class=\"wp-block-image size-large\"><img loading=\"lazy\" width=\"1024\" height=\"768\" data-id=\"18897\"  src=\"https:\/\/zs.gromnik.pl\/zs\/wp-content\/uploads\/2025\/10\/IMG_20251016_131623-1024x768.jpg\" alt=\"\" class=\"wp-image-18897\" srcset=\"https:\/\/zs.gromnik.pl\/zs\/wp-content\/uploads\/2025\/10\/IMG_20251016_131623-1024x768.jpg 1024w, https:\/\/zs.gromnik.pl\/zs\/wp-content\/uploads\/2025\/10\/IMG_20251016_131623-300x225.jpg 300w, https:\/\/zs.gromnik.pl\/zs\/wp-content\/uploads\/2025\/10\/IMG_20251016_131623-768x576.jpg 768w, https:\/\/zs.gromnik.pl\/zs\/wp-content\/uploads\/2025\/10\/IMG_20251016_131623-1536x1152.jpg 1536w, https:\/\/zs.gromnik.pl\/zs\/wp-content\/uploads\/2025\/10\/IMG_20251016_131623-2048x1536.jpg 2048w, https:\/\/zs.gromnik.pl\/zs\/wp-content\/uploads\/2025\/10\/IMG_20251016_131623-1140x855.jpg 1140w\" sizes=\"(max-width: 1024px) 100vw, 1024px\" \/><\/figure>\n\n\n\n<figure class=\"wp-block-image size-large\"><img loading=\"lazy\" width=\"1024\" height=\"768\" data-id=\"18900\"  src=\"https:\/\/zs.gromnik.pl\/zs\/wp-content\/uploads\/2025\/10\/IMG_20251016_131527-1024x768.jpg\" alt=\"\" class=\"wp-image-18900\" srcset=\"https:\/\/zs.gromnik.pl\/zs\/wp-content\/uploads\/2025\/10\/IMG_20251016_131527-1024x768.jpg 1024w, https:\/\/zs.gromnik.pl\/zs\/wp-content\/uploads\/2025\/10\/IMG_20251016_131527-300x225.jpg 300w, https:\/\/zs.gromnik.pl\/zs\/wp-content\/uploads\/2025\/10\/IMG_20251016_131527-768x576.jpg 768w, https:\/\/zs.gromnik.pl\/zs\/wp-content\/uploads\/2025\/10\/IMG_20251016_131527-1536x1152.jpg 1536w, https:\/\/zs.gromnik.pl\/zs\/wp-content\/uploads\/2025\/10\/IMG_20251016_131527-2048x1536.jpg 2048w, https:\/\/zs.gromnik.pl\/zs\/wp-content\/uploads\/2025\/10\/IMG_20251016_131527-1140x855.jpg 1140w\" sizes=\"(max-width: 1024px) 100vw, 1024px\" \/><\/figure>\n<\/figure>\n","protected":false},"excerpt":{"rendered":"<p>Jesie\u0144 rozgo\u015bci\u0142a si\u0119 ju\u017c dobre a wraz z ni\u0105 nadszed\u0142 czas na kolejny Kiermasz Taniej Ksi\u0105\u017cki. Wzorem lat poprzednich serdecznie zapraszam na \u201eJesienny Kiermasz Taniej Ksi\u0105\u017cki z Tuliszkowa\u201d. W czytelni do 08.12.2025r. mo\u017cna zakupi\u0107 w wyj\u0105tkowo atrakcyjnych cenach: malowanki bo\u017conarodzeniowe, ksi\u0105\u017ceczki z naklejkami, \u0142amig\u0142\u00f3wki, ksi\u0105\u017ceczki edukacyjne wycinanki, bajki i ba\u015bnie, ksi\u0105\u017cki dla dzieci, ksi\u0105\u017cki dla m\u0142odzie\u017cy, repetytoria, ksi\u0105\u017cki w j\u0119zyku angielskim Zapraszam serdecznie do zapoznania si\u0119 z ofert\u0105. \u00a020% kwoty ze sprzeda\u017cy ksi\u0119garnia przeka\u017ce bibliotece szkolnej na zakup nowo\u015bci czytelniczych ze swojej oferty.<\/p>\n","protected":false},"author":8,"featured_media":18900,"comment_status":"closed","ping_status":"open","sticky":false,"template":"","format":"standard","meta":[],"categories":[3],"tags":[],"yoast_head":"<!-- This site is optimized with the Yoast SEO plugin v19.8 - https:\/\/yoast.com\/wordpress\/plugins\/seo\/ -->\n<title>Jesienny Kiermasz Ksi\u0105\u017cek Ksi\u0119garni Tuliszk\u00f3w - Zesp\u00f3\u0142 Szk\u00f3\u0142 w Gromniku<\/title>\n<meta name=\"description\" content=\"Zesp\u00f3\u0142 Szk\u00f3\u0142 w Gromniku\" \/>\n<meta name=\"robots\" content=\"index, follow, max-snippet:-1, max-image-preview:large, max-video-preview:-1\" \/>\n<link rel=\"canonical\" href=\"http:\/\/zs.gromnik.pl\/zs\/jesienny-kiermasz-ksiazek-ksiegarni-tuliszkow\/\" \/>\n<meta property=\"og:locale\" content=\"pl_PL\" \/>\n<meta property=\"og:type\" content=\"article\" \/>\n<meta property=\"og:title\" content=\"Jesienny Kiermasz Ksi\u0105\u017cek Ksi\u0119garni Tuliszk\u00f3w - Zesp\u00f3\u0142 Szk\u00f3\u0142 w Gromniku\" \/>\n<meta property=\"og:description\" content=\"Zesp\u00f3\u0142 Szk\u00f3\u0142 w Gromniku\" \/>\n<meta property=\"og:url\" content=\"http:\/\/zs.gromnik.pl\/zs\/jesienny-kiermasz-ksiazek-ksiegarni-tuliszkow\/\" \/>\n<meta property=\"og:site_name\" content=\"Zesp\u00f3\u0142 Szk\u00f3\u0142 w Gromniku\" \/>\n<meta property=\"article:publisher\" content=\"https:\/\/www.facebook.com\/zsgromnik\" \/>\n<meta property=\"article:published_time\" content=\"2025-10-24T20:51:34+00:00\" \/>\n<meta property=\"article:modified_time\" content=\"2025-10-24T20:51:36+00:00\" \/>\n<meta property=\"og:image\" content=\"http:\/\/zs.gromnik.pl\/zs\/wp-content\/uploads\/2025\/10\/IMG_20251016_131527-scaled.jpg\" \/>\n\t<meta property=\"og:image:width\" content=\"2560\" \/>\n\t<meta property=\"og:image:height\" content=\"1920\" \/>\n\t<meta property=\"og:image:type\" content=\"image\/jpeg\" \/>\n<meta name=\"author\" content=\"Natalia Chrzanowska\" \/>\n<meta name=\"twitter:card\" content=\"summary_large_image\" \/>\n<meta name=\"twitter:label1\" content=\"Napisane przez\" \/>\n\t<meta name=\"twitter:data1\" content=\"Natalia Chrzanowska\" \/>\n\t<meta name=\"twitter:label2\" content=\"Szacowany czas czytania\" \/>\n\t<meta name=\"twitter:data2\" content=\"1 minuta\" \/>\n<script type=\"application\/ld+json\" class=\"yoast-schema-graph\">{\"@context\":\"https:\/\/schema.org\",\"@graph\":[{\"@type\":\"WebPage\",\"@id\":\"http:\/\/zs.gromnik.pl\/zs\/jesienny-kiermasz-ksiazek-ksiegarni-tuliszkow\/\",\"url\":\"http:\/\/zs.gromnik.pl\/zs\/jesienny-kiermasz-ksiazek-ksiegarni-tuliszkow\/\",\"name\":\"Jesienny Kiermasz Ksi\u0105\u017cek Ksi\u0119garni Tuliszk\u00f3w - Zesp\u00f3\u0142 Szk\u00f3\u0142 w Gromniku\",\"isPartOf\":{\"@id\":\"https:\/\/zs.gromnik.pl\/zs\/#website\"},\"datePublished\":\"2025-10-24T20:51:34+00:00\",\"dateModified\":\"2025-10-24T20:51:36+00:00\",\"author\":{\"@id\":\"https:\/\/zs.gromnik.pl\/zs\/#\/schema\/person\/bdc40814dc26b2bfd8d2bb6568cf545b\"},\"description\":\"Zesp\u00f3\u0142 Szk\u00f3\u0142 w Gromniku\",\"breadcrumb\":{\"@id\":\"http:\/\/zs.gromnik.pl\/zs\/jesienny-kiermasz-ksiazek-ksiegarni-tuliszkow\/#breadcrumb\"},\"inLanguage\":\"pl-PL\",\"potentialAction\":[{\"@type\":\"ReadAction\",\"target\":[\"http:\/\/zs.gromnik.pl\/zs\/jesienny-kiermasz-ksiazek-ksiegarni-tuliszkow\/\"]}]},{\"@type\":\"BreadcrumbList\",\"@id\":\"http:\/\/zs.gromnik.pl\/zs\/jesienny-kiermasz-ksiazek-ksiegarni-tuliszkow\/#breadcrumb\",\"itemListElement\":[{\"@type\":\"ListItem\",\"position\":1,\"name\":\"Strona g\u0142\u00f3wna\",\"item\":\"https:\/\/zs.gromnik.pl\/zs\/\"},{\"@type\":\"ListItem\",\"position\":2,\"name\":\"Jesienny Kiermasz Ksi\u0105\u017cek Ksi\u0119garni Tuliszk\u00f3w\"}]},{\"@type\":\"WebSite\",\"@id\":\"https:\/\/zs.gromnik.pl\/zs\/#website\",\"url\":\"https:\/\/zs.gromnik.pl\/zs\/\",\"name\":\"Zesp\u00f3\u0142 Szk\u00f3\u0142 w Gromniku\",\"description\":\"\",\"potentialAction\":[{\"@type\":\"SearchAction\",\"target\":{\"@type\":\"EntryPoint\",\"urlTemplate\":\"https:\/\/zs.gromnik.pl\/zs\/?s={search_term_string}\"},\"query-input\":\"required name=search_term_string\"}],\"inLanguage\":\"pl-PL\"},{\"@type\":\"Person\",\"@id\":\"https:\/\/zs.gromnik.pl\/zs\/#\/schema\/person\/bdc40814dc26b2bfd8d2bb6568cf545b\",\"name\":\"Natalia Chrzanowska\",\"image\":{\"@type\":\"ImageObject\",\"inLanguage\":\"pl-PL\",\"@id\":\"https:\/\/zs.gromnik.pl\/zs\/#\/schema\/person\/image\/\",\"url\":\"https:\/\/secure.gravatar.com\/avatar\/116a440b0a07f60518f7c1055317e6ab?s=96&d=mm&r=g\",\"contentUrl\":\"https:\/\/secure.gravatar.com\/avatar\/116a440b0a07f60518f7c1055317e6ab?s=96&d=mm&r=g\",\"caption\":\"Natalia Chrzanowska\"},\"url\":\"https:\/\/zs.gromnik.pl\/zs\/author\/nchrzanowska\/\"}]}<\/script>\n<!-- \/ Yoast SEO plugin. -->","yoast_head_json":{"title":"Jesienny Kiermasz Ksi\u0105\u017cek Ksi\u0119garni Tuliszk\u00f3w - Zesp\u00f3\u0142 Szk\u00f3\u0142 w Gromniku","description":"Zesp\u00f3\u0142 Szk\u00f3\u0142 w Gromniku","robots":{"index":"index","follow":"follow","max-snippet":"max-snippet:-1","max-image-preview":"max-image-preview:large","max-video-preview":"max-video-preview:-1"},"canonical":"http:\/\/zs.gromnik.pl\/zs\/jesienny-kiermasz-ksiazek-ksiegarni-tuliszkow\/","og_locale":"pl_PL","og_type":"article","og_title":"Jesienny Kiermasz Ksi\u0105\u017cek Ksi\u0119garni Tuliszk\u00f3w - Zesp\u00f3\u0142 Szk\u00f3\u0142 w Gromniku","og_description":"Zesp\u00f3\u0142 Szk\u00f3\u0142 w Gromniku","og_url":"http:\/\/zs.gromnik.pl\/zs\/jesienny-kiermasz-ksiazek-ksiegarni-tuliszkow\/","og_site_name":"Zesp\u00f3\u0142 Szk\u00f3\u0142 w Gromniku","article_publisher":"https:\/\/www.facebook.com\/zsgromnik","article_published_time":"2025-10-24T20:51:34+00:00","article_modified_time":"2025-10-24T20:51:36+00:00","og_image":[{"width":2560,"height":1920,"url":"http:\/\/zs.gromnik.pl\/zs\/wp-content\/uploads\/2025\/10\/IMG_20251016_131527-scaled.jpg","type":"image\/jpeg"}],"author":"Natalia Chrzanowska","twitter_card":"summary_large_image","twitter_misc":{"Napisane przez":"Natalia Chrzanowska","Szacowany czas czytania":"1 minuta"},"schema":{"@context":"https:\/\/schema.org","@graph":[{"@type":"WebPage","@id":"http:\/\/zs.gromnik.pl\/zs\/jesienny-kiermasz-ksiazek-ksiegarni-tuliszkow\/","url":"http:\/\/zs.gromnik.pl\/zs\/jesienny-kiermasz-ksiazek-ksiegarni-tuliszkow\/","name":"Jesienny Kiermasz Ksi\u0105\u017cek Ksi\u0119garni Tuliszk\u00f3w - Zesp\u00f3\u0142 Szk\u00f3\u0142 w Gromniku","isPartOf":{"@id":"https:\/\/zs.gromnik.pl\/zs\/#website"},"datePublished":"2025-10-24T20:51:34+00:00","dateModified":"2025-10-24T20:51:36+00:00","author":{"@id":"https:\/\/zs.gromnik.pl\/zs\/#\/schema\/person\/bdc40814dc26b2bfd8d2bb6568cf545b"},"description":"Zesp\u00f3\u0142 Szk\u00f3\u0142 w Gromniku","breadcrumb":{"@id":"http:\/\/zs.gromnik.pl\/zs\/jesienny-kiermasz-ksiazek-ksiegarni-tuliszkow\/#breadcrumb"},"inLanguage":"pl-PL","potentialAction":[{"@type":"ReadAction","target":["http:\/\/zs.gromnik.pl\/zs\/jesienny-kiermasz-ksiazek-ksiegarni-tuliszkow\/"]}]},{"@type":"BreadcrumbList","@id":"http:\/\/zs.gromnik.pl\/zs\/jesienny-kiermasz-ksiazek-ksiegarni-tuliszkow\/#breadcrumb","itemListElement":[{"@type":"ListItem","position":1,"name":"Strona g\u0142\u00f3wna","item":"https:\/\/zs.gromnik.pl\/zs\/"},{"@type":"ListItem","position":2,"name":"Jesienny Kiermasz Ksi\u0105\u017cek Ksi\u0119garni Tuliszk\u00f3w"}]},{"@type":"WebSite","@id":"https:\/\/zs.gromnik.pl\/zs\/#website","url":"https:\/\/zs.gromnik.pl\/zs\/","name":"Zesp\u00f3\u0142 Szk\u00f3\u0142 w Gromniku","description":"","potentialAction":[{"@type":"SearchAction","target":{"@type":"EntryPoint","urlTemplate":"https:\/\/zs.gromnik.pl\/zs\/?s={search_term_string}"},"query-input":"required name=search_term_string"}],"inLanguage":"pl-PL"},{"@type":"Person","@id":"https:\/\/zs.gromnik.pl\/zs\/#\/schema\/person\/bdc40814dc26b2bfd8d2bb6568cf545b","name":"Natalia Chrzanowska","image":{"@type":"ImageObject","inLanguage":"pl-PL","@id":"https:\/\/zs.gromnik.pl\/zs\/#\/schema\/person\/image\/","url":"https:\/\/secure.gravatar.com\/avatar\/116a440b0a07f60518f7c1055317e6ab?s=96&d=mm&r=g","contentUrl":"https:\/\/secure.gravatar.com\/avatar\/116a440b0a07f60518f7c1055317e6ab?s=96&d=mm&r=g","caption":"Natalia Chrzanowska"},"url":"https:\/\/zs.gromnik.pl\/zs\/author\/nchrzanowska\/"}]}},"_links":{"self":[{"href":"https:\/\/zs.gromnik.pl\/zs\/wp-json\/wp\/v2\/posts\/18895"}],"collection":[{"href":"https:\/\/zs.gromnik.pl\/zs\/wp-json\/wp\/v2\/posts"}],"about":[{"href":"https:\/\/zs.gromnik.pl\/zs\/wp-json\/wp\/v2\/types\/post"}],"author":[{"embeddable":true,"href":"https:\/\/zs.gromnik.pl\/zs\/wp-json\/wp\/v2\/users\/8"}],"replies":[{"embeddable":true,"href":"https:\/\/zs.gromnik.pl\/zs\/wp-json\/wp\/v2\/comments?post=18895"}],"version-history":[{"count":1,"href":"https:\/\/zs.gromnik.pl\/zs\/wp-json\/wp\/v2\/posts\/18895\/revisions"}],"predecessor-version":[{"id":18902,"href":"https:\/\/zs.gromnik.pl\/zs\/wp-json\/wp\/v2\/posts\/18895\/revisions\/18902"}],"wp:featuredmedia":[{"embeddable":true,"href":"https:\/\/zs.gromnik.pl\/zs\/wp-json\/wp\/v2\/media\/18900"}],"wp:attachment":[{"href":"https:\/\/zs.gromnik.pl\/zs\/wp-json\/wp\/v2\/media?parent=18895"}],"wp:term":[{"taxonomy":"category","embeddable":true,"href":"https:\/\/zs.gromnik.pl\/zs\/wp-json\/wp\/v2\/categories?post=18895"},{"taxonomy":"post_tag","embeddable":true,"href":"https:\/\/zs.gromnik.pl\/zs\/wp-json\/wp\/v2\/tags?post=18895"}],"curies":[{"name":"wp","href":"https:\/\/api.w.org\/{rel}","templated":true}]}}