{"id":18917,"date":"2025-10-25T21:45:06","date_gmt":"2025-10-25T19:45:06","guid":{"rendered":"https:\/\/zs.gromnik.pl\/zs\/?p=18917"},"modified":"2025-10-25T21:48:44","modified_gmt":"2025-10-25T19:48:44","slug":"dzien-owocow-i-warzyw-w-przedszkolu","status":"publish","type":"post","link":"https:\/\/zs.gromnik.pl\/zs\/dzien-owocow-i-warzyw-w-przedszkolu\/","title":{"rendered":"\u015aWIATOWY DZIE\u0143 OWOC\u00d3W I WARZYW W PRZEDSZKOLU"},"content":{"rendered":"\n<p><em>\u201eWitaminki, witaminki dla ch\u0142opczyka i dziewczynki\u201d \u2013<\/em> pod takim has\u0142em nasze przedszkolaki \u015bwi\u0119towa\u0142y w ostatnim czasie \u015awiatowy Dzie\u0144 Owoc\u00f3w i Warzyw. Z tej okazji dzieci zamieni\u0142y si\u0119 w ma\u0142ych kucharzy oraz cukiernik\u00f3w. Pod okiem nauczycielek przygotowa\u0142y sa\u0142atki i szasz\u0142yki owocowe, \u015bwie\u017co wyciskane soki pe\u0142ne witamin\u00a0oraz pyszn\u0105 szarlotk\u0119. <br>By\u0142o du\u017co rado\u015bci, pi\u0119knych zapach\u00f3w i mn\u00f3stwo dozna\u0144 smakowych. Ponadto ca\u0142a akcja pozwoli\u0142a zrozumie\u0107 dzieciom, jak wa\u017cne s\u0105 owoce i warzywa w codziennej diecie, bo zdrowe nawyki kszta\u0142tujemy od najm\u0142odszych lat!<\/p>\n\n\n\n<figure class=\"wp-container-2 wp-block-gallery-1 wp-block-gallery has-nested-images columns-2 is-cropped\">\n<figure class=\"wp-block-image size-large\"><img loading=\"lazy\" width=\"1024\" height=\"683\" data-id=\"18932\"  src=\"https:\/\/zs.gromnik.pl\/zs\/wp-content\/uploads\/2025\/10\/IMG_9482-1024x683.jpg\" alt=\"\" class=\"wp-image-18932\" srcset=\"https:\/\/zs.gromnik.pl\/zs\/wp-content\/uploads\/2025\/10\/IMG_9482-1024x683.jpg 1024w, https:\/\/zs.gromnik.pl\/zs\/wp-content\/uploads\/2025\/10\/IMG_9482-300x200.jpg 300w, https:\/\/zs.gromnik.pl\/zs\/wp-content\/uploads\/2025\/10\/IMG_9482-768x512.jpg 768w, https:\/\/zs.gromnik.pl\/zs\/wp-content\/uploads\/2025\/10\/IMG_9482-1536x1024.jpg 1536w, https:\/\/zs.gromnik.pl\/zs\/wp-content\/uploads\/2025\/10\/IMG_9482-2048x1365.jpg 2048w, https:\/\/zs.gromnik.pl\/zs\/wp-content\/uploads\/2025\/10\/IMG_9482-1140x760.jpg 1140w\" sizes=\"(max-width: 1024px) 100vw, 1024px\" \/><\/figure>\n\n\n\n<figure class=\"wp-block-image size-large\"><img loading=\"lazy\" width=\"1024\" height=\"683\" data-id=\"18933\"  src=\"https:\/\/zs.gromnik.pl\/zs\/wp-content\/uploads\/2025\/10\/IMG_9491-1024x683.jpg\" alt=\"\" class=\"wp-image-18933\" srcset=\"https:\/\/zs.gromnik.pl\/zs\/wp-content\/uploads\/2025\/10\/IMG_9491-1024x683.jpg 1024w, https:\/\/zs.gromnik.pl\/zs\/wp-content\/uploads\/2025\/10\/IMG_9491-300x200.jpg 300w, https:\/\/zs.gromnik.pl\/zs\/wp-content\/uploads\/2025\/10\/IMG_9491-768x512.jpg 768w, https:\/\/zs.gromnik.pl\/zs\/wp-content\/uploads\/2025\/10\/IMG_9491-1536x1024.jpg 1536w, https:\/\/zs.gromnik.pl\/zs\/wp-content\/uploads\/2025\/10\/IMG_9491-2048x1365.jpg 2048w, https:\/\/zs.gromnik.pl\/zs\/wp-content\/uploads\/2025\/10\/IMG_9491-1140x760.jpg 1140w\" sizes=\"(max-width: 1024px) 100vw, 1024px\" \/><\/figure>\n\n\n\n<figure class=\"wp-block-image size-large\"><img loading=\"lazy\" width=\"1024\" height=\"683\" data-id=\"18936\"  src=\"https:\/\/zs.gromnik.pl\/zs\/wp-content\/uploads\/2025\/10\/IMG_9508-1024x683.jpg\" alt=\"\" class=\"wp-image-18936\" srcset=\"https:\/\/zs.gromnik.pl\/zs\/wp-content\/uploads\/2025\/10\/IMG_9508-1024x683.jpg 1024w, https:\/\/zs.gromnik.pl\/zs\/wp-content\/uploads\/2025\/10\/IMG_9508-300x200.jpg 300w, https:\/\/zs.gromnik.pl\/zs\/wp-content\/uploads\/2025\/10\/IMG_9508-768x512.jpg 768w, https:\/\/zs.gromnik.pl\/zs\/wp-content\/uploads\/2025\/10\/IMG_9508-1536x1024.jpg 1536w, https:\/\/zs.gromnik.pl\/zs\/wp-content\/uploads\/2025\/10\/IMG_9508-2048x1365.jpg 2048w, https:\/\/zs.gromnik.pl\/zs\/wp-content\/uploads\/2025\/10\/IMG_9508-1140x760.jpg 1140w\" sizes=\"(max-width: 1024px) 100vw, 1024px\" \/><\/figure>\n\n\n\n<figure class=\"wp-block-image size-large\"><img loading=\"lazy\" width=\"1024\" height=\"683\" data-id=\"18935\"  src=\"https:\/\/zs.gromnik.pl\/zs\/wp-content\/uploads\/2025\/10\/IMG_9502-1024x683.jpg\" alt=\"\" class=\"wp-image-18935\" srcset=\"https:\/\/zs.gromnik.pl\/zs\/wp-content\/uploads\/2025\/10\/IMG_9502-1024x683.jpg 1024w, https:\/\/zs.gromnik.pl\/zs\/wp-content\/uploads\/2025\/10\/IMG_9502-300x200.jpg 300w, https:\/\/zs.gromnik.pl\/zs\/wp-content\/uploads\/2025\/10\/IMG_9502-768x512.jpg 768w, https:\/\/zs.gromnik.pl\/zs\/wp-content\/uploads\/2025\/10\/IMG_9502-1536x1024.jpg 1536w, https:\/\/zs.gromnik.pl\/zs\/wp-content\/uploads\/2025\/10\/IMG_9502-2048x1365.jpg 2048w, https:\/\/zs.gromnik.pl\/zs\/wp-content\/uploads\/2025\/10\/IMG_9502-1140x760.jpg 1140w\" sizes=\"(max-width: 1024px) 100vw, 1024px\" \/><\/figure>\n\n\n\n<figure class=\"wp-block-image size-large\"><img loading=\"lazy\" width=\"1024\" height=\"683\" data-id=\"18938\"  src=\"https:\/\/zs.gromnik.pl\/zs\/wp-content\/uploads\/2025\/10\/IMG_9518-1024x683.jpg\" alt=\"\" class=\"wp-image-18938\" srcset=\"https:\/\/zs.gromnik.pl\/zs\/wp-content\/uploads\/2025\/10\/IMG_9518-1024x683.jpg 1024w, https:\/\/zs.gromnik.pl\/zs\/wp-content\/uploads\/2025\/10\/IMG_9518-300x200.jpg 300w, https:\/\/zs.gromnik.pl\/zs\/wp-content\/uploads\/2025\/10\/IMG_9518-768x512.jpg 768w, https:\/\/zs.gromnik.pl\/zs\/wp-content\/uploads\/2025\/10\/IMG_9518-1536x1024.jpg 1536w, https:\/\/zs.gromnik.pl\/zs\/wp-content\/uploads\/2025\/10\/IMG_9518-2048x1365.jpg 2048w, https:\/\/zs.gromnik.pl\/zs\/wp-content\/uploads\/2025\/10\/IMG_9518-1140x760.jpg 1140w\" sizes=\"(max-width: 1024px) 100vw, 1024px\" \/><\/figure>\n\n\n\n<figure class=\"wp-block-image size-large\"><img loading=\"lazy\" width=\"1024\" height=\"683\" data-id=\"18937\"  src=\"https:\/\/zs.gromnik.pl\/zs\/wp-content\/uploads\/2025\/10\/IMG_9517-1024x683.jpg\" alt=\"\" class=\"wp-image-18937\" srcset=\"https:\/\/zs.gromnik.pl\/zs\/wp-content\/uploads\/2025\/10\/IMG_9517-1024x683.jpg 1024w, https:\/\/zs.gromnik.pl\/zs\/wp-content\/uploads\/2025\/10\/IMG_9517-300x200.jpg 300w, https:\/\/zs.gromnik.pl\/zs\/wp-content\/uploads\/2025\/10\/IMG_9517-768x512.jpg 768w, https:\/\/zs.gromnik.pl\/zs\/wp-content\/uploads\/2025\/10\/IMG_9517-1536x1024.jpg 1536w, https:\/\/zs.gromnik.pl\/zs\/wp-content\/uploads\/2025\/10\/IMG_9517-2048x1365.jpg 2048w, https:\/\/zs.gromnik.pl\/zs\/wp-content\/uploads\/2025\/10\/IMG_9517-1140x760.jpg 1140w\" sizes=\"(max-width: 1024px) 100vw, 1024px\" \/><\/figure>\n\n\n\n<figure class=\"wp-block-image size-large\"><img loading=\"lazy\" width=\"1024\" height=\"683\" data-id=\"18943\"  src=\"https:\/\/zs.gromnik.pl\/zs\/wp-content\/uploads\/2025\/10\/IMG_9512-1024x683.jpg\" alt=\"\" class=\"wp-image-18943\" srcset=\"https:\/\/zs.gromnik.pl\/zs\/wp-content\/uploads\/2025\/10\/IMG_9512-1024x683.jpg 1024w, https:\/\/zs.gromnik.pl\/zs\/wp-content\/uploads\/2025\/10\/IMG_9512-300x200.jpg 300w, https:\/\/zs.gromnik.pl\/zs\/wp-content\/uploads\/2025\/10\/IMG_9512-768x512.jpg 768w, https:\/\/zs.gromnik.pl\/zs\/wp-content\/uploads\/2025\/10\/IMG_9512-1536x1024.jpg 1536w, https:\/\/zs.gromnik.pl\/zs\/wp-content\/uploads\/2025\/10\/IMG_9512-2048x1365.jpg 2048w, https:\/\/zs.gromnik.pl\/zs\/wp-content\/uploads\/2025\/10\/IMG_9512-1140x760.jpg 1140w\" sizes=\"(max-width: 1024px) 100vw, 1024px\" \/><\/figure>\n\n\n\n<figure class=\"wp-block-image size-large\"><img loading=\"lazy\" width=\"1024\" height=\"1024\" data-id=\"18930\"  src=\"https:\/\/zs.gromnik.pl\/zs\/wp-content\/uploads\/2025\/10\/c00c6ff3-8c70-4009-8bb3-9a8c385bdf59-1024x1024.jpg\" alt=\"\" class=\"wp-image-18930\" srcset=\"https:\/\/zs.gromnik.pl\/zs\/wp-content\/uploads\/2025\/10\/c00c6ff3-8c70-4009-8bb3-9a8c385bdf59-1024x1024.jpg 1024w, https:\/\/zs.gromnik.pl\/zs\/wp-content\/uploads\/2025\/10\/c00c6ff3-8c70-4009-8bb3-9a8c385bdf59-300x300.jpg 300w, https:\/\/zs.gromnik.pl\/zs\/wp-content\/uploads\/2025\/10\/c00c6ff3-8c70-4009-8bb3-9a8c385bdf59-150x150.jpg 150w, https:\/\/zs.gromnik.pl\/zs\/wp-content\/uploads\/2025\/10\/c00c6ff3-8c70-4009-8bb3-9a8c385bdf59-768x768.jpg 768w, https:\/\/zs.gromnik.pl\/zs\/wp-content\/uploads\/2025\/10\/c00c6ff3-8c70-4009-8bb3-9a8c385bdf59-1536x1536.jpg 1536w, https:\/\/zs.gromnik.pl\/zs\/wp-content\/uploads\/2025\/10\/c00c6ff3-8c70-4009-8bb3-9a8c385bdf59-1140x1140.jpg 1140w, https:\/\/zs.gromnik.pl\/zs\/wp-content\/uploads\/2025\/10\/c00c6ff3-8c70-4009-8bb3-9a8c385bdf59-75x75.jpg 75w, https:\/\/zs.gromnik.pl\/zs\/wp-content\/uploads\/2025\/10\/c00c6ff3-8c70-4009-8bb3-9a8c385bdf59.jpg 2048w\" sizes=\"(max-width: 1024px) 100vw, 1024px\" \/><\/figure>\n\n\n\n<figure class=\"wp-block-image size-large\"><img loading=\"lazy\" width=\"1024\" height=\"1024\" data-id=\"18923\"  src=\"https:\/\/zs.gromnik.pl\/zs\/wp-content\/uploads\/2025\/10\/81c764c9-3569-4775-8460-ccd72be17e09-1024x1024.jpg\" alt=\"\" class=\"wp-image-18923\" srcset=\"https:\/\/zs.gromnik.pl\/zs\/wp-content\/uploads\/2025\/10\/81c764c9-3569-4775-8460-ccd72be17e09-1024x1024.jpg 1024w, https:\/\/zs.gromnik.pl\/zs\/wp-content\/uploads\/2025\/10\/81c764c9-3569-4775-8460-ccd72be17e09-300x300.jpg 300w, https:\/\/zs.gromnik.pl\/zs\/wp-content\/uploads\/2025\/10\/81c764c9-3569-4775-8460-ccd72be17e09-150x150.jpg 150w, https:\/\/zs.gromnik.pl\/zs\/wp-content\/uploads\/2025\/10\/81c764c9-3569-4775-8460-ccd72be17e09-768x768.jpg 768w, https:\/\/zs.gromnik.pl\/zs\/wp-content\/uploads\/2025\/10\/81c764c9-3569-4775-8460-ccd72be17e09-1536x1536.jpg 1536w, https:\/\/zs.gromnik.pl\/zs\/wp-content\/uploads\/2025\/10\/81c764c9-3569-4775-8460-ccd72be17e09-1140x1140.jpg 1140w, https:\/\/zs.gromnik.pl\/zs\/wp-content\/uploads\/2025\/10\/81c764c9-3569-4775-8460-ccd72be17e09-75x75.jpg 75w, https:\/\/zs.gromnik.pl\/zs\/wp-content\/uploads\/2025\/10\/81c764c9-3569-4775-8460-ccd72be17e09.jpg 2048w\" sizes=\"(max-width: 1024px) 100vw, 1024px\" \/><\/figure>\n\n\n\n<figure class=\"wp-block-image size-large\"><img loading=\"lazy\" width=\"1024\" height=\"768\" data-id=\"18924\"  src=\"https:\/\/zs.gromnik.pl\/zs\/wp-content\/uploads\/2025\/10\/88d9939e-cf91-4a7a-96e1-b32f0efd4be0-1024x768.jpg\" alt=\"\" class=\"wp-image-18924\" srcset=\"https:\/\/zs.gromnik.pl\/zs\/wp-content\/uploads\/2025\/10\/88d9939e-cf91-4a7a-96e1-b32f0efd4be0-1024x768.jpg 1024w, https:\/\/zs.gromnik.pl\/zs\/wp-content\/uploads\/2025\/10\/88d9939e-cf91-4a7a-96e1-b32f0efd4be0-300x225.jpg 300w, https:\/\/zs.gromnik.pl\/zs\/wp-content\/uploads\/2025\/10\/88d9939e-cf91-4a7a-96e1-b32f0efd4be0-768x576.jpg 768w, https:\/\/zs.gromnik.pl\/zs\/wp-content\/uploads\/2025\/10\/88d9939e-cf91-4a7a-96e1-b32f0efd4be0-1536x1152.jpg 1536w, https:\/\/zs.gromnik.pl\/zs\/wp-content\/uploads\/2025\/10\/88d9939e-cf91-4a7a-96e1-b32f0efd4be0-2048x1536.jpg 2048w, https:\/\/zs.gromnik.pl\/zs\/wp-content\/uploads\/2025\/10\/88d9939e-cf91-4a7a-96e1-b32f0efd4be0-1140x855.jpg 1140w\" sizes=\"(max-width: 1024px) 100vw, 1024px\" \/><\/figure>\n\n\n\n<figure class=\"wp-block-image size-large\"><img loading=\"lazy\" width=\"1024\" height=\"683\" data-id=\"18945\"  src=\"https:\/\/zs.gromnik.pl\/zs\/wp-content\/uploads\/2025\/10\/IMG_9523-1-1024x683.jpg\" alt=\"\" class=\"wp-image-18945\" srcset=\"https:\/\/zs.gromnik.pl\/zs\/wp-content\/uploads\/2025\/10\/IMG_9523-1-1024x683.jpg 1024w, https:\/\/zs.gromnik.pl\/zs\/wp-content\/uploads\/2025\/10\/IMG_9523-1-300x200.jpg 300w, https:\/\/zs.gromnik.pl\/zs\/wp-content\/uploads\/2025\/10\/IMG_9523-1-768x512.jpg 768w, https:\/\/zs.gromnik.pl\/zs\/wp-content\/uploads\/2025\/10\/IMG_9523-1-1536x1024.jpg 1536w, https:\/\/zs.gromnik.pl\/zs\/wp-content\/uploads\/2025\/10\/IMG_9523-1-2048x1365.jpg 2048w, https:\/\/zs.gromnik.pl\/zs\/wp-content\/uploads\/2025\/10\/IMG_9523-1-1140x760.jpg 1140w\" sizes=\"(max-width: 1024px) 100vw, 1024px\" \/><\/figure>\n\n\n\n<figure class=\"wp-block-image size-large\"><img loading=\"lazy\" width=\"1024\" height=\"683\" data-id=\"18946\"  src=\"https:\/\/zs.gromnik.pl\/zs\/wp-content\/uploads\/2025\/10\/IMG_9526-1-1024x683.jpg\" alt=\"\" class=\"wp-image-18946\" srcset=\"https:\/\/zs.gromnik.pl\/zs\/wp-content\/uploads\/2025\/10\/IMG_9526-1-1024x683.jpg 1024w, https:\/\/zs.gromnik.pl\/zs\/wp-content\/uploads\/2025\/10\/IMG_9526-1-300x200.jpg 300w, https:\/\/zs.gromnik.pl\/zs\/wp-content\/uploads\/2025\/10\/IMG_9526-1-768x512.jpg 768w, https:\/\/zs.gromnik.pl\/zs\/wp-content\/uploads\/2025\/10\/IMG_9526-1-1536x1024.jpg 1536w, https:\/\/zs.gromnik.pl\/zs\/wp-content\/uploads\/2025\/10\/IMG_9526-1-2048x1365.jpg 2048w, https:\/\/zs.gromnik.pl\/zs\/wp-content\/uploads\/2025\/10\/IMG_9526-1-1140x760.jpg 1140w\" sizes=\"(max-width: 1024px) 100vw, 1024px\" \/><\/figure>\n\n\n\n<figure class=\"wp-block-image size-large\"><img loading=\"lazy\" width=\"1024\" height=\"683\" data-id=\"18944\"  src=\"https:\/\/zs.gromnik.pl\/zs\/wp-content\/uploads\/2025\/10\/IMG_9521-1-1024x683.jpg\" alt=\"\" class=\"wp-image-18944\" srcset=\"https:\/\/zs.gromnik.pl\/zs\/wp-content\/uploads\/2025\/10\/IMG_9521-1-1024x683.jpg 1024w, https:\/\/zs.gromnik.pl\/zs\/wp-content\/uploads\/2025\/10\/IMG_9521-1-300x200.jpg 300w, https:\/\/zs.gromnik.pl\/zs\/wp-content\/uploads\/2025\/10\/IMG_9521-1-768x512.jpg 768w, https:\/\/zs.gromnik.pl\/zs\/wp-content\/uploads\/2025\/10\/IMG_9521-1-1536x1024.jpg 1536w, https:\/\/zs.gromnik.pl\/zs\/wp-content\/uploads\/2025\/10\/IMG_9521-1-2048x1365.jpg 2048w, https:\/\/zs.gromnik.pl\/zs\/wp-content\/uploads\/2025\/10\/IMG_9521-1-1140x760.jpg 1140w\" sizes=\"(max-width: 1024px) 100vw, 1024px\" \/><\/figure>\n\n\n\n<figure class=\"wp-block-image size-large\"><img loading=\"lazy\" width=\"736\" height=\"1024\" data-id=\"18921\"  src=\"https:\/\/zs.gromnik.pl\/zs\/wp-content\/uploads\/2025\/10\/31be884b-e553-4311-95c9-939c442ca9cd-736x1024.jpg\" alt=\"\" class=\"wp-image-18921\" srcset=\"https:\/\/zs.gromnik.pl\/zs\/wp-content\/uploads\/2025\/10\/31be884b-e553-4311-95c9-939c442ca9cd-736x1024.jpg 736w, https:\/\/zs.gromnik.pl\/zs\/wp-content\/uploads\/2025\/10\/31be884b-e553-4311-95c9-939c442ca9cd-215x300.jpg 215w, https:\/\/zs.gromnik.pl\/zs\/wp-content\/uploads\/2025\/10\/31be884b-e553-4311-95c9-939c442ca9cd-768x1069.jpg 768w, https:\/\/zs.gromnik.pl\/zs\/wp-content\/uploads\/2025\/10\/31be884b-e553-4311-95c9-939c442ca9cd-1103x1536.jpg 1103w, https:\/\/zs.gromnik.pl\/zs\/wp-content\/uploads\/2025\/10\/31be884b-e553-4311-95c9-939c442ca9cd-1471x2048.jpg 1471w, https:\/\/zs.gromnik.pl\/zs\/wp-content\/uploads\/2025\/10\/31be884b-e553-4311-95c9-939c442ca9cd-1140x1587.jpg 1140w, https:\/\/zs.gromnik.pl\/zs\/wp-content\/uploads\/2025\/10\/31be884b-e553-4311-95c9-939c442ca9cd-scaled.jpg 1839w\" sizes=\"(max-width: 736px) 100vw, 736px\" \/><\/figure>\n\n\n\n<figure class=\"wp-block-image size-large\"><img loading=\"lazy\" width=\"768\" height=\"1024\" data-id=\"18927\"  src=\"https:\/\/zs.gromnik.pl\/zs\/wp-content\/uploads\/2025\/10\/20251006_083101-768x1024.jpg\" alt=\"\" class=\"wp-image-18927\" srcset=\"https:\/\/zs.gromnik.pl\/zs\/wp-content\/uploads\/2025\/10\/20251006_083101-768x1024.jpg 768w, https:\/\/zs.gromnik.pl\/zs\/wp-content\/uploads\/2025\/10\/20251006_083101-225x300.jpg 225w, https:\/\/zs.gromnik.pl\/zs\/wp-content\/uploads\/2025\/10\/20251006_083101-1152x1536.jpg 1152w, https:\/\/zs.gromnik.pl\/zs\/wp-content\/uploads\/2025\/10\/20251006_083101-1536x2048.jpg 1536w, https:\/\/zs.gromnik.pl\/zs\/wp-content\/uploads\/2025\/10\/20251006_083101-1140x1520.jpg 1140w, https:\/\/zs.gromnik.pl\/zs\/wp-content\/uploads\/2025\/10\/20251006_083101-scaled.jpg 1920w\" sizes=\"(max-width: 768px) 100vw, 768px\" \/><\/figure>\n\n\n\n<figure class=\"wp-block-image size-large\"><img loading=\"lazy\" width=\"768\" height=\"1024\" data-id=\"18925\"  src=\"https:\/\/zs.gromnik.pl\/zs\/wp-content\/uploads\/2025\/10\/648c6fd1-d6ef-4db6-9243-e469d2625a8a-768x1024.jpg\" alt=\"\" class=\"wp-image-18925\" srcset=\"https:\/\/zs.gromnik.pl\/zs\/wp-content\/uploads\/2025\/10\/648c6fd1-d6ef-4db6-9243-e469d2625a8a-768x1024.jpg 768w, https:\/\/zs.gromnik.pl\/zs\/wp-content\/uploads\/2025\/10\/648c6fd1-d6ef-4db6-9243-e469d2625a8a-225x300.jpg 225w, https:\/\/zs.gromnik.pl\/zs\/wp-content\/uploads\/2025\/10\/648c6fd1-d6ef-4db6-9243-e469d2625a8a-1152x1536.jpg 1152w, https:\/\/zs.gromnik.pl\/zs\/wp-content\/uploads\/2025\/10\/648c6fd1-d6ef-4db6-9243-e469d2625a8a-1140x1520.jpg 1140w, https:\/\/zs.gromnik.pl\/zs\/wp-content\/uploads\/2025\/10\/648c6fd1-d6ef-4db6-9243-e469d2625a8a.jpg 1536w\" sizes=\"(max-width: 768px) 100vw, 768px\" \/><\/figure>\n\n\n\n<figure class=\"wp-block-image size-large\"><img loading=\"lazy\" width=\"768\" height=\"1024\" data-id=\"18929\"  src=\"https:\/\/zs.gromnik.pl\/zs\/wp-content\/uploads\/2025\/10\/20251006_095316-768x1024.jpg\" alt=\"\" class=\"wp-image-18929\" srcset=\"https:\/\/zs.gromnik.pl\/zs\/wp-content\/uploads\/2025\/10\/20251006_095316-768x1024.jpg 768w, https:\/\/zs.gromnik.pl\/zs\/wp-content\/uploads\/2025\/10\/20251006_095316-225x300.jpg 225w, https:\/\/zs.gromnik.pl\/zs\/wp-content\/uploads\/2025\/10\/20251006_095316-1152x1536.jpg 1152w, https:\/\/zs.gromnik.pl\/zs\/wp-content\/uploads\/2025\/10\/20251006_095316-1536x2048.jpg 1536w, https:\/\/zs.gromnik.pl\/zs\/wp-content\/uploads\/2025\/10\/20251006_095316-1140x1520.jpg 1140w, https:\/\/zs.gromnik.pl\/zs\/wp-content\/uploads\/2025\/10\/20251006_095316-scaled.jpg 1920w\" sizes=\"(max-width: 768px) 100vw, 768px\" \/><\/figure>\n\n\n\n<figure class=\"wp-block-image size-large\"><img loading=\"lazy\" width=\"768\" height=\"1024\" data-id=\"18926\"  src=\"https:\/\/zs.gromnik.pl\/zs\/wp-content\/uploads\/2025\/10\/2535933b-bd6d-4420-8428-3309f627a14f-768x1024.jpg\" alt=\"\" class=\"wp-image-18926\" srcset=\"https:\/\/zs.gromnik.pl\/zs\/wp-content\/uploads\/2025\/10\/2535933b-bd6d-4420-8428-3309f627a14f-768x1024.jpg 768w, https:\/\/zs.gromnik.pl\/zs\/wp-content\/uploads\/2025\/10\/2535933b-bd6d-4420-8428-3309f627a14f-225x300.jpg 225w, https:\/\/zs.gromnik.pl\/zs\/wp-content\/uploads\/2025\/10\/2535933b-bd6d-4420-8428-3309f627a14f-1152x1536.jpg 1152w, https:\/\/zs.gromnik.pl\/zs\/wp-content\/uploads\/2025\/10\/2535933b-bd6d-4420-8428-3309f627a14f-1140x1520.jpg 1140w, https:\/\/zs.gromnik.pl\/zs\/wp-content\/uploads\/2025\/10\/2535933b-bd6d-4420-8428-3309f627a14f.jpg 1536w\" sizes=\"(max-width: 768px) 100vw, 768px\" \/><\/figure>\n\n\n\n<figure class=\"wp-block-image size-large\"><img loading=\"lazy\" width=\"768\" height=\"1024\" data-id=\"18931\"  src=\"https:\/\/zs.gromnik.pl\/zs\/wp-content\/uploads\/2025\/10\/dc56b423-0975-4f73-a507-0384bf450953-768x1024.jpg\" alt=\"\" class=\"wp-image-18931\" srcset=\"https:\/\/zs.gromnik.pl\/zs\/wp-content\/uploads\/2025\/10\/dc56b423-0975-4f73-a507-0384bf450953-768x1024.jpg 768w, https:\/\/zs.gromnik.pl\/zs\/wp-content\/uploads\/2025\/10\/dc56b423-0975-4f73-a507-0384bf450953-225x300.jpg 225w, https:\/\/zs.gromnik.pl\/zs\/wp-content\/uploads\/2025\/10\/dc56b423-0975-4f73-a507-0384bf450953-1152x1536.jpg 1152w, https:\/\/zs.gromnik.pl\/zs\/wp-content\/uploads\/2025\/10\/dc56b423-0975-4f73-a507-0384bf450953-1140x1520.jpg 1140w, https:\/\/zs.gromnik.pl\/zs\/wp-content\/uploads\/2025\/10\/dc56b423-0975-4f73-a507-0384bf450953.jpg 1260w\" sizes=\"(max-width: 768px) 100vw, 768px\" \/><\/figure>\n\n\n\n<figure class=\"wp-block-image size-large\"><img loading=\"lazy\" width=\"768\" height=\"1024\" data-id=\"18918\"  src=\"https:\/\/zs.gromnik.pl\/zs\/wp-content\/uploads\/2025\/10\/3fb33b8c-b226-4c15-9eaa-60552d00e990-768x1024.jpg\" alt=\"\" class=\"wp-image-18918\" srcset=\"https:\/\/zs.gromnik.pl\/zs\/wp-content\/uploads\/2025\/10\/3fb33b8c-b226-4c15-9eaa-60552d00e990-768x1024.jpg 768w, https:\/\/zs.gromnik.pl\/zs\/wp-content\/uploads\/2025\/10\/3fb33b8c-b226-4c15-9eaa-60552d00e990-225x300.jpg 225w, https:\/\/zs.gromnik.pl\/zs\/wp-content\/uploads\/2025\/10\/3fb33b8c-b226-4c15-9eaa-60552d00e990-1152x1536.jpg 1152w, https:\/\/zs.gromnik.pl\/zs\/wp-content\/uploads\/2025\/10\/3fb33b8c-b226-4c15-9eaa-60552d00e990-1140x1520.jpg 1140w, https:\/\/zs.gromnik.pl\/zs\/wp-content\/uploads\/2025\/10\/3fb33b8c-b226-4c15-9eaa-60552d00e990.jpg 1260w\" sizes=\"(max-width: 768px) 100vw, 768px\" \/><\/figure>\n\n\n\n<figure class=\"wp-block-image size-large\"><img loading=\"lazy\" width=\"768\" height=\"1024\" data-id=\"18920\"  src=\"https:\/\/zs.gromnik.pl\/zs\/wp-content\/uploads\/2025\/10\/26c60516-9fd0-4f50-813f-de06c208020e-768x1024.jpg\" alt=\"\" class=\"wp-image-18920\" srcset=\"https:\/\/zs.gromnik.pl\/zs\/wp-content\/uploads\/2025\/10\/26c60516-9fd0-4f50-813f-de06c208020e-768x1024.jpg 768w, https:\/\/zs.gromnik.pl\/zs\/wp-content\/uploads\/2025\/10\/26c60516-9fd0-4f50-813f-de06c208020e-225x300.jpg 225w, https:\/\/zs.gromnik.pl\/zs\/wp-content\/uploads\/2025\/10\/26c60516-9fd0-4f50-813f-de06c208020e-1152x1536.jpg 1152w, https:\/\/zs.gromnik.pl\/zs\/wp-content\/uploads\/2025\/10\/26c60516-9fd0-4f50-813f-de06c208020e-1140x1520.jpg 1140w, https:\/\/zs.gromnik.pl\/zs\/wp-content\/uploads\/2025\/10\/26c60516-9fd0-4f50-813f-de06c208020e.jpg 1536w\" sizes=\"(max-width: 768px) 100vw, 768px\" \/><\/figure>\n\n\n\n<figure class=\"wp-block-image size-large\"><img loading=\"lazy\" width=\"768\" height=\"1024\" data-id=\"18919\"  src=\"https:\/\/zs.gromnik.pl\/zs\/wp-content\/uploads\/2025\/10\/15d45888-87e0-491a-ab1b-e05ff34fc3e3-768x1024.jpg\" alt=\"\" class=\"wp-image-18919\" srcset=\"https:\/\/zs.gromnik.pl\/zs\/wp-content\/uploads\/2025\/10\/15d45888-87e0-491a-ab1b-e05ff34fc3e3-768x1024.jpg 768w, https:\/\/zs.gromnik.pl\/zs\/wp-content\/uploads\/2025\/10\/15d45888-87e0-491a-ab1b-e05ff34fc3e3-225x300.jpg 225w, https:\/\/zs.gromnik.pl\/zs\/wp-content\/uploads\/2025\/10\/15d45888-87e0-491a-ab1b-e05ff34fc3e3-1152x1536.jpg 1152w, https:\/\/zs.gromnik.pl\/zs\/wp-content\/uploads\/2025\/10\/15d45888-87e0-491a-ab1b-e05ff34fc3e3-1140x1520.jpg 1140w, https:\/\/zs.gromnik.pl\/zs\/wp-content\/uploads\/2025\/10\/15d45888-87e0-491a-ab1b-e05ff34fc3e3.jpg 1260w\" sizes=\"(max-width: 768px) 100vw, 768px\" \/><\/figure>\n<\/figure>\n","protected":false},"excerpt":{"rendered":"<p>\u201eWitaminki, witaminki dla ch\u0142opczyka i dziewczynki\u201d \u2013 pod takim has\u0142em nasze przedszkolaki \u015bwi\u0119towa\u0142y w ostatnim czasie \u015awiatowy Dzie\u0144 Owoc\u00f3w i Warzyw. Z tej okazji dzieci zamieni\u0142y si\u0119 w ma\u0142ych kucharzy oraz cukiernik\u00f3w. Pod okiem nauczycielek przygotowa\u0142y sa\u0142atki i szasz\u0142yki owocowe, \u015bwie\u017co wyciskane soki pe\u0142ne witamin\u00a0oraz pyszn\u0105 szarlotk\u0119. By\u0142o du\u017co rado\u015bci, pi\u0119knych zapach\u00f3w i mn\u00f3stwo dozna\u0144 smakowych. Ponadto ca\u0142a akcja pozwoli\u0142a zrozumie\u0107 dzieciom, jak wa\u017cne s\u0105 owoce i warzywa w codziennej diecie, bo zdrowe nawyki kszta\u0142tujemy od najm\u0142odszych lat!<\/p>\n","protected":false},"author":7,"featured_media":18922,"comment_status":"closed","ping_status":"open","sticky":false,"template":"","format":"standard","meta":[],"categories":[3,15],"tags":[],"yoast_head":"<!-- This site is optimized with the Yoast SEO plugin v19.8 - https:\/\/yoast.com\/wordpress\/plugins\/seo\/ -->\n<title>\u015aWIATOWY DZIE\u0143 OWOC\u00d3W I WARZYW W PRZEDSZKOLU - Zesp\u00f3\u0142 Szk\u00f3\u0142 w Gromniku<\/title>\n<meta name=\"description\" content=\"Zesp\u00f3\u0142 Szk\u00f3\u0142 w Gromniku\" \/>\n<meta name=\"robots\" content=\"index, follow, max-snippet:-1, max-image-preview:large, max-video-preview:-1\" \/>\n<link rel=\"canonical\" href=\"https:\/\/zs.gromnik.pl\/zs\/dzien-owocow-i-warzyw-w-przedszkolu\/\" \/>\n<meta property=\"og:locale\" content=\"pl_PL\" \/>\n<meta property=\"og:type\" content=\"article\" \/>\n<meta property=\"og:title\" content=\"\u015aWIATOWY DZIE\u0143 OWOC\u00d3W I WARZYW W PRZEDSZKOLU - Zesp\u00f3\u0142 Szk\u00f3\u0142 w Gromniku\" \/>\n<meta property=\"og:description\" content=\"Zesp\u00f3\u0142 Szk\u00f3\u0142 w Gromniku\" \/>\n<meta property=\"og:url\" content=\"https:\/\/zs.gromnik.pl\/zs\/dzien-owocow-i-warzyw-w-przedszkolu\/\" \/>\n<meta property=\"og:site_name\" content=\"Zesp\u00f3\u0142 Szk\u00f3\u0142 w Gromniku\" \/>\n<meta property=\"article:publisher\" content=\"https:\/\/www.facebook.com\/zsgromnik\" \/>\n<meta property=\"article:published_time\" content=\"2025-10-25T19:45:06+00:00\" \/>\n<meta property=\"article:modified_time\" content=\"2025-10-25T19:48:44+00:00\" \/>\n<meta property=\"og:image\" content=\"https:\/\/zs.gromnik.pl\/zs\/wp-content\/uploads\/2025\/10\/34b0fe03-eb85-4d6f-bc1c-e5c48f6428b5.jpg\" \/>\n\t<meta property=\"og:image:width\" content=\"2048\" \/>\n\t<meta property=\"og:image:height\" content=\"2048\" \/>\n\t<meta property=\"og:image:type\" content=\"image\/jpeg\" \/>\n<meta name=\"author\" content=\"Barbara Kubicz\" \/>\n<meta name=\"twitter:card\" content=\"summary_large_image\" \/>\n<meta name=\"twitter:label1\" content=\"Napisane przez\" \/>\n\t<meta name=\"twitter:data1\" content=\"Barbara Kubicz\" \/>\n\t<meta name=\"twitter:label2\" content=\"Szacowany czas czytania\" \/>\n\t<meta name=\"twitter:data2\" content=\"1 minuta\" \/>\n<script type=\"application\/ld+json\" class=\"yoast-schema-graph\">{\"@context\":\"https:\/\/schema.org\",\"@graph\":[{\"@type\":\"WebPage\",\"@id\":\"https:\/\/zs.gromnik.pl\/zs\/dzien-owocow-i-warzyw-w-przedszkolu\/\",\"url\":\"https:\/\/zs.gromnik.pl\/zs\/dzien-owocow-i-warzyw-w-przedszkolu\/\",\"name\":\"\u015aWIATOWY DZIE\u0143 OWOC\u00d3W I WARZYW W PRZEDSZKOLU - Zesp\u00f3\u0142 Szk\u00f3\u0142 w Gromniku\",\"isPartOf\":{\"@id\":\"https:\/\/zs.gromnik.pl\/zs\/#website\"},\"datePublished\":\"2025-10-25T19:45:06+00:00\",\"dateModified\":\"2025-10-25T19:48:44+00:00\",\"author\":{\"@id\":\"https:\/\/zs.gromnik.pl\/zs\/#\/schema\/person\/7fb2b24b90f39dede6a6b1ad809c8871\"},\"description\":\"Zesp\u00f3\u0142 Szk\u00f3\u0142 w Gromniku\",\"breadcrumb\":{\"@id\":\"https:\/\/zs.gromnik.pl\/zs\/dzien-owocow-i-warzyw-w-przedszkolu\/#breadcrumb\"},\"inLanguage\":\"pl-PL\",\"potentialAction\":[{\"@type\":\"ReadAction\",\"target\":[\"https:\/\/zs.gromnik.pl\/zs\/dzien-owocow-i-warzyw-w-przedszkolu\/\"]}]},{\"@type\":\"BreadcrumbList\",\"@id\":\"https:\/\/zs.gromnik.pl\/zs\/dzien-owocow-i-warzyw-w-przedszkolu\/#breadcrumb\",\"itemListElement\":[{\"@type\":\"ListItem\",\"position\":1,\"name\":\"Strona g\u0142\u00f3wna\",\"item\":\"https:\/\/zs.gromnik.pl\/zs\/\"},{\"@type\":\"ListItem\",\"position\":2,\"name\":\"\u015aWIATOWY DZIE\u0143 OWOC\u00d3W I WARZYW W PRZEDSZKOLU\"}]},{\"@type\":\"WebSite\",\"@id\":\"https:\/\/zs.gromnik.pl\/zs\/#website\",\"url\":\"https:\/\/zs.gromnik.pl\/zs\/\",\"name\":\"Zesp\u00f3\u0142 Szk\u00f3\u0142 w Gromniku\",\"description\":\"\",\"potentialAction\":[{\"@type\":\"SearchAction\",\"target\":{\"@type\":\"EntryPoint\",\"urlTemplate\":\"https:\/\/zs.gromnik.pl\/zs\/?s={search_term_string}\"},\"query-input\":\"required name=search_term_string\"}],\"inLanguage\":\"pl-PL\"},{\"@type\":\"Person\",\"@id\":\"https:\/\/zs.gromnik.pl\/zs\/#\/schema\/person\/7fb2b24b90f39dede6a6b1ad809c8871\",\"name\":\"Barbara Kubicz\",\"image\":{\"@type\":\"ImageObject\",\"inLanguage\":\"pl-PL\",\"@id\":\"https:\/\/zs.gromnik.pl\/zs\/#\/schema\/person\/image\/\",\"url\":\"https:\/\/secure.gravatar.com\/avatar\/2148a1c13395e11280a430e7a86ac24a?s=96&d=mm&r=g\",\"contentUrl\":\"https:\/\/secure.gravatar.com\/avatar\/2148a1c13395e11280a430e7a86ac24a?s=96&d=mm&r=g\",\"caption\":\"Barbara Kubicz\"},\"url\":\"https:\/\/zs.gromnik.pl\/zs\/author\/bkubicz\/\"}]}<\/script>\n<!-- \/ Yoast SEO plugin. -->","yoast_head_json":{"title":"\u015aWIATOWY DZIE\u0143 OWOC\u00d3W I WARZYW W PRZEDSZKOLU - Zesp\u00f3\u0142 Szk\u00f3\u0142 w Gromniku","description":"Zesp\u00f3\u0142 Szk\u00f3\u0142 w Gromniku","robots":{"index":"index","follow":"follow","max-snippet":"max-snippet:-1","max-image-preview":"max-image-preview:large","max-video-preview":"max-video-preview:-1"},"canonical":"https:\/\/zs.gromnik.pl\/zs\/dzien-owocow-i-warzyw-w-przedszkolu\/","og_locale":"pl_PL","og_type":"article","og_title":"\u015aWIATOWY DZIE\u0143 OWOC\u00d3W I WARZYW W PRZEDSZKOLU - Zesp\u00f3\u0142 Szk\u00f3\u0142 w Gromniku","og_description":"Zesp\u00f3\u0142 Szk\u00f3\u0142 w Gromniku","og_url":"https:\/\/zs.gromnik.pl\/zs\/dzien-owocow-i-warzyw-w-przedszkolu\/","og_site_name":"Zesp\u00f3\u0142 Szk\u00f3\u0142 w Gromniku","article_publisher":"https:\/\/www.facebook.com\/zsgromnik","article_published_time":"2025-10-25T19:45:06+00:00","article_modified_time":"2025-10-25T19:48:44+00:00","og_image":[{"width":2048,"height":2048,"url":"https:\/\/zs.gromnik.pl\/zs\/wp-content\/uploads\/2025\/10\/34b0fe03-eb85-4d6f-bc1c-e5c48f6428b5.jpg","type":"image\/jpeg"}],"author":"Barbara Kubicz","twitter_card":"summary_large_image","twitter_misc":{"Napisane przez":"Barbara Kubicz","Szacowany czas czytania":"1 minuta"},"schema":{"@context":"https:\/\/schema.org","@graph":[{"@type":"WebPage","@id":"https:\/\/zs.gromnik.pl\/zs\/dzien-owocow-i-warzyw-w-przedszkolu\/","url":"https:\/\/zs.gromnik.pl\/zs\/dzien-owocow-i-warzyw-w-przedszkolu\/","name":"\u015aWIATOWY DZIE\u0143 OWOC\u00d3W I WARZYW W PRZEDSZKOLU - Zesp\u00f3\u0142 Szk\u00f3\u0142 w Gromniku","isPartOf":{"@id":"https:\/\/zs.gromnik.pl\/zs\/#website"},"datePublished":"2025-10-25T19:45:06+00:00","dateModified":"2025-10-25T19:48:44+00:00","author":{"@id":"https:\/\/zs.gromnik.pl\/zs\/#\/schema\/person\/7fb2b24b90f39dede6a6b1ad809c8871"},"description":"Zesp\u00f3\u0142 Szk\u00f3\u0142 w Gromniku","breadcrumb":{"@id":"https:\/\/zs.gromnik.pl\/zs\/dzien-owocow-i-warzyw-w-przedszkolu\/#breadcrumb"},"inLanguage":"pl-PL","potentialAction":[{"@type":"ReadAction","target":["https:\/\/zs.gromnik.pl\/zs\/dzien-owocow-i-warzyw-w-przedszkolu\/"]}]},{"@type":"BreadcrumbList","@id":"https:\/\/zs.gromnik.pl\/zs\/dzien-owocow-i-warzyw-w-przedszkolu\/#breadcrumb","itemListElement":[{"@type":"ListItem","position":1,"name":"Strona g\u0142\u00f3wna","item":"https:\/\/zs.gromnik.pl\/zs\/"},{"@type":"ListItem","position":2,"name":"\u015aWIATOWY DZIE\u0143 OWOC\u00d3W I WARZYW W PRZEDSZKOLU"}]},{"@type":"WebSite","@id":"https:\/\/zs.gromnik.pl\/zs\/#website","url":"https:\/\/zs.gromnik.pl\/zs\/","name":"Zesp\u00f3\u0142 Szk\u00f3\u0142 w Gromniku","description":"","potentialAction":[{"@type":"SearchAction","target":{"@type":"EntryPoint","urlTemplate":"https:\/\/zs.gromnik.pl\/zs\/?s={search_term_string}"},"query-input":"required name=search_term_string"}],"inLanguage":"pl-PL"},{"@type":"Person","@id":"https:\/\/zs.gromnik.pl\/zs\/#\/schema\/person\/7fb2b24b90f39dede6a6b1ad809c8871","name":"Barbara Kubicz","image":{"@type":"ImageObject","inLanguage":"pl-PL","@id":"https:\/\/zs.gromnik.pl\/zs\/#\/schema\/person\/image\/","url":"https:\/\/secure.gravatar.com\/avatar\/2148a1c13395e11280a430e7a86ac24a?s=96&d=mm&r=g","contentUrl":"https:\/\/secure.gravatar.com\/avatar\/2148a1c13395e11280a430e7a86ac24a?s=96&d=mm&r=g","caption":"Barbara Kubicz"},"url":"https:\/\/zs.gromnik.pl\/zs\/author\/bkubicz\/"}]}},"_links":{"self":[{"href":"https:\/\/zs.gromnik.pl\/zs\/wp-json\/wp\/v2\/posts\/18917"}],"collection":[{"href":"https:\/\/zs.gromnik.pl\/zs\/wp-json\/wp\/v2\/posts"}],"about":[{"href":"https:\/\/zs.gromnik.pl\/zs\/wp-json\/wp\/v2\/types\/post"}],"author":[{"embeddable":true,"href":"https:\/\/zs.gromnik.pl\/zs\/wp-json\/wp\/v2\/users\/7"}],"replies":[{"embeddable":true,"href":"https:\/\/zs.gromnik.pl\/zs\/wp-json\/wp\/v2\/comments?post=18917"}],"version-history":[{"count":2,"href":"https:\/\/zs.gromnik.pl\/zs\/wp-json\/wp\/v2\/posts\/18917\/revisions"}],"predecessor-version":[{"id":18949,"href":"https:\/\/zs.gromnik.pl\/zs\/wp-json\/wp\/v2\/posts\/18917\/revisions\/18949"}],"wp:featuredmedia":[{"embeddable":true,"href":"https:\/\/zs.gromnik.pl\/zs\/wp-json\/wp\/v2\/media\/18922"}],"wp:attachment":[{"href":"https:\/\/zs.gromnik.pl\/zs\/wp-json\/wp\/v2\/media?parent=18917"}],"wp:term":[{"taxonomy":"category","embeddable":true,"href":"https:\/\/zs.gromnik.pl\/zs\/wp-json\/wp\/v2\/categories?post=18917"},{"taxonomy":"post_tag","embeddable":true,"href":"https:\/\/zs.gromnik.pl\/zs\/wp-json\/wp\/v2\/tags?post=18917"}],"curies":[{"name":"wp","href":"https:\/\/api.w.org\/{rel}","templated":true}]}}