{"id":18950,"date":"2025-10-27T07:03:48","date_gmt":"2025-10-27T06:03:48","guid":{"rendered":"https:\/\/zs.gromnik.pl\/zs\/?p=18950"},"modified":"2025-10-27T07:10:04","modified_gmt":"2025-10-27T06:10:04","slug":"18950-2","status":"publish","type":"post","link":"https:\/\/zs.gromnik.pl\/zs\/18950-2\/","title":{"rendered":"."},"content":{"rendered":"\t\t<div data-elementor-type=\"wp-post\" data-elementor-id=\"18950\" class=\"elementor elementor-18950\">\n\t\t\t\t\t\t\t\t\t<section class=\"elementor-section elementor-top-section elementor-element elementor-element-e28f4d0 elementor-section-boxed elementor-section-height-default elementor-section-height-default\" data-id=\"e28f4d0\" data-element_type=\"section\">\n\t\t\t\t\t\t<div class=\"elementor-container elementor-column-gap-default\">\n\t\t\t\t\t<div class=\"elementor-column elementor-col-100 elementor-top-column elementor-element elementor-element-20d025e\" data-id=\"20d025e\" data-element_type=\"column\">\n\t\t\t<div class=\"elementor-widget-wrap elementor-element-populated\">\n\t\t\t\t\t\t\t\t<div class=\"elementor-element elementor-element-82fa548 elementor-widget elementor-widget-text-editor\" data-id=\"82fa548\" data-element_type=\"widget\" data-widget_type=\"text-editor.default\">\n\t\t\t\t<div class=\"elementor-widget-container\">\n\t\t\t\t\t\t\t<p>W\u00a0dniach 23- 24 pa\u017adziernika 2025 r. uczniowie klasy 6b i 7 uczni\u00f3w z klasy 7 wraz z opiekunami Mart\u0105 Kapa\u0142k\u0105 , Milen\u0105 M\u0105kosa i King\u0105 Zag\u00f3rsk\u0105 udali si\u0119 na dwudniow\u0105 wycieczk\u0119 do\u00a0Wroc\u0142awia.<\/p><p>Celem edukacyjnym i\u00a0wychowawczym wycieczki by\u0142o wzbogacenie wiedzy, poznawanie zabytk\u00f3w Wroc\u0142awia, kultury i\u00a0historii kraju, umiej\u0119tno\u015b\u0107 orientowania si\u0119 w\u00a0terenie, kszta\u0142towanie pozytywnego stosunku do\u00a0\u015brodowiska przyrodniczego, \u015bwiata zwierz\u0105t i\u00a0istoty zasobu ziemi jakim jest woda, kszta\u0142towanie nawyk\u00f3w kulturalnego zachowania si\u0119 w\u00a0miejscach publicznych oraz\u00a0integracja i\u00a0wzmocnienie wi\u0119zi kole\u017ce\u0144skiej.<\/p><p><strong><em>Dzie\u0144 1: Historyczne serce Wroc\u0142awia<\/em><\/strong><\/p><p>W\u00a0pierwszy dzie\u0144 naszej wycieczki wyruszyli\u015bmy autokarem o\u00a0godz.\u00a05:30 rano i\u00a0po\u00a0oko\u0142o pi\u0119ciu godzinach jazdy dotarli\u015bmy do\u00a0pi\u0119knego Wroc\u0142awia.<br \/>Rozpocz\u0119li\u015bmy od\u00a0zwiedzania Ostrowa Tumskiego, najstarszej cz\u0119\u015bci Wroc\u0142awia. To\u00a0urokliwe miejsce zachwyca nie\u00a0tylko\u00a0zabytkami, ale\u00a0r\u00f3wnie\u017c niezwyk\u0142\u0105 atmosfer\u0105. Nasz przewodnik opowiedzia\u0142 nam o\u00a0bogatej historii tej\u00a0wyspy, wskazuj\u0105c najwa\u017cniejsze budowle, takie jak Katedra \u015bw.\u00a0Jana Chrzciciela. Spaceruj\u0105c w\u0105skimi uliczkami, mieli\u015bmy okazj\u0119 podziwia\u0107 pi\u0119kne kamienice oraz\u00a0malownicze widoki na\u00a0Odr\u0119.<\/p><p>Kolejnym punktem programu by\u0142o Stare Miasto, kt\u00f3re urzeka kolorowymi kamienicami i\u00a0t\u0119tni\u0105cym \u017cyciem rynkiem. Zatrzymali\u015bmy si\u0119 przy ratuszu oraz\u00a0pomniku Aleksandra Fredry, gdzie przewodnik podzieli\u0142 si\u0119 ciekawostkami na\u00a0temat architektury i\u00a0historii Wroc\u0142awskiego rynku. Spaceruj\u0105c po\u00a0pi\u0119knym centrum, zakupili\u015bmy pami\u0105tki oraz\u00a0rozgl\u0105dali\u015bmy si\u0119 za\u00a0krasnalami, kt\u00f3rych\u00a0poszukiwanie jest obowi\u0105zkowym elementem pobytu we\u00a0Wroc\u0142awiu oraz\u00a0by\u0142o dla uczni\u00f3w nie\u00a0lada atrakcj\u0105 i\u00a0zabaw\u0105.<\/p><p>Nast\u0119pnie zwiedzali\u015bmy Centrum historii Zajezdnia prowadzony przez O\u015brodek \u201ePami\u0119\u0107 i Przysz\u0142o\u015b\u0107\u201d. Przedstawia histori\u0119 Dolnego \u015al\u0105ska, a zw\u0142aszcza dziejami Wroc\u0142awia po 1945r., wroc\u0142awsk\u0105 Solidarno\u015bci\u0105 oraz Ziemiami Odzyskanymi.<\/p><p>Kolejnym punktem naszej wycieczki by\u0142 Sky Tower. To wie\u017cowiec o wysoko\u015bci 212 m. Na przedostatnim 49 pi\u0119trze znajduj\u0119 si\u0119 oszklony punkt widokowy. My na ten taras wjechali\u015bmy wind\u0105 w ci\u0105gu 1 minuty. Widoki by\u0142y fantastyczne, wida\u0107 ca\u0142\u0105 panoram\u0119 Wroc\u0142awia. Po r\u00f3wnie szybkim jak wjazd zje\u017adzie wind\u0105 z tarasu wie\u017cowca, udali\u015bmy si\u0119\u00a0 na zas\u0142u\u017cony odpoczynek do Hotelu.<\/p><p><strong><em>Dzie\u0144 2: Przyroda i\u00a0nauka<\/em><\/strong><\/p><p>Drugi dzie\u0144 naszej wycieczki rozpocz\u0119li\u015bmy od\u00a0wizyty w Hydropolis &#8211; Centrum wiedzy o\u00a0wodzie. To\u00a0interaktywne muzeum dostarczy\u0142o nam nie\u00a0tylko\u00a0wiedzy, ale\u00a0tak\u017ce mn\u00f3stwa zabawy. Dzi\u0119ki nowoczesnym wystawom i\u00a0multimedialnym prezentacjom, mieli\u015bmy okazj\u0119 zg\u0142\u0119bi\u0107 temat wody w\u00a0r\u00f3\u017cnych aspektach \u2013 od\u00a0jej roli w\u00a0przyrodzie po\u00a0znaczenie dla \u017cycia codziennego.<\/p><p>Po\u00a0intensywnym zwiedzaniu udali\u015bmy si\u0119 na\u00a0pokaz fontanny multimedialnej. Fontanna zachwyca\u0142a zar\u00f3wno widokiem, jak i\u00a0muzyk\u0105, tworz\u0105c niesamowite widowisko. To\u00a0by\u0142 idealny moment na\u00a0chwil\u0119 relaksu i\u00a0podziwianie pi\u0119kna Wroc\u0142awia. Obok\u00a0znajduje si\u0119 Hala Stulecia, przy kt\u00f3rej zatrzymali\u015bmy si\u0119 aby us\u0142ysze\u0107 histori\u0119 stalowej Iglicy we Wroc\u0142awiu. Wzniesiona w 1948r. z okazji Wystawy Ziem Odzyskanych. Konstrukcja mierzy 90,3m.<\/p><p>Kolejnym punktem naszej wycieczki\u00a0 by\u0142\u00a0seans w\u00a0Panoramie Rac\u0142awickiej. Ten imponuj\u0105cy obraz przedstawiaj\u0105cy bitw\u0119 pod\u00a0Rac\u0142awicami to\u00a0prawdziwa per\u0142a sztuki, a\u00a0nasza wizyta w\u00a0tym miejscu dostarczy\u0142a niezapomnianych wra\u017ce\u0144. Dzi\u0119ki efektywnemu o\u015bwietleniu i\u00a0d\u017awi\u0119kom, poczuli\u015bmy si\u0119 jakby\u015bmy byli cz\u0119\u015bci\u0105 przedstawionej sceny.<\/p><p>Na koniec dnia odwiedzili\u015bmy wroc\u0142awskie zoo, jest jednym z\u00a0najstarszych w\u00a0Polsce. Mieli\u015bmy okazj\u0119 zobaczy\u0107 wiele egzotycznych gatunk\u00f3w zwierz\u0105t, w\u00a0tym lwy, szympansy i\u00a0pingwiny. Szczeg\u00f3lnie zachwyci\u0142o nas Afrykarium. To najwi\u0119ksze w Polsce oceanarium, pierwsze w naszym kraju i jedyne na \u015bwiecie po\u015bwi\u0119cone zwierz\u0119tom Czarnego L\u0105du. Unikatowy obiekt, kt\u00f3ry\u00a0przeni\u00f3s\u0142 nas w\u00a0\u015bwiat afryka\u0144skich ekosystem\u00f3w. Obserwowali\u015bmy hipopotamy, rekiny i\u00a0inne morskie stworzenia, a\u00a0tak\u017ce dowiedzieli\u015bmy si\u0119 wiele o\u00a0ich naturalnym \u015brodowisku.<\/p><p>Nadszed\u0142 czas powrotu, wi\u0119c\u00a0o\u00a0godzinie 15:40 wyruszyli\u015bmy w\u00a0drog\u0119 powrotn\u0105. Dzi\u0119ki przemy\u015blanemu programowi wycieczki, doborowi profesjonalnych przewodnik\u00f3w, pi\u0119knej pogodzie oraz\u00a0wspania\u0142ej atmosferze wycieczka do\u00a0Wroc\u0142awia na\u00a0d\u0142ugo pozostanie w\u00a0pami\u0119ci wszystkich jej uczestnik\u00f3w. Dwa dni sp\u0119dzone w\u00a0sercu wojew\u00f3dztwa dolno\u015bl\u0105skiego to\u00a0czas pe\u0142en niezapomnianych wra\u017ce\u0144, ciekawych informacji i\u00a0pi\u0119knych widok\u00f3w. Miasto, z\u00a0jego bogat\u0105 histori\u0105 i\u00a0nowoczesnymi atrakcjami, z\u00a0pewno\u015bci\u0105 zas\u0142uguje na\u00a0miano jednego z\u00a0najciekawszych miejsc w\u00a0Polsce. Z\u00a0ch\u0119ci\u0105 wybraliby\u015bmy si\u0119 tutaj na\u00a0kolejn\u0105 wizyt\u0119, aby odkrywa\u0107 jego kolejne tajemnice!<\/p><p>Do nast\u0119pnego razu\u2026<\/p><p>\u00a0\u00a0\u00a0\u00a0\u00a0\u00a0\u00a0\u00a0\u00a0\u00a0\u00a0\u00a0\u00a0\u00a0\u00a0\u00a0\u00a0\u00a0\u00a0\u00a0\u00a0\u00a0\u00a0\u00a0\u00a0\u00a0\u00a0\u00a0\u00a0\u00a0\u00a0\u00a0\u00a0\u00a0\u00a0\u00a0\u00a0\u00a0\u00a0\u00a0\u00a0\u00a0\u00a0\u00a0\u00a0\u00a0\u00a0\u00a0\u00a0\u00a0\u00a0\u00a0\u00a0\u00a0\u00a0\u00a0\u00a0\u00a0\u00a0\u00a0\u00a0\u00a0\u00a0\u00a0\u00a0\u00a0\u00a0\u00a0\u00a0\u00a0\u00a0\u00a0\u00a0\u00a0\u00a0\u00a0\u00a0\u00a0 Kinga Zag\u00f3rska<\/p><p>\u00a0<\/p>\t\t\t\t\t\t<\/div>\n\t\t\t\t<\/div>\n\t\t\t\t\t<\/div>\n\t\t<\/div>\n\t\t\t\t\t\t\t<\/div>\n\t\t<\/section>\n\t\t\t\t<section class=\"elementor-section elementor-top-section elementor-element elementor-element-bedee49 elementor-section-boxed elementor-section-height-default elementor-section-height-default\" data-id=\"bedee49\" data-element_type=\"section\">\n\t\t\t\t\t\t<div class=\"elementor-container elementor-column-gap-default\">\n\t\t\t\t\t<div class=\"elementor-column elementor-col-100 elementor-top-column elementor-element elementor-element-a1a7158\" data-id=\"a1a7158\" data-element_type=\"column\">\n\t\t\t<div class=\"elementor-widget-wrap elementor-element-populated\">\n\t\t\t\t\t\t\t\t<div class=\"elementor-element elementor-element-93e1671 elementor-aspect-ratio-169 elementor-widget elementor-widget-video\" data-id=\"93e1671\" data-element_type=\"widget\" data-settings=\"{&quot;youtube_url&quot;:&quot;https:\\\/\\\/youtu.be\\\/1vOg9yunG9k&quot;,&quot;autoplay&quot;:&quot;yes&quot;,&quot;video_type&quot;:&quot;youtube&quot;,&quot;controls&quot;:&quot;yes&quot;,&quot;aspect_ratio&quot;:&quot;169&quot;}\" data-widget_type=\"video.default\">\n\t\t\t\t<div class=\"elementor-widget-container\">\n\t\t\t\t\t<div class=\"elementor-wrapper elementor-fit-aspect-ratio elementor-open-inline\">\n\t\t\t<div class=\"elementor-video\"><\/div>\t\t<\/div>\n\t\t\t\t<\/div>\n\t\t\t\t<\/div>\n\t\t\t\t\t<\/div>\n\t\t<\/div>\n\t\t\t\t\t\t\t<\/div>\n\t\t<\/section>\n\t\t\t\t\t\t\t<\/div>\n\t\t","protected":false},"excerpt":{"rendered":"<p>W\u00a0dniach 23- 24 pa\u017adziernika 2025 r. uczniowie klasy 6b i 7 uczni\u00f3w z klasy 7 wraz z opiekunami Mart\u0105 Kapa\u0142k\u0105 , Milen\u0105 M\u0105kosa i King\u0105 Zag\u00f3rsk\u0105 udali si\u0119 na dwudniow\u0105 wycieczk\u0119 do\u00a0Wroc\u0142awia. Celem edukacyjnym i\u00a0wychowawczym wycieczki by\u0142o wzbogacenie wiedzy, poznawanie zabytk\u00f3w Wroc\u0142awia, kultury i\u00a0historii kraju, umiej\u0119tno\u015b\u0107 orientowania si\u0119 w\u00a0terenie, kszta\u0142towanie pozytywnego stosunku do\u00a0\u015brodowiska przyrodniczego, \u015bwiata zwierz\u0105t i\u00a0istoty zasobu ziemi jakim jest woda, kszta\u0142towanie nawyk\u00f3w kulturalnego zachowania si\u0119 w\u00a0miejscach publicznych oraz\u00a0integracja i\u00a0wzmocnienie wi\u0119zi kole\u017ce\u0144skiej. Dzie\u0144 1: Historyczne serce Wroc\u0142awia W\u00a0pierwszy dzie\u0144 naszej wycieczki wyruszyli\u015bmy autokarem o\u00a0godz.\u00a05:30 rano i\u00a0po\u00a0oko\u0142o pi\u0119ciu godzinach jazdy dotarli\u015bmy do\u00a0pi\u0119knego Wroc\u0142awia.Rozpocz\u0119li\u015bmy od\u00a0zwiedzania Ostrowa Tumskiego, najstarszej cz\u0119\u015bci Wroc\u0142awia. To\u00a0urokliwe miejsce zachwyca nie\u00a0tylko\u00a0zabytkami, ale\u00a0r\u00f3wnie\u017c niezwyk\u0142\u0105 atmosfer\u0105. Nasz przewodnik opowiedzia\u0142 nam o\u00a0bogatej historii tej\u00a0wyspy, wskazuj\u0105c najwa\u017cniejsze budowle, takie jak Katedra \u015bw.\u00a0Jana Chrzciciela. Spaceruj\u0105c w\u0105skimi uliczkami, mieli\u015bmy okazj\u0119 podziwia\u0107 pi\u0119kne kamienice oraz\u00a0malownicze widoki na\u00a0Odr\u0119. Kolejnym punktem programu by\u0142o Stare Miasto, kt\u00f3re urzeka kolorowymi kamienicami i\u00a0t\u0119tni\u0105cym \u017cyciem rynkiem. Zatrzymali\u015bmy si\u0119 przy ratuszu oraz\u00a0pomniku Aleksandra Fredry, gdzie przewodnik podzieli\u0142 si\u0119 ciekawostkami na\u00a0temat architektury i\u00a0historii Wroc\u0142awskiego rynku. Spaceruj\u0105c po\u00a0pi\u0119knym centrum, zakupili\u015bmy pami\u0105tki oraz\u00a0rozgl\u0105dali\u015bmy si\u0119 za\u00a0krasnalami, kt\u00f3rych\u00a0poszukiwanie jest obowi\u0105zkowym elementem pobytu we\u00a0Wroc\u0142awiu oraz\u00a0by\u0142o dla uczni\u00f3w nie\u00a0lada atrakcj\u0105 i\u00a0zabaw\u0105. Nast\u0119pnie zwiedzali\u015bmy Centrum historii Zajezdnia prowadzony przez O\u015brodek \u201ePami\u0119\u0107 i Przysz\u0142o\u015b\u0107\u201d. Przedstawia histori\u0119 Dolnego \u015al\u0105ska, a zw\u0142aszcza dziejami Wroc\u0142awia po 1945r., wroc\u0142awsk\u0105 Solidarno\u015bci\u0105 oraz Ziemiami Odzyskanymi. Kolejnym punktem naszej wycieczki by\u0142 Sky Tower. To wie\u017cowiec o wysoko\u015bci 212 m. Na przedostatnim 49 pi\u0119trze znajduj\u0119 si\u0119 oszklony punkt widokowy. My na ten taras wjechali\u015bmy wind\u0105 w ci\u0105gu 1 minuty. Widoki by\u0142y fantastyczne, wida\u0107 ca\u0142\u0105 panoram\u0119 Wroc\u0142awia. Po r\u00f3wnie szybkim jak wjazd zje\u017adzie wind\u0105 z tarasu wie\u017cowca, udali\u015bmy si\u0119\u00a0 na zas\u0142u\u017cony odpoczynek do Hotelu. Dzie\u0144 2: Przyroda i\u00a0nauka Drugi dzie\u0144 naszej wycieczki rozpocz\u0119li\u015bmy od\u00a0wizyty w Hydropolis &#8211; Centrum wiedzy o\u00a0wodzie. To\u00a0interaktywne muzeum dostarczy\u0142o nam nie\u00a0tylko\u00a0wiedzy, ale\u00a0tak\u017ce mn\u00f3stwa zabawy. Dzi\u0119ki nowoczesnym wystawom i\u00a0multimedialnym prezentacjom, mieli\u015bmy okazj\u0119 zg\u0142\u0119bi\u0107 temat wody w\u00a0r\u00f3\u017cnych aspektach \u2013 od\u00a0jej roli w\u00a0przyrodzie po\u00a0znaczenie dla \u017cycia codziennego. Po\u00a0intensywnym zwiedzaniu udali\u015bmy si\u0119 na\u00a0pokaz fontanny multimedialnej. Fontanna zachwyca\u0142a zar\u00f3wno widokiem, jak i\u00a0muzyk\u0105, tworz\u0105c niesamowite widowisko. To\u00a0by\u0142 idealny moment na\u00a0chwil\u0119 relaksu i\u00a0podziwianie pi\u0119kna Wroc\u0142awia. Obok\u00a0znajduje si\u0119 Hala Stulecia, przy kt\u00f3rej zatrzymali\u015bmy si\u0119 aby us\u0142ysze\u0107 histori\u0119 stalowej Iglicy we Wroc\u0142awiu. Wzniesiona w 1948r. z okazji Wystawy Ziem Odzyskanych. Konstrukcja mierzy 90,3m. Kolejnym punktem naszej wycieczki\u00a0 by\u0142\u00a0seans w\u00a0Panoramie Rac\u0142awickiej. Ten imponuj\u0105cy obraz przedstawiaj\u0105cy bitw\u0119 pod\u00a0Rac\u0142awicami to\u00a0prawdziwa per\u0142a sztuki, a\u00a0nasza wizyta w\u00a0tym miejscu dostarczy\u0142a niezapomnianych wra\u017ce\u0144. Dzi\u0119ki efektywnemu o\u015bwietleniu i\u00a0d\u017awi\u0119kom, poczuli\u015bmy si\u0119 jakby\u015bmy byli cz\u0119\u015bci\u0105 przedstawionej sceny. Na koniec dnia odwiedzili\u015bmy wroc\u0142awskie zoo, jest jednym z\u00a0najstarszych w\u00a0Polsce. Mieli\u015bmy okazj\u0119 zobaczy\u0107 wiele egzotycznych gatunk\u00f3w zwierz\u0105t, w\u00a0tym lwy, szympansy i\u00a0pingwiny. Szczeg\u00f3lnie zachwyci\u0142o nas Afrykarium. To najwi\u0119ksze w Polsce oceanarium, pierwsze w naszym kraju i jedyne na \u015bwiecie po\u015bwi\u0119cone zwierz\u0119tom Czarnego L\u0105du. Unikatowy obiekt, kt\u00f3ry\u00a0przeni\u00f3s\u0142 nas w\u00a0\u015bwiat afryka\u0144skich ekosystem\u00f3w. Obserwowali\u015bmy hipopotamy, rekiny i\u00a0inne morskie stworzenia, a\u00a0tak\u017ce dowiedzieli\u015bmy si\u0119 wiele o\u00a0ich naturalnym \u015brodowisku. Nadszed\u0142 czas powrotu, wi\u0119c\u00a0o\u00a0godzinie 15:40 wyruszyli\u015bmy w\u00a0drog\u0119 powrotn\u0105. Dzi\u0119ki przemy\u015blanemu programowi wycieczki, doborowi profesjonalnych przewodnik\u00f3w, pi\u0119knej pogodzie oraz\u00a0wspania\u0142ej atmosferze wycieczka do\u00a0Wroc\u0142awia na\u00a0d\u0142ugo pozostanie w\u00a0pami\u0119ci wszystkich jej uczestnik\u00f3w. Dwa dni sp\u0119dzone w\u00a0sercu wojew\u00f3dztwa dolno\u015bl\u0105skiego to\u00a0czas pe\u0142en niezapomnianych wra\u017ce\u0144, ciekawych informacji i\u00a0pi\u0119knych widok\u00f3w. Miasto, z\u00a0jego bogat\u0105 histori\u0105 i\u00a0nowoczesnymi atrakcjami, z\u00a0pewno\u015bci\u0105 zas\u0142uguje na\u00a0miano jednego z\u00a0najciekawszych miejsc w\u00a0Polsce. Z\u00a0ch\u0119ci\u0105 wybraliby\u015bmy si\u0119 tutaj na\u00a0kolejn\u0105 wizyt\u0119, aby odkrywa\u0107 jego kolejne tajemnice! Do nast\u0119pnego razu\u2026 \u00a0\u00a0\u00a0\u00a0\u00a0\u00a0\u00a0\u00a0\u00a0\u00a0\u00a0\u00a0\u00a0\u00a0\u00a0\u00a0\u00a0\u00a0\u00a0\u00a0\u00a0\u00a0\u00a0\u00a0\u00a0\u00a0\u00a0\u00a0\u00a0\u00a0\u00a0\u00a0\u00a0\u00a0\u00a0\u00a0\u00a0\u00a0\u00a0\u00a0\u00a0\u00a0\u00a0\u00a0\u00a0\u00a0\u00a0\u00a0\u00a0\u00a0\u00a0\u00a0\u00a0\u00a0\u00a0\u00a0\u00a0\u00a0\u00a0\u00a0\u00a0\u00a0\u00a0\u00a0\u00a0\u00a0\u00a0\u00a0\u00a0\u00a0\u00a0\u00a0\u00a0\u00a0\u00a0\u00a0\u00a0\u00a0 Kinga Zag\u00f3rska \u00a0 https:\/\/youtu.be\/1vOg9yunG9k<\/p>\n","protected":false},"author":1,"featured_media":18953,"comment_status":"closed","ping_status":"open","sticky":false,"template":"","format":"standard","meta":[],"categories":[3],"tags":[],"yoast_head":"<!-- This site is optimized with the Yoast SEO plugin v19.8 - https:\/\/yoast.com\/wordpress\/plugins\/seo\/ -->\n<title>. - Zesp\u00f3\u0142 Szk\u00f3\u0142 w Gromniku<\/title>\n<meta name=\"description\" content=\"Zesp\u00f3\u0142 Szk\u00f3\u0142 w Gromniku\" \/>\n<meta name=\"robots\" content=\"index, follow, max-snippet:-1, max-image-preview:large, max-video-preview:-1\" \/>\n<link rel=\"canonical\" href=\"https:\/\/zs.gromnik.pl\/zs\/18950-2\/\" \/>\n<meta property=\"og:locale\" content=\"pl_PL\" \/>\n<meta property=\"og:type\" content=\"article\" \/>\n<meta property=\"og:title\" content=\". - Zesp\u00f3\u0142 Szk\u00f3\u0142 w Gromniku\" \/>\n<meta property=\"og:description\" content=\"Zesp\u00f3\u0142 Szk\u00f3\u0142 w Gromniku\" \/>\n<meta property=\"og:url\" content=\"https:\/\/zs.gromnik.pl\/zs\/18950-2\/\" \/>\n<meta property=\"og:site_name\" content=\"Zesp\u00f3\u0142 Szk\u00f3\u0142 w Gromniku\" \/>\n<meta property=\"article:publisher\" content=\"https:\/\/www.facebook.com\/zsgromnik\" \/>\n<meta property=\"article:published_time\" content=\"2025-10-27T06:03:48+00:00\" \/>\n<meta property=\"article:modified_time\" content=\"2025-10-27T06:10:04+00:00\" \/>\n<meta property=\"og:image\" content=\"https:\/\/zs.gromnik.pl\/zs\/wp-content\/uploads\/2025\/10\/hjklpi.jpg\" \/>\n\t<meta property=\"og:image:width\" content=\"500\" \/>\n\t<meta property=\"og:image:height\" content=\"375\" \/>\n\t<meta property=\"og:image:type\" content=\"image\/jpeg\" \/>\n<meta name=\"author\" content=\"admin\" \/>\n<meta name=\"twitter:card\" content=\"summary_large_image\" \/>\n<meta name=\"twitter:label1\" content=\"Napisane przez\" \/>\n\t<meta name=\"twitter:data1\" content=\"admin\" \/>\n\t<meta name=\"twitter:label2\" content=\"Szacowany czas czytania\" \/>\n\t<meta name=\"twitter:data2\" content=\"4 minuty\" \/>\n<script type=\"application\/ld+json\" class=\"yoast-schema-graph\">{\"@context\":\"https:\/\/schema.org\",\"@graph\":[{\"@type\":\"WebPage\",\"@id\":\"https:\/\/zs.gromnik.pl\/zs\/18950-2\/\",\"url\":\"https:\/\/zs.gromnik.pl\/zs\/18950-2\/\",\"name\":\". - Zesp\u00f3\u0142 Szk\u00f3\u0142 w Gromniku\",\"isPartOf\":{\"@id\":\"https:\/\/zs.gromnik.pl\/zs\/#website\"},\"datePublished\":\"2025-10-27T06:03:48+00:00\",\"dateModified\":\"2025-10-27T06:10:04+00:00\",\"author\":{\"@id\":\"https:\/\/zs.gromnik.pl\/zs\/#\/schema\/person\/b197900f67c6133faddc284ae32f97ca\"},\"description\":\"Zesp\u00f3\u0142 Szk\u00f3\u0142 w Gromniku\",\"breadcrumb\":{\"@id\":\"https:\/\/zs.gromnik.pl\/zs\/18950-2\/#breadcrumb\"},\"inLanguage\":\"pl-PL\",\"potentialAction\":[{\"@type\":\"ReadAction\",\"target\":[\"https:\/\/zs.gromnik.pl\/zs\/18950-2\/\"]}]},{\"@type\":\"BreadcrumbList\",\"@id\":\"https:\/\/zs.gromnik.pl\/zs\/18950-2\/#breadcrumb\",\"itemListElement\":[{\"@type\":\"ListItem\",\"position\":1,\"name\":\"Strona g\u0142\u00f3wna\",\"item\":\"https:\/\/zs.gromnik.pl\/zs\/\"},{\"@type\":\"ListItem\",\"position\":2,\"name\":\".\"}]},{\"@type\":\"WebSite\",\"@id\":\"https:\/\/zs.gromnik.pl\/zs\/#website\",\"url\":\"https:\/\/zs.gromnik.pl\/zs\/\",\"name\":\"Zesp\u00f3\u0142 Szk\u00f3\u0142 w Gromniku\",\"description\":\"\",\"potentialAction\":[{\"@type\":\"SearchAction\",\"target\":{\"@type\":\"EntryPoint\",\"urlTemplate\":\"https:\/\/zs.gromnik.pl\/zs\/?s={search_term_string}\"},\"query-input\":\"required name=search_term_string\"}],\"inLanguage\":\"pl-PL\"},{\"@type\":\"Person\",\"@id\":\"https:\/\/zs.gromnik.pl\/zs\/#\/schema\/person\/b197900f67c6133faddc284ae32f97ca\",\"name\":\"admin\",\"image\":{\"@type\":\"ImageObject\",\"inLanguage\":\"pl-PL\",\"@id\":\"https:\/\/zs.gromnik.pl\/zs\/#\/schema\/person\/image\/\",\"url\":\"https:\/\/secure.gravatar.com\/avatar\/f8a2f876dbcc8c8edd809a8ca77a2abe?s=96&d=mm&r=g\",\"contentUrl\":\"https:\/\/secure.gravatar.com\/avatar\/f8a2f876dbcc8c8edd809a8ca77a2abe?s=96&d=mm&r=g\",\"caption\":\"admin\"},\"url\":\"https:\/\/zs.gromnik.pl\/zs\/author\/admin\/\"}]}<\/script>\n<!-- \/ Yoast SEO plugin. -->","yoast_head_json":{"title":". - Zesp\u00f3\u0142 Szk\u00f3\u0142 w Gromniku","description":"Zesp\u00f3\u0142 Szk\u00f3\u0142 w Gromniku","robots":{"index":"index","follow":"follow","max-snippet":"max-snippet:-1","max-image-preview":"max-image-preview:large","max-video-preview":"max-video-preview:-1"},"canonical":"https:\/\/zs.gromnik.pl\/zs\/18950-2\/","og_locale":"pl_PL","og_type":"article","og_title":". - Zesp\u00f3\u0142 Szk\u00f3\u0142 w Gromniku","og_description":"Zesp\u00f3\u0142 Szk\u00f3\u0142 w Gromniku","og_url":"https:\/\/zs.gromnik.pl\/zs\/18950-2\/","og_site_name":"Zesp\u00f3\u0142 Szk\u00f3\u0142 w Gromniku","article_publisher":"https:\/\/www.facebook.com\/zsgromnik","article_published_time":"2025-10-27T06:03:48+00:00","article_modified_time":"2025-10-27T06:10:04+00:00","og_image":[{"width":500,"height":375,"url":"https:\/\/zs.gromnik.pl\/zs\/wp-content\/uploads\/2025\/10\/hjklpi.jpg","type":"image\/jpeg"}],"author":"admin","twitter_card":"summary_large_image","twitter_misc":{"Napisane przez":"admin","Szacowany czas czytania":"4 minuty"},"schema":{"@context":"https:\/\/schema.org","@graph":[{"@type":"WebPage","@id":"https:\/\/zs.gromnik.pl\/zs\/18950-2\/","url":"https:\/\/zs.gromnik.pl\/zs\/18950-2\/","name":". - Zesp\u00f3\u0142 Szk\u00f3\u0142 w Gromniku","isPartOf":{"@id":"https:\/\/zs.gromnik.pl\/zs\/#website"},"datePublished":"2025-10-27T06:03:48+00:00","dateModified":"2025-10-27T06:10:04+00:00","author":{"@id":"https:\/\/zs.gromnik.pl\/zs\/#\/schema\/person\/b197900f67c6133faddc284ae32f97ca"},"description":"Zesp\u00f3\u0142 Szk\u00f3\u0142 w Gromniku","breadcrumb":{"@id":"https:\/\/zs.gromnik.pl\/zs\/18950-2\/#breadcrumb"},"inLanguage":"pl-PL","potentialAction":[{"@type":"ReadAction","target":["https:\/\/zs.gromnik.pl\/zs\/18950-2\/"]}]},{"@type":"BreadcrumbList","@id":"https:\/\/zs.gromnik.pl\/zs\/18950-2\/#breadcrumb","itemListElement":[{"@type":"ListItem","position":1,"name":"Strona g\u0142\u00f3wna","item":"https:\/\/zs.gromnik.pl\/zs\/"},{"@type":"ListItem","position":2,"name":"."}]},{"@type":"WebSite","@id":"https:\/\/zs.gromnik.pl\/zs\/#website","url":"https:\/\/zs.gromnik.pl\/zs\/","name":"Zesp\u00f3\u0142 Szk\u00f3\u0142 w Gromniku","description":"","potentialAction":[{"@type":"SearchAction","target":{"@type":"EntryPoint","urlTemplate":"https:\/\/zs.gromnik.pl\/zs\/?s={search_term_string}"},"query-input":"required name=search_term_string"}],"inLanguage":"pl-PL"},{"@type":"Person","@id":"https:\/\/zs.gromnik.pl\/zs\/#\/schema\/person\/b197900f67c6133faddc284ae32f97ca","name":"admin","image":{"@type":"ImageObject","inLanguage":"pl-PL","@id":"https:\/\/zs.gromnik.pl\/zs\/#\/schema\/person\/image\/","url":"https:\/\/secure.gravatar.com\/avatar\/f8a2f876dbcc8c8edd809a8ca77a2abe?s=96&d=mm&r=g","contentUrl":"https:\/\/secure.gravatar.com\/avatar\/f8a2f876dbcc8c8edd809a8ca77a2abe?s=96&d=mm&r=g","caption":"admin"},"url":"https:\/\/zs.gromnik.pl\/zs\/author\/admin\/"}]}},"_links":{"self":[{"href":"https:\/\/zs.gromnik.pl\/zs\/wp-json\/wp\/v2\/posts\/18950"}],"collection":[{"href":"https:\/\/zs.gromnik.pl\/zs\/wp-json\/wp\/v2\/posts"}],"about":[{"href":"https:\/\/zs.gromnik.pl\/zs\/wp-json\/wp\/v2\/types\/post"}],"author":[{"embeddable":true,"href":"https:\/\/zs.gromnik.pl\/zs\/wp-json\/wp\/v2\/users\/1"}],"replies":[{"embeddable":true,"href":"https:\/\/zs.gromnik.pl\/zs\/wp-json\/wp\/v2\/comments?post=18950"}],"version-history":[{"count":5,"href":"https:\/\/zs.gromnik.pl\/zs\/wp-json\/wp\/v2\/posts\/18950\/revisions"}],"predecessor-version":[{"id":18957,"href":"https:\/\/zs.gromnik.pl\/zs\/wp-json\/wp\/v2\/posts\/18950\/revisions\/18957"}],"wp:featuredmedia":[{"embeddable":true,"href":"https:\/\/zs.gromnik.pl\/zs\/wp-json\/wp\/v2\/media\/18953"}],"wp:attachment":[{"href":"https:\/\/zs.gromnik.pl\/zs\/wp-json\/wp\/v2\/media?parent=18950"}],"wp:term":[{"taxonomy":"category","embeddable":true,"href":"https:\/\/zs.gromnik.pl\/zs\/wp-json\/wp\/v2\/categories?post=18950"},{"taxonomy":"post_tag","embeddable":true,"href":"https:\/\/zs.gromnik.pl\/zs\/wp-json\/wp\/v2\/tags?post=18950"}],"curies":[{"name":"wp","href":"https:\/\/api.w.org\/{rel}","templated":true}]}}