{"id":18976,"date":"2025-11-06T07:11:50","date_gmt":"2025-11-06T06:11:50","guid":{"rendered":"https:\/\/zs.gromnik.pl\/zs\/?p=18976"},"modified":"2025-11-06T07:12:44","modified_gmt":"2025-11-06T06:12:44","slug":"pierwsze-warsztaty-z-programu-ty-decydujesz-jak-reagujesz-za-nami","status":"publish","type":"post","link":"https:\/\/zs.gromnik.pl\/zs\/pierwsze-warsztaty-z-programu-ty-decydujesz-jak-reagujesz-za-nami\/","title":{"rendered":"Pierwsze warsztaty z Programu \u201eTy decydujesz jak reagujesz\u201d za nami \u00a0"},"content":{"rendered":"\t\t<div data-elementor-type=\"wp-post\" data-elementor-id=\"18976\" class=\"elementor elementor-18976\">\n\t\t\t\t\t\t\t\t\t<section class=\"elementor-section elementor-top-section elementor-element elementor-element-da6933e elementor-section-boxed elementor-section-height-default elementor-section-height-default\" data-id=\"da6933e\" data-element_type=\"section\">\n\t\t\t\t\t\t<div class=\"elementor-container elementor-column-gap-default\">\n\t\t\t\t\t<div class=\"elementor-column elementor-col-100 elementor-top-column elementor-element elementor-element-46e498a\" data-id=\"46e498a\" data-element_type=\"column\">\n\t\t\t<div class=\"elementor-widget-wrap elementor-element-populated\">\n\t\t\t\t\t\t\t\t<div class=\"elementor-element elementor-element-b8db164 elementor-widget elementor-widget-text-editor\" data-id=\"b8db164\" data-element_type=\"widget\" data-widget_type=\"text-editor.default\">\n\t\t\t\t<div class=\"elementor-widget-container\">\n\t\t\t\t\t\t\t<p>Dnia 03.11.2025 roku uczniowie klas 3B, 6A oraz 7B wzi\u0119li aktywny udzia\u0142 w warsztatach prowadzonych przez trenera Programu Pani\u0105 Karolin\u0119 Zaj\u0105c. Na zaj\u0119ciach pracowali m.in. nad lepszym poznaniem pozosta\u0142ych cz\u0142onk\u00f3w swoich klas oraz rozmawiali o emocjach. Ka\u017cdy ucze\u0144 bior\u0105cy udzia\u0142 w warsztatach dosta\u0142 od organizator\u00f3w Programu kilka materia\u0142\u00f3w informacyjnych, w kt\u00f3rych mo\u017cna znale\u017a\u0107 np. numer telefonu zaufania dla dzieci i m\u0142odzie\u017cy: 116 111, by uczniowie mogli go mie\u0107 zawsze pod r\u0119k\u0105<\/p><p>\u00a0<\/p><p>Jako szko\u0142a otrzymali\u015bmy r\u00f3wnie\u017c \u201eskrzynk\u0119 zaufania\u201d, do kt\u00f3rej uczniowie b\u0119d\u0105 mogli wrzuca\u0107 karteczki z tym, co ich martwi, smuci, czego si\u0119 boj\u0105, czy z czego si\u0119 ciesz\u0105 \u00a0B\u0119dzie to okazja do podzielenia si\u0119 swoimi codziennymi prze\u017cyciami. Skrzynka zosta\u0142a umieszczona w sali 42<\/p><p>\u00a0<\/p><p>Dzi\u0119kujemy i z niecierpliwo\u015bci\u0105 czekamy na kolejne spotkania!<\/p>\t\t\t\t\t\t<\/div>\n\t\t\t\t<\/div>\n\t\t\t\t\t<\/div>\n\t\t<\/div>\n\t\t\t\t\t\t\t<\/div>\n\t\t<\/section>\n\t\t\t\t<section class=\"elementor-section elementor-top-section elementor-element elementor-element-65c265a elementor-section-boxed elementor-section-height-default elementor-section-height-default\" data-id=\"65c265a\" data-element_type=\"section\">\n\t\t\t\t\t\t<div class=\"elementor-container elementor-column-gap-default\">\n\t\t\t\t\t<div class=\"elementor-column elementor-col-100 elementor-top-column elementor-element elementor-element-fc4de52\" data-id=\"fc4de52\" data-element_type=\"column\">\n\t\t\t<div class=\"elementor-widget-wrap elementor-element-populated\">\n\t\t\t\t\t\t\t\t<div class=\"elementor-element elementor-element-374cf15 elementor-widget elementor-widget-image-gallery\" data-id=\"374cf15\" data-element_type=\"widget\" data-widget_type=\"image-gallery.default\">\n\t\t\t\t<div class=\"elementor-widget-container\">\n\t\t\t\t\t<div class=\"elementor-image-gallery\">\n\t\t\t<div id='gallery-1' class='gallery galleryid-18976 gallery-columns-5 gallery-size-medium'><figure class='gallery-item'>\n\t\t\t<div class='gallery-icon portrait'>\n\t\t\t\t<a data-elementor-open-lightbox=\"yes\" data-elementor-lightbox-slideshow=\"374cf15\" data-elementor-lightbox-title=\"7MOzTyIJ\" e-action-hash=\"#elementor-action%3Aaction%3Dlightbox%26settings%3DeyJpZCI6MTg5NzgsInVybCI6Imh0dHBzOlwvXC96cy5ncm9tbmlrLnBsXC96c1wvd3AtY29udGVudFwvdXBsb2Fkc1wvMjAyNVwvMTFcLzdNT3pUeUlKLXNjYWxlZC5qcGciLCJzbGlkZXNob3ciOiIzNzRjZjE1In0%3D\" href='https:\/\/zs.gromnik.pl\/zs\/wp-content\/uploads\/2025\/11\/7MOzTyIJ-scaled.jpg'><img width=\"225\" height=\"300\" src=\"https:\/\/zs.gromnik.pl\/zs\/wp-content\/uploads\/2025\/11\/7MOzTyIJ-225x300.jpg\" class=\"attachment-medium size-medium\" alt=\"\" loading=\"lazy\" srcset=\"https:\/\/zs.gromnik.pl\/zs\/wp-content\/uploads\/2025\/11\/7MOzTyIJ-225x300.jpg 225w, https:\/\/zs.gromnik.pl\/zs\/wp-content\/uploads\/2025\/11\/7MOzTyIJ-768x1024.jpg 768w, https:\/\/zs.gromnik.pl\/zs\/wp-content\/uploads\/2025\/11\/7MOzTyIJ-1152x1536.jpg 1152w, https:\/\/zs.gromnik.pl\/zs\/wp-content\/uploads\/2025\/11\/7MOzTyIJ-1536x2048.jpg 1536w, https:\/\/zs.gromnik.pl\/zs\/wp-content\/uploads\/2025\/11\/7MOzTyIJ-1140x1520.jpg 1140w, https:\/\/zs.gromnik.pl\/zs\/wp-content\/uploads\/2025\/11\/7MOzTyIJ-scaled.jpg 1920w\" sizes=\"(max-width: 225px) 100vw, 225px\" \/><\/a>\n\t\t\t<\/div><\/figure><figure class='gallery-item'>\n\t\t\t<div class='gallery-icon landscape'>\n\t\t\t\t<a data-elementor-open-lightbox=\"yes\" data-elementor-lightbox-slideshow=\"374cf15\" data-elementor-lightbox-title=\"BsdZChxy\" e-action-hash=\"#elementor-action%3Aaction%3Dlightbox%26settings%3DeyJpZCI6MTg5NzksInVybCI6Imh0dHBzOlwvXC96cy5ncm9tbmlrLnBsXC96c1wvd3AtY29udGVudFwvdXBsb2Fkc1wvMjAyNVwvMTFcL0JzZFpDaHh5LXNjYWxlZC5qcGciLCJzbGlkZXNob3ciOiIzNzRjZjE1In0%3D\" href='https:\/\/zs.gromnik.pl\/zs\/wp-content\/uploads\/2025\/11\/BsdZChxy-scaled.jpg'><img width=\"300\" height=\"225\" src=\"https:\/\/zs.gromnik.pl\/zs\/wp-content\/uploads\/2025\/11\/BsdZChxy-300x225.jpg\" class=\"attachment-medium size-medium\" alt=\"\" loading=\"lazy\" srcset=\"https:\/\/zs.gromnik.pl\/zs\/wp-content\/uploads\/2025\/11\/BsdZChxy-300x225.jpg 300w, https:\/\/zs.gromnik.pl\/zs\/wp-content\/uploads\/2025\/11\/BsdZChxy-1024x768.jpg 1024w, https:\/\/zs.gromnik.pl\/zs\/wp-content\/uploads\/2025\/11\/BsdZChxy-768x576.jpg 768w, https:\/\/zs.gromnik.pl\/zs\/wp-content\/uploads\/2025\/11\/BsdZChxy-1536x1152.jpg 1536w, https:\/\/zs.gromnik.pl\/zs\/wp-content\/uploads\/2025\/11\/BsdZChxy-2048x1536.jpg 2048w, https:\/\/zs.gromnik.pl\/zs\/wp-content\/uploads\/2025\/11\/BsdZChxy-1140x855.jpg 1140w\" sizes=\"(max-width: 300px) 100vw, 300px\" \/><\/a>\n\t\t\t<\/div><\/figure><figure class='gallery-item'>\n\t\t\t<div class='gallery-icon portrait'>\n\t\t\t\t<a data-elementor-open-lightbox=\"yes\" data-elementor-lightbox-slideshow=\"374cf15\" data-elementor-lightbox-title=\"JTgTMM0D\" e-action-hash=\"#elementor-action%3Aaction%3Dlightbox%26settings%3DeyJpZCI6MTg5ODAsInVybCI6Imh0dHBzOlwvXC96cy5ncm9tbmlrLnBsXC96c1wvd3AtY29udGVudFwvdXBsb2Fkc1wvMjAyNVwvMTFcL0pUZ1RNTTBELXNjYWxlZC5qcGciLCJzbGlkZXNob3ciOiIzNzRjZjE1In0%3D\" href='https:\/\/zs.gromnik.pl\/zs\/wp-content\/uploads\/2025\/11\/JTgTMM0D-scaled.jpg'><img width=\"225\" height=\"300\" src=\"https:\/\/zs.gromnik.pl\/zs\/wp-content\/uploads\/2025\/11\/JTgTMM0D-225x300.jpg\" class=\"attachment-medium size-medium\" alt=\"\" loading=\"lazy\" srcset=\"https:\/\/zs.gromnik.pl\/zs\/wp-content\/uploads\/2025\/11\/JTgTMM0D-225x300.jpg 225w, https:\/\/zs.gromnik.pl\/zs\/wp-content\/uploads\/2025\/11\/JTgTMM0D-768x1024.jpg 768w, https:\/\/zs.gromnik.pl\/zs\/wp-content\/uploads\/2025\/11\/JTgTMM0D-1152x1536.jpg 1152w, https:\/\/zs.gromnik.pl\/zs\/wp-content\/uploads\/2025\/11\/JTgTMM0D-1536x2048.jpg 1536w, https:\/\/zs.gromnik.pl\/zs\/wp-content\/uploads\/2025\/11\/JTgTMM0D-1140x1520.jpg 1140w, https:\/\/zs.gromnik.pl\/zs\/wp-content\/uploads\/2025\/11\/JTgTMM0D-scaled.jpg 1920w\" sizes=\"(max-width: 225px) 100vw, 225px\" \/><\/a>\n\t\t\t<\/div><\/figure><figure class='gallery-item'>\n\t\t\t<div class='gallery-icon portrait'>\n\t\t\t\t<a data-elementor-open-lightbox=\"yes\" data-elementor-lightbox-slideshow=\"374cf15\" data-elementor-lightbox-title=\"lyErlMmy\" e-action-hash=\"#elementor-action%3Aaction%3Dlightbox%26settings%3DeyJpZCI6MTg5ODEsInVybCI6Imh0dHBzOlwvXC96cy5ncm9tbmlrLnBsXC96c1wvd3AtY29udGVudFwvdXBsb2Fkc1wvMjAyNVwvMTFcL2x5RXJsTW15LXNjYWxlZC5qcGciLCJzbGlkZXNob3ciOiIzNzRjZjE1In0%3D\" href='https:\/\/zs.gromnik.pl\/zs\/wp-content\/uploads\/2025\/11\/lyErlMmy-scaled.jpg'><img width=\"225\" height=\"300\" src=\"https:\/\/zs.gromnik.pl\/zs\/wp-content\/uploads\/2025\/11\/lyErlMmy-225x300.jpg\" class=\"attachment-medium size-medium\" alt=\"\" loading=\"lazy\" srcset=\"https:\/\/zs.gromnik.pl\/zs\/wp-content\/uploads\/2025\/11\/lyErlMmy-225x300.jpg 225w, https:\/\/zs.gromnik.pl\/zs\/wp-content\/uploads\/2025\/11\/lyErlMmy-768x1024.jpg 768w, https:\/\/zs.gromnik.pl\/zs\/wp-content\/uploads\/2025\/11\/lyErlMmy-1152x1536.jpg 1152w, https:\/\/zs.gromnik.pl\/zs\/wp-content\/uploads\/2025\/11\/lyErlMmy-1536x2048.jpg 1536w, https:\/\/zs.gromnik.pl\/zs\/wp-content\/uploads\/2025\/11\/lyErlMmy-1140x1520.jpg 1140w, https:\/\/zs.gromnik.pl\/zs\/wp-content\/uploads\/2025\/11\/lyErlMmy-scaled.jpg 1920w\" sizes=\"(max-width: 225px) 100vw, 225px\" \/><\/a>\n\t\t\t<\/div><\/figure><figure class='gallery-item'>\n\t\t\t<div class='gallery-icon portrait'>\n\t\t\t\t<a data-elementor-open-lightbox=\"yes\" data-elementor-lightbox-slideshow=\"374cf15\" data-elementor-lightbox-title=\"PDY83Jyv\" e-action-hash=\"#elementor-action%3Aaction%3Dlightbox%26settings%3DeyJpZCI6MTg5ODIsInVybCI6Imh0dHBzOlwvXC96cy5ncm9tbmlrLnBsXC96c1wvd3AtY29udGVudFwvdXBsb2Fkc1wvMjAyNVwvMTFcL1BEWTgzSnl2LXNjYWxlZC5qcGciLCJzbGlkZXNob3ciOiIzNzRjZjE1In0%3D\" href='https:\/\/zs.gromnik.pl\/zs\/wp-content\/uploads\/2025\/11\/PDY83Jyv-scaled.jpg'><img width=\"225\" height=\"300\" src=\"https:\/\/zs.gromnik.pl\/zs\/wp-content\/uploads\/2025\/11\/PDY83Jyv-225x300.jpg\" class=\"attachment-medium size-medium\" alt=\"\" loading=\"lazy\" srcset=\"https:\/\/zs.gromnik.pl\/zs\/wp-content\/uploads\/2025\/11\/PDY83Jyv-225x300.jpg 225w, https:\/\/zs.gromnik.pl\/zs\/wp-content\/uploads\/2025\/11\/PDY83Jyv-768x1024.jpg 768w, https:\/\/zs.gromnik.pl\/zs\/wp-content\/uploads\/2025\/11\/PDY83Jyv-1152x1536.jpg 1152w, https:\/\/zs.gromnik.pl\/zs\/wp-content\/uploads\/2025\/11\/PDY83Jyv-1536x2048.jpg 1536w, https:\/\/zs.gromnik.pl\/zs\/wp-content\/uploads\/2025\/11\/PDY83Jyv-1140x1520.jpg 1140w, https:\/\/zs.gromnik.pl\/zs\/wp-content\/uploads\/2025\/11\/PDY83Jyv-scaled.jpg 1920w\" sizes=\"(max-width: 225px) 100vw, 225px\" \/><\/a>\n\t\t\t<\/div><\/figure>\n\t\t<\/div>\n\t\t<\/div>\n\t\t\t\t<\/div>\n\t\t\t\t<\/div>\n\t\t\t\t\t<\/div>\n\t\t<\/div>\n\t\t\t\t\t\t\t<\/div>\n\t\t<\/section>\n\t\t\t\t\t\t\t<\/div>\n\t\t","protected":false},"excerpt":{"rendered":"<p>Dnia 03.11.2025 roku uczniowie klas 3B, 6A oraz 7B wzi\u0119li aktywny udzia\u0142 w warsztatach prowadzonych przez trenera Programu Pani\u0105 Karolin\u0119 Zaj\u0105c. Na zaj\u0119ciach pracowali m.in. nad lepszym poznaniem pozosta\u0142ych cz\u0142onk\u00f3w swoich klas oraz rozmawiali o emocjach. Ka\u017cdy ucze\u0144 bior\u0105cy udzia\u0142 w warsztatach dosta\u0142 od organizator\u00f3w Programu kilka materia\u0142\u00f3w informacyjnych, w kt\u00f3rych mo\u017cna znale\u017a\u0107 np. numer telefonu zaufania dla dzieci i m\u0142odzie\u017cy: 116 111, by uczniowie mogli go mie\u0107 zawsze pod r\u0119k\u0105 \u00a0 Jako szko\u0142a otrzymali\u015bmy r\u00f3wnie\u017c \u201eskrzynk\u0119 zaufania\u201d, do kt\u00f3rej uczniowie b\u0119d\u0105 mogli wrzuca\u0107 karteczki z tym, co ich martwi, smuci, czego si\u0119 boj\u0105, czy z czego si\u0119 ciesz\u0105 \u00a0B\u0119dzie to okazja do podzielenia si\u0119 swoimi codziennymi prze\u017cyciami. Skrzynka zosta\u0142a umieszczona w sali 42 \u00a0 Dzi\u0119kujemy i z niecierpliwo\u015bci\u0105 czekamy na kolejne spotkania!<\/p>\n","protected":false},"author":1,"featured_media":18984,"comment_status":"closed","ping_status":"open","sticky":false,"template":"","format":"standard","meta":[],"categories":[3],"tags":[],"yoast_head":"<!-- This site is optimized with the Yoast SEO plugin v19.8 - https:\/\/yoast.com\/wordpress\/plugins\/seo\/ -->\n<title>Pierwsze warsztaty z Programu \u201eTy decydujesz jak reagujesz\u201d za nami \u00a0 - Zesp\u00f3\u0142 Szk\u00f3\u0142 w Gromniku<\/title>\n<meta name=\"description\" content=\"Zesp\u00f3\u0142 Szk\u00f3\u0142 w Gromniku\" \/>\n<meta name=\"robots\" content=\"index, follow, max-snippet:-1, max-image-preview:large, max-video-preview:-1\" \/>\n<link rel=\"canonical\" href=\"https:\/\/zs.gromnik.pl\/zs\/pierwsze-warsztaty-z-programu-ty-decydujesz-jak-reagujesz-za-nami\/\" \/>\n<meta property=\"og:locale\" content=\"pl_PL\" \/>\n<meta property=\"og:type\" content=\"article\" \/>\n<meta property=\"og:title\" content=\"Pierwsze warsztaty z Programu \u201eTy decydujesz jak reagujesz\u201d za nami \u00a0 - Zesp\u00f3\u0142 Szk\u00f3\u0142 w Gromniku\" \/>\n<meta property=\"og:description\" content=\"Zesp\u00f3\u0142 Szk\u00f3\u0142 w Gromniku\" \/>\n<meta property=\"og:url\" content=\"https:\/\/zs.gromnik.pl\/zs\/pierwsze-warsztaty-z-programu-ty-decydujesz-jak-reagujesz-za-nami\/\" \/>\n<meta property=\"og:site_name\" content=\"Zesp\u00f3\u0142 Szk\u00f3\u0142 w Gromniku\" \/>\n<meta property=\"article:publisher\" content=\"https:\/\/www.facebook.com\/zsgromnik\" \/>\n<meta property=\"article:published_time\" content=\"2025-11-06T06:11:50+00:00\" \/>\n<meta property=\"article:modified_time\" content=\"2025-11-06T06:12:44+00:00\" \/>\n<meta property=\"og:image\" content=\"https:\/\/zs.gromnik.pl\/zs\/wp-content\/uploads\/2025\/11\/qazx.jpg\" \/>\n\t<meta property=\"og:image:width\" content=\"375\" \/>\n\t<meta property=\"og:image:height\" content=\"500\" \/>\n\t<meta property=\"og:image:type\" content=\"image\/jpeg\" \/>\n<meta name=\"author\" content=\"admin\" \/>\n<meta name=\"twitter:card\" content=\"summary_large_image\" \/>\n<meta name=\"twitter:label1\" content=\"Napisane przez\" \/>\n\t<meta name=\"twitter:data1\" content=\"admin\" \/>\n\t<meta name=\"twitter:label2\" content=\"Szacowany czas czytania\" \/>\n\t<meta name=\"twitter:data2\" content=\"1 minuta\" \/>\n<script type=\"application\/ld+json\" class=\"yoast-schema-graph\">{\"@context\":\"https:\/\/schema.org\",\"@graph\":[{\"@type\":\"WebPage\",\"@id\":\"https:\/\/zs.gromnik.pl\/zs\/pierwsze-warsztaty-z-programu-ty-decydujesz-jak-reagujesz-za-nami\/\",\"url\":\"https:\/\/zs.gromnik.pl\/zs\/pierwsze-warsztaty-z-programu-ty-decydujesz-jak-reagujesz-za-nami\/\",\"name\":\"Pierwsze warsztaty z Programu \u201eTy decydujesz jak reagujesz\u201d za nami \u00a0 - Zesp\u00f3\u0142 Szk\u00f3\u0142 w Gromniku\",\"isPartOf\":{\"@id\":\"https:\/\/zs.gromnik.pl\/zs\/#website\"},\"datePublished\":\"2025-11-06T06:11:50+00:00\",\"dateModified\":\"2025-11-06T06:12:44+00:00\",\"author\":{\"@id\":\"https:\/\/zs.gromnik.pl\/zs\/#\/schema\/person\/b197900f67c6133faddc284ae32f97ca\"},\"description\":\"Zesp\u00f3\u0142 Szk\u00f3\u0142 w Gromniku\",\"breadcrumb\":{\"@id\":\"https:\/\/zs.gromnik.pl\/zs\/pierwsze-warsztaty-z-programu-ty-decydujesz-jak-reagujesz-za-nami\/#breadcrumb\"},\"inLanguage\":\"pl-PL\",\"potentialAction\":[{\"@type\":\"ReadAction\",\"target\":[\"https:\/\/zs.gromnik.pl\/zs\/pierwsze-warsztaty-z-programu-ty-decydujesz-jak-reagujesz-za-nami\/\"]}]},{\"@type\":\"BreadcrumbList\",\"@id\":\"https:\/\/zs.gromnik.pl\/zs\/pierwsze-warsztaty-z-programu-ty-decydujesz-jak-reagujesz-za-nami\/#breadcrumb\",\"itemListElement\":[{\"@type\":\"ListItem\",\"position\":1,\"name\":\"Strona g\u0142\u00f3wna\",\"item\":\"https:\/\/zs.gromnik.pl\/zs\/\"},{\"@type\":\"ListItem\",\"position\":2,\"name\":\"Pierwsze warsztaty z Programu \u201eTy decydujesz jak reagujesz\u201d za nami \u00a0\"}]},{\"@type\":\"WebSite\",\"@id\":\"https:\/\/zs.gromnik.pl\/zs\/#website\",\"url\":\"https:\/\/zs.gromnik.pl\/zs\/\",\"name\":\"Zesp\u00f3\u0142 Szk\u00f3\u0142 w Gromniku\",\"description\":\"\",\"potentialAction\":[{\"@type\":\"SearchAction\",\"target\":{\"@type\":\"EntryPoint\",\"urlTemplate\":\"https:\/\/zs.gromnik.pl\/zs\/?s={search_term_string}\"},\"query-input\":\"required name=search_term_string\"}],\"inLanguage\":\"pl-PL\"},{\"@type\":\"Person\",\"@id\":\"https:\/\/zs.gromnik.pl\/zs\/#\/schema\/person\/b197900f67c6133faddc284ae32f97ca\",\"name\":\"admin\",\"image\":{\"@type\":\"ImageObject\",\"inLanguage\":\"pl-PL\",\"@id\":\"https:\/\/zs.gromnik.pl\/zs\/#\/schema\/person\/image\/\",\"url\":\"https:\/\/secure.gravatar.com\/avatar\/f8a2f876dbcc8c8edd809a8ca77a2abe?s=96&d=mm&r=g\",\"contentUrl\":\"https:\/\/secure.gravatar.com\/avatar\/f8a2f876dbcc8c8edd809a8ca77a2abe?s=96&d=mm&r=g\",\"caption\":\"admin\"},\"url\":\"https:\/\/zs.gromnik.pl\/zs\/author\/admin\/\"}]}<\/script>\n<!-- \/ Yoast SEO plugin. -->","yoast_head_json":{"title":"Pierwsze warsztaty z Programu \u201eTy decydujesz jak reagujesz\u201d za nami \u00a0 - Zesp\u00f3\u0142 Szk\u00f3\u0142 w Gromniku","description":"Zesp\u00f3\u0142 Szk\u00f3\u0142 w Gromniku","robots":{"index":"index","follow":"follow","max-snippet":"max-snippet:-1","max-image-preview":"max-image-preview:large","max-video-preview":"max-video-preview:-1"},"canonical":"https:\/\/zs.gromnik.pl\/zs\/pierwsze-warsztaty-z-programu-ty-decydujesz-jak-reagujesz-za-nami\/","og_locale":"pl_PL","og_type":"article","og_title":"Pierwsze warsztaty z Programu \u201eTy decydujesz jak reagujesz\u201d za nami \u00a0 - Zesp\u00f3\u0142 Szk\u00f3\u0142 w Gromniku","og_description":"Zesp\u00f3\u0142 Szk\u00f3\u0142 w Gromniku","og_url":"https:\/\/zs.gromnik.pl\/zs\/pierwsze-warsztaty-z-programu-ty-decydujesz-jak-reagujesz-za-nami\/","og_site_name":"Zesp\u00f3\u0142 Szk\u00f3\u0142 w Gromniku","article_publisher":"https:\/\/www.facebook.com\/zsgromnik","article_published_time":"2025-11-06T06:11:50+00:00","article_modified_time":"2025-11-06T06:12:44+00:00","og_image":[{"width":375,"height":500,"url":"https:\/\/zs.gromnik.pl\/zs\/wp-content\/uploads\/2025\/11\/qazx.jpg","type":"image\/jpeg"}],"author":"admin","twitter_card":"summary_large_image","twitter_misc":{"Napisane przez":"admin","Szacowany czas czytania":"1 minuta"},"schema":{"@context":"https:\/\/schema.org","@graph":[{"@type":"WebPage","@id":"https:\/\/zs.gromnik.pl\/zs\/pierwsze-warsztaty-z-programu-ty-decydujesz-jak-reagujesz-za-nami\/","url":"https:\/\/zs.gromnik.pl\/zs\/pierwsze-warsztaty-z-programu-ty-decydujesz-jak-reagujesz-za-nami\/","name":"Pierwsze warsztaty z Programu \u201eTy decydujesz jak reagujesz\u201d za nami \u00a0 - Zesp\u00f3\u0142 Szk\u00f3\u0142 w Gromniku","isPartOf":{"@id":"https:\/\/zs.gromnik.pl\/zs\/#website"},"datePublished":"2025-11-06T06:11:50+00:00","dateModified":"2025-11-06T06:12:44+00:00","author":{"@id":"https:\/\/zs.gromnik.pl\/zs\/#\/schema\/person\/b197900f67c6133faddc284ae32f97ca"},"description":"Zesp\u00f3\u0142 Szk\u00f3\u0142 w Gromniku","breadcrumb":{"@id":"https:\/\/zs.gromnik.pl\/zs\/pierwsze-warsztaty-z-programu-ty-decydujesz-jak-reagujesz-za-nami\/#breadcrumb"},"inLanguage":"pl-PL","potentialAction":[{"@type":"ReadAction","target":["https:\/\/zs.gromnik.pl\/zs\/pierwsze-warsztaty-z-programu-ty-decydujesz-jak-reagujesz-za-nami\/"]}]},{"@type":"BreadcrumbList","@id":"https:\/\/zs.gromnik.pl\/zs\/pierwsze-warsztaty-z-programu-ty-decydujesz-jak-reagujesz-za-nami\/#breadcrumb","itemListElement":[{"@type":"ListItem","position":1,"name":"Strona g\u0142\u00f3wna","item":"https:\/\/zs.gromnik.pl\/zs\/"},{"@type":"ListItem","position":2,"name":"Pierwsze warsztaty z Programu \u201eTy decydujesz jak reagujesz\u201d za nami \u00a0"}]},{"@type":"WebSite","@id":"https:\/\/zs.gromnik.pl\/zs\/#website","url":"https:\/\/zs.gromnik.pl\/zs\/","name":"Zesp\u00f3\u0142 Szk\u00f3\u0142 w Gromniku","description":"","potentialAction":[{"@type":"SearchAction","target":{"@type":"EntryPoint","urlTemplate":"https:\/\/zs.gromnik.pl\/zs\/?s={search_term_string}"},"query-input":"required name=search_term_string"}],"inLanguage":"pl-PL"},{"@type":"Person","@id":"https:\/\/zs.gromnik.pl\/zs\/#\/schema\/person\/b197900f67c6133faddc284ae32f97ca","name":"admin","image":{"@type":"ImageObject","inLanguage":"pl-PL","@id":"https:\/\/zs.gromnik.pl\/zs\/#\/schema\/person\/image\/","url":"https:\/\/secure.gravatar.com\/avatar\/f8a2f876dbcc8c8edd809a8ca77a2abe?s=96&d=mm&r=g","contentUrl":"https:\/\/secure.gravatar.com\/avatar\/f8a2f876dbcc8c8edd809a8ca77a2abe?s=96&d=mm&r=g","caption":"admin"},"url":"https:\/\/zs.gromnik.pl\/zs\/author\/admin\/"}]}},"_links":{"self":[{"href":"https:\/\/zs.gromnik.pl\/zs\/wp-json\/wp\/v2\/posts\/18976"}],"collection":[{"href":"https:\/\/zs.gromnik.pl\/zs\/wp-json\/wp\/v2\/posts"}],"about":[{"href":"https:\/\/zs.gromnik.pl\/zs\/wp-json\/wp\/v2\/types\/post"}],"author":[{"embeddable":true,"href":"https:\/\/zs.gromnik.pl\/zs\/wp-json\/wp\/v2\/users\/1"}],"replies":[{"embeddable":true,"href":"https:\/\/zs.gromnik.pl\/zs\/wp-json\/wp\/v2\/comments?post=18976"}],"version-history":[{"count":5,"href":"https:\/\/zs.gromnik.pl\/zs\/wp-json\/wp\/v2\/posts\/18976\/revisions"}],"predecessor-version":[{"id":18987,"href":"https:\/\/zs.gromnik.pl\/zs\/wp-json\/wp\/v2\/posts\/18976\/revisions\/18987"}],"wp:featuredmedia":[{"embeddable":true,"href":"https:\/\/zs.gromnik.pl\/zs\/wp-json\/wp\/v2\/media\/18984"}],"wp:attachment":[{"href":"https:\/\/zs.gromnik.pl\/zs\/wp-json\/wp\/v2\/media?parent=18976"}],"wp:term":[{"taxonomy":"category","embeddable":true,"href":"https:\/\/zs.gromnik.pl\/zs\/wp-json\/wp\/v2\/categories?post=18976"},{"taxonomy":"post_tag","embeddable":true,"href":"https:\/\/zs.gromnik.pl\/zs\/wp-json\/wp\/v2\/tags?post=18976"}],"curies":[{"name":"wp","href":"https:\/\/api.w.org\/{rel}","templated":true}]}}