{"id":19013,"date":"2025-11-11T18:30:53","date_gmt":"2025-11-11T17:30:53","guid":{"rendered":"https:\/\/zs.gromnik.pl\/zs\/?p=19013"},"modified":"2025-11-11T18:30:55","modified_gmt":"2025-11-11T17:30:55","slug":"narodowe-swieto-niepodleglosci-w-przedszkolu-2","status":"publish","type":"post","link":"https:\/\/zs.gromnik.pl\/zs\/narodowe-swieto-niepodleglosci-w-przedszkolu-2\/","title":{"rendered":"Narodowe \u015awi\u0119to Niepodleg\u0142o\u015bci w przedszkolu"},"content":{"rendered":"\n<p>11 listopada 1918 r. to wa\u017cna data dla wszystkich Polak\u00f3w. Upami\u0119tnia ona odzyskanie niepodleg\u0142o\u015bci po 123 latach niewoli, dlatego co roku 11 listopada obchodzimy Narodowe \u015awi\u0119to Niepodleg\u0142o\u015bci.\u00a0 W naszym przedszkolu uroczysta akademia zwi\u0105zana z tym szczeg\u00f3lnym wydarzeniem odby\u0142a si\u0119 7 listopada.\u00a0\u00a0Z tej okazji przedszkolaki recytowa\u0142y wiersze, \u015bpiewa\u0142y pie\u015bni patriotyczne oraz prezentowa\u0142y ta\u0144ce przygotowane przez panie prowadz\u0105ce poszczeg\u00f3lne grupy.\u00a0Ponadto o godz. 11:11 w ramach akcji MEN \u201eSzko\u0142a do hymnu\u201d ca\u0142a spo\u0142eczno\u015b\u0107 przedszkolna za\u015bpiewa\u0142a hymn narodowy. Nasi mali patrioci postarali si\u0119, aby uroczysto\u015b\u0107 by\u0142a dla wszystkich nie tylko lekcj\u0105 historii, ale te\u017c okazj\u0105 do piel\u0119gnowania polskiej kultury i tradycji. Brawo mali Polacy!!! Jeste\u015bmy z Was dumni!\u00a0 \u00a0<\/p>\n\n\n\n<figure class=\"wp-container-2 wp-block-gallery-1 wp-block-gallery has-nested-images columns-1 is-cropped\">\n<figure class=\"wp-block-image size-large\"><img loading=\"lazy\" width=\"2560\" height=\"1790\" data-id=\"19019\"  src=\"http:\/\/zs.gromnik.pl\/zs\/wp-content\/uploads\/2025\/11\/PXL_20251107_095009681.MP_-scaled.jpg\" alt=\"\" class=\"wp-image-19019\" srcset=\"https:\/\/zs.gromnik.pl\/zs\/wp-content\/uploads\/2025\/11\/PXL_20251107_095009681.MP_-scaled.jpg 2560w, https:\/\/zs.gromnik.pl\/zs\/wp-content\/uploads\/2025\/11\/PXL_20251107_095009681.MP_-300x210.jpg 300w, https:\/\/zs.gromnik.pl\/zs\/wp-content\/uploads\/2025\/11\/PXL_20251107_095009681.MP_-1024x716.jpg 1024w, https:\/\/zs.gromnik.pl\/zs\/wp-content\/uploads\/2025\/11\/PXL_20251107_095009681.MP_-768x537.jpg 768w, https:\/\/zs.gromnik.pl\/zs\/wp-content\/uploads\/2025\/11\/PXL_20251107_095009681.MP_-1536x1074.jpg 1536w, https:\/\/zs.gromnik.pl\/zs\/wp-content\/uploads\/2025\/11\/PXL_20251107_095009681.MP_-2048x1432.jpg 2048w, https:\/\/zs.gromnik.pl\/zs\/wp-content\/uploads\/2025\/11\/PXL_20251107_095009681.MP_-1140x797.jpg 1140w\" sizes=\"(max-width: 2560px) 100vw, 2560px\" \/><\/figure>\n\n\n\n<figure class=\"wp-block-image size-large\"><img loading=\"lazy\" width=\"2560\" height=\"1792\" data-id=\"19020\"  src=\"http:\/\/zs.gromnik.pl\/zs\/wp-content\/uploads\/2025\/11\/PXL_20251107_095340834.MP_-scaled.jpg\" alt=\"\" class=\"wp-image-19020\" srcset=\"https:\/\/zs.gromnik.pl\/zs\/wp-content\/uploads\/2025\/11\/PXL_20251107_095340834.MP_-scaled.jpg 2560w, https:\/\/zs.gromnik.pl\/zs\/wp-content\/uploads\/2025\/11\/PXL_20251107_095340834.MP_-300x210.jpg 300w, https:\/\/zs.gromnik.pl\/zs\/wp-content\/uploads\/2025\/11\/PXL_20251107_095340834.MP_-1024x717.jpg 1024w, https:\/\/zs.gromnik.pl\/zs\/wp-content\/uploads\/2025\/11\/PXL_20251107_095340834.MP_-768x538.jpg 768w, https:\/\/zs.gromnik.pl\/zs\/wp-content\/uploads\/2025\/11\/PXL_20251107_095340834.MP_-1536x1075.jpg 1536w, https:\/\/zs.gromnik.pl\/zs\/wp-content\/uploads\/2025\/11\/PXL_20251107_095340834.MP_-2048x1434.jpg 2048w, https:\/\/zs.gromnik.pl\/zs\/wp-content\/uploads\/2025\/11\/PXL_20251107_095340834.MP_-1140x798.jpg 1140w\" sizes=\"(max-width: 2560px) 100vw, 2560px\" \/><\/figure>\n\n\n\n<figure class=\"wp-block-image size-large\"><img loading=\"lazy\" width=\"2160\" height=\"2092\" data-id=\"19014\"  src=\"http:\/\/zs.gromnik.pl\/zs\/wp-content\/uploads\/2025\/11\/128c0191-7c0d-417c-ae7a-409d4bce1be8.jpg\" alt=\"\" class=\"wp-image-19014\" srcset=\"https:\/\/zs.gromnik.pl\/zs\/wp-content\/uploads\/2025\/11\/128c0191-7c0d-417c-ae7a-409d4bce1be8.jpg 2160w, https:\/\/zs.gromnik.pl\/zs\/wp-content\/uploads\/2025\/11\/128c0191-7c0d-417c-ae7a-409d4bce1be8-300x291.jpg 300w, https:\/\/zs.gromnik.pl\/zs\/wp-content\/uploads\/2025\/11\/128c0191-7c0d-417c-ae7a-409d4bce1be8-1024x992.jpg 1024w, https:\/\/zs.gromnik.pl\/zs\/wp-content\/uploads\/2025\/11\/128c0191-7c0d-417c-ae7a-409d4bce1be8-768x744.jpg 768w, https:\/\/zs.gromnik.pl\/zs\/wp-content\/uploads\/2025\/11\/128c0191-7c0d-417c-ae7a-409d4bce1be8-1536x1488.jpg 1536w, https:\/\/zs.gromnik.pl\/zs\/wp-content\/uploads\/2025\/11\/128c0191-7c0d-417c-ae7a-409d4bce1be8-2048x1984.jpg 2048w, https:\/\/zs.gromnik.pl\/zs\/wp-content\/uploads\/2025\/11\/128c0191-7c0d-417c-ae7a-409d4bce1be8-1140x1104.jpg 1140w\" sizes=\"(max-width: 2160px) 100vw, 2160px\" \/><\/figure>\n\n\n\n<figure class=\"wp-block-image size-large\"><img loading=\"lazy\" width=\"1920\" height=\"2560\" data-id=\"19021\"  src=\"http:\/\/zs.gromnik.pl\/zs\/wp-content\/uploads\/2025\/11\/PXL_20251107_100031681-scaled.jpg\" alt=\"\" class=\"wp-image-19021\" srcset=\"https:\/\/zs.gromnik.pl\/zs\/wp-content\/uploads\/2025\/11\/PXL_20251107_100031681-scaled.jpg 1920w, https:\/\/zs.gromnik.pl\/zs\/wp-content\/uploads\/2025\/11\/PXL_20251107_100031681-225x300.jpg 225w, https:\/\/zs.gromnik.pl\/zs\/wp-content\/uploads\/2025\/11\/PXL_20251107_100031681-768x1024.jpg 768w, https:\/\/zs.gromnik.pl\/zs\/wp-content\/uploads\/2025\/11\/PXL_20251107_100031681-1152x1536.jpg 1152w, https:\/\/zs.gromnik.pl\/zs\/wp-content\/uploads\/2025\/11\/PXL_20251107_100031681-1536x2048.jpg 1536w, https:\/\/zs.gromnik.pl\/zs\/wp-content\/uploads\/2025\/11\/PXL_20251107_100031681-1140x1520.jpg 1140w\" sizes=\"(max-width: 1920px) 100vw, 1920px\" \/><\/figure>\n\n\n\n<figure class=\"wp-block-image size-large\"><img loading=\"lazy\" width=\"2560\" height=\"1702\" data-id=\"19022\"  src=\"http:\/\/zs.gromnik.pl\/zs\/wp-content\/uploads\/2025\/11\/PXL_20251107_100212154.MP_-scaled.jpg\" alt=\"\" class=\"wp-image-19022\" srcset=\"https:\/\/zs.gromnik.pl\/zs\/wp-content\/uploads\/2025\/11\/PXL_20251107_100212154.MP_-scaled.jpg 2560w, https:\/\/zs.gromnik.pl\/zs\/wp-content\/uploads\/2025\/11\/PXL_20251107_100212154.MP_-300x199.jpg 300w, https:\/\/zs.gromnik.pl\/zs\/wp-content\/uploads\/2025\/11\/PXL_20251107_100212154.MP_-1024x681.jpg 1024w, https:\/\/zs.gromnik.pl\/zs\/wp-content\/uploads\/2025\/11\/PXL_20251107_100212154.MP_-768x510.jpg 768w, https:\/\/zs.gromnik.pl\/zs\/wp-content\/uploads\/2025\/11\/PXL_20251107_100212154.MP_-1536x1021.jpg 1536w, https:\/\/zs.gromnik.pl\/zs\/wp-content\/uploads\/2025\/11\/PXL_20251107_100212154.MP_-2048x1361.jpg 2048w, https:\/\/zs.gromnik.pl\/zs\/wp-content\/uploads\/2025\/11\/PXL_20251107_100212154.MP_-1140x758.jpg 1140w\" sizes=\"(max-width: 2560px) 100vw, 2560px\" \/><\/figure>\n\n\n\n<figure class=\"wp-block-image size-large\"><img loading=\"lazy\" width=\"1930\" height=\"2560\" data-id=\"19015\"  src=\"http:\/\/zs.gromnik.pl\/zs\/wp-content\/uploads\/2025\/11\/PXL_20251107_093542375.MP_-scaled.jpg\" alt=\"\" class=\"wp-image-19015\" srcset=\"https:\/\/zs.gromnik.pl\/zs\/wp-content\/uploads\/2025\/11\/PXL_20251107_093542375.MP_-scaled.jpg 1930w, https:\/\/zs.gromnik.pl\/zs\/wp-content\/uploads\/2025\/11\/PXL_20251107_093542375.MP_-226x300.jpg 226w, https:\/\/zs.gromnik.pl\/zs\/wp-content\/uploads\/2025\/11\/PXL_20251107_093542375.MP_-772x1024.jpg 772w, https:\/\/zs.gromnik.pl\/zs\/wp-content\/uploads\/2025\/11\/PXL_20251107_093542375.MP_-768x1019.jpg 768w, https:\/\/zs.gromnik.pl\/zs\/wp-content\/uploads\/2025\/11\/PXL_20251107_093542375.MP_-1158x1536.jpg 1158w, https:\/\/zs.gromnik.pl\/zs\/wp-content\/uploads\/2025\/11\/PXL_20251107_093542375.MP_-1544x2048.jpg 1544w, https:\/\/zs.gromnik.pl\/zs\/wp-content\/uploads\/2025\/11\/PXL_20251107_093542375.MP_-1140x1512.jpg 1140w\" sizes=\"(max-width: 1930px) 100vw, 1930px\" \/><\/figure>\n\n\n\n<figure class=\"wp-block-image size-large\"><img loading=\"lazy\" width=\"768\" height=\"1024\" data-id=\"19016\"  src=\"https:\/\/zs.gromnik.pl\/zs\/wp-content\/uploads\/2025\/11\/PXL_20251107_093712316.MP_-768x1024.jpg\" alt=\"\" class=\"wp-image-19016\" srcset=\"https:\/\/zs.gromnik.pl\/zs\/wp-content\/uploads\/2025\/11\/PXL_20251107_093712316.MP_-768x1024.jpg 768w, https:\/\/zs.gromnik.pl\/zs\/wp-content\/uploads\/2025\/11\/PXL_20251107_093712316.MP_-225x300.jpg 225w, https:\/\/zs.gromnik.pl\/zs\/wp-content\/uploads\/2025\/11\/PXL_20251107_093712316.MP_-1152x1536.jpg 1152w, https:\/\/zs.gromnik.pl\/zs\/wp-content\/uploads\/2025\/11\/PXL_20251107_093712316.MP_-1536x2048.jpg 1536w, https:\/\/zs.gromnik.pl\/zs\/wp-content\/uploads\/2025\/11\/PXL_20251107_093712316.MP_-1140x1520.jpg 1140w, https:\/\/zs.gromnik.pl\/zs\/wp-content\/uploads\/2025\/11\/PXL_20251107_093712316.MP_-scaled.jpg 1920w\" sizes=\"(max-width: 768px) 100vw, 768px\" \/><\/figure>\n\n\n\n<figure class=\"wp-block-image size-large\"><img loading=\"lazy\" width=\"2560\" height=\"1920\" data-id=\"19017\"  src=\"http:\/\/zs.gromnik.pl\/zs\/wp-content\/uploads\/2025\/11\/PXL_20251107_093730670.MP_-scaled.jpg\" alt=\"\" class=\"wp-image-19017\" srcset=\"https:\/\/zs.gromnik.pl\/zs\/wp-content\/uploads\/2025\/11\/PXL_20251107_093730670.MP_-scaled.jpg 2560w, https:\/\/zs.gromnik.pl\/zs\/wp-content\/uploads\/2025\/11\/PXL_20251107_093730670.MP_-300x225.jpg 300w, https:\/\/zs.gromnik.pl\/zs\/wp-content\/uploads\/2025\/11\/PXL_20251107_093730670.MP_-1024x768.jpg 1024w, https:\/\/zs.gromnik.pl\/zs\/wp-content\/uploads\/2025\/11\/PXL_20251107_093730670.MP_-768x576.jpg 768w, https:\/\/zs.gromnik.pl\/zs\/wp-content\/uploads\/2025\/11\/PXL_20251107_093730670.MP_-1536x1152.jpg 1536w, https:\/\/zs.gromnik.pl\/zs\/wp-content\/uploads\/2025\/11\/PXL_20251107_093730670.MP_-2048x1536.jpg 2048w, https:\/\/zs.gromnik.pl\/zs\/wp-content\/uploads\/2025\/11\/PXL_20251107_093730670.MP_-1140x855.jpg 1140w\" sizes=\"(max-width: 2560px) 100vw, 2560px\" \/><\/figure>\n\n\n\n<figure class=\"wp-block-image size-large\"><img loading=\"lazy\" width=\"1883\" height=\"2560\" data-id=\"19018\"  src=\"http:\/\/zs.gromnik.pl\/zs\/wp-content\/uploads\/2025\/11\/PXL_20251107_093807427-scaled.jpg\" alt=\"\" class=\"wp-image-19018\" srcset=\"https:\/\/zs.gromnik.pl\/zs\/wp-content\/uploads\/2025\/11\/PXL_20251107_093807427-scaled.jpg 1883w, https:\/\/zs.gromnik.pl\/zs\/wp-content\/uploads\/2025\/11\/PXL_20251107_093807427-221x300.jpg 221w, https:\/\/zs.gromnik.pl\/zs\/wp-content\/uploads\/2025\/11\/PXL_20251107_093807427-753x1024.jpg 753w, https:\/\/zs.gromnik.pl\/zs\/wp-content\/uploads\/2025\/11\/PXL_20251107_093807427-768x1044.jpg 768w, https:\/\/zs.gromnik.pl\/zs\/wp-content\/uploads\/2025\/11\/PXL_20251107_093807427-1130x1536.jpg 1130w, https:\/\/zs.gromnik.pl\/zs\/wp-content\/uploads\/2025\/11\/PXL_20251107_093807427-1506x2048.jpg 1506w, https:\/\/zs.gromnik.pl\/zs\/wp-content\/uploads\/2025\/11\/PXL_20251107_093807427-1140x1550.jpg 1140w\" sizes=\"(max-width: 1883px) 100vw, 1883px\" \/><\/figure>\n\n\n\n<figure class=\"wp-block-image size-large\"><img loading=\"lazy\" width=\"1920\" height=\"2560\" data-id=\"19023\"  src=\"http:\/\/zs.gromnik.pl\/zs\/wp-content\/uploads\/2025\/11\/PXL_20251107_100557631.MP_-scaled.jpg\" alt=\"\" class=\"wp-image-19023\" srcset=\"https:\/\/zs.gromnik.pl\/zs\/wp-content\/uploads\/2025\/11\/PXL_20251107_100557631.MP_-scaled.jpg 1920w, https:\/\/zs.gromnik.pl\/zs\/wp-content\/uploads\/2025\/11\/PXL_20251107_100557631.MP_-225x300.jpg 225w, https:\/\/zs.gromnik.pl\/zs\/wp-content\/uploads\/2025\/11\/PXL_20251107_100557631.MP_-768x1024.jpg 768w, https:\/\/zs.gromnik.pl\/zs\/wp-content\/uploads\/2025\/11\/PXL_20251107_100557631.MP_-1152x1536.jpg 1152w, https:\/\/zs.gromnik.pl\/zs\/wp-content\/uploads\/2025\/11\/PXL_20251107_100557631.MP_-1536x2048.jpg 1536w, https:\/\/zs.gromnik.pl\/zs\/wp-content\/uploads\/2025\/11\/PXL_20251107_100557631.MP_-1140x1520.jpg 1140w\" sizes=\"(max-width: 1920px) 100vw, 1920px\" \/><\/figure>\n\n\n\n<figure class=\"wp-block-image size-large\"><img loading=\"lazy\" width=\"1920\" height=\"2560\" data-id=\"19024\"  src=\"http:\/\/zs.gromnik.pl\/zs\/wp-content\/uploads\/2025\/11\/PXL_20251107_100609889-scaled.jpg\" alt=\"\" class=\"wp-image-19024\" srcset=\"https:\/\/zs.gromnik.pl\/zs\/wp-content\/uploads\/2025\/11\/PXL_20251107_100609889-scaled.jpg 1920w, https:\/\/zs.gromnik.pl\/zs\/wp-content\/uploads\/2025\/11\/PXL_20251107_100609889-225x300.jpg 225w, https:\/\/zs.gromnik.pl\/zs\/wp-content\/uploads\/2025\/11\/PXL_20251107_100609889-768x1024.jpg 768w, https:\/\/zs.gromnik.pl\/zs\/wp-content\/uploads\/2025\/11\/PXL_20251107_100609889-1152x1536.jpg 1152w, https:\/\/zs.gromnik.pl\/zs\/wp-content\/uploads\/2025\/11\/PXL_20251107_100609889-1536x2048.jpg 1536w, https:\/\/zs.gromnik.pl\/zs\/wp-content\/uploads\/2025\/11\/PXL_20251107_100609889-1140x1520.jpg 1140w\" sizes=\"(max-width: 1920px) 100vw, 1920px\" \/><\/figure>\n\n\n\n<figure class=\"wp-block-image size-large\"><img loading=\"lazy\" width=\"1827\" height=\"2560\" data-id=\"19026\"  src=\"http:\/\/zs.gromnik.pl\/zs\/wp-content\/uploads\/2025\/11\/PXL_20251107_101235040-scaled.jpg\" alt=\"\" class=\"wp-image-19026\" srcset=\"https:\/\/zs.gromnik.pl\/zs\/wp-content\/uploads\/2025\/11\/PXL_20251107_101235040-scaled.jpg 1827w, https:\/\/zs.gromnik.pl\/zs\/wp-content\/uploads\/2025\/11\/PXL_20251107_101235040-214x300.jpg 214w, https:\/\/zs.gromnik.pl\/zs\/wp-content\/uploads\/2025\/11\/PXL_20251107_101235040-731x1024.jpg 731w, https:\/\/zs.gromnik.pl\/zs\/wp-content\/uploads\/2025\/11\/PXL_20251107_101235040-768x1076.jpg 768w, https:\/\/zs.gromnik.pl\/zs\/wp-content\/uploads\/2025\/11\/PXL_20251107_101235040-1096x1536.jpg 1096w, https:\/\/zs.gromnik.pl\/zs\/wp-content\/uploads\/2025\/11\/PXL_20251107_101235040-1462x2048.jpg 1462w, https:\/\/zs.gromnik.pl\/zs\/wp-content\/uploads\/2025\/11\/PXL_20251107_101235040-1140x1597.jpg 1140w\" sizes=\"(max-width: 1827px) 100vw, 1827px\" \/><\/figure>\n\n\n\n<figure class=\"wp-block-image size-large\"><img loading=\"lazy\" width=\"2560\" height=\"1920\" data-id=\"19027\"  src=\"http:\/\/zs.gromnik.pl\/zs\/wp-content\/uploads\/2025\/11\/PXL_20251107_101628945.MP_-scaled.jpg\" alt=\"\" class=\"wp-image-19027\" srcset=\"https:\/\/zs.gromnik.pl\/zs\/wp-content\/uploads\/2025\/11\/PXL_20251107_101628945.MP_-scaled.jpg 2560w, https:\/\/zs.gromnik.pl\/zs\/wp-content\/uploads\/2025\/11\/PXL_20251107_101628945.MP_-300x225.jpg 300w, https:\/\/zs.gromnik.pl\/zs\/wp-content\/uploads\/2025\/11\/PXL_20251107_101628945.MP_-1024x768.jpg 1024w, https:\/\/zs.gromnik.pl\/zs\/wp-content\/uploads\/2025\/11\/PXL_20251107_101628945.MP_-768x576.jpg 768w, https:\/\/zs.gromnik.pl\/zs\/wp-content\/uploads\/2025\/11\/PXL_20251107_101628945.MP_-1536x1152.jpg 1536w, https:\/\/zs.gromnik.pl\/zs\/wp-content\/uploads\/2025\/11\/PXL_20251107_101628945.MP_-2048x1536.jpg 2048w, https:\/\/zs.gromnik.pl\/zs\/wp-content\/uploads\/2025\/11\/PXL_20251107_101628945.MP_-1140x855.jpg 1140w\" sizes=\"(max-width: 2560px) 100vw, 2560px\" \/><\/figure>\n\n\n\n<figure class=\"wp-block-image size-large\"><img loading=\"lazy\" width=\"2132\" height=\"1400\" data-id=\"19028\"  src=\"http:\/\/zs.gromnik.pl\/zs\/wp-content\/uploads\/2025\/11\/PXL_20251107_101950656.MP_.jpg\" alt=\"\" class=\"wp-image-19028\" srcset=\"https:\/\/zs.gromnik.pl\/zs\/wp-content\/uploads\/2025\/11\/PXL_20251107_101950656.MP_.jpg 2132w, https:\/\/zs.gromnik.pl\/zs\/wp-content\/uploads\/2025\/11\/PXL_20251107_101950656.MP_-300x197.jpg 300w, https:\/\/zs.gromnik.pl\/zs\/wp-content\/uploads\/2025\/11\/PXL_20251107_101950656.MP_-1024x672.jpg 1024w, https:\/\/zs.gromnik.pl\/zs\/wp-content\/uploads\/2025\/11\/PXL_20251107_101950656.MP_-768x504.jpg 768w, https:\/\/zs.gromnik.pl\/zs\/wp-content\/uploads\/2025\/11\/PXL_20251107_101950656.MP_-1536x1009.jpg 1536w, https:\/\/zs.gromnik.pl\/zs\/wp-content\/uploads\/2025\/11\/PXL_20251107_101950656.MP_-2048x1345.jpg 2048w, https:\/\/zs.gromnik.pl\/zs\/wp-content\/uploads\/2025\/11\/PXL_20251107_101950656.MP_-1140x749.jpg 1140w\" sizes=\"(max-width: 2132px) 100vw, 2132px\" \/><\/figure>\n\n\n\n<figure class=\"wp-block-image size-large\"><img loading=\"lazy\" width=\"2560\" height=\"1620\" data-id=\"19029\"  src=\"http:\/\/zs.gromnik.pl\/zs\/wp-content\/uploads\/2025\/11\/PXL_20251107_1023361102-scaled.jpg\" alt=\"\" class=\"wp-image-19029\" srcset=\"https:\/\/zs.gromnik.pl\/zs\/wp-content\/uploads\/2025\/11\/PXL_20251107_1023361102-scaled.jpg 2560w, https:\/\/zs.gromnik.pl\/zs\/wp-content\/uploads\/2025\/11\/PXL_20251107_1023361102-300x190.jpg 300w, https:\/\/zs.gromnik.pl\/zs\/wp-content\/uploads\/2025\/11\/PXL_20251107_1023361102-1024x648.jpg 1024w, https:\/\/zs.gromnik.pl\/zs\/wp-content\/uploads\/2025\/11\/PXL_20251107_1023361102-768x486.jpg 768w, https:\/\/zs.gromnik.pl\/zs\/wp-content\/uploads\/2025\/11\/PXL_20251107_1023361102-1536x972.jpg 1536w, https:\/\/zs.gromnik.pl\/zs\/wp-content\/uploads\/2025\/11\/PXL_20251107_1023361102-2048x1296.jpg 2048w, https:\/\/zs.gromnik.pl\/zs\/wp-content\/uploads\/2025\/11\/PXL_20251107_1023361102-1140x721.jpg 1140w\" sizes=\"(max-width: 2560px) 100vw, 2560px\" \/><\/figure>\n<\/figure>\n","protected":false},"excerpt":{"rendered":"<p>11 listopada 1918 r. to wa\u017cna data dla wszystkich Polak\u00f3w. Upami\u0119tnia ona odzyskanie niepodleg\u0142o\u015bci po 123 latach niewoli, dlatego co roku 11 listopada obchodzimy Narodowe \u015awi\u0119to Niepodleg\u0142o\u015bci.\u00a0 W naszym przedszkolu uroczysta akademia zwi\u0105zana z tym szczeg\u00f3lnym wydarzeniem odby\u0142a si\u0119 7 listopada.\u00a0\u00a0Z tej okazji przedszkolaki recytowa\u0142y wiersze, \u015bpiewa\u0142y pie\u015bni patriotyczne oraz prezentowa\u0142y ta\u0144ce przygotowane przez panie prowadz\u0105ce poszczeg\u00f3lne grupy.\u00a0Ponadto o godz. 11:11 w ramach akcji MEN \u201eSzko\u0142a do hymnu\u201d ca\u0142a spo\u0142eczno\u015b\u0107 przedszkolna za\u015bpiewa\u0142a hymn narodowy. Nasi mali patrioci postarali si\u0119, aby uroczysto\u015b\u0107 by\u0142a dla wszystkich nie tylko lekcj\u0105 historii, ale te\u017c okazj\u0105 do piel\u0119gnowania polskiej kultury i tradycji. Brawo mali Polacy!!! Jeste\u015bmy z Was dumni!\u00a0 \u00a0<\/p>\n","protected":false},"author":7,"featured_media":19025,"comment_status":"closed","ping_status":"open","sticky":false,"template":"","format":"standard","meta":[],"categories":[3,15],"tags":[],"yoast_head":"<!-- This site is optimized with the Yoast SEO plugin v19.8 - https:\/\/yoast.com\/wordpress\/plugins\/seo\/ -->\n<title>Narodowe \u015awi\u0119to Niepodleg\u0142o\u015bci w przedszkolu - Zesp\u00f3\u0142 Szk\u00f3\u0142 w Gromniku<\/title>\n<meta name=\"description\" content=\"Zesp\u00f3\u0142 Szk\u00f3\u0142 w Gromniku\" \/>\n<meta name=\"robots\" content=\"index, follow, max-snippet:-1, max-image-preview:large, max-video-preview:-1\" \/>\n<link rel=\"canonical\" href=\"https:\/\/zs.gromnik.pl\/zs\/narodowe-swieto-niepodleglosci-w-przedszkolu-2\/\" \/>\n<meta property=\"og:locale\" content=\"pl_PL\" \/>\n<meta property=\"og:type\" content=\"article\" \/>\n<meta property=\"og:title\" content=\"Narodowe \u015awi\u0119to Niepodleg\u0142o\u015bci w przedszkolu - Zesp\u00f3\u0142 Szk\u00f3\u0142 w Gromniku\" \/>\n<meta property=\"og:description\" content=\"Zesp\u00f3\u0142 Szk\u00f3\u0142 w Gromniku\" \/>\n<meta property=\"og:url\" content=\"https:\/\/zs.gromnik.pl\/zs\/narodowe-swieto-niepodleglosci-w-przedszkolu-2\/\" \/>\n<meta property=\"og:site_name\" content=\"Zesp\u00f3\u0142 Szk\u00f3\u0142 w Gromniku\" \/>\n<meta property=\"article:publisher\" content=\"https:\/\/www.facebook.com\/zsgromnik\" \/>\n<meta property=\"article:published_time\" content=\"2025-11-11T17:30:53+00:00\" \/>\n<meta property=\"article:modified_time\" content=\"2025-11-11T17:30:55+00:00\" \/>\n<meta property=\"og:image\" content=\"https:\/\/zs.gromnik.pl\/zs\/wp-content\/uploads\/2025\/11\/PXL_20251107_100649183.MP_-scaled.jpg\" \/>\n\t<meta property=\"og:image:width\" content=\"2560\" \/>\n\t<meta property=\"og:image:height\" content=\"2007\" \/>\n\t<meta property=\"og:image:type\" content=\"image\/jpeg\" \/>\n<meta name=\"author\" content=\"Barbara Kubicz\" \/>\n<meta name=\"twitter:card\" content=\"summary_large_image\" \/>\n<meta name=\"twitter:label1\" content=\"Napisane przez\" \/>\n\t<meta name=\"twitter:data1\" content=\"Barbara Kubicz\" \/>\n\t<meta name=\"twitter:label2\" content=\"Szacowany czas czytania\" \/>\n\t<meta name=\"twitter:data2\" content=\"1 minuta\" \/>\n<script type=\"application\/ld+json\" class=\"yoast-schema-graph\">{\"@context\":\"https:\/\/schema.org\",\"@graph\":[{\"@type\":\"WebPage\",\"@id\":\"https:\/\/zs.gromnik.pl\/zs\/narodowe-swieto-niepodleglosci-w-przedszkolu-2\/\",\"url\":\"https:\/\/zs.gromnik.pl\/zs\/narodowe-swieto-niepodleglosci-w-przedszkolu-2\/\",\"name\":\"Narodowe \u015awi\u0119to Niepodleg\u0142o\u015bci w przedszkolu - Zesp\u00f3\u0142 Szk\u00f3\u0142 w Gromniku\",\"isPartOf\":{\"@id\":\"https:\/\/zs.gromnik.pl\/zs\/#website\"},\"datePublished\":\"2025-11-11T17:30:53+00:00\",\"dateModified\":\"2025-11-11T17:30:55+00:00\",\"author\":{\"@id\":\"https:\/\/zs.gromnik.pl\/zs\/#\/schema\/person\/7fb2b24b90f39dede6a6b1ad809c8871\"},\"description\":\"Zesp\u00f3\u0142 Szk\u00f3\u0142 w Gromniku\",\"breadcrumb\":{\"@id\":\"https:\/\/zs.gromnik.pl\/zs\/narodowe-swieto-niepodleglosci-w-przedszkolu-2\/#breadcrumb\"},\"inLanguage\":\"pl-PL\",\"potentialAction\":[{\"@type\":\"ReadAction\",\"target\":[\"https:\/\/zs.gromnik.pl\/zs\/narodowe-swieto-niepodleglosci-w-przedszkolu-2\/\"]}]},{\"@type\":\"BreadcrumbList\",\"@id\":\"https:\/\/zs.gromnik.pl\/zs\/narodowe-swieto-niepodleglosci-w-przedszkolu-2\/#breadcrumb\",\"itemListElement\":[{\"@type\":\"ListItem\",\"position\":1,\"name\":\"Strona g\u0142\u00f3wna\",\"item\":\"https:\/\/zs.gromnik.pl\/zs\/\"},{\"@type\":\"ListItem\",\"position\":2,\"name\":\"Narodowe \u015awi\u0119to Niepodleg\u0142o\u015bci w przedszkolu\"}]},{\"@type\":\"WebSite\",\"@id\":\"https:\/\/zs.gromnik.pl\/zs\/#website\",\"url\":\"https:\/\/zs.gromnik.pl\/zs\/\",\"name\":\"Zesp\u00f3\u0142 Szk\u00f3\u0142 w Gromniku\",\"description\":\"\",\"potentialAction\":[{\"@type\":\"SearchAction\",\"target\":{\"@type\":\"EntryPoint\",\"urlTemplate\":\"https:\/\/zs.gromnik.pl\/zs\/?s={search_term_string}\"},\"query-input\":\"required name=search_term_string\"}],\"inLanguage\":\"pl-PL\"},{\"@type\":\"Person\",\"@id\":\"https:\/\/zs.gromnik.pl\/zs\/#\/schema\/person\/7fb2b24b90f39dede6a6b1ad809c8871\",\"name\":\"Barbara Kubicz\",\"image\":{\"@type\":\"ImageObject\",\"inLanguage\":\"pl-PL\",\"@id\":\"https:\/\/zs.gromnik.pl\/zs\/#\/schema\/person\/image\/\",\"url\":\"https:\/\/secure.gravatar.com\/avatar\/2148a1c13395e11280a430e7a86ac24a?s=96&d=mm&r=g\",\"contentUrl\":\"https:\/\/secure.gravatar.com\/avatar\/2148a1c13395e11280a430e7a86ac24a?s=96&d=mm&r=g\",\"caption\":\"Barbara Kubicz\"},\"url\":\"https:\/\/zs.gromnik.pl\/zs\/author\/bkubicz\/\"}]}<\/script>\n<!-- \/ Yoast SEO plugin. -->","yoast_head_json":{"title":"Narodowe \u015awi\u0119to Niepodleg\u0142o\u015bci w przedszkolu - Zesp\u00f3\u0142 Szk\u00f3\u0142 w Gromniku","description":"Zesp\u00f3\u0142 Szk\u00f3\u0142 w Gromniku","robots":{"index":"index","follow":"follow","max-snippet":"max-snippet:-1","max-image-preview":"max-image-preview:large","max-video-preview":"max-video-preview:-1"},"canonical":"https:\/\/zs.gromnik.pl\/zs\/narodowe-swieto-niepodleglosci-w-przedszkolu-2\/","og_locale":"pl_PL","og_type":"article","og_title":"Narodowe \u015awi\u0119to Niepodleg\u0142o\u015bci w przedszkolu - Zesp\u00f3\u0142 Szk\u00f3\u0142 w Gromniku","og_description":"Zesp\u00f3\u0142 Szk\u00f3\u0142 w Gromniku","og_url":"https:\/\/zs.gromnik.pl\/zs\/narodowe-swieto-niepodleglosci-w-przedszkolu-2\/","og_site_name":"Zesp\u00f3\u0142 Szk\u00f3\u0142 w Gromniku","article_publisher":"https:\/\/www.facebook.com\/zsgromnik","article_published_time":"2025-11-11T17:30:53+00:00","article_modified_time":"2025-11-11T17:30:55+00:00","og_image":[{"width":2560,"height":2007,"url":"https:\/\/zs.gromnik.pl\/zs\/wp-content\/uploads\/2025\/11\/PXL_20251107_100649183.MP_-scaled.jpg","type":"image\/jpeg"}],"author":"Barbara Kubicz","twitter_card":"summary_large_image","twitter_misc":{"Napisane przez":"Barbara Kubicz","Szacowany czas czytania":"1 minuta"},"schema":{"@context":"https:\/\/schema.org","@graph":[{"@type":"WebPage","@id":"https:\/\/zs.gromnik.pl\/zs\/narodowe-swieto-niepodleglosci-w-przedszkolu-2\/","url":"https:\/\/zs.gromnik.pl\/zs\/narodowe-swieto-niepodleglosci-w-przedszkolu-2\/","name":"Narodowe \u015awi\u0119to Niepodleg\u0142o\u015bci w przedszkolu - Zesp\u00f3\u0142 Szk\u00f3\u0142 w Gromniku","isPartOf":{"@id":"https:\/\/zs.gromnik.pl\/zs\/#website"},"datePublished":"2025-11-11T17:30:53+00:00","dateModified":"2025-11-11T17:30:55+00:00","author":{"@id":"https:\/\/zs.gromnik.pl\/zs\/#\/schema\/person\/7fb2b24b90f39dede6a6b1ad809c8871"},"description":"Zesp\u00f3\u0142 Szk\u00f3\u0142 w Gromniku","breadcrumb":{"@id":"https:\/\/zs.gromnik.pl\/zs\/narodowe-swieto-niepodleglosci-w-przedszkolu-2\/#breadcrumb"},"inLanguage":"pl-PL","potentialAction":[{"@type":"ReadAction","target":["https:\/\/zs.gromnik.pl\/zs\/narodowe-swieto-niepodleglosci-w-przedszkolu-2\/"]}]},{"@type":"BreadcrumbList","@id":"https:\/\/zs.gromnik.pl\/zs\/narodowe-swieto-niepodleglosci-w-przedszkolu-2\/#breadcrumb","itemListElement":[{"@type":"ListItem","position":1,"name":"Strona g\u0142\u00f3wna","item":"https:\/\/zs.gromnik.pl\/zs\/"},{"@type":"ListItem","position":2,"name":"Narodowe \u015awi\u0119to Niepodleg\u0142o\u015bci w przedszkolu"}]},{"@type":"WebSite","@id":"https:\/\/zs.gromnik.pl\/zs\/#website","url":"https:\/\/zs.gromnik.pl\/zs\/","name":"Zesp\u00f3\u0142 Szk\u00f3\u0142 w Gromniku","description":"","potentialAction":[{"@type":"SearchAction","target":{"@type":"EntryPoint","urlTemplate":"https:\/\/zs.gromnik.pl\/zs\/?s={search_term_string}"},"query-input":"required name=search_term_string"}],"inLanguage":"pl-PL"},{"@type":"Person","@id":"https:\/\/zs.gromnik.pl\/zs\/#\/schema\/person\/7fb2b24b90f39dede6a6b1ad809c8871","name":"Barbara Kubicz","image":{"@type":"ImageObject","inLanguage":"pl-PL","@id":"https:\/\/zs.gromnik.pl\/zs\/#\/schema\/person\/image\/","url":"https:\/\/secure.gravatar.com\/avatar\/2148a1c13395e11280a430e7a86ac24a?s=96&d=mm&r=g","contentUrl":"https:\/\/secure.gravatar.com\/avatar\/2148a1c13395e11280a430e7a86ac24a?s=96&d=mm&r=g","caption":"Barbara Kubicz"},"url":"https:\/\/zs.gromnik.pl\/zs\/author\/bkubicz\/"}]}},"_links":{"self":[{"href":"https:\/\/zs.gromnik.pl\/zs\/wp-json\/wp\/v2\/posts\/19013"}],"collection":[{"href":"https:\/\/zs.gromnik.pl\/zs\/wp-json\/wp\/v2\/posts"}],"about":[{"href":"https:\/\/zs.gromnik.pl\/zs\/wp-json\/wp\/v2\/types\/post"}],"author":[{"embeddable":true,"href":"https:\/\/zs.gromnik.pl\/zs\/wp-json\/wp\/v2\/users\/7"}],"replies":[{"embeddable":true,"href":"https:\/\/zs.gromnik.pl\/zs\/wp-json\/wp\/v2\/comments?post=19013"}],"version-history":[{"count":1,"href":"https:\/\/zs.gromnik.pl\/zs\/wp-json\/wp\/v2\/posts\/19013\/revisions"}],"predecessor-version":[{"id":19030,"href":"https:\/\/zs.gromnik.pl\/zs\/wp-json\/wp\/v2\/posts\/19013\/revisions\/19030"}],"wp:featuredmedia":[{"embeddable":true,"href":"https:\/\/zs.gromnik.pl\/zs\/wp-json\/wp\/v2\/media\/19025"}],"wp:attachment":[{"href":"https:\/\/zs.gromnik.pl\/zs\/wp-json\/wp\/v2\/media?parent=19013"}],"wp:term":[{"taxonomy":"category","embeddable":true,"href":"https:\/\/zs.gromnik.pl\/zs\/wp-json\/wp\/v2\/categories?post=19013"},{"taxonomy":"post_tag","embeddable":true,"href":"https:\/\/zs.gromnik.pl\/zs\/wp-json\/wp\/v2\/tags?post=19013"}],"curies":[{"name":"wp","href":"https:\/\/api.w.org\/{rel}","templated":true}]}}