{"id":19032,"date":"2025-11-20T08:02:51","date_gmt":"2025-11-20T07:02:51","guid":{"rendered":"https:\/\/zs.gromnik.pl\/zs\/?p=19032"},"modified":"2025-11-20T09:01:25","modified_gmt":"2025-11-20T08:01:25","slug":"xv-dzien-tabliczki-mnozenia","status":"publish","type":"post","link":"https:\/\/zs.gromnik.pl\/zs\/xv-dzien-tabliczki-mnozenia\/","title":{"rendered":"XV Dzie\u0144 Tabliczki Mno\u017cenia"},"content":{"rendered":"\t\t<div data-elementor-type=\"wp-post\" data-elementor-id=\"19032\" class=\"elementor elementor-19032\">\n\t\t\t\t\t\t\t\t\t<section class=\"elementor-section elementor-top-section elementor-element elementor-element-908a206 elementor-section-boxed elementor-section-height-default elementor-section-height-default\" data-id=\"908a206\" data-element_type=\"section\">\n\t\t\t\t\t\t<div class=\"elementor-container elementor-column-gap-default\">\n\t\t\t\t\t<div class=\"elementor-column elementor-col-100 elementor-top-column elementor-element elementor-element-1557f59\" data-id=\"1557f59\" data-element_type=\"column\">\n\t\t\t<div class=\"elementor-widget-wrap elementor-element-populated\">\n\t\t\t\t\t\t\t\t<div class=\"elementor-element elementor-element-a644144 elementor-widget elementor-widget-text-editor\" data-id=\"a644144\" data-element_type=\"widget\" data-widget_type=\"text-editor.default\">\n\t\t\t\t<div class=\"elementor-widget-container\">\n\t\t\t\t\t\t\t<p>Zapraszamy ca\u0142\u0105 spo\u0142eczno\u015b\u0107 szkoln\u0105<\/p><p>na XV Dzie\u0144 Tabliczki Mno\u017cenia\u00a0,\u00a0kt\u00f3ry odb\u0119dzie si\u0119 ju\u017c 21 listopada!<\/p><p>To wyj\u0105tkowe \u015bwi\u0119to matematyki,\u00a0nauki i \u015bwietnej zabawy!<\/p><p><strong>Co si\u0119 b\u0119dzie dzia\u0142o?<\/strong>\u00a0<\/p><ul><li><strong>Egzaminy z Tabliczki Mno\u017cenia<\/strong><\/li><\/ul><p>Centralnym punktem wydarzenia b\u0119d\u0105 egzaminy z tabliczki mno\u017cenia.<\/p><p>Sprawdzimy Wasz\u0105 wiedz\u0119 i umiej\u0119tno\u015b\u0107 szybkiego liczenia!<\/p><p>Poka\u017ccie, \u017ce jeste\u015bcie mistrzami w tej dziedzinie!<\/p><ul><li><strong>Strefa Gier i Wyzwa\u0144<\/strong><\/li><\/ul><p>\u00a0W czasie przerw lekcyjnych b\u0119d\u0105 czeka\u0142y na Was r\u00f3\u017cne gry i specjalne wyzwania matematyczne.<\/p><p>To idealna okazja, by \u0107wiczy\u0107 logiczne my\u015blenie\u00a0\u00a0i \u015bwietnie si\u0119 przy tym bawi\u0107!\u00a0<\/p><p><strong>\u00a0<\/strong><\/p><p><strong>Uwaga!<\/strong><\/p><p>Og\u0142aszamy Szkolny Konkurs na <strong><em><u>MEM MATEMATYCZNY <\/u><\/em><\/strong>\u00a0w formie cyfrowej (jpg) lub plastycznej (A4). Na prace czekamy do wtorku. Najciekawsze prace nagrodzimy i opublikujemy.<\/p><p>Prace prosimy nadsy\u0142a\u0107 na adres <a href=\"mailto:ljanina@gmail.com\">ljanina@gmail.com<\/a> w temacie KONKURS matMEM \u2013 <em>imi\u0119 i nazwisko autora oraz klasa.<\/em><\/p>\t\t\t\t\t\t<\/div>\n\t\t\t\t<\/div>\n\t\t\t\t\t<\/div>\n\t\t<\/div>\n\t\t\t\t\t\t\t<\/div>\n\t\t<\/section>\n\t\t\t\t\t\t\t<\/div>\n\t\t","protected":false},"excerpt":{"rendered":"<p>Zapraszamy ca\u0142\u0105 spo\u0142eczno\u015b\u0107 szkoln\u0105 na XV Dzie\u0144 Tabliczki Mno\u017cenia\u00a0,\u00a0kt\u00f3ry odb\u0119dzie si\u0119 ju\u017c 21 listopada! To wyj\u0105tkowe \u015bwi\u0119to matematyki,\u00a0nauki i \u015bwietnej zabawy! Co si\u0119 b\u0119dzie dzia\u0142o?\u00a0 Egzaminy z Tabliczki Mno\u017cenia Centralnym punktem wydarzenia b\u0119d\u0105 egzaminy z tabliczki mno\u017cenia. Sprawdzimy Wasz\u0105 wiedz\u0119 i umiej\u0119tno\u015b\u0107 szybkiego liczenia! Poka\u017ccie, \u017ce jeste\u015bcie mistrzami w tej dziedzinie! Strefa Gier i Wyzwa\u0144 \u00a0W czasie przerw lekcyjnych b\u0119d\u0105 czeka\u0142y na Was r\u00f3\u017cne gry i specjalne wyzwania matematyczne. To idealna okazja, by \u0107wiczy\u0107 logiczne my\u015blenie\u00a0\u00a0i \u015bwietnie si\u0119 przy tym bawi\u0107!\u00a0 \u00a0 Uwaga! Og\u0142aszamy Szkolny Konkurs na MEM MATEMATYCZNY \u00a0w formie cyfrowej (jpg) lub plastycznej (A4). Na prace czekamy do wtorku. Najciekawsze prace nagrodzimy i opublikujemy. Prace prosimy nadsy\u0142a\u0107 na adres ljanina@gmail.com w temacie KONKURS matMEM \u2013 imi\u0119 i nazwisko autora oraz klasa.<\/p>\n","protected":false},"author":1,"featured_media":19035,"comment_status":"closed","ping_status":"open","sticky":false,"template":"","format":"standard","meta":[],"categories":[3],"tags":[],"yoast_head":"<!-- This site is optimized with the Yoast SEO plugin v19.8 - https:\/\/yoast.com\/wordpress\/plugins\/seo\/ -->\n<title>XV Dzie\u0144 Tabliczki Mno\u017cenia - Zesp\u00f3\u0142 Szk\u00f3\u0142 w Gromniku<\/title>\n<meta name=\"description\" content=\"Zesp\u00f3\u0142 Szk\u00f3\u0142 w Gromniku\" \/>\n<meta name=\"robots\" content=\"index, follow, max-snippet:-1, max-image-preview:large, max-video-preview:-1\" \/>\n<link rel=\"canonical\" href=\"https:\/\/zs.gromnik.pl\/zs\/xv-dzien-tabliczki-mnozenia\/\" \/>\n<meta property=\"og:locale\" content=\"pl_PL\" \/>\n<meta property=\"og:type\" content=\"article\" \/>\n<meta property=\"og:title\" content=\"XV Dzie\u0144 Tabliczki Mno\u017cenia - Zesp\u00f3\u0142 Szk\u00f3\u0142 w Gromniku\" \/>\n<meta property=\"og:description\" content=\"Zesp\u00f3\u0142 Szk\u00f3\u0142 w Gromniku\" \/>\n<meta property=\"og:url\" content=\"https:\/\/zs.gromnik.pl\/zs\/xv-dzien-tabliczki-mnozenia\/\" \/>\n<meta property=\"og:site_name\" content=\"Zesp\u00f3\u0142 Szk\u00f3\u0142 w Gromniku\" \/>\n<meta property=\"article:publisher\" content=\"https:\/\/www.facebook.com\/zsgromnik\" \/>\n<meta property=\"article:published_time\" content=\"2025-11-20T07:02:51+00:00\" \/>\n<meta property=\"article:modified_time\" content=\"2025-11-20T08:01:25+00:00\" \/>\n<meta property=\"og:image\" content=\"https:\/\/zs.gromnik.pl\/zs\/wp-content\/uploads\/2025\/11\/qwas.jpg\" \/>\n\t<meta property=\"og:image:width\" content=\"500\" \/>\n\t<meta property=\"og:image:height\" content=\"281\" \/>\n\t<meta property=\"og:image:type\" content=\"image\/jpeg\" \/>\n<meta name=\"author\" content=\"admin\" \/>\n<meta name=\"twitter:card\" content=\"summary_large_image\" \/>\n<meta name=\"twitter:label1\" content=\"Napisane przez\" \/>\n\t<meta name=\"twitter:data1\" content=\"admin\" \/>\n\t<meta name=\"twitter:label2\" content=\"Szacowany czas czytania\" \/>\n\t<meta name=\"twitter:data2\" content=\"1 minuta\" \/>\n<script type=\"application\/ld+json\" class=\"yoast-schema-graph\">{\"@context\":\"https:\/\/schema.org\",\"@graph\":[{\"@type\":\"WebPage\",\"@id\":\"https:\/\/zs.gromnik.pl\/zs\/xv-dzien-tabliczki-mnozenia\/\",\"url\":\"https:\/\/zs.gromnik.pl\/zs\/xv-dzien-tabliczki-mnozenia\/\",\"name\":\"XV Dzie\u0144 Tabliczki Mno\u017cenia - Zesp\u00f3\u0142 Szk\u00f3\u0142 w Gromniku\",\"isPartOf\":{\"@id\":\"https:\/\/zs.gromnik.pl\/zs\/#website\"},\"datePublished\":\"2025-11-20T07:02:51+00:00\",\"dateModified\":\"2025-11-20T08:01:25+00:00\",\"author\":{\"@id\":\"https:\/\/zs.gromnik.pl\/zs\/#\/schema\/person\/b197900f67c6133faddc284ae32f97ca\"},\"description\":\"Zesp\u00f3\u0142 Szk\u00f3\u0142 w Gromniku\",\"breadcrumb\":{\"@id\":\"https:\/\/zs.gromnik.pl\/zs\/xv-dzien-tabliczki-mnozenia\/#breadcrumb\"},\"inLanguage\":\"pl-PL\",\"potentialAction\":[{\"@type\":\"ReadAction\",\"target\":[\"https:\/\/zs.gromnik.pl\/zs\/xv-dzien-tabliczki-mnozenia\/\"]}]},{\"@type\":\"BreadcrumbList\",\"@id\":\"https:\/\/zs.gromnik.pl\/zs\/xv-dzien-tabliczki-mnozenia\/#breadcrumb\",\"itemListElement\":[{\"@type\":\"ListItem\",\"position\":1,\"name\":\"Strona g\u0142\u00f3wna\",\"item\":\"https:\/\/zs.gromnik.pl\/zs\/\"},{\"@type\":\"ListItem\",\"position\":2,\"name\":\"XV Dzie\u0144 Tabliczki Mno\u017cenia\"}]},{\"@type\":\"WebSite\",\"@id\":\"https:\/\/zs.gromnik.pl\/zs\/#website\",\"url\":\"https:\/\/zs.gromnik.pl\/zs\/\",\"name\":\"Zesp\u00f3\u0142 Szk\u00f3\u0142 w Gromniku\",\"description\":\"\",\"potentialAction\":[{\"@type\":\"SearchAction\",\"target\":{\"@type\":\"EntryPoint\",\"urlTemplate\":\"https:\/\/zs.gromnik.pl\/zs\/?s={search_term_string}\"},\"query-input\":\"required name=search_term_string\"}],\"inLanguage\":\"pl-PL\"},{\"@type\":\"Person\",\"@id\":\"https:\/\/zs.gromnik.pl\/zs\/#\/schema\/person\/b197900f67c6133faddc284ae32f97ca\",\"name\":\"admin\",\"image\":{\"@type\":\"ImageObject\",\"inLanguage\":\"pl-PL\",\"@id\":\"https:\/\/zs.gromnik.pl\/zs\/#\/schema\/person\/image\/\",\"url\":\"https:\/\/secure.gravatar.com\/avatar\/f8a2f876dbcc8c8edd809a8ca77a2abe?s=96&d=mm&r=g\",\"contentUrl\":\"https:\/\/secure.gravatar.com\/avatar\/f8a2f876dbcc8c8edd809a8ca77a2abe?s=96&d=mm&r=g\",\"caption\":\"admin\"},\"url\":\"https:\/\/zs.gromnik.pl\/zs\/author\/admin\/\"}]}<\/script>\n<!-- \/ Yoast SEO plugin. -->","yoast_head_json":{"title":"XV Dzie\u0144 Tabliczki Mno\u017cenia - Zesp\u00f3\u0142 Szk\u00f3\u0142 w Gromniku","description":"Zesp\u00f3\u0142 Szk\u00f3\u0142 w Gromniku","robots":{"index":"index","follow":"follow","max-snippet":"max-snippet:-1","max-image-preview":"max-image-preview:large","max-video-preview":"max-video-preview:-1"},"canonical":"https:\/\/zs.gromnik.pl\/zs\/xv-dzien-tabliczki-mnozenia\/","og_locale":"pl_PL","og_type":"article","og_title":"XV Dzie\u0144 Tabliczki Mno\u017cenia - Zesp\u00f3\u0142 Szk\u00f3\u0142 w Gromniku","og_description":"Zesp\u00f3\u0142 Szk\u00f3\u0142 w Gromniku","og_url":"https:\/\/zs.gromnik.pl\/zs\/xv-dzien-tabliczki-mnozenia\/","og_site_name":"Zesp\u00f3\u0142 Szk\u00f3\u0142 w Gromniku","article_publisher":"https:\/\/www.facebook.com\/zsgromnik","article_published_time":"2025-11-20T07:02:51+00:00","article_modified_time":"2025-11-20T08:01:25+00:00","og_image":[{"width":500,"height":281,"url":"https:\/\/zs.gromnik.pl\/zs\/wp-content\/uploads\/2025\/11\/qwas.jpg","type":"image\/jpeg"}],"author":"admin","twitter_card":"summary_large_image","twitter_misc":{"Napisane przez":"admin","Szacowany czas czytania":"1 minuta"},"schema":{"@context":"https:\/\/schema.org","@graph":[{"@type":"WebPage","@id":"https:\/\/zs.gromnik.pl\/zs\/xv-dzien-tabliczki-mnozenia\/","url":"https:\/\/zs.gromnik.pl\/zs\/xv-dzien-tabliczki-mnozenia\/","name":"XV Dzie\u0144 Tabliczki Mno\u017cenia - Zesp\u00f3\u0142 Szk\u00f3\u0142 w Gromniku","isPartOf":{"@id":"https:\/\/zs.gromnik.pl\/zs\/#website"},"datePublished":"2025-11-20T07:02:51+00:00","dateModified":"2025-11-20T08:01:25+00:00","author":{"@id":"https:\/\/zs.gromnik.pl\/zs\/#\/schema\/person\/b197900f67c6133faddc284ae32f97ca"},"description":"Zesp\u00f3\u0142 Szk\u00f3\u0142 w Gromniku","breadcrumb":{"@id":"https:\/\/zs.gromnik.pl\/zs\/xv-dzien-tabliczki-mnozenia\/#breadcrumb"},"inLanguage":"pl-PL","potentialAction":[{"@type":"ReadAction","target":["https:\/\/zs.gromnik.pl\/zs\/xv-dzien-tabliczki-mnozenia\/"]}]},{"@type":"BreadcrumbList","@id":"https:\/\/zs.gromnik.pl\/zs\/xv-dzien-tabliczki-mnozenia\/#breadcrumb","itemListElement":[{"@type":"ListItem","position":1,"name":"Strona g\u0142\u00f3wna","item":"https:\/\/zs.gromnik.pl\/zs\/"},{"@type":"ListItem","position":2,"name":"XV Dzie\u0144 Tabliczki Mno\u017cenia"}]},{"@type":"WebSite","@id":"https:\/\/zs.gromnik.pl\/zs\/#website","url":"https:\/\/zs.gromnik.pl\/zs\/","name":"Zesp\u00f3\u0142 Szk\u00f3\u0142 w Gromniku","description":"","potentialAction":[{"@type":"SearchAction","target":{"@type":"EntryPoint","urlTemplate":"https:\/\/zs.gromnik.pl\/zs\/?s={search_term_string}"},"query-input":"required name=search_term_string"}],"inLanguage":"pl-PL"},{"@type":"Person","@id":"https:\/\/zs.gromnik.pl\/zs\/#\/schema\/person\/b197900f67c6133faddc284ae32f97ca","name":"admin","image":{"@type":"ImageObject","inLanguage":"pl-PL","@id":"https:\/\/zs.gromnik.pl\/zs\/#\/schema\/person\/image\/","url":"https:\/\/secure.gravatar.com\/avatar\/f8a2f876dbcc8c8edd809a8ca77a2abe?s=96&d=mm&r=g","contentUrl":"https:\/\/secure.gravatar.com\/avatar\/f8a2f876dbcc8c8edd809a8ca77a2abe?s=96&d=mm&r=g","caption":"admin"},"url":"https:\/\/zs.gromnik.pl\/zs\/author\/admin\/"}]}},"_links":{"self":[{"href":"https:\/\/zs.gromnik.pl\/zs\/wp-json\/wp\/v2\/posts\/19032"}],"collection":[{"href":"https:\/\/zs.gromnik.pl\/zs\/wp-json\/wp\/v2\/posts"}],"about":[{"href":"https:\/\/zs.gromnik.pl\/zs\/wp-json\/wp\/v2\/types\/post"}],"author":[{"embeddable":true,"href":"https:\/\/zs.gromnik.pl\/zs\/wp-json\/wp\/v2\/users\/1"}],"replies":[{"embeddable":true,"href":"https:\/\/zs.gromnik.pl\/zs\/wp-json\/wp\/v2\/comments?post=19032"}],"version-history":[{"count":5,"href":"https:\/\/zs.gromnik.pl\/zs\/wp-json\/wp\/v2\/posts\/19032\/revisions"}],"predecessor-version":[{"id":19038,"href":"https:\/\/zs.gromnik.pl\/zs\/wp-json\/wp\/v2\/posts\/19032\/revisions\/19038"}],"wp:featuredmedia":[{"embeddable":true,"href":"https:\/\/zs.gromnik.pl\/zs\/wp-json\/wp\/v2\/media\/19035"}],"wp:attachment":[{"href":"https:\/\/zs.gromnik.pl\/zs\/wp-json\/wp\/v2\/media?parent=19032"}],"wp:term":[{"taxonomy":"category","embeddable":true,"href":"https:\/\/zs.gromnik.pl\/zs\/wp-json\/wp\/v2\/categories?post=19032"},{"taxonomy":"post_tag","embeddable":true,"href":"https:\/\/zs.gromnik.pl\/zs\/wp-json\/wp\/v2\/tags?post=19032"}],"curies":[{"name":"wp","href":"https:\/\/api.w.org\/{rel}","templated":true}]}}