{"id":19040,"date":"2025-11-23T21:18:48","date_gmt":"2025-11-23T20:18:48","guid":{"rendered":"https:\/\/zs.gromnik.pl\/zs\/?p=19040"},"modified":"2025-11-23T21:18:51","modified_gmt":"2025-11-23T20:18:51","slug":"przedszkolaki-finalistami-konkursu-wojewodzkiego-i-powiatowego","status":"publish","type":"post","link":"https:\/\/zs.gromnik.pl\/zs\/przedszkolaki-finalistami-konkursu-wojewodzkiego-i-powiatowego\/","title":{"rendered":"Przedszkolaki finalistami konkursu wojew\u00f3dzkiego i powiatowego!"},"content":{"rendered":"\n<p>Z dum\u0105 i rado\u015bci\u0105 informujemy, \u017ce <strong>przedszkolaki z grupy II <\/strong>zosta\u0142y nagrodzone w konkursie wojew\u00f3dzkim &#8222;Bezpieczni, rozwa\u017cni, dalekowzroczni&#8221; organizowanym przez Zesp\u00f3\u0142 Szk\u00f3\u0142 w Zabawie. W tegorocznej edycji pod has\u0142em &#8222;Hulajnoga to frajda fantastyczna, lecz bez rozwagi bywa tragiczna&#8221; nasi wychowankowie zdobyli <strong>II miejsce<\/strong>. Dzieci pod kierunkiem pani Barbary Kubicz przygotowa\u0142y filmik, w kt\u00f3rym bajkowi bohaterowie pokazuj\u0105 nam, jak nale\u017cy prawid\u0142owo zachowywa\u0107 si\u0119 je\u017cd\u017c\u0105c hulajnog\u0105. Przedszkolaki odebra\u0142y nagrod\u0119 podczas gali fina\u0142owej z r\u0105k pani Marty Malec-Lech z Zarz\u0105du Wojew\u00f3dztwa Ma\u0142opolskiego, kt\u00f3ra odby\u0142a si\u0119 19.11.2025 roku w Zabawie. W konkursie wzi\u0119\u0142o udzia\u0142 ponad 100 plac\u00f3wek, dlatego ta nominacja jest dla nas szczeg\u00f3lnym wyr\u00f3\u017cnieniem! Brawa dla naszych ma\u0142ych aktor\u00f3w! Dzi\u0119kujemy te\u017c Rodzicom za to, \u017ce zechcieli towarzyszy\u0107 swoim pociechom podczas wr\u0119czenia nagr\u00f3d!<\/p>\n\n\n\n<p>Gratulacje nale\u017c\u0105 si\u0119 r\u00f3wnie\u017c <strong>Kamilowi Pruchnickiemu<\/strong> z grupy VI, kt\u00f3ry zdoby\u0142 <strong>I miejsce<\/strong> w powiatowym konkursie plastycznym \u201dZawody rzemie\u015blnicze\u201d organizowanym przez Izb\u0119 Rzemie\u015blnicz\u0105 w Tarnowie!<\/p>\n\n\n\n<figure class=\"wp-block-embed is-type-video is-provider-youtube wp-block-embed-youtube wp-embed-aspect-16-9 wp-has-aspect-ratio\"><div class=\"wp-block-embed__wrapper\">\n<iframe loading=\"lazy\" title=\"Konkurs BRD\" width=\"960\" height=\"540\" src=\"https:\/\/www.youtube.com\/embed\/wp1ZRR2XS70?feature=oembed\" frameborder=\"0\" allow=\"accelerometer; autoplay; clipboard-write; encrypted-media; gyroscope; picture-in-picture; web-share\" referrerpolicy=\"strict-origin-when-cross-origin\" allowfullscreen><\/iframe>\n<\/div><\/figure>\n\n\n\n<figure class=\"wp-container-2 wp-block-gallery-1 wp-block-gallery has-nested-images columns-1 is-cropped\">\n<figure class=\"wp-block-image size-large\"><img loading=\"lazy\" width=\"1200\" height=\"1600\" data-id=\"19041\"  src=\"http:\/\/zs.gromnik.pl\/zs\/wp-content\/uploads\/2025\/11\/0e3beb46-6b10-4533-b49f-02f8cd11a3bf.jpg\" alt=\"\" class=\"wp-image-19041\" srcset=\"https:\/\/zs.gromnik.pl\/zs\/wp-content\/uploads\/2025\/11\/0e3beb46-6b10-4533-b49f-02f8cd11a3bf.jpg 1200w, https:\/\/zs.gromnik.pl\/zs\/wp-content\/uploads\/2025\/11\/0e3beb46-6b10-4533-b49f-02f8cd11a3bf-225x300.jpg 225w, https:\/\/zs.gromnik.pl\/zs\/wp-content\/uploads\/2025\/11\/0e3beb46-6b10-4533-b49f-02f8cd11a3bf-768x1024.jpg 768w, https:\/\/zs.gromnik.pl\/zs\/wp-content\/uploads\/2025\/11\/0e3beb46-6b10-4533-b49f-02f8cd11a3bf-1152x1536.jpg 1152w, https:\/\/zs.gromnik.pl\/zs\/wp-content\/uploads\/2025\/11\/0e3beb46-6b10-4533-b49f-02f8cd11a3bf-1140x1520.jpg 1140w\" sizes=\"(max-width: 1200px) 100vw, 1200px\" \/><\/figure>\n\n\n\n<figure class=\"wp-block-image size-large\"><img loading=\"lazy\" width=\"2048\" height=\"1536\" data-id=\"19046\"  src=\"http:\/\/zs.gromnik.pl\/zs\/wp-content\/uploads\/2025\/11\/ccdd2db3-3b75-4032-b76c-80dfeb06e9e1-1.jpg\" alt=\"\" class=\"wp-image-19046\" srcset=\"https:\/\/zs.gromnik.pl\/zs\/wp-content\/uploads\/2025\/11\/ccdd2db3-3b75-4032-b76c-80dfeb06e9e1-1.jpg 2048w, https:\/\/zs.gromnik.pl\/zs\/wp-content\/uploads\/2025\/11\/ccdd2db3-3b75-4032-b76c-80dfeb06e9e1-1-300x225.jpg 300w, https:\/\/zs.gromnik.pl\/zs\/wp-content\/uploads\/2025\/11\/ccdd2db3-3b75-4032-b76c-80dfeb06e9e1-1-1024x768.jpg 1024w, https:\/\/zs.gromnik.pl\/zs\/wp-content\/uploads\/2025\/11\/ccdd2db3-3b75-4032-b76c-80dfeb06e9e1-1-768x576.jpg 768w, https:\/\/zs.gromnik.pl\/zs\/wp-content\/uploads\/2025\/11\/ccdd2db3-3b75-4032-b76c-80dfeb06e9e1-1-1536x1152.jpg 1536w, https:\/\/zs.gromnik.pl\/zs\/wp-content\/uploads\/2025\/11\/ccdd2db3-3b75-4032-b76c-80dfeb06e9e1-1-1140x855.jpg 1140w\" sizes=\"(max-width: 2048px) 100vw, 2048px\" \/><\/figure>\n\n\n\n<figure class=\"wp-block-image size-large\"><img loading=\"lazy\" width=\"2048\" height=\"1747\" data-id=\"19044\"  src=\"http:\/\/zs.gromnik.pl\/zs\/wp-content\/uploads\/2025\/11\/a5722480-9190-4d4e-b5c0-c82ac3d43ec9.jpg\" alt=\"\" class=\"wp-image-19044\" srcset=\"https:\/\/zs.gromnik.pl\/zs\/wp-content\/uploads\/2025\/11\/a5722480-9190-4d4e-b5c0-c82ac3d43ec9.jpg 2048w, https:\/\/zs.gromnik.pl\/zs\/wp-content\/uploads\/2025\/11\/a5722480-9190-4d4e-b5c0-c82ac3d43ec9-300x256.jpg 300w, https:\/\/zs.gromnik.pl\/zs\/wp-content\/uploads\/2025\/11\/a5722480-9190-4d4e-b5c0-c82ac3d43ec9-1024x874.jpg 1024w, https:\/\/zs.gromnik.pl\/zs\/wp-content\/uploads\/2025\/11\/a5722480-9190-4d4e-b5c0-c82ac3d43ec9-768x655.jpg 768w, https:\/\/zs.gromnik.pl\/zs\/wp-content\/uploads\/2025\/11\/a5722480-9190-4d4e-b5c0-c82ac3d43ec9-1536x1310.jpg 1536w, https:\/\/zs.gromnik.pl\/zs\/wp-content\/uploads\/2025\/11\/a5722480-9190-4d4e-b5c0-c82ac3d43ec9-1140x972.jpg 1140w\" sizes=\"(max-width: 2048px) 100vw, 2048px\" \/><\/figure>\n\n\n\n<figure class=\"wp-block-image size-large\"><img loading=\"lazy\" width=\"882\" height=\"1315\" data-id=\"19045\"  src=\"http:\/\/zs.gromnik.pl\/zs\/wp-content\/uploads\/2025\/11\/Bez-tytulu.png\" alt=\"\" class=\"wp-image-19045\" srcset=\"https:\/\/zs.gromnik.pl\/zs\/wp-content\/uploads\/2025\/11\/Bez-tytulu.png 882w, https:\/\/zs.gromnik.pl\/zs\/wp-content\/uploads\/2025\/11\/Bez-tytulu-201x300.png 201w, https:\/\/zs.gromnik.pl\/zs\/wp-content\/uploads\/2025\/11\/Bez-tytulu-687x1024.png 687w, https:\/\/zs.gromnik.pl\/zs\/wp-content\/uploads\/2025\/11\/Bez-tytulu-768x1145.png 768w\" sizes=\"(max-width: 882px) 100vw, 882px\" \/><\/figure>\n\n\n\n<figure class=\"wp-block-image size-large\"><img loading=\"lazy\" width=\"1536\" height=\"2048\" data-id=\"19043\"  src=\"http:\/\/zs.gromnik.pl\/zs\/wp-content\/uploads\/2025\/11\/5ebf32e5-bbe3-4e34-bdf6-e0bed5a054ce.jpg\" alt=\"\" class=\"wp-image-19043\" srcset=\"https:\/\/zs.gromnik.pl\/zs\/wp-content\/uploads\/2025\/11\/5ebf32e5-bbe3-4e34-bdf6-e0bed5a054ce.jpg 1536w, https:\/\/zs.gromnik.pl\/zs\/wp-content\/uploads\/2025\/11\/5ebf32e5-bbe3-4e34-bdf6-e0bed5a054ce-225x300.jpg 225w, https:\/\/zs.gromnik.pl\/zs\/wp-content\/uploads\/2025\/11\/5ebf32e5-bbe3-4e34-bdf6-e0bed5a054ce-768x1024.jpg 768w, https:\/\/zs.gromnik.pl\/zs\/wp-content\/uploads\/2025\/11\/5ebf32e5-bbe3-4e34-bdf6-e0bed5a054ce-1152x1536.jpg 1152w, https:\/\/zs.gromnik.pl\/zs\/wp-content\/uploads\/2025\/11\/5ebf32e5-bbe3-4e34-bdf6-e0bed5a054ce-1140x1520.jpg 1140w\" sizes=\"(max-width: 1536px) 100vw, 1536px\" \/><\/figure>\n\n\n\n<figure class=\"wp-block-image size-large\"><img loading=\"lazy\" width=\"1920\" height=\"2560\" data-id=\"19042\"  src=\"http:\/\/zs.gromnik.pl\/zs\/wp-content\/uploads\/2025\/11\/0f598868-c34a-41fb-a121-887b03b3cab9.jpg\" alt=\"\" class=\"wp-image-19042\" srcset=\"https:\/\/zs.gromnik.pl\/zs\/wp-content\/uploads\/2025\/11\/0f598868-c34a-41fb-a121-887b03b3cab9.jpg 1920w, https:\/\/zs.gromnik.pl\/zs\/wp-content\/uploads\/2025\/11\/0f598868-c34a-41fb-a121-887b03b3cab9-225x300.jpg 225w, https:\/\/zs.gromnik.pl\/zs\/wp-content\/uploads\/2025\/11\/0f598868-c34a-41fb-a121-887b03b3cab9-768x1024.jpg 768w, https:\/\/zs.gromnik.pl\/zs\/wp-content\/uploads\/2025\/11\/0f598868-c34a-41fb-a121-887b03b3cab9-1152x1536.jpg 1152w, https:\/\/zs.gromnik.pl\/zs\/wp-content\/uploads\/2025\/11\/0f598868-c34a-41fb-a121-887b03b3cab9-1536x2048.jpg 1536w, https:\/\/zs.gromnik.pl\/zs\/wp-content\/uploads\/2025\/11\/0f598868-c34a-41fb-a121-887b03b3cab9-1140x1520.jpg 1140w\" sizes=\"(max-width: 1920px) 100vw, 1920px\" \/><\/figure>\n<\/figure>\n","protected":false},"excerpt":{"rendered":"<p>Z dum\u0105 i rado\u015bci\u0105 informujemy, \u017ce przedszkolaki z grupy II zosta\u0142y nagrodzone w konkursie wojew\u00f3dzkim &#8222;Bezpieczni, rozwa\u017cni, dalekowzroczni&#8221; organizowanym przez Zesp\u00f3\u0142 Szk\u00f3\u0142 w Zabawie. W tegorocznej edycji pod has\u0142em &#8222;Hulajnoga to frajda fantastyczna, lecz bez rozwagi bywa tragiczna&#8221; nasi wychowankowie zdobyli II miejsce. Dzieci pod kierunkiem pani Barbary Kubicz przygotowa\u0142y filmik, w kt\u00f3rym bajkowi bohaterowie pokazuj\u0105 nam, jak nale\u017cy prawid\u0142owo zachowywa\u0107 si\u0119 je\u017cd\u017c\u0105c hulajnog\u0105. Przedszkolaki odebra\u0142y nagrod\u0119 podczas gali fina\u0142owej z r\u0105k pani Marty Malec-Lech z Zarz\u0105du Wojew\u00f3dztwa Ma\u0142opolskiego, kt\u00f3ra odby\u0142a si\u0119 19.11.2025 roku w Zabawie. W konkursie wzi\u0119\u0142o udzia\u0142 ponad 100 plac\u00f3wek, dlatego ta nominacja jest dla nas szczeg\u00f3lnym wyr\u00f3\u017cnieniem! Brawa dla naszych ma\u0142ych aktor\u00f3w! Dzi\u0119kujemy te\u017c Rodzicom za to, \u017ce zechcieli towarzyszy\u0107 swoim pociechom podczas wr\u0119czenia nagr\u00f3d! Gratulacje nale\u017c\u0105 si\u0119 r\u00f3wnie\u017c Kamilowi Pruchnickiemu z grupy VI, kt\u00f3ry zdoby\u0142 I miejsce w powiatowym konkursie plastycznym \u201dZawody rzemie\u015blnicze\u201d organizowanym przez Izb\u0119 Rzemie\u015blnicz\u0105 w Tarnowie!<\/p>\n","protected":false},"author":7,"featured_media":0,"comment_status":"closed","ping_status":"open","sticky":false,"template":"","format":"standard","meta":[],"categories":[3,15],"tags":[],"yoast_head":"<!-- This site is optimized with the Yoast SEO plugin v19.8 - https:\/\/yoast.com\/wordpress\/plugins\/seo\/ -->\n<title>Przedszkolaki finalistami konkursu wojew\u00f3dzkiego i powiatowego! - Zesp\u00f3\u0142 Szk\u00f3\u0142 w Gromniku<\/title>\n<meta name=\"description\" content=\"Zesp\u00f3\u0142 Szk\u00f3\u0142 w Gromniku\" \/>\n<meta name=\"robots\" content=\"index, follow, max-snippet:-1, max-image-preview:large, max-video-preview:-1\" \/>\n<link rel=\"canonical\" href=\"https:\/\/zs.gromnik.pl\/zs\/przedszkolaki-finalistami-konkursu-wojewodzkiego-i-powiatowego\/\" \/>\n<meta property=\"og:locale\" content=\"pl_PL\" \/>\n<meta property=\"og:type\" content=\"article\" \/>\n<meta property=\"og:title\" content=\"Przedszkolaki finalistami konkursu wojew\u00f3dzkiego i powiatowego! - Zesp\u00f3\u0142 Szk\u00f3\u0142 w Gromniku\" \/>\n<meta property=\"og:description\" content=\"Zesp\u00f3\u0142 Szk\u00f3\u0142 w Gromniku\" \/>\n<meta property=\"og:url\" content=\"https:\/\/zs.gromnik.pl\/zs\/przedszkolaki-finalistami-konkursu-wojewodzkiego-i-powiatowego\/\" \/>\n<meta property=\"og:site_name\" content=\"Zesp\u00f3\u0142 Szk\u00f3\u0142 w Gromniku\" \/>\n<meta property=\"article:publisher\" content=\"https:\/\/www.facebook.com\/zsgromnik\" \/>\n<meta property=\"article:published_time\" content=\"2025-11-23T20:18:48+00:00\" \/>\n<meta property=\"article:modified_time\" content=\"2025-11-23T20:18:51+00:00\" \/>\n<meta property=\"og:image\" content=\"http:\/\/zs.gromnik.pl\/zs\/wp-content\/uploads\/2025\/11\/0e3beb46-6b10-4533-b49f-02f8cd11a3bf.jpg\" \/>\n<meta name=\"author\" content=\"Barbara Kubicz\" \/>\n<meta name=\"twitter:card\" content=\"summary_large_image\" \/>\n<meta name=\"twitter:label1\" content=\"Napisane przez\" \/>\n\t<meta name=\"twitter:data1\" content=\"Barbara Kubicz\" \/>\n\t<meta name=\"twitter:label2\" content=\"Szacowany czas czytania\" \/>\n\t<meta name=\"twitter:data2\" content=\"1 minuta\" \/>\n<script type=\"application\/ld+json\" class=\"yoast-schema-graph\">{\"@context\":\"https:\/\/schema.org\",\"@graph\":[{\"@type\":\"WebPage\",\"@id\":\"https:\/\/zs.gromnik.pl\/zs\/przedszkolaki-finalistami-konkursu-wojewodzkiego-i-powiatowego\/\",\"url\":\"https:\/\/zs.gromnik.pl\/zs\/przedszkolaki-finalistami-konkursu-wojewodzkiego-i-powiatowego\/\",\"name\":\"Przedszkolaki finalistami konkursu wojew\u00f3dzkiego i powiatowego! - Zesp\u00f3\u0142 Szk\u00f3\u0142 w Gromniku\",\"isPartOf\":{\"@id\":\"https:\/\/zs.gromnik.pl\/zs\/#website\"},\"datePublished\":\"2025-11-23T20:18:48+00:00\",\"dateModified\":\"2025-11-23T20:18:51+00:00\",\"author\":{\"@id\":\"https:\/\/zs.gromnik.pl\/zs\/#\/schema\/person\/7fb2b24b90f39dede6a6b1ad809c8871\"},\"description\":\"Zesp\u00f3\u0142 Szk\u00f3\u0142 w Gromniku\",\"breadcrumb\":{\"@id\":\"https:\/\/zs.gromnik.pl\/zs\/przedszkolaki-finalistami-konkursu-wojewodzkiego-i-powiatowego\/#breadcrumb\"},\"inLanguage\":\"pl-PL\",\"potentialAction\":[{\"@type\":\"ReadAction\",\"target\":[\"https:\/\/zs.gromnik.pl\/zs\/przedszkolaki-finalistami-konkursu-wojewodzkiego-i-powiatowego\/\"]}]},{\"@type\":\"BreadcrumbList\",\"@id\":\"https:\/\/zs.gromnik.pl\/zs\/przedszkolaki-finalistami-konkursu-wojewodzkiego-i-powiatowego\/#breadcrumb\",\"itemListElement\":[{\"@type\":\"ListItem\",\"position\":1,\"name\":\"Strona g\u0142\u00f3wna\",\"item\":\"https:\/\/zs.gromnik.pl\/zs\/\"},{\"@type\":\"ListItem\",\"position\":2,\"name\":\"Przedszkolaki finalistami konkursu wojew\u00f3dzkiego i powiatowego!\"}]},{\"@type\":\"WebSite\",\"@id\":\"https:\/\/zs.gromnik.pl\/zs\/#website\",\"url\":\"https:\/\/zs.gromnik.pl\/zs\/\",\"name\":\"Zesp\u00f3\u0142 Szk\u00f3\u0142 w Gromniku\",\"description\":\"\",\"potentialAction\":[{\"@type\":\"SearchAction\",\"target\":{\"@type\":\"EntryPoint\",\"urlTemplate\":\"https:\/\/zs.gromnik.pl\/zs\/?s={search_term_string}\"},\"query-input\":\"required name=search_term_string\"}],\"inLanguage\":\"pl-PL\"},{\"@type\":\"Person\",\"@id\":\"https:\/\/zs.gromnik.pl\/zs\/#\/schema\/person\/7fb2b24b90f39dede6a6b1ad809c8871\",\"name\":\"Barbara Kubicz\",\"image\":{\"@type\":\"ImageObject\",\"inLanguage\":\"pl-PL\",\"@id\":\"https:\/\/zs.gromnik.pl\/zs\/#\/schema\/person\/image\/\",\"url\":\"https:\/\/secure.gravatar.com\/avatar\/2148a1c13395e11280a430e7a86ac24a?s=96&d=mm&r=g\",\"contentUrl\":\"https:\/\/secure.gravatar.com\/avatar\/2148a1c13395e11280a430e7a86ac24a?s=96&d=mm&r=g\",\"caption\":\"Barbara Kubicz\"},\"url\":\"https:\/\/zs.gromnik.pl\/zs\/author\/bkubicz\/\"}]}<\/script>\n<!-- \/ Yoast SEO plugin. -->","yoast_head_json":{"title":"Przedszkolaki finalistami konkursu wojew\u00f3dzkiego i powiatowego! - Zesp\u00f3\u0142 Szk\u00f3\u0142 w Gromniku","description":"Zesp\u00f3\u0142 Szk\u00f3\u0142 w Gromniku","robots":{"index":"index","follow":"follow","max-snippet":"max-snippet:-1","max-image-preview":"max-image-preview:large","max-video-preview":"max-video-preview:-1"},"canonical":"https:\/\/zs.gromnik.pl\/zs\/przedszkolaki-finalistami-konkursu-wojewodzkiego-i-powiatowego\/","og_locale":"pl_PL","og_type":"article","og_title":"Przedszkolaki finalistami konkursu wojew\u00f3dzkiego i powiatowego! - Zesp\u00f3\u0142 Szk\u00f3\u0142 w Gromniku","og_description":"Zesp\u00f3\u0142 Szk\u00f3\u0142 w Gromniku","og_url":"https:\/\/zs.gromnik.pl\/zs\/przedszkolaki-finalistami-konkursu-wojewodzkiego-i-powiatowego\/","og_site_name":"Zesp\u00f3\u0142 Szk\u00f3\u0142 w Gromniku","article_publisher":"https:\/\/www.facebook.com\/zsgromnik","article_published_time":"2025-11-23T20:18:48+00:00","article_modified_time":"2025-11-23T20:18:51+00:00","og_image":[{"url":"http:\/\/zs.gromnik.pl\/zs\/wp-content\/uploads\/2025\/11\/0e3beb46-6b10-4533-b49f-02f8cd11a3bf.jpg"}],"author":"Barbara Kubicz","twitter_card":"summary_large_image","twitter_misc":{"Napisane przez":"Barbara Kubicz","Szacowany czas czytania":"1 minuta"},"schema":{"@context":"https:\/\/schema.org","@graph":[{"@type":"WebPage","@id":"https:\/\/zs.gromnik.pl\/zs\/przedszkolaki-finalistami-konkursu-wojewodzkiego-i-powiatowego\/","url":"https:\/\/zs.gromnik.pl\/zs\/przedszkolaki-finalistami-konkursu-wojewodzkiego-i-powiatowego\/","name":"Przedszkolaki finalistami konkursu wojew\u00f3dzkiego i powiatowego! - Zesp\u00f3\u0142 Szk\u00f3\u0142 w Gromniku","isPartOf":{"@id":"https:\/\/zs.gromnik.pl\/zs\/#website"},"datePublished":"2025-11-23T20:18:48+00:00","dateModified":"2025-11-23T20:18:51+00:00","author":{"@id":"https:\/\/zs.gromnik.pl\/zs\/#\/schema\/person\/7fb2b24b90f39dede6a6b1ad809c8871"},"description":"Zesp\u00f3\u0142 Szk\u00f3\u0142 w Gromniku","breadcrumb":{"@id":"https:\/\/zs.gromnik.pl\/zs\/przedszkolaki-finalistami-konkursu-wojewodzkiego-i-powiatowego\/#breadcrumb"},"inLanguage":"pl-PL","potentialAction":[{"@type":"ReadAction","target":["https:\/\/zs.gromnik.pl\/zs\/przedszkolaki-finalistami-konkursu-wojewodzkiego-i-powiatowego\/"]}]},{"@type":"BreadcrumbList","@id":"https:\/\/zs.gromnik.pl\/zs\/przedszkolaki-finalistami-konkursu-wojewodzkiego-i-powiatowego\/#breadcrumb","itemListElement":[{"@type":"ListItem","position":1,"name":"Strona g\u0142\u00f3wna","item":"https:\/\/zs.gromnik.pl\/zs\/"},{"@type":"ListItem","position":2,"name":"Przedszkolaki finalistami konkursu wojew\u00f3dzkiego i powiatowego!"}]},{"@type":"WebSite","@id":"https:\/\/zs.gromnik.pl\/zs\/#website","url":"https:\/\/zs.gromnik.pl\/zs\/","name":"Zesp\u00f3\u0142 Szk\u00f3\u0142 w Gromniku","description":"","potentialAction":[{"@type":"SearchAction","target":{"@type":"EntryPoint","urlTemplate":"https:\/\/zs.gromnik.pl\/zs\/?s={search_term_string}"},"query-input":"required name=search_term_string"}],"inLanguage":"pl-PL"},{"@type":"Person","@id":"https:\/\/zs.gromnik.pl\/zs\/#\/schema\/person\/7fb2b24b90f39dede6a6b1ad809c8871","name":"Barbara Kubicz","image":{"@type":"ImageObject","inLanguage":"pl-PL","@id":"https:\/\/zs.gromnik.pl\/zs\/#\/schema\/person\/image\/","url":"https:\/\/secure.gravatar.com\/avatar\/2148a1c13395e11280a430e7a86ac24a?s=96&d=mm&r=g","contentUrl":"https:\/\/secure.gravatar.com\/avatar\/2148a1c13395e11280a430e7a86ac24a?s=96&d=mm&r=g","caption":"Barbara Kubicz"},"url":"https:\/\/zs.gromnik.pl\/zs\/author\/bkubicz\/"}]}},"_links":{"self":[{"href":"https:\/\/zs.gromnik.pl\/zs\/wp-json\/wp\/v2\/posts\/19040"}],"collection":[{"href":"https:\/\/zs.gromnik.pl\/zs\/wp-json\/wp\/v2\/posts"}],"about":[{"href":"https:\/\/zs.gromnik.pl\/zs\/wp-json\/wp\/v2\/types\/post"}],"author":[{"embeddable":true,"href":"https:\/\/zs.gromnik.pl\/zs\/wp-json\/wp\/v2\/users\/7"}],"replies":[{"embeddable":true,"href":"https:\/\/zs.gromnik.pl\/zs\/wp-json\/wp\/v2\/comments?post=19040"}],"version-history":[{"count":2,"href":"https:\/\/zs.gromnik.pl\/zs\/wp-json\/wp\/v2\/posts\/19040\/revisions"}],"predecessor-version":[{"id":19048,"href":"https:\/\/zs.gromnik.pl\/zs\/wp-json\/wp\/v2\/posts\/19040\/revisions\/19048"}],"wp:attachment":[{"href":"https:\/\/zs.gromnik.pl\/zs\/wp-json\/wp\/v2\/media?parent=19040"}],"wp:term":[{"taxonomy":"category","embeddable":true,"href":"https:\/\/zs.gromnik.pl\/zs\/wp-json\/wp\/v2\/categories?post=19040"},{"taxonomy":"post_tag","embeddable":true,"href":"https:\/\/zs.gromnik.pl\/zs\/wp-json\/wp\/v2\/tags?post=19040"}],"curies":[{"name":"wp","href":"https:\/\/api.w.org\/{rel}","templated":true}]}}