{"id":19065,"date":"2025-12-01T06:45:05","date_gmt":"2025-12-01T05:45:05","guid":{"rendered":"https:\/\/zs.gromnik.pl\/zs\/?p=19065"},"modified":"2025-12-01T06:45:58","modified_gmt":"2025-12-01T05:45:58","slug":"listopad-moze-byc-wesoly-chodz-z-nami-do-szkoly","status":"publish","type":"post","link":"https:\/\/zs.gromnik.pl\/zs\/listopad-moze-byc-wesoly-chodz-z-nami-do-szkoly\/","title":{"rendered":"Listopad mo\u017ce by\u0107 weso\u0142y &#8211; chod\u017a z nami do szko\u0142y"},"content":{"rendered":"\t\t<div data-elementor-type=\"wp-post\" data-elementor-id=\"19065\" class=\"elementor elementor-19065\">\n\t\t\t\t\t\t\t\t\t<section class=\"elementor-section elementor-top-section elementor-element elementor-element-56ed04d elementor-section-boxed elementor-section-height-default elementor-section-height-default\" data-id=\"56ed04d\" data-element_type=\"section\">\n\t\t\t\t\t\t<div class=\"elementor-container elementor-column-gap-default\">\n\t\t\t\t\t<div class=\"elementor-column elementor-col-100 elementor-top-column elementor-element elementor-element-812863f\" data-id=\"812863f\" data-element_type=\"column\">\n\t\t\t<div class=\"elementor-widget-wrap elementor-element-populated\">\n\t\t\t\t\t\t\t\t<div class=\"elementor-element elementor-element-d294de0 elementor-widget elementor-widget-text-editor\" data-id=\"d294de0\" data-element_type=\"widget\" data-widget_type=\"text-editor.default\">\n\t\t\t\t<div class=\"elementor-widget-container\">\n\t\t\t\t\t\t\t<p>Dzie\u0144 w kolorach jesieni &#8211; rozpocz\u0105\u0142 akcj\u0119 Samorz\u0105du Uczniowskiego w naszej szkole pod tytu\u0142em &#8222;Listopad mo\u017ce by\u0107 weso\u0142y &#8211; chod\u017a z nami do szko\u0142y &#8222;. Uczniowie mieli zamieni\u0107 codzienne szaro &#8211; czarne stroje w takie, kt\u00f3re odpowiadaj\u0105 barwom z\u0142otej polskiej jesieni. Przez jedn\u0105 \u015brod\u0119 wi\u0119c by\u0142o w naszej szkole: \u017c\u00f3\u0142to, pomara\u0144czowo, czerwono, br\u0105zowo, rudo a nawet z\u0142oto. Jesiennie i przyjemnie najbardziej wyr\u00f3\u017cni\u0142y si\u0119 klasy 4b i 6b.<\/p><p>Dzie\u0144 Postaci z Bajek \u2013 uczniowie przyszli do szko\u0142y przebrani za bohater\u00f3w bajek i film\u00f3w animowanych. By\u0142a to radosna, kolorowa akcja pe\u0142na kreatywno\u015bci i dobrej zabawy.\u00a0<\/p><p>Dzie\u0144 Bez Plecaka \u2013 uczestnicy przynie\u015bli podr\u0119czniki w zamiennikach plecak\u00f3w. Pojawi\u0142y si\u0119 walizki, koszyki, pude\u0142ka i wiele innych pomys\u0142owych rozwi\u0105za\u0144, kt\u00f3re wywo\u0142a\u0142y du\u017co \u015bmiechu.\u00a0<\/p><p>Dzie\u0144 w Pi\u017camie \u2013uczniowie sp\u0119dzili dzie\u0144 w wygodnych pi\u017camach i szlafrokach, tworz\u0105c swobodn\u0105 i przyjazn\u0105 atmosfer\u0119. Akcja zintegrowa\u0142a spo\u0142eczno\u015b\u0107 szkoln\u0105.<\/p><p>\u00a0Dzie\u0144\u00a0Szalonej\u00a0Fryzury\u00a0\u2013\u00a0uczniowie\u00a0zaprezentowali\u00a0fantazyjne,\u00a0kolorowe\u00a0i\u00a0zabawne\u00a0fryzury.\u00a0W\u00a0szkole\u00a0panowa\u0142a\u00a0weso\u0142a,\u00a0kreatywna\u00a0atmosfera.<\/p><p>\u00a0<\/p>\t\t\t\t\t\t<\/div>\n\t\t\t\t<\/div>\n\t\t\t\t\t<\/div>\n\t\t<\/div>\n\t\t\t\t\t\t\t<\/div>\n\t\t<\/section>\n\t\t\t\t<section class=\"elementor-section elementor-top-section elementor-element elementor-element-b7658c2 elementor-section-boxed elementor-section-height-default elementor-section-height-default\" data-id=\"b7658c2\" data-element_type=\"section\">\n\t\t\t\t\t\t<div class=\"elementor-container elementor-column-gap-default\">\n\t\t\t\t\t<div class=\"elementor-column elementor-col-100 elementor-top-column elementor-element elementor-element-733997b\" data-id=\"733997b\" data-element_type=\"column\">\n\t\t\t<div class=\"elementor-widget-wrap elementor-element-populated\">\n\t\t\t\t\t\t\t\t<div class=\"elementor-element elementor-element-4237470 elementor-aspect-ratio-169 elementor-widget elementor-widget-video\" data-id=\"4237470\" data-element_type=\"widget\" data-settings=\"{&quot;video_type&quot;:&quot;hosted&quot;,&quot;autoplay&quot;:&quot;yes&quot;,&quot;play_on_mobile&quot;:&quot;yes&quot;,&quot;loop&quot;:&quot;yes&quot;,&quot;controls&quot;:&quot;yes&quot;,&quot;aspect_ratio&quot;:&quot;169&quot;}\" data-widget_type=\"video.default\">\n\t\t\t\t<div class=\"elementor-widget-container\">\n\t\t\t\t\t<div class=\"e-hosted-video elementor-wrapper elementor-fit-aspect-ratio elementor-open-inline\">\n\t\t\t\t\t<video class=\"elementor-video\" src=\"http:\/\/zs.gromnik.pl\/zs\/wp-content\/uploads\/2025\/12\/att.YdhHyF82prpGp5Ytaffi-akyL-FbQL6ossvGFcIRsuc.mp4\" autoplay=\"\" loop=\"\" controls=\"\" playsinline=\"\" controlsList=\"nodownload\"><\/video>\n\t\t\t\t<\/div>\n\t\t\t\t<\/div>\n\t\t\t\t<\/div>\n\t\t\t\t\t<\/div>\n\t\t<\/div>\n\t\t\t\t\t\t\t<\/div>\n\t\t<\/section>\n\t\t\t\t<section class=\"elementor-section elementor-top-section elementor-element elementor-element-ffaa487 elementor-section-boxed elementor-section-height-default elementor-section-height-default\" data-id=\"ffaa487\" data-element_type=\"section\">\n\t\t\t\t\t\t<div class=\"elementor-container elementor-column-gap-default\">\n\t\t\t\t\t<div class=\"elementor-column elementor-col-100 elementor-top-column elementor-element elementor-element-7b5ef3a\" data-id=\"7b5ef3a\" data-element_type=\"column\">\n\t\t\t<div class=\"elementor-widget-wrap elementor-element-populated\">\n\t\t\t\t\t\t\t\t<div class=\"elementor-element elementor-element-beb0507 elementor-widget elementor-widget-image-gallery\" data-id=\"beb0507\" data-element_type=\"widget\" data-widget_type=\"image-gallery.default\">\n\t\t\t\t<div class=\"elementor-widget-container\">\n\t\t\t\t\t<div class=\"elementor-image-gallery\">\n\t\t\t<div id='gallery-1' class='gallery galleryid-19065 gallery-columns-4 gallery-size-medium'><figure class='gallery-item'>\n\t\t\t<div class='gallery-icon landscape'>\n\t\t\t\t<a data-elementor-open-lightbox=\"yes\" data-elementor-lightbox-slideshow=\"beb0507\" data-elementor-lightbox-title=\"446be5a8-c3d9-4485-96e3-7918fad8c7e7\" e-action-hash=\"#elementor-action%3Aaction%3Dlightbox%26settings%3DeyJpZCI6MTkwNjgsInVybCI6Imh0dHBzOlwvXC96cy5ncm9tbmlrLnBsXC96c1wvd3AtY29udGVudFwvdXBsb2Fkc1wvMjAyNVwvMTJcLzQ0NmJlNWE4LWMzZDktNDQ4NS05NmUzLTc5MThmYWQ4YzdlNy5qcGciLCJzbGlkZXNob3ciOiJiZWIwNTA3In0%3D\" href='https:\/\/zs.gromnik.pl\/zs\/wp-content\/uploads\/2025\/12\/446be5a8-c3d9-4485-96e3-7918fad8c7e7.jpg'><img width=\"300\" height=\"169\" src=\"https:\/\/zs.gromnik.pl\/zs\/wp-content\/uploads\/2025\/12\/446be5a8-c3d9-4485-96e3-7918fad8c7e7-300x169.jpg\" class=\"attachment-medium size-medium\" alt=\"\" loading=\"lazy\" srcset=\"https:\/\/zs.gromnik.pl\/zs\/wp-content\/uploads\/2025\/12\/446be5a8-c3d9-4485-96e3-7918fad8c7e7-300x169.jpg 300w, https:\/\/zs.gromnik.pl\/zs\/wp-content\/uploads\/2025\/12\/446be5a8-c3d9-4485-96e3-7918fad8c7e7-1024x577.jpg 1024w, https:\/\/zs.gromnik.pl\/zs\/wp-content\/uploads\/2025\/12\/446be5a8-c3d9-4485-96e3-7918fad8c7e7-768x432.jpg 768w, https:\/\/zs.gromnik.pl\/zs\/wp-content\/uploads\/2025\/12\/446be5a8-c3d9-4485-96e3-7918fad8c7e7-1536x865.jpg 1536w, https:\/\/zs.gromnik.pl\/zs\/wp-content\/uploads\/2025\/12\/446be5a8-c3d9-4485-96e3-7918fad8c7e7-1140x642.jpg 1140w, https:\/\/zs.gromnik.pl\/zs\/wp-content\/uploads\/2025\/12\/446be5a8-c3d9-4485-96e3-7918fad8c7e7.jpg 1600w\" sizes=\"(max-width: 300px) 100vw, 300px\" \/><\/a>\n\t\t\t<\/div><\/figure><figure class='gallery-item'>\n\t\t\t<div class='gallery-icon portrait'>\n\t\t\t\t<a data-elementor-open-lightbox=\"yes\" data-elementor-lightbox-slideshow=\"beb0507\" data-elementor-lightbox-title=\"2c15b8bd-7166-4009-828e-7cf1254d6193\" e-action-hash=\"#elementor-action%3Aaction%3Dlightbox%26settings%3DeyJpZCI6MTkwNjksInVybCI6Imh0dHBzOlwvXC96cy5ncm9tbmlrLnBsXC96c1wvd3AtY29udGVudFwvdXBsb2Fkc1wvMjAyNVwvMTJcLzJjMTViOGJkLTcxNjYtNDAwOS04MjhlLTdjZjEyNTRkNjE5My5qcGciLCJzbGlkZXNob3ciOiJiZWIwNTA3In0%3D\" href='https:\/\/zs.gromnik.pl\/zs\/wp-content\/uploads\/2025\/12\/2c15b8bd-7166-4009-828e-7cf1254d6193.jpg'><img width=\"169\" height=\"300\" src=\"https:\/\/zs.gromnik.pl\/zs\/wp-content\/uploads\/2025\/12\/2c15b8bd-7166-4009-828e-7cf1254d6193-169x300.jpg\" class=\"attachment-medium size-medium\" alt=\"\" loading=\"lazy\" srcset=\"https:\/\/zs.gromnik.pl\/zs\/wp-content\/uploads\/2025\/12\/2c15b8bd-7166-4009-828e-7cf1254d6193-169x300.jpg 169w, https:\/\/zs.gromnik.pl\/zs\/wp-content\/uploads\/2025\/12\/2c15b8bd-7166-4009-828e-7cf1254d6193-577x1024.jpg 577w, https:\/\/zs.gromnik.pl\/zs\/wp-content\/uploads\/2025\/12\/2c15b8bd-7166-4009-828e-7cf1254d6193-768x1364.jpg 768w, https:\/\/zs.gromnik.pl\/zs\/wp-content\/uploads\/2025\/12\/2c15b8bd-7166-4009-828e-7cf1254d6193-865x1536.jpg 865w, https:\/\/zs.gromnik.pl\/zs\/wp-content\/uploads\/2025\/12\/2c15b8bd-7166-4009-828e-7cf1254d6193.jpg 901w\" sizes=\"(max-width: 169px) 100vw, 169px\" \/><\/a>\n\t\t\t<\/div><\/figure><figure class='gallery-item'>\n\t\t\t<div class='gallery-icon portrait'>\n\t\t\t\t<a data-elementor-open-lightbox=\"yes\" data-elementor-lightbox-slideshow=\"beb0507\" data-elementor-lightbox-title=\"92c4f0d6-86fc-44db-8c78-3d7be1eb75d0\" e-action-hash=\"#elementor-action%3Aaction%3Dlightbox%26settings%3DeyJpZCI6MTkwNzAsInVybCI6Imh0dHBzOlwvXC96cy5ncm9tbmlrLnBsXC96c1wvd3AtY29udGVudFwvdXBsb2Fkc1wvMjAyNVwvMTJcLzkyYzRmMGQ2LTg2ZmMtNDRkYi04Yzc4LTNkN2JlMWViNzVkMC5qcGciLCJzbGlkZXNob3ciOiJiZWIwNTA3In0%3D\" href='https:\/\/zs.gromnik.pl\/zs\/wp-content\/uploads\/2025\/12\/92c4f0d6-86fc-44db-8c78-3d7be1eb75d0.jpg'><img width=\"169\" height=\"300\" src=\"https:\/\/zs.gromnik.pl\/zs\/wp-content\/uploads\/2025\/12\/92c4f0d6-86fc-44db-8c78-3d7be1eb75d0-169x300.jpg\" class=\"attachment-medium size-medium\" alt=\"\" loading=\"lazy\" srcset=\"https:\/\/zs.gromnik.pl\/zs\/wp-content\/uploads\/2025\/12\/92c4f0d6-86fc-44db-8c78-3d7be1eb75d0-169x300.jpg 169w, https:\/\/zs.gromnik.pl\/zs\/wp-content\/uploads\/2025\/12\/92c4f0d6-86fc-44db-8c78-3d7be1eb75d0-577x1024.jpg 577w, https:\/\/zs.gromnik.pl\/zs\/wp-content\/uploads\/2025\/12\/92c4f0d6-86fc-44db-8c78-3d7be1eb75d0-768x1364.jpg 768w, https:\/\/zs.gromnik.pl\/zs\/wp-content\/uploads\/2025\/12\/92c4f0d6-86fc-44db-8c78-3d7be1eb75d0-865x1536.jpg 865w, https:\/\/zs.gromnik.pl\/zs\/wp-content\/uploads\/2025\/12\/92c4f0d6-86fc-44db-8c78-3d7be1eb75d0.jpg 901w\" sizes=\"(max-width: 169px) 100vw, 169px\" \/><\/a>\n\t\t\t<\/div><\/figure><figure class='gallery-item'>\n\t\t\t<div class='gallery-icon portrait'>\n\t\t\t\t<a data-elementor-open-lightbox=\"yes\" data-elementor-lightbox-slideshow=\"beb0507\" data-elementor-lightbox-title=\"4577296e-0719-4afc-9c94-8c1e0bf0a789\" e-action-hash=\"#elementor-action%3Aaction%3Dlightbox%26settings%3DeyJpZCI6MTkwNzEsInVybCI6Imh0dHBzOlwvXC96cy5ncm9tbmlrLnBsXC96c1wvd3AtY29udGVudFwvdXBsb2Fkc1wvMjAyNVwvMTJcLzQ1NzcyOTZlLTA3MTktNGFmYy05Yzk0LThjMWUwYmYwYTc4OS5qcGciLCJzbGlkZXNob3ciOiJiZWIwNTA3In0%3D\" href='https:\/\/zs.gromnik.pl\/zs\/wp-content\/uploads\/2025\/12\/4577296e-0719-4afc-9c94-8c1e0bf0a789.jpg'><img width=\"169\" height=\"300\" src=\"https:\/\/zs.gromnik.pl\/zs\/wp-content\/uploads\/2025\/12\/4577296e-0719-4afc-9c94-8c1e0bf0a789-169x300.jpg\" class=\"attachment-medium size-medium\" alt=\"\" loading=\"lazy\" srcset=\"https:\/\/zs.gromnik.pl\/zs\/wp-content\/uploads\/2025\/12\/4577296e-0719-4afc-9c94-8c1e0bf0a789-169x300.jpg 169w, https:\/\/zs.gromnik.pl\/zs\/wp-content\/uploads\/2025\/12\/4577296e-0719-4afc-9c94-8c1e0bf0a789-577x1024.jpg 577w, https:\/\/zs.gromnik.pl\/zs\/wp-content\/uploads\/2025\/12\/4577296e-0719-4afc-9c94-8c1e0bf0a789-768x1364.jpg 768w, https:\/\/zs.gromnik.pl\/zs\/wp-content\/uploads\/2025\/12\/4577296e-0719-4afc-9c94-8c1e0bf0a789-865x1536.jpg 865w, https:\/\/zs.gromnik.pl\/zs\/wp-content\/uploads\/2025\/12\/4577296e-0719-4afc-9c94-8c1e0bf0a789.jpg 901w\" sizes=\"(max-width: 169px) 100vw, 169px\" \/><\/a>\n\t\t\t<\/div><\/figure><figure class='gallery-item'>\n\t\t\t<div class='gallery-icon portrait'>\n\t\t\t\t<a data-elementor-open-lightbox=\"yes\" data-elementor-lightbox-slideshow=\"beb0507\" data-elementor-lightbox-title=\"b78daa05-9f6a-4b48-85bd-f86dbab7d1f0\" e-action-hash=\"#elementor-action%3Aaction%3Dlightbox%26settings%3DeyJpZCI6MTkwNzIsInVybCI6Imh0dHBzOlwvXC96cy5ncm9tbmlrLnBsXC96c1wvd3AtY29udGVudFwvdXBsb2Fkc1wvMjAyNVwvMTJcL2I3OGRhYTA1LTlmNmEtNGI0OC04NWJkLWY4NmRiYWI3ZDFmMC5qcGciLCJzbGlkZXNob3ciOiJiZWIwNTA3In0%3D\" href='https:\/\/zs.gromnik.pl\/zs\/wp-content\/uploads\/2025\/12\/b78daa05-9f6a-4b48-85bd-f86dbab7d1f0.jpg'><img width=\"169\" height=\"300\" src=\"https:\/\/zs.gromnik.pl\/zs\/wp-content\/uploads\/2025\/12\/b78daa05-9f6a-4b48-85bd-f86dbab7d1f0-169x300.jpg\" class=\"attachment-medium size-medium\" alt=\"\" loading=\"lazy\" srcset=\"https:\/\/zs.gromnik.pl\/zs\/wp-content\/uploads\/2025\/12\/b78daa05-9f6a-4b48-85bd-f86dbab7d1f0-169x300.jpg 169w, https:\/\/zs.gromnik.pl\/zs\/wp-content\/uploads\/2025\/12\/b78daa05-9f6a-4b48-85bd-f86dbab7d1f0-577x1024.jpg 577w, https:\/\/zs.gromnik.pl\/zs\/wp-content\/uploads\/2025\/12\/b78daa05-9f6a-4b48-85bd-f86dbab7d1f0-768x1364.jpg 768w, https:\/\/zs.gromnik.pl\/zs\/wp-content\/uploads\/2025\/12\/b78daa05-9f6a-4b48-85bd-f86dbab7d1f0-865x1536.jpg 865w, https:\/\/zs.gromnik.pl\/zs\/wp-content\/uploads\/2025\/12\/b78daa05-9f6a-4b48-85bd-f86dbab7d1f0.jpg 901w\" sizes=\"(max-width: 169px) 100vw, 169px\" \/><\/a>\n\t\t\t<\/div><\/figure><figure class='gallery-item'>\n\t\t\t<div class='gallery-icon portrait'>\n\t\t\t\t<a data-elementor-open-lightbox=\"yes\" data-elementor-lightbox-slideshow=\"beb0507\" data-elementor-lightbox-title=\"c4ab998e-f8f0-4fa7-9567-0b34cb2b3ee6\" e-action-hash=\"#elementor-action%3Aaction%3Dlightbox%26settings%3DeyJpZCI6MTkwNzMsInVybCI6Imh0dHBzOlwvXC96cy5ncm9tbmlrLnBsXC96c1wvd3AtY29udGVudFwvdXBsb2Fkc1wvMjAyNVwvMTJcL2M0YWI5OThlLWY4ZjAtNGZhNy05NTY3LTBiMzRjYjJiM2VlNi5qcGciLCJzbGlkZXNob3ciOiJiZWIwNTA3In0%3D\" href='https:\/\/zs.gromnik.pl\/zs\/wp-content\/uploads\/2025\/12\/c4ab998e-f8f0-4fa7-9567-0b34cb2b3ee6.jpg'><img width=\"169\" height=\"300\" src=\"https:\/\/zs.gromnik.pl\/zs\/wp-content\/uploads\/2025\/12\/c4ab998e-f8f0-4fa7-9567-0b34cb2b3ee6-169x300.jpg\" class=\"attachment-medium size-medium\" alt=\"\" loading=\"lazy\" srcset=\"https:\/\/zs.gromnik.pl\/zs\/wp-content\/uploads\/2025\/12\/c4ab998e-f8f0-4fa7-9567-0b34cb2b3ee6-169x300.jpg 169w, https:\/\/zs.gromnik.pl\/zs\/wp-content\/uploads\/2025\/12\/c4ab998e-f8f0-4fa7-9567-0b34cb2b3ee6-577x1024.jpg 577w, https:\/\/zs.gromnik.pl\/zs\/wp-content\/uploads\/2025\/12\/c4ab998e-f8f0-4fa7-9567-0b34cb2b3ee6-768x1364.jpg 768w, https:\/\/zs.gromnik.pl\/zs\/wp-content\/uploads\/2025\/12\/c4ab998e-f8f0-4fa7-9567-0b34cb2b3ee6-865x1536.jpg 865w, https:\/\/zs.gromnik.pl\/zs\/wp-content\/uploads\/2025\/12\/c4ab998e-f8f0-4fa7-9567-0b34cb2b3ee6.jpg 901w\" sizes=\"(max-width: 169px) 100vw, 169px\" \/><\/a>\n\t\t\t<\/div><\/figure><figure class='gallery-item'>\n\t\t\t<div class='gallery-icon portrait'>\n\t\t\t\t<a data-elementor-open-lightbox=\"yes\" data-elementor-lightbox-slideshow=\"beb0507\" data-elementor-lightbox-title=\"ce67e0a4-22c8-4f41-820b-b33c2737330a\" e-action-hash=\"#elementor-action%3Aaction%3Dlightbox%26settings%3DeyJpZCI6MTkwNzQsInVybCI6Imh0dHBzOlwvXC96cy5ncm9tbmlrLnBsXC96c1wvd3AtY29udGVudFwvdXBsb2Fkc1wvMjAyNVwvMTJcL2NlNjdlMGE0LTIyYzgtNGY0MS04MjBiLWIzM2MyNzM3MzMwYS5qcGciLCJzbGlkZXNob3ciOiJiZWIwNTA3In0%3D\" href='https:\/\/zs.gromnik.pl\/zs\/wp-content\/uploads\/2025\/12\/ce67e0a4-22c8-4f41-820b-b33c2737330a.jpg'><img width=\"169\" height=\"300\" src=\"https:\/\/zs.gromnik.pl\/zs\/wp-content\/uploads\/2025\/12\/ce67e0a4-22c8-4f41-820b-b33c2737330a-169x300.jpg\" class=\"attachment-medium size-medium\" alt=\"\" loading=\"lazy\" srcset=\"https:\/\/zs.gromnik.pl\/zs\/wp-content\/uploads\/2025\/12\/ce67e0a4-22c8-4f41-820b-b33c2737330a-169x300.jpg 169w, https:\/\/zs.gromnik.pl\/zs\/wp-content\/uploads\/2025\/12\/ce67e0a4-22c8-4f41-820b-b33c2737330a-576x1024.jpg 576w, https:\/\/zs.gromnik.pl\/zs\/wp-content\/uploads\/2025\/12\/ce67e0a4-22c8-4f41-820b-b33c2737330a-768x1365.jpg 768w, https:\/\/zs.gromnik.pl\/zs\/wp-content\/uploads\/2025\/12\/ce67e0a4-22c8-4f41-820b-b33c2737330a-864x1536.jpg 864w, https:\/\/zs.gromnik.pl\/zs\/wp-content\/uploads\/2025\/12\/ce67e0a4-22c8-4f41-820b-b33c2737330a.jpg 900w\" sizes=\"(max-width: 169px) 100vw, 169px\" \/><\/a>\n\t\t\t<\/div><\/figure><figure class='gallery-item'>\n\t\t\t<div class='gallery-icon portrait'>\n\t\t\t\t<a data-elementor-open-lightbox=\"yes\" data-elementor-lightbox-slideshow=\"beb0507\" data-elementor-lightbox-title=\"d45df66b-5f9b-4996-be6f-b40149771d05\" e-action-hash=\"#elementor-action%3Aaction%3Dlightbox%26settings%3DeyJpZCI6MTkwNzUsInVybCI6Imh0dHBzOlwvXC96cy5ncm9tbmlrLnBsXC96c1wvd3AtY29udGVudFwvdXBsb2Fkc1wvMjAyNVwvMTJcL2Q0NWRmNjZiLTVmOWItNDk5Ni1iZTZmLWI0MDE0OTc3MWQwNS5qcGciLCJzbGlkZXNob3ciOiJiZWIwNTA3In0%3D\" href='https:\/\/zs.gromnik.pl\/zs\/wp-content\/uploads\/2025\/12\/d45df66b-5f9b-4996-be6f-b40149771d05.jpg'><img width=\"169\" height=\"300\" src=\"https:\/\/zs.gromnik.pl\/zs\/wp-content\/uploads\/2025\/12\/d45df66b-5f9b-4996-be6f-b40149771d05-169x300.jpg\" class=\"attachment-medium size-medium\" alt=\"\" loading=\"lazy\" srcset=\"https:\/\/zs.gromnik.pl\/zs\/wp-content\/uploads\/2025\/12\/d45df66b-5f9b-4996-be6f-b40149771d05-169x300.jpg 169w, https:\/\/zs.gromnik.pl\/zs\/wp-content\/uploads\/2025\/12\/d45df66b-5f9b-4996-be6f-b40149771d05-577x1024.jpg 577w, https:\/\/zs.gromnik.pl\/zs\/wp-content\/uploads\/2025\/12\/d45df66b-5f9b-4996-be6f-b40149771d05-768x1364.jpg 768w, https:\/\/zs.gromnik.pl\/zs\/wp-content\/uploads\/2025\/12\/d45df66b-5f9b-4996-be6f-b40149771d05-865x1536.jpg 865w, https:\/\/zs.gromnik.pl\/zs\/wp-content\/uploads\/2025\/12\/d45df66b-5f9b-4996-be6f-b40149771d05.jpg 901w\" sizes=\"(max-width: 169px) 100vw, 169px\" \/><\/a>\n\t\t\t<\/div><\/figure>\n\t\t<\/div>\n\t\t<\/div>\n\t\t\t\t<\/div>\n\t\t\t\t<\/div>\n\t\t\t\t\t<\/div>\n\t\t<\/div>\n\t\t\t\t\t\t\t<\/div>\n\t\t<\/section>\n\t\t\t\t\t\t\t<\/div>\n\t\t","protected":false},"excerpt":{"rendered":"<p>Dzie\u0144 w kolorach jesieni &#8211; rozpocz\u0105\u0142 akcj\u0119 Samorz\u0105du Uczniowskiego w naszej szkole pod tytu\u0142em &#8222;Listopad mo\u017ce by\u0107 weso\u0142y &#8211; chod\u017a z nami do szko\u0142y &#8222;. Uczniowie mieli zamieni\u0107 codzienne szaro &#8211; czarne stroje w takie, kt\u00f3re odpowiadaj\u0105 barwom z\u0142otej polskiej jesieni. Przez jedn\u0105 \u015brod\u0119 wi\u0119c by\u0142o w naszej szkole: \u017c\u00f3\u0142to, pomara\u0144czowo, czerwono, br\u0105zowo, rudo a nawet z\u0142oto. Jesiennie i przyjemnie najbardziej wyr\u00f3\u017cni\u0142y si\u0119 klasy 4b i 6b. Dzie\u0144 Postaci z Bajek \u2013 uczniowie przyszli do szko\u0142y przebrani za bohater\u00f3w bajek i film\u00f3w animowanych. By\u0142a to radosna, kolorowa akcja pe\u0142na kreatywno\u015bci i dobrej zabawy.\u00a0 Dzie\u0144 Bez Plecaka \u2013 uczestnicy przynie\u015bli podr\u0119czniki w zamiennikach plecak\u00f3w. Pojawi\u0142y si\u0119 walizki, koszyki, pude\u0142ka i wiele innych pomys\u0142owych rozwi\u0105za\u0144, kt\u00f3re wywo\u0142a\u0142y du\u017co \u015bmiechu.\u00a0 Dzie\u0144 w Pi\u017camie \u2013uczniowie sp\u0119dzili dzie\u0144 w wygodnych pi\u017camach i szlafrokach, tworz\u0105c swobodn\u0105 i przyjazn\u0105 atmosfer\u0119. Akcja zintegrowa\u0142a spo\u0142eczno\u015b\u0107 szkoln\u0105. \u00a0Dzie\u0144\u00a0Szalonej\u00a0Fryzury\u00a0\u2013\u00a0uczniowie\u00a0zaprezentowali\u00a0fantazyjne,\u00a0kolorowe\u00a0i\u00a0zabawne\u00a0fryzury.\u00a0W\u00a0szkole\u00a0panowa\u0142a\u00a0weso\u0142a,\u00a0kreatywna\u00a0atmosfera. \u00a0 http:\/\/zs.gromnik.pl\/zs\/wp-content\/uploads\/2025\/12\/att.YdhHyF82prpGp5Ytaffi-akyL-FbQL6ossvGFcIRsuc.mp4<\/p>\n","protected":false},"author":1,"featured_media":19077,"comment_status":"closed","ping_status":"open","sticky":false,"template":"","format":"standard","meta":[],"categories":[3],"tags":[],"yoast_head":"<!-- This site is optimized with the Yoast SEO plugin v19.8 - https:\/\/yoast.com\/wordpress\/plugins\/seo\/ -->\n<title>Listopad mo\u017ce by\u0107 weso\u0142y - chod\u017a z nami do szko\u0142y - Zesp\u00f3\u0142 Szk\u00f3\u0142 w Gromniku<\/title>\n<meta name=\"description\" content=\"Zesp\u00f3\u0142 Szk\u00f3\u0142 w Gromniku\" \/>\n<meta name=\"robots\" content=\"index, follow, max-snippet:-1, max-image-preview:large, max-video-preview:-1\" \/>\n<link rel=\"canonical\" href=\"https:\/\/zs.gromnik.pl\/zs\/listopad-moze-byc-wesoly-chodz-z-nami-do-szkoly\/\" \/>\n<meta property=\"og:locale\" content=\"pl_PL\" \/>\n<meta property=\"og:type\" content=\"article\" \/>\n<meta property=\"og:title\" content=\"Listopad mo\u017ce by\u0107 weso\u0142y - chod\u017a z nami do szko\u0142y - Zesp\u00f3\u0142 Szk\u00f3\u0142 w Gromniku\" \/>\n<meta property=\"og:description\" content=\"Zesp\u00f3\u0142 Szk\u00f3\u0142 w Gromniku\" \/>\n<meta property=\"og:url\" content=\"https:\/\/zs.gromnik.pl\/zs\/listopad-moze-byc-wesoly-chodz-z-nami-do-szkoly\/\" \/>\n<meta property=\"og:site_name\" content=\"Zesp\u00f3\u0142 Szk\u00f3\u0142 w Gromniku\" \/>\n<meta property=\"article:publisher\" content=\"https:\/\/www.facebook.com\/zsgromnik\" \/>\n<meta property=\"article:published_time\" content=\"2025-12-01T05:45:05+00:00\" \/>\n<meta property=\"article:modified_time\" content=\"2025-12-01T05:45:58+00:00\" \/>\n<meta property=\"og:image\" content=\"https:\/\/zs.gromnik.pl\/zs\/wp-content\/uploads\/2025\/12\/mjbhk.jpg\" \/>\n\t<meta property=\"og:image:width\" content=\"500\" \/>\n\t<meta property=\"og:image:height\" content=\"282\" \/>\n\t<meta property=\"og:image:type\" content=\"image\/jpeg\" \/>\n<meta name=\"author\" content=\"admin\" \/>\n<meta name=\"twitter:card\" content=\"summary_large_image\" \/>\n<meta name=\"twitter:label1\" content=\"Napisane przez\" \/>\n\t<meta name=\"twitter:data1\" content=\"admin\" \/>\n\t<meta name=\"twitter:label2\" content=\"Szacowany czas czytania\" \/>\n\t<meta name=\"twitter:data2\" content=\"1 minuta\" \/>\n<script type=\"application\/ld+json\" class=\"yoast-schema-graph\">{\"@context\":\"https:\/\/schema.org\",\"@graph\":[{\"@type\":\"WebPage\",\"@id\":\"https:\/\/zs.gromnik.pl\/zs\/listopad-moze-byc-wesoly-chodz-z-nami-do-szkoly\/\",\"url\":\"https:\/\/zs.gromnik.pl\/zs\/listopad-moze-byc-wesoly-chodz-z-nami-do-szkoly\/\",\"name\":\"Listopad mo\u017ce by\u0107 weso\u0142y - chod\u017a z nami do szko\u0142y - Zesp\u00f3\u0142 Szk\u00f3\u0142 w Gromniku\",\"isPartOf\":{\"@id\":\"https:\/\/zs.gromnik.pl\/zs\/#website\"},\"datePublished\":\"2025-12-01T05:45:05+00:00\",\"dateModified\":\"2025-12-01T05:45:58+00:00\",\"author\":{\"@id\":\"https:\/\/zs.gromnik.pl\/zs\/#\/schema\/person\/b197900f67c6133faddc284ae32f97ca\"},\"description\":\"Zesp\u00f3\u0142 Szk\u00f3\u0142 w Gromniku\",\"breadcrumb\":{\"@id\":\"https:\/\/zs.gromnik.pl\/zs\/listopad-moze-byc-wesoly-chodz-z-nami-do-szkoly\/#breadcrumb\"},\"inLanguage\":\"pl-PL\",\"potentialAction\":[{\"@type\":\"ReadAction\",\"target\":[\"https:\/\/zs.gromnik.pl\/zs\/listopad-moze-byc-wesoly-chodz-z-nami-do-szkoly\/\"]}]},{\"@type\":\"BreadcrumbList\",\"@id\":\"https:\/\/zs.gromnik.pl\/zs\/listopad-moze-byc-wesoly-chodz-z-nami-do-szkoly\/#breadcrumb\",\"itemListElement\":[{\"@type\":\"ListItem\",\"position\":1,\"name\":\"Strona g\u0142\u00f3wna\",\"item\":\"https:\/\/zs.gromnik.pl\/zs\/\"},{\"@type\":\"ListItem\",\"position\":2,\"name\":\"Listopad mo\u017ce by\u0107 weso\u0142y &#8211; chod\u017a z nami do szko\u0142y\"}]},{\"@type\":\"WebSite\",\"@id\":\"https:\/\/zs.gromnik.pl\/zs\/#website\",\"url\":\"https:\/\/zs.gromnik.pl\/zs\/\",\"name\":\"Zesp\u00f3\u0142 Szk\u00f3\u0142 w Gromniku\",\"description\":\"\",\"potentialAction\":[{\"@type\":\"SearchAction\",\"target\":{\"@type\":\"EntryPoint\",\"urlTemplate\":\"https:\/\/zs.gromnik.pl\/zs\/?s={search_term_string}\"},\"query-input\":\"required name=search_term_string\"}],\"inLanguage\":\"pl-PL\"},{\"@type\":\"Person\",\"@id\":\"https:\/\/zs.gromnik.pl\/zs\/#\/schema\/person\/b197900f67c6133faddc284ae32f97ca\",\"name\":\"admin\",\"image\":{\"@type\":\"ImageObject\",\"inLanguage\":\"pl-PL\",\"@id\":\"https:\/\/zs.gromnik.pl\/zs\/#\/schema\/person\/image\/\",\"url\":\"https:\/\/secure.gravatar.com\/avatar\/f8a2f876dbcc8c8edd809a8ca77a2abe?s=96&d=mm&r=g\",\"contentUrl\":\"https:\/\/secure.gravatar.com\/avatar\/f8a2f876dbcc8c8edd809a8ca77a2abe?s=96&d=mm&r=g\",\"caption\":\"admin\"},\"url\":\"https:\/\/zs.gromnik.pl\/zs\/author\/admin\/\"}]}<\/script>\n<!-- \/ Yoast SEO plugin. -->","yoast_head_json":{"title":"Listopad mo\u017ce by\u0107 weso\u0142y - chod\u017a z nami do szko\u0142y - Zesp\u00f3\u0142 Szk\u00f3\u0142 w Gromniku","description":"Zesp\u00f3\u0142 Szk\u00f3\u0142 w Gromniku","robots":{"index":"index","follow":"follow","max-snippet":"max-snippet:-1","max-image-preview":"max-image-preview:large","max-video-preview":"max-video-preview:-1"},"canonical":"https:\/\/zs.gromnik.pl\/zs\/listopad-moze-byc-wesoly-chodz-z-nami-do-szkoly\/","og_locale":"pl_PL","og_type":"article","og_title":"Listopad mo\u017ce by\u0107 weso\u0142y - chod\u017a z nami do szko\u0142y - Zesp\u00f3\u0142 Szk\u00f3\u0142 w Gromniku","og_description":"Zesp\u00f3\u0142 Szk\u00f3\u0142 w Gromniku","og_url":"https:\/\/zs.gromnik.pl\/zs\/listopad-moze-byc-wesoly-chodz-z-nami-do-szkoly\/","og_site_name":"Zesp\u00f3\u0142 Szk\u00f3\u0142 w Gromniku","article_publisher":"https:\/\/www.facebook.com\/zsgromnik","article_published_time":"2025-12-01T05:45:05+00:00","article_modified_time":"2025-12-01T05:45:58+00:00","og_image":[{"width":500,"height":282,"url":"https:\/\/zs.gromnik.pl\/zs\/wp-content\/uploads\/2025\/12\/mjbhk.jpg","type":"image\/jpeg"}],"author":"admin","twitter_card":"summary_large_image","twitter_misc":{"Napisane przez":"admin","Szacowany czas czytania":"1 minuta"},"schema":{"@context":"https:\/\/schema.org","@graph":[{"@type":"WebPage","@id":"https:\/\/zs.gromnik.pl\/zs\/listopad-moze-byc-wesoly-chodz-z-nami-do-szkoly\/","url":"https:\/\/zs.gromnik.pl\/zs\/listopad-moze-byc-wesoly-chodz-z-nami-do-szkoly\/","name":"Listopad mo\u017ce by\u0107 weso\u0142y - chod\u017a z nami do szko\u0142y - Zesp\u00f3\u0142 Szk\u00f3\u0142 w Gromniku","isPartOf":{"@id":"https:\/\/zs.gromnik.pl\/zs\/#website"},"datePublished":"2025-12-01T05:45:05+00:00","dateModified":"2025-12-01T05:45:58+00:00","author":{"@id":"https:\/\/zs.gromnik.pl\/zs\/#\/schema\/person\/b197900f67c6133faddc284ae32f97ca"},"description":"Zesp\u00f3\u0142 Szk\u00f3\u0142 w Gromniku","breadcrumb":{"@id":"https:\/\/zs.gromnik.pl\/zs\/listopad-moze-byc-wesoly-chodz-z-nami-do-szkoly\/#breadcrumb"},"inLanguage":"pl-PL","potentialAction":[{"@type":"ReadAction","target":["https:\/\/zs.gromnik.pl\/zs\/listopad-moze-byc-wesoly-chodz-z-nami-do-szkoly\/"]}]},{"@type":"BreadcrumbList","@id":"https:\/\/zs.gromnik.pl\/zs\/listopad-moze-byc-wesoly-chodz-z-nami-do-szkoly\/#breadcrumb","itemListElement":[{"@type":"ListItem","position":1,"name":"Strona g\u0142\u00f3wna","item":"https:\/\/zs.gromnik.pl\/zs\/"},{"@type":"ListItem","position":2,"name":"Listopad mo\u017ce by\u0107 weso\u0142y &#8211; chod\u017a z nami do szko\u0142y"}]},{"@type":"WebSite","@id":"https:\/\/zs.gromnik.pl\/zs\/#website","url":"https:\/\/zs.gromnik.pl\/zs\/","name":"Zesp\u00f3\u0142 Szk\u00f3\u0142 w Gromniku","description":"","potentialAction":[{"@type":"SearchAction","target":{"@type":"EntryPoint","urlTemplate":"https:\/\/zs.gromnik.pl\/zs\/?s={search_term_string}"},"query-input":"required name=search_term_string"}],"inLanguage":"pl-PL"},{"@type":"Person","@id":"https:\/\/zs.gromnik.pl\/zs\/#\/schema\/person\/b197900f67c6133faddc284ae32f97ca","name":"admin","image":{"@type":"ImageObject","inLanguage":"pl-PL","@id":"https:\/\/zs.gromnik.pl\/zs\/#\/schema\/person\/image\/","url":"https:\/\/secure.gravatar.com\/avatar\/f8a2f876dbcc8c8edd809a8ca77a2abe?s=96&d=mm&r=g","contentUrl":"https:\/\/secure.gravatar.com\/avatar\/f8a2f876dbcc8c8edd809a8ca77a2abe?s=96&d=mm&r=g","caption":"admin"},"url":"https:\/\/zs.gromnik.pl\/zs\/author\/admin\/"}]}},"_links":{"self":[{"href":"https:\/\/zs.gromnik.pl\/zs\/wp-json\/wp\/v2\/posts\/19065"}],"collection":[{"href":"https:\/\/zs.gromnik.pl\/zs\/wp-json\/wp\/v2\/posts"}],"about":[{"href":"https:\/\/zs.gromnik.pl\/zs\/wp-json\/wp\/v2\/types\/post"}],"author":[{"embeddable":true,"href":"https:\/\/zs.gromnik.pl\/zs\/wp-json\/wp\/v2\/users\/1"}],"replies":[{"embeddable":true,"href":"https:\/\/zs.gromnik.pl\/zs\/wp-json\/wp\/v2\/comments?post=19065"}],"version-history":[{"count":5,"href":"https:\/\/zs.gromnik.pl\/zs\/wp-json\/wp\/v2\/posts\/19065\/revisions"}],"predecessor-version":[{"id":19080,"href":"https:\/\/zs.gromnik.pl\/zs\/wp-json\/wp\/v2\/posts\/19065\/revisions\/19080"}],"wp:featuredmedia":[{"embeddable":true,"href":"https:\/\/zs.gromnik.pl\/zs\/wp-json\/wp\/v2\/media\/19077"}],"wp:attachment":[{"href":"https:\/\/zs.gromnik.pl\/zs\/wp-json\/wp\/v2\/media?parent=19065"}],"wp:term":[{"taxonomy":"category","embeddable":true,"href":"https:\/\/zs.gromnik.pl\/zs\/wp-json\/wp\/v2\/categories?post=19065"},{"taxonomy":"post_tag","embeddable":true,"href":"https:\/\/zs.gromnik.pl\/zs\/wp-json\/wp\/v2\/tags?post=19065"}],"curies":[{"name":"wp","href":"https:\/\/api.w.org\/{rel}","templated":true}]}}