{"id":19082,"date":"2025-12-01T08:16:15","date_gmt":"2025-12-01T07:16:15","guid":{"rendered":"https:\/\/zs.gromnik.pl\/zs\/?p=19082"},"modified":"2025-12-01T08:16:17","modified_gmt":"2025-12-01T07:16:17","slug":"swiatowy-dzien-pluszowego-misia-w-klasach-pierwszych","status":"publish","type":"post","link":"https:\/\/zs.gromnik.pl\/zs\/swiatowy-dzien-pluszowego-misia-w-klasach-pierwszych\/","title":{"rendered":"\u015awiatowy Dzie\u0144 Pluszowego Misia w klasach pierwszych"},"content":{"rendered":"\n<p>25 listopada to niezwyk\u0142y dzie\u0144. W\u0142a\u015bnie w tym dniu obchodzony jest \u015awiatowy Dzie\u0144 Pluszowego Misia. \u015awi\u0119to to zosta\u0142o ustanowione w 2002 roku, dok\u0142adanie w setn\u0105 rocznic\u0119 powstania pierwszego pluszowego misia.<\/p>\n\n\n\n<p>Uczniowie klas pierwszych tego dnia tak\u017ce obchodzili to \u015bwi\u0119to. Wyj\u0105tkowo w tym dniu mogli zabra\u0107 do szko\u0142y swoje ulubione pluszaki. Nast\u0119pnie dzieci uczestniczy\u0142y w zaj\u0119ciach bibliotecznych, w trakcie kt\u00f3rych pozna\u0142y histori\u0119 powstania \u015bwi\u0119ta oraz sylwetki najpopularniejszych misi\u00f3w na \u015bwiecie m.in. Kubusia Puchatka. Paddingtona, Misia Uszatka. Podczas zaj\u0119\u0107 uczniowie tak\u017ce rozwi\u0105zywali zagadki, uczestniczyli w zabawach ruchowych i muzycznych. Na koniec zaj\u0119\u0107 wys\u0142uchali bajki w formie teatrzyku kamishibai \u201eM\u00f3j przyjaciel pluszowy mi\u015b\u201d.<\/p>\n\n\n\n<figure class=\"wp-container-2 wp-block-gallery-1 wp-block-gallery has-nested-images columns-default is-cropped\">\n<figure class=\"wp-block-image size-large\"><img loading=\"lazy\" width=\"1024\" height=\"768\" data-id=\"19086\"  src=\"https:\/\/zs.gromnik.pl\/zs\/wp-content\/uploads\/2025\/12\/IMG_20251125_111016-1024x768.jpg\" alt=\"\" class=\"wp-image-19086\" srcset=\"https:\/\/zs.gromnik.pl\/zs\/wp-content\/uploads\/2025\/12\/IMG_20251125_111016-1024x768.jpg 1024w, https:\/\/zs.gromnik.pl\/zs\/wp-content\/uploads\/2025\/12\/IMG_20251125_111016-300x225.jpg 300w, https:\/\/zs.gromnik.pl\/zs\/wp-content\/uploads\/2025\/12\/IMG_20251125_111016-768x576.jpg 768w, https:\/\/zs.gromnik.pl\/zs\/wp-content\/uploads\/2025\/12\/IMG_20251125_111016-1536x1152.jpg 1536w, https:\/\/zs.gromnik.pl\/zs\/wp-content\/uploads\/2025\/12\/IMG_20251125_111016-2048x1536.jpg 2048w, https:\/\/zs.gromnik.pl\/zs\/wp-content\/uploads\/2025\/12\/IMG_20251125_111016-1140x855.jpg 1140w\" sizes=\"(max-width: 1024px) 100vw, 1024px\" \/><\/figure>\n\n\n\n<figure class=\"wp-block-image size-large\"><img loading=\"lazy\" width=\"1024\" height=\"768\" data-id=\"19084\"  src=\"https:\/\/zs.gromnik.pl\/zs\/wp-content\/uploads\/2025\/12\/IMG_20251125_112356-1024x768.jpg\" alt=\"\" class=\"wp-image-19084\" srcset=\"https:\/\/zs.gromnik.pl\/zs\/wp-content\/uploads\/2025\/12\/IMG_20251125_112356-1024x768.jpg 1024w, https:\/\/zs.gromnik.pl\/zs\/wp-content\/uploads\/2025\/12\/IMG_20251125_112356-300x225.jpg 300w, https:\/\/zs.gromnik.pl\/zs\/wp-content\/uploads\/2025\/12\/IMG_20251125_112356-768x576.jpg 768w, https:\/\/zs.gromnik.pl\/zs\/wp-content\/uploads\/2025\/12\/IMG_20251125_112356-1536x1152.jpg 1536w, https:\/\/zs.gromnik.pl\/zs\/wp-content\/uploads\/2025\/12\/IMG_20251125_112356-2048x1536.jpg 2048w, https:\/\/zs.gromnik.pl\/zs\/wp-content\/uploads\/2025\/12\/IMG_20251125_112356-1140x855.jpg 1140w\" sizes=\"(max-width: 1024px) 100vw, 1024px\" \/><\/figure>\n\n\n\n<figure class=\"wp-block-image size-large\"><img loading=\"lazy\" width=\"768\" height=\"1024\" data-id=\"19085\"  src=\"https:\/\/zs.gromnik.pl\/zs\/wp-content\/uploads\/2025\/12\/IMG_20251125_111049-768x1024.jpg\" alt=\"\" class=\"wp-image-19085\" srcset=\"https:\/\/zs.gromnik.pl\/zs\/wp-content\/uploads\/2025\/12\/IMG_20251125_111049-768x1024.jpg 768w, https:\/\/zs.gromnik.pl\/zs\/wp-content\/uploads\/2025\/12\/IMG_20251125_111049-225x300.jpg 225w, https:\/\/zs.gromnik.pl\/zs\/wp-content\/uploads\/2025\/12\/IMG_20251125_111049-1152x1536.jpg 1152w, https:\/\/zs.gromnik.pl\/zs\/wp-content\/uploads\/2025\/12\/IMG_20251125_111049-1536x2048.jpg 1536w, https:\/\/zs.gromnik.pl\/zs\/wp-content\/uploads\/2025\/12\/IMG_20251125_111049-1140x1520.jpg 1140w, https:\/\/zs.gromnik.pl\/zs\/wp-content\/uploads\/2025\/12\/IMG_20251125_111049-scaled.jpg 1920w\" sizes=\"(max-width: 768px) 100vw, 768px\" \/><\/figure>\n\n\n\n<figure class=\"wp-block-image size-large\"><img loading=\"lazy\" width=\"1024\" height=\"768\" data-id=\"19083\"  src=\"https:\/\/zs.gromnik.pl\/zs\/wp-content\/uploads\/2025\/12\/IMG-20251125-WA0003-1024x768.jpg\" alt=\"\" class=\"wp-image-19083\" srcset=\"https:\/\/zs.gromnik.pl\/zs\/wp-content\/uploads\/2025\/12\/IMG-20251125-WA0003-1024x768.jpg 1024w, https:\/\/zs.gromnik.pl\/zs\/wp-content\/uploads\/2025\/12\/IMG-20251125-WA0003-300x225.jpg 300w, https:\/\/zs.gromnik.pl\/zs\/wp-content\/uploads\/2025\/12\/IMG-20251125-WA0003-768x576.jpg 768w, https:\/\/zs.gromnik.pl\/zs\/wp-content\/uploads\/2025\/12\/IMG-20251125-WA0003-1536x1152.jpg 1536w, https:\/\/zs.gromnik.pl\/zs\/wp-content\/uploads\/2025\/12\/IMG-20251125-WA0003-1140x855.jpg 1140w, https:\/\/zs.gromnik.pl\/zs\/wp-content\/uploads\/2025\/12\/IMG-20251125-WA0003.jpg 2040w\" sizes=\"(max-width: 1024px) 100vw, 1024px\" \/><\/figure>\n<\/figure>\n\n\n\n<figure class=\"wp-container-4 wp-block-gallery-3 wp-block-gallery has-nested-images columns-default is-cropped\"><\/figure>\n","protected":false},"excerpt":{"rendered":"<p>25 listopada to niezwyk\u0142y dzie\u0144. W\u0142a\u015bnie w tym dniu obchodzony jest \u015awiatowy Dzie\u0144 Pluszowego Misia. \u015awi\u0119to to zosta\u0142o ustanowione w 2002 roku, dok\u0142adanie w setn\u0105 rocznic\u0119 powstania pierwszego pluszowego misia. Uczniowie klas pierwszych tego dnia tak\u017ce obchodzili to \u015bwi\u0119to. Wyj\u0105tkowo w tym dniu mogli zabra\u0107 do szko\u0142y swoje ulubione pluszaki. Nast\u0119pnie dzieci uczestniczy\u0142y w zaj\u0119ciach bibliotecznych, w trakcie kt\u00f3rych pozna\u0142y histori\u0119 powstania \u015bwi\u0119ta oraz sylwetki najpopularniejszych misi\u00f3w na \u015bwiecie m.in. Kubusia Puchatka. Paddingtona, Misia Uszatka. Podczas zaj\u0119\u0107 uczniowie tak\u017ce rozwi\u0105zywali zagadki, uczestniczyli w zabawach ruchowych i muzycznych. Na koniec zaj\u0119\u0107 wys\u0142uchali bajki w formie teatrzyku kamishibai \u201eM\u00f3j przyjaciel pluszowy mi\u015b\u201d.<\/p>\n","protected":false},"author":8,"featured_media":19086,"comment_status":"closed","ping_status":"open","sticky":false,"template":"","format":"standard","meta":[],"categories":[3,16],"tags":[],"yoast_head":"<!-- This site is optimized with the Yoast SEO plugin v19.8 - https:\/\/yoast.com\/wordpress\/plugins\/seo\/ -->\n<title>\u015awiatowy Dzie\u0144 Pluszowego Misia w klasach pierwszych - Zesp\u00f3\u0142 Szk\u00f3\u0142 w Gromniku<\/title>\n<meta name=\"description\" content=\"Zesp\u00f3\u0142 Szk\u00f3\u0142 w Gromniku\" \/>\n<meta name=\"robots\" content=\"index, follow, max-snippet:-1, max-image-preview:large, max-video-preview:-1\" \/>\n<link rel=\"canonical\" href=\"https:\/\/zs.gromnik.pl\/zs\/swiatowy-dzien-pluszowego-misia-w-klasach-pierwszych\/\" \/>\n<meta property=\"og:locale\" content=\"pl_PL\" \/>\n<meta property=\"og:type\" content=\"article\" \/>\n<meta property=\"og:title\" content=\"\u015awiatowy Dzie\u0144 Pluszowego Misia w klasach pierwszych - Zesp\u00f3\u0142 Szk\u00f3\u0142 w Gromniku\" \/>\n<meta property=\"og:description\" content=\"Zesp\u00f3\u0142 Szk\u00f3\u0142 w Gromniku\" \/>\n<meta property=\"og:url\" content=\"https:\/\/zs.gromnik.pl\/zs\/swiatowy-dzien-pluszowego-misia-w-klasach-pierwszych\/\" \/>\n<meta property=\"og:site_name\" content=\"Zesp\u00f3\u0142 Szk\u00f3\u0142 w Gromniku\" \/>\n<meta property=\"article:publisher\" content=\"https:\/\/www.facebook.com\/zsgromnik\" \/>\n<meta property=\"article:published_time\" content=\"2025-12-01T07:16:15+00:00\" \/>\n<meta property=\"article:modified_time\" content=\"2025-12-01T07:16:17+00:00\" \/>\n<meta property=\"og:image\" content=\"https:\/\/zs.gromnik.pl\/zs\/wp-content\/uploads\/2025\/12\/IMG_20251125_111016-scaled.jpg\" \/>\n\t<meta property=\"og:image:width\" content=\"2560\" \/>\n\t<meta property=\"og:image:height\" content=\"1920\" \/>\n\t<meta property=\"og:image:type\" content=\"image\/jpeg\" \/>\n<meta name=\"author\" content=\"Natalia Chrzanowska\" \/>\n<meta name=\"twitter:card\" content=\"summary_large_image\" \/>\n<meta name=\"twitter:label1\" content=\"Napisane przez\" \/>\n\t<meta name=\"twitter:data1\" content=\"Natalia Chrzanowska\" \/>\n\t<meta name=\"twitter:label2\" content=\"Szacowany czas czytania\" \/>\n\t<meta name=\"twitter:data2\" content=\"1 minuta\" \/>\n<script type=\"application\/ld+json\" class=\"yoast-schema-graph\">{\"@context\":\"https:\/\/schema.org\",\"@graph\":[{\"@type\":\"WebPage\",\"@id\":\"https:\/\/zs.gromnik.pl\/zs\/swiatowy-dzien-pluszowego-misia-w-klasach-pierwszych\/\",\"url\":\"https:\/\/zs.gromnik.pl\/zs\/swiatowy-dzien-pluszowego-misia-w-klasach-pierwszych\/\",\"name\":\"\u015awiatowy Dzie\u0144 Pluszowego Misia w klasach pierwszych - Zesp\u00f3\u0142 Szk\u00f3\u0142 w Gromniku\",\"isPartOf\":{\"@id\":\"https:\/\/zs.gromnik.pl\/zs\/#website\"},\"datePublished\":\"2025-12-01T07:16:15+00:00\",\"dateModified\":\"2025-12-01T07:16:17+00:00\",\"author\":{\"@id\":\"https:\/\/zs.gromnik.pl\/zs\/#\/schema\/person\/bdc40814dc26b2bfd8d2bb6568cf545b\"},\"description\":\"Zesp\u00f3\u0142 Szk\u00f3\u0142 w Gromniku\",\"breadcrumb\":{\"@id\":\"https:\/\/zs.gromnik.pl\/zs\/swiatowy-dzien-pluszowego-misia-w-klasach-pierwszych\/#breadcrumb\"},\"inLanguage\":\"pl-PL\",\"potentialAction\":[{\"@type\":\"ReadAction\",\"target\":[\"https:\/\/zs.gromnik.pl\/zs\/swiatowy-dzien-pluszowego-misia-w-klasach-pierwszych\/\"]}]},{\"@type\":\"BreadcrumbList\",\"@id\":\"https:\/\/zs.gromnik.pl\/zs\/swiatowy-dzien-pluszowego-misia-w-klasach-pierwszych\/#breadcrumb\",\"itemListElement\":[{\"@type\":\"ListItem\",\"position\":1,\"name\":\"Strona g\u0142\u00f3wna\",\"item\":\"https:\/\/zs.gromnik.pl\/zs\/\"},{\"@type\":\"ListItem\",\"position\":2,\"name\":\"\u015awiatowy Dzie\u0144 Pluszowego Misia w klasach pierwszych\"}]},{\"@type\":\"WebSite\",\"@id\":\"https:\/\/zs.gromnik.pl\/zs\/#website\",\"url\":\"https:\/\/zs.gromnik.pl\/zs\/\",\"name\":\"Zesp\u00f3\u0142 Szk\u00f3\u0142 w Gromniku\",\"description\":\"\",\"potentialAction\":[{\"@type\":\"SearchAction\",\"target\":{\"@type\":\"EntryPoint\",\"urlTemplate\":\"https:\/\/zs.gromnik.pl\/zs\/?s={search_term_string}\"},\"query-input\":\"required name=search_term_string\"}],\"inLanguage\":\"pl-PL\"},{\"@type\":\"Person\",\"@id\":\"https:\/\/zs.gromnik.pl\/zs\/#\/schema\/person\/bdc40814dc26b2bfd8d2bb6568cf545b\",\"name\":\"Natalia Chrzanowska\",\"image\":{\"@type\":\"ImageObject\",\"inLanguage\":\"pl-PL\",\"@id\":\"https:\/\/zs.gromnik.pl\/zs\/#\/schema\/person\/image\/\",\"url\":\"https:\/\/secure.gravatar.com\/avatar\/116a440b0a07f60518f7c1055317e6ab?s=96&d=mm&r=g\",\"contentUrl\":\"https:\/\/secure.gravatar.com\/avatar\/116a440b0a07f60518f7c1055317e6ab?s=96&d=mm&r=g\",\"caption\":\"Natalia Chrzanowska\"},\"url\":\"https:\/\/zs.gromnik.pl\/zs\/author\/nchrzanowska\/\"}]}<\/script>\n<!-- \/ Yoast SEO plugin. -->","yoast_head_json":{"title":"\u015awiatowy Dzie\u0144 Pluszowego Misia w klasach pierwszych - Zesp\u00f3\u0142 Szk\u00f3\u0142 w Gromniku","description":"Zesp\u00f3\u0142 Szk\u00f3\u0142 w Gromniku","robots":{"index":"index","follow":"follow","max-snippet":"max-snippet:-1","max-image-preview":"max-image-preview:large","max-video-preview":"max-video-preview:-1"},"canonical":"https:\/\/zs.gromnik.pl\/zs\/swiatowy-dzien-pluszowego-misia-w-klasach-pierwszych\/","og_locale":"pl_PL","og_type":"article","og_title":"\u015awiatowy Dzie\u0144 Pluszowego Misia w klasach pierwszych - Zesp\u00f3\u0142 Szk\u00f3\u0142 w Gromniku","og_description":"Zesp\u00f3\u0142 Szk\u00f3\u0142 w Gromniku","og_url":"https:\/\/zs.gromnik.pl\/zs\/swiatowy-dzien-pluszowego-misia-w-klasach-pierwszych\/","og_site_name":"Zesp\u00f3\u0142 Szk\u00f3\u0142 w Gromniku","article_publisher":"https:\/\/www.facebook.com\/zsgromnik","article_published_time":"2025-12-01T07:16:15+00:00","article_modified_time":"2025-12-01T07:16:17+00:00","og_image":[{"width":2560,"height":1920,"url":"https:\/\/zs.gromnik.pl\/zs\/wp-content\/uploads\/2025\/12\/IMG_20251125_111016-scaled.jpg","type":"image\/jpeg"}],"author":"Natalia Chrzanowska","twitter_card":"summary_large_image","twitter_misc":{"Napisane przez":"Natalia Chrzanowska","Szacowany czas czytania":"1 minuta"},"schema":{"@context":"https:\/\/schema.org","@graph":[{"@type":"WebPage","@id":"https:\/\/zs.gromnik.pl\/zs\/swiatowy-dzien-pluszowego-misia-w-klasach-pierwszych\/","url":"https:\/\/zs.gromnik.pl\/zs\/swiatowy-dzien-pluszowego-misia-w-klasach-pierwszych\/","name":"\u015awiatowy Dzie\u0144 Pluszowego Misia w klasach pierwszych - Zesp\u00f3\u0142 Szk\u00f3\u0142 w Gromniku","isPartOf":{"@id":"https:\/\/zs.gromnik.pl\/zs\/#website"},"datePublished":"2025-12-01T07:16:15+00:00","dateModified":"2025-12-01T07:16:17+00:00","author":{"@id":"https:\/\/zs.gromnik.pl\/zs\/#\/schema\/person\/bdc40814dc26b2bfd8d2bb6568cf545b"},"description":"Zesp\u00f3\u0142 Szk\u00f3\u0142 w Gromniku","breadcrumb":{"@id":"https:\/\/zs.gromnik.pl\/zs\/swiatowy-dzien-pluszowego-misia-w-klasach-pierwszych\/#breadcrumb"},"inLanguage":"pl-PL","potentialAction":[{"@type":"ReadAction","target":["https:\/\/zs.gromnik.pl\/zs\/swiatowy-dzien-pluszowego-misia-w-klasach-pierwszych\/"]}]},{"@type":"BreadcrumbList","@id":"https:\/\/zs.gromnik.pl\/zs\/swiatowy-dzien-pluszowego-misia-w-klasach-pierwszych\/#breadcrumb","itemListElement":[{"@type":"ListItem","position":1,"name":"Strona g\u0142\u00f3wna","item":"https:\/\/zs.gromnik.pl\/zs\/"},{"@type":"ListItem","position":2,"name":"\u015awiatowy Dzie\u0144 Pluszowego Misia w klasach pierwszych"}]},{"@type":"WebSite","@id":"https:\/\/zs.gromnik.pl\/zs\/#website","url":"https:\/\/zs.gromnik.pl\/zs\/","name":"Zesp\u00f3\u0142 Szk\u00f3\u0142 w Gromniku","description":"","potentialAction":[{"@type":"SearchAction","target":{"@type":"EntryPoint","urlTemplate":"https:\/\/zs.gromnik.pl\/zs\/?s={search_term_string}"},"query-input":"required name=search_term_string"}],"inLanguage":"pl-PL"},{"@type":"Person","@id":"https:\/\/zs.gromnik.pl\/zs\/#\/schema\/person\/bdc40814dc26b2bfd8d2bb6568cf545b","name":"Natalia Chrzanowska","image":{"@type":"ImageObject","inLanguage":"pl-PL","@id":"https:\/\/zs.gromnik.pl\/zs\/#\/schema\/person\/image\/","url":"https:\/\/secure.gravatar.com\/avatar\/116a440b0a07f60518f7c1055317e6ab?s=96&d=mm&r=g","contentUrl":"https:\/\/secure.gravatar.com\/avatar\/116a440b0a07f60518f7c1055317e6ab?s=96&d=mm&r=g","caption":"Natalia Chrzanowska"},"url":"https:\/\/zs.gromnik.pl\/zs\/author\/nchrzanowska\/"}]}},"_links":{"self":[{"href":"https:\/\/zs.gromnik.pl\/zs\/wp-json\/wp\/v2\/posts\/19082"}],"collection":[{"href":"https:\/\/zs.gromnik.pl\/zs\/wp-json\/wp\/v2\/posts"}],"about":[{"href":"https:\/\/zs.gromnik.pl\/zs\/wp-json\/wp\/v2\/types\/post"}],"author":[{"embeddable":true,"href":"https:\/\/zs.gromnik.pl\/zs\/wp-json\/wp\/v2\/users\/8"}],"replies":[{"embeddable":true,"href":"https:\/\/zs.gromnik.pl\/zs\/wp-json\/wp\/v2\/comments?post=19082"}],"version-history":[{"count":1,"href":"https:\/\/zs.gromnik.pl\/zs\/wp-json\/wp\/v2\/posts\/19082\/revisions"}],"predecessor-version":[{"id":19087,"href":"https:\/\/zs.gromnik.pl\/zs\/wp-json\/wp\/v2\/posts\/19082\/revisions\/19087"}],"wp:featuredmedia":[{"embeddable":true,"href":"https:\/\/zs.gromnik.pl\/zs\/wp-json\/wp\/v2\/media\/19086"}],"wp:attachment":[{"href":"https:\/\/zs.gromnik.pl\/zs\/wp-json\/wp\/v2\/media?parent=19082"}],"wp:term":[{"taxonomy":"category","embeddable":true,"href":"https:\/\/zs.gromnik.pl\/zs\/wp-json\/wp\/v2\/categories?post=19082"},{"taxonomy":"post_tag","embeddable":true,"href":"https:\/\/zs.gromnik.pl\/zs\/wp-json\/wp\/v2\/tags?post=19082"}],"curies":[{"name":"wp","href":"https:\/\/api.w.org\/{rel}","templated":true}]}}