{"id":19124,"date":"2025-12-04T06:59:19","date_gmt":"2025-12-04T05:59:19","guid":{"rendered":"https:\/\/zs.gromnik.pl\/zs\/?p=19124"},"modified":"2025-12-04T06:59:51","modified_gmt":"2025-12-04T05:59:51","slug":"mlodzi-wokalisci-z-naszej-szkoly-w-koszycach-malych","status":"publish","type":"post","link":"https:\/\/zs.gromnik.pl\/zs\/mlodzi-wokalisci-z-naszej-szkoly-w-koszycach-malych\/","title":{"rendered":"M\u0142odzi wokali\u015bci z naszej szko\u0142y w Koszycach\u00a0 Ma\u0142ych"},"content":{"rendered":"\t\t<div data-elementor-type=\"wp-post\" data-elementor-id=\"19124\" class=\"elementor elementor-19124\">\n\t\t\t\t\t\t\t\t\t<section class=\"elementor-section elementor-top-section elementor-element elementor-element-a8c3675 elementor-section-boxed elementor-section-height-default elementor-section-height-default\" data-id=\"a8c3675\" data-element_type=\"section\">\n\t\t\t\t\t\t<div class=\"elementor-container elementor-column-gap-default\">\n\t\t\t\t\t<div class=\"elementor-column elementor-col-100 elementor-top-column elementor-element elementor-element-6e3550e\" data-id=\"6e3550e\" data-element_type=\"column\">\n\t\t\t<div class=\"elementor-widget-wrap elementor-element-populated\">\n\t\t\t\t\t\t\t\t<div class=\"elementor-element elementor-element-b203fae elementor-widget elementor-widget-text-editor\" data-id=\"b203fae\" data-element_type=\"widget\" data-widget_type=\"text-editor.default\">\n\t\t\t\t<div class=\"elementor-widget-container\">\n\t\t\t\t\t\t\t<p>28.11.2025 w Koszycach Ma\u0142ych odby\u0142y si\u0119 Wojew\u00f3dzkie Eliminacje od Og\u00f3lnopolskiego Festiwalu Piosenki Niepodleg\u0142ej i Niez\u0142omnej. Konkurs cieszy\u0142 si\u0119 bardzo du\u017cym zainteresowaniem. Zg\u0142osi\u0142o si\u0119 ok. 100 podmiot\u00f3w wykonawczych, w sumie ok. 300 uczestnik\u00f3w. Nasi arty\u015bci spisali si\u0119 bardzo dobrze:<br \/><br \/>Trio wokalne w sk\u0142adzie: Iga Urban,\u00a0 Franciszek Czapli\u0144ski, Sergiusz D\u0119bosz &#8211; II miejsce<br \/><br \/>Kwartet wokalny w sk\u0142adzie: Maria Baran, Antonina Broniec, Zuzanna Kurczab, Aleksandra W\u00f3jcik &#8211; wyr\u00f3\u017cnienie.<br \/><br \/>Gratulujemy i \u017cyczymy dalszych sukces\u00f3w!!!<br \/><br \/><\/p>\t\t\t\t\t\t<\/div>\n\t\t\t\t<\/div>\n\t\t\t\t\t<\/div>\n\t\t<\/div>\n\t\t\t\t\t\t\t<\/div>\n\t\t<\/section>\n\t\t\t\t<section class=\"elementor-section elementor-top-section elementor-element elementor-element-2e00b81 elementor-section-boxed elementor-section-height-default elementor-section-height-default\" data-id=\"2e00b81\" data-element_type=\"section\">\n\t\t\t\t\t\t<div class=\"elementor-container elementor-column-gap-default\">\n\t\t\t\t\t<div class=\"elementor-column elementor-col-100 elementor-top-column elementor-element elementor-element-41b0713\" data-id=\"41b0713\" data-element_type=\"column\">\n\t\t\t<div class=\"elementor-widget-wrap elementor-element-populated\">\n\t\t\t\t\t\t\t\t<div class=\"elementor-element elementor-element-c18d0b5 elementor-aspect-ratio-169 elementor-widget elementor-widget-video\" data-id=\"c18d0b5\" data-element_type=\"widget\" data-settings=\"{&quot;youtube_url&quot;:&quot;https:\\\/\\\/youtu.be\\\/LxaqzEICaO8?si=QdTHp55lfNy_PLXd&quot;,&quot;video_type&quot;:&quot;youtube&quot;,&quot;controls&quot;:&quot;yes&quot;,&quot;aspect_ratio&quot;:&quot;169&quot;}\" data-widget_type=\"video.default\">\n\t\t\t\t<div class=\"elementor-widget-container\">\n\t\t\t\t\t<div class=\"elementor-wrapper elementor-fit-aspect-ratio elementor-open-inline\">\n\t\t\t<div class=\"elementor-video\"><\/div>\t\t<\/div>\n\t\t\t\t<\/div>\n\t\t\t\t<\/div>\n\t\t\t\t\t<\/div>\n\t\t<\/div>\n\t\t\t\t\t\t\t<\/div>\n\t\t<\/section>\n\t\t\t\t<section class=\"elementor-section elementor-top-section elementor-element elementor-element-24f8980 elementor-section-boxed elementor-section-height-default elementor-section-height-default\" data-id=\"24f8980\" data-element_type=\"section\">\n\t\t\t\t\t\t<div class=\"elementor-container elementor-column-gap-default\">\n\t\t\t\t\t<div class=\"elementor-column elementor-col-100 elementor-top-column elementor-element elementor-element-345837e\" data-id=\"345837e\" data-element_type=\"column\">\n\t\t\t<div class=\"elementor-widget-wrap elementor-element-populated\">\n\t\t\t\t\t\t\t\t<div class=\"elementor-element elementor-element-75a242c elementor-aspect-ratio-169 elementor-widget elementor-widget-video\" data-id=\"75a242c\" data-element_type=\"widget\" data-settings=\"{&quot;youtube_url&quot;:&quot;https:\\\/\\\/youtu.be\\\/Xekrj02uUOo?si=ZcvEz6cwkr3n8cSC&quot;,&quot;video_type&quot;:&quot;youtube&quot;,&quot;controls&quot;:&quot;yes&quot;,&quot;aspect_ratio&quot;:&quot;169&quot;}\" data-widget_type=\"video.default\">\n\t\t\t\t<div class=\"elementor-widget-container\">\n\t\t\t\t\t<div class=\"elementor-wrapper elementor-fit-aspect-ratio elementor-open-inline\">\n\t\t\t<div class=\"elementor-video\"><\/div>\t\t<\/div>\n\t\t\t\t<\/div>\n\t\t\t\t<\/div>\n\t\t\t\t\t<\/div>\n\t\t<\/div>\n\t\t\t\t\t\t\t<\/div>\n\t\t<\/section>\n\t\t\t\t\t\t\t<\/div>\n\t\t","protected":false},"excerpt":{"rendered":"<p>28.11.2025 w Koszycach Ma\u0142ych odby\u0142y si\u0119 Wojew\u00f3dzkie Eliminacje od Og\u00f3lnopolskiego Festiwalu Piosenki Niepodleg\u0142ej i Niez\u0142omnej. Konkurs cieszy\u0142 si\u0119 bardzo du\u017cym zainteresowaniem. Zg\u0142osi\u0142o si\u0119 ok. 100 podmiot\u00f3w wykonawczych, w sumie ok. 300 uczestnik\u00f3w. Nasi arty\u015bci spisali si\u0119 bardzo dobrze: Trio wokalne w sk\u0142adzie: Iga Urban,\u00a0 Franciszek Czapli\u0144ski, Sergiusz D\u0119bosz &#8211; II miejsce Kwartet wokalny w sk\u0142adzie: Maria Baran, Antonina Broniec, Zuzanna Kurczab, Aleksandra W\u00f3jcik &#8211; wyr\u00f3\u017cnienie. Gratulujemy i \u017cyczymy dalszych sukces\u00f3w!!! https:\/\/youtu.be\/LxaqzEICaO8?si=QdTHp55lfNy_PLXdhttps:\/\/youtu.be\/Xekrj02uUOo?si=ZcvEz6cwkr3n8cSC<\/p>\n","protected":false},"author":1,"featured_media":19127,"comment_status":"closed","ping_status":"open","sticky":false,"template":"","format":"standard","meta":[],"categories":[3],"tags":[],"yoast_head":"<!-- This site is optimized with the Yoast SEO plugin v19.8 - https:\/\/yoast.com\/wordpress\/plugins\/seo\/ -->\n<title>M\u0142odzi wokali\u015bci z naszej szko\u0142y w Koszycach\u00a0 Ma\u0142ych - Zesp\u00f3\u0142 Szk\u00f3\u0142 w Gromniku<\/title>\n<meta name=\"description\" content=\"Zesp\u00f3\u0142 Szk\u00f3\u0142 w Gromniku\" \/>\n<meta name=\"robots\" content=\"index, follow, max-snippet:-1, max-image-preview:large, max-video-preview:-1\" \/>\n<link rel=\"canonical\" href=\"https:\/\/zs.gromnik.pl\/zs\/mlodzi-wokalisci-z-naszej-szkoly-w-koszycach-malych\/\" \/>\n<meta property=\"og:locale\" content=\"pl_PL\" \/>\n<meta property=\"og:type\" content=\"article\" \/>\n<meta property=\"og:title\" content=\"M\u0142odzi wokali\u015bci z naszej szko\u0142y w Koszycach\u00a0 Ma\u0142ych - Zesp\u00f3\u0142 Szk\u00f3\u0142 w Gromniku\" \/>\n<meta property=\"og:description\" content=\"Zesp\u00f3\u0142 Szk\u00f3\u0142 w Gromniku\" \/>\n<meta property=\"og:url\" content=\"https:\/\/zs.gromnik.pl\/zs\/mlodzi-wokalisci-z-naszej-szkoly-w-koszycach-malych\/\" \/>\n<meta property=\"og:site_name\" content=\"Zesp\u00f3\u0142 Szk\u00f3\u0142 w Gromniku\" \/>\n<meta property=\"article:publisher\" content=\"https:\/\/www.facebook.com\/zsgromnik\" \/>\n<meta property=\"article:published_time\" content=\"2025-12-04T05:59:19+00:00\" \/>\n<meta property=\"article:modified_time\" content=\"2025-12-04T05:59:51+00:00\" \/>\n<meta property=\"og:image\" content=\"https:\/\/zs.gromnik.pl\/zs\/wp-content\/uploads\/2025\/12\/3.jpg\" \/>\n\t<meta property=\"og:image:width\" content=\"500\" \/>\n\t<meta property=\"og:image:height\" content=\"281\" \/>\n\t<meta property=\"og:image:type\" content=\"image\/jpeg\" \/>\n<meta name=\"author\" content=\"admin\" \/>\n<meta name=\"twitter:card\" content=\"summary_large_image\" \/>\n<meta name=\"twitter:label1\" content=\"Napisane przez\" \/>\n\t<meta name=\"twitter:data1\" content=\"admin\" \/>\n\t<meta name=\"twitter:label2\" content=\"Szacowany czas czytania\" \/>\n\t<meta name=\"twitter:data2\" content=\"1 minuta\" \/>\n<script type=\"application\/ld+json\" class=\"yoast-schema-graph\">{\"@context\":\"https:\/\/schema.org\",\"@graph\":[{\"@type\":\"WebPage\",\"@id\":\"https:\/\/zs.gromnik.pl\/zs\/mlodzi-wokalisci-z-naszej-szkoly-w-koszycach-malych\/\",\"url\":\"https:\/\/zs.gromnik.pl\/zs\/mlodzi-wokalisci-z-naszej-szkoly-w-koszycach-malych\/\",\"name\":\"M\u0142odzi wokali\u015bci z naszej szko\u0142y w Koszycach\u00a0 Ma\u0142ych - Zesp\u00f3\u0142 Szk\u00f3\u0142 w Gromniku\",\"isPartOf\":{\"@id\":\"https:\/\/zs.gromnik.pl\/zs\/#website\"},\"datePublished\":\"2025-12-04T05:59:19+00:00\",\"dateModified\":\"2025-12-04T05:59:51+00:00\",\"author\":{\"@id\":\"https:\/\/zs.gromnik.pl\/zs\/#\/schema\/person\/b197900f67c6133faddc284ae32f97ca\"},\"description\":\"Zesp\u00f3\u0142 Szk\u00f3\u0142 w Gromniku\",\"breadcrumb\":{\"@id\":\"https:\/\/zs.gromnik.pl\/zs\/mlodzi-wokalisci-z-naszej-szkoly-w-koszycach-malych\/#breadcrumb\"},\"inLanguage\":\"pl-PL\",\"potentialAction\":[{\"@type\":\"ReadAction\",\"target\":[\"https:\/\/zs.gromnik.pl\/zs\/mlodzi-wokalisci-z-naszej-szkoly-w-koszycach-malych\/\"]}]},{\"@type\":\"BreadcrumbList\",\"@id\":\"https:\/\/zs.gromnik.pl\/zs\/mlodzi-wokalisci-z-naszej-szkoly-w-koszycach-malych\/#breadcrumb\",\"itemListElement\":[{\"@type\":\"ListItem\",\"position\":1,\"name\":\"Strona g\u0142\u00f3wna\",\"item\":\"https:\/\/zs.gromnik.pl\/zs\/\"},{\"@type\":\"ListItem\",\"position\":2,\"name\":\"M\u0142odzi wokali\u015bci z naszej szko\u0142y w Koszycach\u00a0 Ma\u0142ych\"}]},{\"@type\":\"WebSite\",\"@id\":\"https:\/\/zs.gromnik.pl\/zs\/#website\",\"url\":\"https:\/\/zs.gromnik.pl\/zs\/\",\"name\":\"Zesp\u00f3\u0142 Szk\u00f3\u0142 w Gromniku\",\"description\":\"\",\"potentialAction\":[{\"@type\":\"SearchAction\",\"target\":{\"@type\":\"EntryPoint\",\"urlTemplate\":\"https:\/\/zs.gromnik.pl\/zs\/?s={search_term_string}\"},\"query-input\":\"required name=search_term_string\"}],\"inLanguage\":\"pl-PL\"},{\"@type\":\"Person\",\"@id\":\"https:\/\/zs.gromnik.pl\/zs\/#\/schema\/person\/b197900f67c6133faddc284ae32f97ca\",\"name\":\"admin\",\"image\":{\"@type\":\"ImageObject\",\"inLanguage\":\"pl-PL\",\"@id\":\"https:\/\/zs.gromnik.pl\/zs\/#\/schema\/person\/image\/\",\"url\":\"https:\/\/secure.gravatar.com\/avatar\/f8a2f876dbcc8c8edd809a8ca77a2abe?s=96&d=mm&r=g\",\"contentUrl\":\"https:\/\/secure.gravatar.com\/avatar\/f8a2f876dbcc8c8edd809a8ca77a2abe?s=96&d=mm&r=g\",\"caption\":\"admin\"},\"url\":\"https:\/\/zs.gromnik.pl\/zs\/author\/admin\/\"}]}<\/script>\n<!-- \/ Yoast SEO plugin. -->","yoast_head_json":{"title":"M\u0142odzi wokali\u015bci z naszej szko\u0142y w Koszycach\u00a0 Ma\u0142ych - Zesp\u00f3\u0142 Szk\u00f3\u0142 w Gromniku","description":"Zesp\u00f3\u0142 Szk\u00f3\u0142 w Gromniku","robots":{"index":"index","follow":"follow","max-snippet":"max-snippet:-1","max-image-preview":"max-image-preview:large","max-video-preview":"max-video-preview:-1"},"canonical":"https:\/\/zs.gromnik.pl\/zs\/mlodzi-wokalisci-z-naszej-szkoly-w-koszycach-malych\/","og_locale":"pl_PL","og_type":"article","og_title":"M\u0142odzi wokali\u015bci z naszej szko\u0142y w Koszycach\u00a0 Ma\u0142ych - Zesp\u00f3\u0142 Szk\u00f3\u0142 w Gromniku","og_description":"Zesp\u00f3\u0142 Szk\u00f3\u0142 w Gromniku","og_url":"https:\/\/zs.gromnik.pl\/zs\/mlodzi-wokalisci-z-naszej-szkoly-w-koszycach-malych\/","og_site_name":"Zesp\u00f3\u0142 Szk\u00f3\u0142 w Gromniku","article_publisher":"https:\/\/www.facebook.com\/zsgromnik","article_published_time":"2025-12-04T05:59:19+00:00","article_modified_time":"2025-12-04T05:59:51+00:00","og_image":[{"width":500,"height":281,"url":"https:\/\/zs.gromnik.pl\/zs\/wp-content\/uploads\/2025\/12\/3.jpg","type":"image\/jpeg"}],"author":"admin","twitter_card":"summary_large_image","twitter_misc":{"Napisane przez":"admin","Szacowany czas czytania":"1 minuta"},"schema":{"@context":"https:\/\/schema.org","@graph":[{"@type":"WebPage","@id":"https:\/\/zs.gromnik.pl\/zs\/mlodzi-wokalisci-z-naszej-szkoly-w-koszycach-malych\/","url":"https:\/\/zs.gromnik.pl\/zs\/mlodzi-wokalisci-z-naszej-szkoly-w-koszycach-malych\/","name":"M\u0142odzi wokali\u015bci z naszej szko\u0142y w Koszycach\u00a0 Ma\u0142ych - Zesp\u00f3\u0142 Szk\u00f3\u0142 w Gromniku","isPartOf":{"@id":"https:\/\/zs.gromnik.pl\/zs\/#website"},"datePublished":"2025-12-04T05:59:19+00:00","dateModified":"2025-12-04T05:59:51+00:00","author":{"@id":"https:\/\/zs.gromnik.pl\/zs\/#\/schema\/person\/b197900f67c6133faddc284ae32f97ca"},"description":"Zesp\u00f3\u0142 Szk\u00f3\u0142 w Gromniku","breadcrumb":{"@id":"https:\/\/zs.gromnik.pl\/zs\/mlodzi-wokalisci-z-naszej-szkoly-w-koszycach-malych\/#breadcrumb"},"inLanguage":"pl-PL","potentialAction":[{"@type":"ReadAction","target":["https:\/\/zs.gromnik.pl\/zs\/mlodzi-wokalisci-z-naszej-szkoly-w-koszycach-malych\/"]}]},{"@type":"BreadcrumbList","@id":"https:\/\/zs.gromnik.pl\/zs\/mlodzi-wokalisci-z-naszej-szkoly-w-koszycach-malych\/#breadcrumb","itemListElement":[{"@type":"ListItem","position":1,"name":"Strona g\u0142\u00f3wna","item":"https:\/\/zs.gromnik.pl\/zs\/"},{"@type":"ListItem","position":2,"name":"M\u0142odzi wokali\u015bci z naszej szko\u0142y w Koszycach\u00a0 Ma\u0142ych"}]},{"@type":"WebSite","@id":"https:\/\/zs.gromnik.pl\/zs\/#website","url":"https:\/\/zs.gromnik.pl\/zs\/","name":"Zesp\u00f3\u0142 Szk\u00f3\u0142 w Gromniku","description":"","potentialAction":[{"@type":"SearchAction","target":{"@type":"EntryPoint","urlTemplate":"https:\/\/zs.gromnik.pl\/zs\/?s={search_term_string}"},"query-input":"required name=search_term_string"}],"inLanguage":"pl-PL"},{"@type":"Person","@id":"https:\/\/zs.gromnik.pl\/zs\/#\/schema\/person\/b197900f67c6133faddc284ae32f97ca","name":"admin","image":{"@type":"ImageObject","inLanguage":"pl-PL","@id":"https:\/\/zs.gromnik.pl\/zs\/#\/schema\/person\/image\/","url":"https:\/\/secure.gravatar.com\/avatar\/f8a2f876dbcc8c8edd809a8ca77a2abe?s=96&d=mm&r=g","contentUrl":"https:\/\/secure.gravatar.com\/avatar\/f8a2f876dbcc8c8edd809a8ca77a2abe?s=96&d=mm&r=g","caption":"admin"},"url":"https:\/\/zs.gromnik.pl\/zs\/author\/admin\/"}]}},"_links":{"self":[{"href":"https:\/\/zs.gromnik.pl\/zs\/wp-json\/wp\/v2\/posts\/19124"}],"collection":[{"href":"https:\/\/zs.gromnik.pl\/zs\/wp-json\/wp\/v2\/posts"}],"about":[{"href":"https:\/\/zs.gromnik.pl\/zs\/wp-json\/wp\/v2\/types\/post"}],"author":[{"embeddable":true,"href":"https:\/\/zs.gromnik.pl\/zs\/wp-json\/wp\/v2\/users\/1"}],"replies":[{"embeddable":true,"href":"https:\/\/zs.gromnik.pl\/zs\/wp-json\/wp\/v2\/comments?post=19124"}],"version-history":[{"count":4,"href":"https:\/\/zs.gromnik.pl\/zs\/wp-json\/wp\/v2\/posts\/19124\/revisions"}],"predecessor-version":[{"id":19130,"href":"https:\/\/zs.gromnik.pl\/zs\/wp-json\/wp\/v2\/posts\/19124\/revisions\/19130"}],"wp:featuredmedia":[{"embeddable":true,"href":"https:\/\/zs.gromnik.pl\/zs\/wp-json\/wp\/v2\/media\/19127"}],"wp:attachment":[{"href":"https:\/\/zs.gromnik.pl\/zs\/wp-json\/wp\/v2\/media?parent=19124"}],"wp:term":[{"taxonomy":"category","embeddable":true,"href":"https:\/\/zs.gromnik.pl\/zs\/wp-json\/wp\/v2\/categories?post=19124"},{"taxonomy":"post_tag","embeddable":true,"href":"https:\/\/zs.gromnik.pl\/zs\/wp-json\/wp\/v2\/tags?post=19124"}],"curies":[{"name":"wp","href":"https:\/\/api.w.org\/{rel}","templated":true}]}}