{"id":19162,"date":"2025-12-08T07:00:35","date_gmt":"2025-12-08T06:00:35","guid":{"rendered":"https:\/\/zs.gromnik.pl\/zs\/?p=19162"},"modified":"2025-12-08T07:02:47","modified_gmt":"2025-12-08T06:02:47","slug":"listopad-w-oddziale-przedszkolnym-w-polichtach","status":"publish","type":"post","link":"https:\/\/zs.gromnik.pl\/zs\/listopad-w-oddziale-przedszkolnym-w-polichtach\/","title":{"rendered":"LISTOPAD W ODDZIALE PRZEDSZKOLNYM W POLICHTACH"},"content":{"rendered":"\t\t<div data-elementor-type=\"wp-post\" data-elementor-id=\"19162\" class=\"elementor elementor-19162\">\n\t\t\t\t\t\t\t\t\t<section class=\"elementor-section elementor-top-section elementor-element elementor-element-9aadc86 elementor-section-boxed elementor-section-height-default elementor-section-height-default\" data-id=\"9aadc86\" data-element_type=\"section\">\n\t\t\t\t\t\t<div class=\"elementor-container elementor-column-gap-default\">\n\t\t\t\t\t<div class=\"elementor-column elementor-col-100 elementor-top-column elementor-element elementor-element-5d034bd\" data-id=\"5d034bd\" data-element_type=\"column\">\n\t\t\t<div class=\"elementor-widget-wrap elementor-element-populated\">\n\t\t\t\t\t\t\t\t<div class=\"elementor-element elementor-element-7458e96 elementor-widget elementor-widget-text-editor\" data-id=\"7458e96\" data-element_type=\"widget\" data-widget_type=\"text-editor.default\">\n\t\t\t\t<div class=\"elementor-widget-container\">\n\t\t\t\t\t\t\t<p>W naszym przedszkolu zago\u015bci\u0142 ju\u017c klimat zbli\u017caj\u0105cych si\u0119 \u015awi\u0105t \ud83c\udf84 ale chcemy si\u0119 jeszcze podzieli\u0107 z Wami tym co dzia\u0142o si\u0119 w listopadzie w grupie przedszkolnej.<\/p><p>Po pierwsze GRATULACJE dla Izabeli Bia\u0142o\u017cyt za zdobycie wyr\u00f3\u017cnienia w Og\u00f3lnopolskim konkursie Plastycznym pt.\u201d Jesie\u0144 w oczach dziecka\u201d. Jeste\u015bmy dumni i \u017cyczymy kolejnych sukces\u00f3w. \ud83d\udc4f\ud83d\udc4f\ud83d\udc4f<\/p><p>Do\u0142\u0105czyli\u015bmy r\u00f3wnie\u017c do 15 edycji programu \u201cGotuj si\u0119 na zmiany\u201d, kt\u00f3rej celem jest edukacja m\u0142odzie\u017cy przedszkolnej (3-6 lat) i ich rodzic\u00f3w w temacie racjonalnego od\u017cywiania, promocji zdrowego stylu \u017cycia w\u015br\u00f3d dzieci oraz zaadresowanie tematyki niemarnowania \u017cywno\u015bci (trend zero waste). Program trwa od 14 pa\u017adziernika 2025 roku do 30 czerwca 2026 roku, a dzieciaki wykona\u0142y ju\u017c swoje pierwsze zadanie konkursowe pt. \u201cK\u0119sy z sensem\u201d.<\/p><p>Wsp\u00f3lnie obchodzili\u015bmy Narodowe \u015awi\u0119to Niepodleg\u0142o\u015bci, poprzez wykonywanie prac plastycznych, rozmowach o warto\u015bciach takich jak: wolno\u015b\u0107, niepodleg\u0142o\u015b\u0107 i patriotyzm. W ramach akcji MEN \u201eSzko\u0142a do hymnu\u201d przedszkolaki za\u015bpiewa\u0142y hymn narodowy.<\/p><p>\u015awi\u0119towali\u015bmy tak\u017ce Dzie\u0144 Postaci z Bajek oraz jedno z ulubionych wydarze\u0144 chyba wszystkich dzieci, czyli Dzie\u0144 Pluszowego Misia \ud83d\udc3b<\/p><p>Za nami niezapomniana wycieczka do przedszkolak\u00f3w z Gromnika na wystrza\u0142ow\u0105 ZABAW\u0118 ANDRZEJKOW\u0104 i pokaz \u201cMagika\u201d. Dzi\u0119kujemy za serdeczne i \u017cyczliwe przyj\u0119cie Nas w Zespole Szk\u00f3\u0142 w Gromniku. \ud83d\udc97\ud83d\udc97\ud83d\udc97<\/p>\t\t\t\t\t\t<\/div>\n\t\t\t\t<\/div>\n\t\t\t\t\t<\/div>\n\t\t<\/div>\n\t\t\t\t\t\t\t<\/div>\n\t\t<\/section>\n\t\t\t\t<section class=\"elementor-section elementor-top-section elementor-element elementor-element-e6a364a elementor-section-boxed elementor-section-height-default elementor-section-height-default\" data-id=\"e6a364a\" data-element_type=\"section\">\n\t\t\t\t\t\t<div class=\"elementor-container elementor-column-gap-default\">\n\t\t\t\t\t<div class=\"elementor-column elementor-col-100 elementor-top-column elementor-element elementor-element-0ab0e45\" data-id=\"0ab0e45\" data-element_type=\"column\">\n\t\t\t<div class=\"elementor-widget-wrap elementor-element-populated\">\n\t\t\t\t\t\t\t\t<div class=\"elementor-element elementor-element-253d139 elementor-aspect-ratio-169 elementor-widget elementor-widget-video\" data-id=\"253d139\" data-element_type=\"widget\" data-settings=\"{&quot;video_type&quot;:&quot;hosted&quot;,&quot;autoplay&quot;:&quot;yes&quot;,&quot;play_on_mobile&quot;:&quot;yes&quot;,&quot;mute&quot;:&quot;yes&quot;,&quot;loop&quot;:&quot;yes&quot;,&quot;controls&quot;:&quot;yes&quot;,&quot;aspect_ratio&quot;:&quot;169&quot;}\" data-widget_type=\"video.default\">\n\t\t\t\t<div class=\"elementor-widget-container\">\n\t\t\t\t\t<div class=\"e-hosted-video elementor-wrapper elementor-fit-aspect-ratio elementor-open-inline\">\n\t\t\t\t\t<video class=\"elementor-video\" src=\"http:\/\/zs.gromnik.pl\/zs\/wp-content\/uploads\/2025\/12\/LISTOPAD-W-ODDZIALE-PRZEDSZKOLNYM-W-POLICHTACH.mp4\" autoplay=\"\" loop=\"\" controls=\"\" muted=\"muted\" playsinline=\"\" controlsList=\"nodownload\" poster=\"http:\/\/zs.gromnik.pl\/zs\/wp-content\/uploads\/2025\/12\/Bez-tytulu.jpg\"><\/video>\n\t\t\t\t<\/div>\n\t\t\t\t<\/div>\n\t\t\t\t<\/div>\n\t\t\t\t\t<\/div>\n\t\t<\/div>\n\t\t\t\t\t\t\t<\/div>\n\t\t<\/section>\n\t\t\t\t\t\t\t<\/div>\n\t\t","protected":false},"excerpt":{"rendered":"","protected":false},"author":1,"featured_media":19165,"comment_status":"closed","ping_status":"open","sticky":false,"template":"","format":"standard","meta":[],"categories":[3],"tags":[],"yoast_head":"<!-- This site is optimized with the Yoast SEO plugin v19.8 - https:\/\/yoast.com\/wordpress\/plugins\/seo\/ -->\n<title>LISTOPAD W ODDZIALE PRZEDSZKOLNYM W POLICHTACH - Zesp\u00f3\u0142 Szk\u00f3\u0142 w Gromniku<\/title>\n<meta name=\"description\" content=\"Zesp\u00f3\u0142 Szk\u00f3\u0142 w Gromniku\" \/>\n<meta name=\"robots\" content=\"index, follow, max-snippet:-1, max-image-preview:large, max-video-preview:-1\" \/>\n<link rel=\"canonical\" href=\"https:\/\/zs.gromnik.pl\/zs\/listopad-w-oddziale-przedszkolnym-w-polichtach\/\" \/>\n<meta property=\"og:locale\" content=\"pl_PL\" \/>\n<meta property=\"og:type\" content=\"article\" \/>\n<meta property=\"og:title\" content=\"LISTOPAD W ODDZIALE PRZEDSZKOLNYM W POLICHTACH - Zesp\u00f3\u0142 Szk\u00f3\u0142 w Gromniku\" \/>\n<meta property=\"og:description\" content=\"Zesp\u00f3\u0142 Szk\u00f3\u0142 w Gromniku\" \/>\n<meta property=\"og:url\" content=\"https:\/\/zs.gromnik.pl\/zs\/listopad-w-oddziale-przedszkolnym-w-polichtach\/\" \/>\n<meta property=\"og:site_name\" content=\"Zesp\u00f3\u0142 Szk\u00f3\u0142 w Gromniku\" \/>\n<meta property=\"article:publisher\" content=\"https:\/\/www.facebook.com\/zsgromnik\" \/>\n<meta property=\"article:published_time\" content=\"2025-12-08T06:00:35+00:00\" \/>\n<meta property=\"article:modified_time\" content=\"2025-12-08T06:02:47+00:00\" \/>\n<meta property=\"og:image\" content=\"https:\/\/zs.gromnik.pl\/zs\/wp-content\/uploads\/2025\/12\/Bez-tytulu.jpg\" \/>\n\t<meta property=\"og:image:width\" content=\"500\" \/>\n\t<meta property=\"og:image:height\" content=\"281\" \/>\n\t<meta property=\"og:image:type\" content=\"image\/jpeg\" \/>\n<meta name=\"author\" content=\"admin\" \/>\n<meta name=\"twitter:card\" content=\"summary_large_image\" \/>\n<meta name=\"twitter:label1\" content=\"Napisane przez\" \/>\n\t<meta name=\"twitter:data1\" content=\"admin\" \/>\n<script type=\"application\/ld+json\" class=\"yoast-schema-graph\">{\"@context\":\"https:\/\/schema.org\",\"@graph\":[{\"@type\":\"WebPage\",\"@id\":\"https:\/\/zs.gromnik.pl\/zs\/listopad-w-oddziale-przedszkolnym-w-polichtach\/\",\"url\":\"https:\/\/zs.gromnik.pl\/zs\/listopad-w-oddziale-przedszkolnym-w-polichtach\/\",\"name\":\"LISTOPAD W ODDZIALE PRZEDSZKOLNYM W POLICHTACH - Zesp\u00f3\u0142 Szk\u00f3\u0142 w Gromniku\",\"isPartOf\":{\"@id\":\"https:\/\/zs.gromnik.pl\/zs\/#website\"},\"datePublished\":\"2025-12-08T06:00:35+00:00\",\"dateModified\":\"2025-12-08T06:02:47+00:00\",\"author\":{\"@id\":\"https:\/\/zs.gromnik.pl\/zs\/#\/schema\/person\/b197900f67c6133faddc284ae32f97ca\"},\"description\":\"Zesp\u00f3\u0142 Szk\u00f3\u0142 w Gromniku\",\"breadcrumb\":{\"@id\":\"https:\/\/zs.gromnik.pl\/zs\/listopad-w-oddziale-przedszkolnym-w-polichtach\/#breadcrumb\"},\"inLanguage\":\"pl-PL\",\"potentialAction\":[{\"@type\":\"ReadAction\",\"target\":[\"https:\/\/zs.gromnik.pl\/zs\/listopad-w-oddziale-przedszkolnym-w-polichtach\/\"]}]},{\"@type\":\"BreadcrumbList\",\"@id\":\"https:\/\/zs.gromnik.pl\/zs\/listopad-w-oddziale-przedszkolnym-w-polichtach\/#breadcrumb\",\"itemListElement\":[{\"@type\":\"ListItem\",\"position\":1,\"name\":\"Strona g\u0142\u00f3wna\",\"item\":\"https:\/\/zs.gromnik.pl\/zs\/\"},{\"@type\":\"ListItem\",\"position\":2,\"name\":\"LISTOPAD W ODDZIALE PRZEDSZKOLNYM W POLICHTACH\"}]},{\"@type\":\"WebSite\",\"@id\":\"https:\/\/zs.gromnik.pl\/zs\/#website\",\"url\":\"https:\/\/zs.gromnik.pl\/zs\/\",\"name\":\"Zesp\u00f3\u0142 Szk\u00f3\u0142 w Gromniku\",\"description\":\"\",\"potentialAction\":[{\"@type\":\"SearchAction\",\"target\":{\"@type\":\"EntryPoint\",\"urlTemplate\":\"https:\/\/zs.gromnik.pl\/zs\/?s={search_term_string}\"},\"query-input\":\"required name=search_term_string\"}],\"inLanguage\":\"pl-PL\"},{\"@type\":\"Person\",\"@id\":\"https:\/\/zs.gromnik.pl\/zs\/#\/schema\/person\/b197900f67c6133faddc284ae32f97ca\",\"name\":\"admin\",\"image\":{\"@type\":\"ImageObject\",\"inLanguage\":\"pl-PL\",\"@id\":\"https:\/\/zs.gromnik.pl\/zs\/#\/schema\/person\/image\/\",\"url\":\"https:\/\/secure.gravatar.com\/avatar\/f8a2f876dbcc8c8edd809a8ca77a2abe?s=96&d=mm&r=g\",\"contentUrl\":\"https:\/\/secure.gravatar.com\/avatar\/f8a2f876dbcc8c8edd809a8ca77a2abe?s=96&d=mm&r=g\",\"caption\":\"admin\"},\"url\":\"https:\/\/zs.gromnik.pl\/zs\/author\/admin\/\"}]}<\/script>\n<!-- \/ Yoast SEO plugin. -->","yoast_head_json":{"title":"LISTOPAD W ODDZIALE PRZEDSZKOLNYM W POLICHTACH - Zesp\u00f3\u0142 Szk\u00f3\u0142 w Gromniku","description":"Zesp\u00f3\u0142 Szk\u00f3\u0142 w Gromniku","robots":{"index":"index","follow":"follow","max-snippet":"max-snippet:-1","max-image-preview":"max-image-preview:large","max-video-preview":"max-video-preview:-1"},"canonical":"https:\/\/zs.gromnik.pl\/zs\/listopad-w-oddziale-przedszkolnym-w-polichtach\/","og_locale":"pl_PL","og_type":"article","og_title":"LISTOPAD W ODDZIALE PRZEDSZKOLNYM W POLICHTACH - Zesp\u00f3\u0142 Szk\u00f3\u0142 w Gromniku","og_description":"Zesp\u00f3\u0142 Szk\u00f3\u0142 w Gromniku","og_url":"https:\/\/zs.gromnik.pl\/zs\/listopad-w-oddziale-przedszkolnym-w-polichtach\/","og_site_name":"Zesp\u00f3\u0142 Szk\u00f3\u0142 w Gromniku","article_publisher":"https:\/\/www.facebook.com\/zsgromnik","article_published_time":"2025-12-08T06:00:35+00:00","article_modified_time":"2025-12-08T06:02:47+00:00","og_image":[{"width":500,"height":281,"url":"https:\/\/zs.gromnik.pl\/zs\/wp-content\/uploads\/2025\/12\/Bez-tytulu.jpg","type":"image\/jpeg"}],"author":"admin","twitter_card":"summary_large_image","twitter_misc":{"Napisane przez":"admin"},"schema":{"@context":"https:\/\/schema.org","@graph":[{"@type":"WebPage","@id":"https:\/\/zs.gromnik.pl\/zs\/listopad-w-oddziale-przedszkolnym-w-polichtach\/","url":"https:\/\/zs.gromnik.pl\/zs\/listopad-w-oddziale-przedszkolnym-w-polichtach\/","name":"LISTOPAD W ODDZIALE PRZEDSZKOLNYM W POLICHTACH - Zesp\u00f3\u0142 Szk\u00f3\u0142 w Gromniku","isPartOf":{"@id":"https:\/\/zs.gromnik.pl\/zs\/#website"},"datePublished":"2025-12-08T06:00:35+00:00","dateModified":"2025-12-08T06:02:47+00:00","author":{"@id":"https:\/\/zs.gromnik.pl\/zs\/#\/schema\/person\/b197900f67c6133faddc284ae32f97ca"},"description":"Zesp\u00f3\u0142 Szk\u00f3\u0142 w Gromniku","breadcrumb":{"@id":"https:\/\/zs.gromnik.pl\/zs\/listopad-w-oddziale-przedszkolnym-w-polichtach\/#breadcrumb"},"inLanguage":"pl-PL","potentialAction":[{"@type":"ReadAction","target":["https:\/\/zs.gromnik.pl\/zs\/listopad-w-oddziale-przedszkolnym-w-polichtach\/"]}]},{"@type":"BreadcrumbList","@id":"https:\/\/zs.gromnik.pl\/zs\/listopad-w-oddziale-przedszkolnym-w-polichtach\/#breadcrumb","itemListElement":[{"@type":"ListItem","position":1,"name":"Strona g\u0142\u00f3wna","item":"https:\/\/zs.gromnik.pl\/zs\/"},{"@type":"ListItem","position":2,"name":"LISTOPAD W ODDZIALE PRZEDSZKOLNYM W POLICHTACH"}]},{"@type":"WebSite","@id":"https:\/\/zs.gromnik.pl\/zs\/#website","url":"https:\/\/zs.gromnik.pl\/zs\/","name":"Zesp\u00f3\u0142 Szk\u00f3\u0142 w Gromniku","description":"","potentialAction":[{"@type":"SearchAction","target":{"@type":"EntryPoint","urlTemplate":"https:\/\/zs.gromnik.pl\/zs\/?s={search_term_string}"},"query-input":"required name=search_term_string"}],"inLanguage":"pl-PL"},{"@type":"Person","@id":"https:\/\/zs.gromnik.pl\/zs\/#\/schema\/person\/b197900f67c6133faddc284ae32f97ca","name":"admin","image":{"@type":"ImageObject","inLanguage":"pl-PL","@id":"https:\/\/zs.gromnik.pl\/zs\/#\/schema\/person\/image\/","url":"https:\/\/secure.gravatar.com\/avatar\/f8a2f876dbcc8c8edd809a8ca77a2abe?s=96&d=mm&r=g","contentUrl":"https:\/\/secure.gravatar.com\/avatar\/f8a2f876dbcc8c8edd809a8ca77a2abe?s=96&d=mm&r=g","caption":"admin"},"url":"https:\/\/zs.gromnik.pl\/zs\/author\/admin\/"}]}},"_links":{"self":[{"href":"https:\/\/zs.gromnik.pl\/zs\/wp-json\/wp\/v2\/posts\/19162"}],"collection":[{"href":"https:\/\/zs.gromnik.pl\/zs\/wp-json\/wp\/v2\/posts"}],"about":[{"href":"https:\/\/zs.gromnik.pl\/zs\/wp-json\/wp\/v2\/types\/post"}],"author":[{"embeddable":true,"href":"https:\/\/zs.gromnik.pl\/zs\/wp-json\/wp\/v2\/users\/1"}],"replies":[{"embeddable":true,"href":"https:\/\/zs.gromnik.pl\/zs\/wp-json\/wp\/v2\/comments?post=19162"}],"version-history":[{"count":5,"href":"https:\/\/zs.gromnik.pl\/zs\/wp-json\/wp\/v2\/posts\/19162\/revisions"}],"predecessor-version":[{"id":19169,"href":"https:\/\/zs.gromnik.pl\/zs\/wp-json\/wp\/v2\/posts\/19162\/revisions\/19169"}],"wp:featuredmedia":[{"embeddable":true,"href":"https:\/\/zs.gromnik.pl\/zs\/wp-json\/wp\/v2\/media\/19165"}],"wp:attachment":[{"href":"https:\/\/zs.gromnik.pl\/zs\/wp-json\/wp\/v2\/media?parent=19162"}],"wp:term":[{"taxonomy":"category","embeddable":true,"href":"https:\/\/zs.gromnik.pl\/zs\/wp-json\/wp\/v2\/categories?post=19162"},{"taxonomy":"post_tag","embeddable":true,"href":"https:\/\/zs.gromnik.pl\/zs\/wp-json\/wp\/v2\/tags?post=19162"}],"curies":[{"name":"wp","href":"https:\/\/api.w.org\/{rel}","templated":true}]}}