{"id":19178,"date":"2025-12-11T07:01:26","date_gmt":"2025-12-11T06:01:26","guid":{"rendered":"https:\/\/zs.gromnik.pl\/zs\/?p=19178"},"modified":"2025-12-11T07:08:03","modified_gmt":"2025-12-11T06:08:03","slug":"i-miejsce-dla-kwartetu-wokalnego-w-30-regionalnym-konkursie-koled-i-pastoralek-w-zabnie","status":"publish","type":"post","link":"https:\/\/zs.gromnik.pl\/zs\/i-miejsce-dla-kwartetu-wokalnego-w-30-regionalnym-konkursie-koled-i-pastoralek-w-zabnie\/","title":{"rendered":"I miejsce dla Kwartetu wokalnego w 30 Regionalnym Konkursie Kol\u0119d i Pastora\u0142ek w \u017babnie"},"content":{"rendered":"\t\t<div data-elementor-type=\"wp-post\" data-elementor-id=\"19178\" class=\"elementor elementor-19178\">\n\t\t\t\t\t\t\t\t\t<section class=\"elementor-section elementor-top-section elementor-element elementor-element-7d1ad95 elementor-section-boxed elementor-section-height-default elementor-section-height-default\" data-id=\"7d1ad95\" data-element_type=\"section\">\n\t\t\t\t\t\t<div class=\"elementor-container elementor-column-gap-default\">\n\t\t\t\t\t<div class=\"elementor-column elementor-col-100 elementor-top-column elementor-element elementor-element-bce29a8\" data-id=\"bce29a8\" data-element_type=\"column\">\n\t\t\t<div class=\"elementor-widget-wrap elementor-element-populated\">\n\t\t\t\t\t\t\t\t<div class=\"elementor-element elementor-element-4ca5051 elementor-widget elementor-widget-text-editor\" data-id=\"4ca5051\" data-element_type=\"widget\" data-widget_type=\"text-editor.default\">\n\t\t\t\t<div class=\"elementor-widget-container\">\n\t\t\t\t\t\t\t<p data-start=\"146\" data-end=\"336\">Kwartet wokalny w sk\u0142adzie: <strong data-start=\"174\" data-end=\"247\">Maria Baran, Antonina Broniec, Zuzanna Kurczab oraz Aleksandra W\u00f3jcik<\/strong> zaprezentowa\u0142 w \u017babnie XIX-wieczn\u0105 pastora\u0142k\u0119 a cappella <strong data-start=\"305\" data-end=\"335\">\u201eHej, bracia, czy \u015bpicie?\u201d<\/strong>.<\/p><p data-start=\"338\" data-end=\"412\">Serdecznie <strong data-start=\"349\" data-end=\"364\">gratulujemy<\/strong> dziewczynom i \u017cyczymy im <strong data-start=\"390\" data-end=\"411\">dalszych sukces\u00f3w<\/strong>!<\/p>\t\t\t\t\t\t<\/div>\n\t\t\t\t<\/div>\n\t\t\t\t\t<\/div>\n\t\t<\/div>\n\t\t\t\t\t\t\t<\/div>\n\t\t<\/section>\n\t\t\t\t<section class=\"elementor-section elementor-top-section elementor-element elementor-element-a63d041 elementor-section-boxed elementor-section-height-default elementor-section-height-default\" data-id=\"a63d041\" data-element_type=\"section\">\n\t\t\t\t\t\t<div class=\"elementor-container elementor-column-gap-default\">\n\t\t\t\t\t<div class=\"elementor-column elementor-col-100 elementor-top-column elementor-element elementor-element-b4b9d84\" data-id=\"b4b9d84\" data-element_type=\"column\">\n\t\t\t<div class=\"elementor-widget-wrap elementor-element-populated\">\n\t\t\t\t\t\t\t\t<div class=\"elementor-element elementor-element-19ffd61 elementor-aspect-ratio-169 elementor-widget elementor-widget-video\" data-id=\"19ffd61\" data-element_type=\"widget\" data-settings=\"{&quot;video_type&quot;:&quot;hosted&quot;,&quot;autoplay&quot;:&quot;yes&quot;,&quot;play_on_mobile&quot;:&quot;yes&quot;,&quot;loop&quot;:&quot;yes&quot;,&quot;controls&quot;:&quot;yes&quot;,&quot;aspect_ratio&quot;:&quot;169&quot;}\" data-widget_type=\"video.default\">\n\t\t\t\t<div class=\"elementor-widget-container\">\n\t\t\t\t\t<div class=\"e-hosted-video elementor-wrapper elementor-fit-aspect-ratio elementor-open-inline\">\n\t\t\t\t\t<video class=\"elementor-video\" src=\"http:\/\/zs.gromnik.pl\/zs\/wp-content\/uploads\/2025\/12\/Wideo-WhatsApp-2025-12-10-o-17.50.25_2e962c96.mp4\" autoplay=\"\" loop=\"\" controls=\"\" playsinline=\"\" controlsList=\"nodownload\"><\/video>\n\t\t\t\t<\/div>\n\t\t\t\t<\/div>\n\t\t\t\t<\/div>\n\t\t\t\t\t<\/div>\n\t\t<\/div>\n\t\t\t\t\t\t\t<\/div>\n\t\t<\/section>\n\t\t\t\t<section class=\"elementor-section elementor-top-section elementor-element elementor-element-926b340 elementor-section-boxed elementor-section-height-default elementor-section-height-default\" data-id=\"926b340\" data-element_type=\"section\">\n\t\t\t\t\t\t<div class=\"elementor-container elementor-column-gap-default\">\n\t\t\t\t\t<div class=\"elementor-column elementor-col-100 elementor-top-column elementor-element elementor-element-111f594\" data-id=\"111f594\" data-element_type=\"column\">\n\t\t\t<div class=\"elementor-widget-wrap elementor-element-populated\">\n\t\t\t\t\t\t\t\t<div class=\"elementor-element elementor-element-9502f42 elementor-widget elementor-widget-image-gallery\" data-id=\"9502f42\" data-element_type=\"widget\" data-widget_type=\"image-gallery.default\">\n\t\t\t\t<div class=\"elementor-widget-container\">\n\t\t\t\t\t<div class=\"elementor-image-gallery\">\n\t\t\t<div id='gallery-1' class='gallery galleryid-19178 gallery-columns-4 gallery-size-medium'><figure class='gallery-item'>\n\t\t\t<div class='gallery-icon landscape'>\n\t\t\t\t<a data-elementor-open-lightbox=\"yes\" data-elementor-lightbox-slideshow=\"9502f42\" data-elementor-lightbox-title=\"Zdj\u0119cie WhatsApp 2025-12-10 o 17.50.42_6b49a74e\" e-action-hash=\"#elementor-action%3Aaction%3Dlightbox%26settings%3DeyJpZCI6MTkxODMsInVybCI6Imh0dHBzOlwvXC96cy5ncm9tbmlrLnBsXC96c1wvd3AtY29udGVudFwvdXBsb2Fkc1wvMjAyNVwvMTJcL1pkamVjaWUtV2hhdHNBcHAtMjAyNS0xMi0xMC1vLTE3LjUwLjQyXzZiNDlhNzRlLmpwZyIsInNsaWRlc2hvdyI6Ijk1MDJmNDIifQ%3D%3D\" href='https:\/\/zs.gromnik.pl\/zs\/wp-content\/uploads\/2025\/12\/Zdjecie-WhatsApp-2025-12-10-o-17.50.42_6b49a74e.jpg'><img width=\"300\" height=\"225\" src=\"https:\/\/zs.gromnik.pl\/zs\/wp-content\/uploads\/2025\/12\/Zdjecie-WhatsApp-2025-12-10-o-17.50.42_6b49a74e-300x225.jpg\" class=\"attachment-medium size-medium\" alt=\"\" loading=\"lazy\" srcset=\"https:\/\/zs.gromnik.pl\/zs\/wp-content\/uploads\/2025\/12\/Zdjecie-WhatsApp-2025-12-10-o-17.50.42_6b49a74e-300x225.jpg 300w, https:\/\/zs.gromnik.pl\/zs\/wp-content\/uploads\/2025\/12\/Zdjecie-WhatsApp-2025-12-10-o-17.50.42_6b49a74e-1024x768.jpg 1024w, https:\/\/zs.gromnik.pl\/zs\/wp-content\/uploads\/2025\/12\/Zdjecie-WhatsApp-2025-12-10-o-17.50.42_6b49a74e-768x576.jpg 768w, https:\/\/zs.gromnik.pl\/zs\/wp-content\/uploads\/2025\/12\/Zdjecie-WhatsApp-2025-12-10-o-17.50.42_6b49a74e-1536x1152.jpg 1536w, https:\/\/zs.gromnik.pl\/zs\/wp-content\/uploads\/2025\/12\/Zdjecie-WhatsApp-2025-12-10-o-17.50.42_6b49a74e-1140x855.jpg 1140w, https:\/\/zs.gromnik.pl\/zs\/wp-content\/uploads\/2025\/12\/Zdjecie-WhatsApp-2025-12-10-o-17.50.42_6b49a74e.jpg 1600w\" sizes=\"(max-width: 300px) 100vw, 300px\" \/><\/a>\n\t\t\t<\/div><\/figure><figure class='gallery-item'>\n\t\t\t<div class='gallery-icon landscape'>\n\t\t\t\t<a data-elementor-open-lightbox=\"yes\" data-elementor-lightbox-slideshow=\"9502f42\" data-elementor-lightbox-title=\"Zdj\u0119cie WhatsApp 2025-12-10 o 17.50.43_3a1c215e\" e-action-hash=\"#elementor-action%3Aaction%3Dlightbox%26settings%3DeyJpZCI6MTkxODAsInVybCI6Imh0dHBzOlwvXC96cy5ncm9tbmlrLnBsXC96c1wvd3AtY29udGVudFwvdXBsb2Fkc1wvMjAyNVwvMTJcL1pkamVjaWUtV2hhdHNBcHAtMjAyNS0xMi0xMC1vLTE3LjUwLjQzXzNhMWMyMTVlLmpwZyIsInNsaWRlc2hvdyI6Ijk1MDJmNDIifQ%3D%3D\" href='https:\/\/zs.gromnik.pl\/zs\/wp-content\/uploads\/2025\/12\/Zdjecie-WhatsApp-2025-12-10-o-17.50.43_3a1c215e.jpg'><img width=\"300\" height=\"225\" src=\"https:\/\/zs.gromnik.pl\/zs\/wp-content\/uploads\/2025\/12\/Zdjecie-WhatsApp-2025-12-10-o-17.50.43_3a1c215e-300x225.jpg\" class=\"attachment-medium size-medium\" alt=\"\" loading=\"lazy\" srcset=\"https:\/\/zs.gromnik.pl\/zs\/wp-content\/uploads\/2025\/12\/Zdjecie-WhatsApp-2025-12-10-o-17.50.43_3a1c215e-300x225.jpg 300w, https:\/\/zs.gromnik.pl\/zs\/wp-content\/uploads\/2025\/12\/Zdjecie-WhatsApp-2025-12-10-o-17.50.43_3a1c215e-1024x768.jpg 1024w, https:\/\/zs.gromnik.pl\/zs\/wp-content\/uploads\/2025\/12\/Zdjecie-WhatsApp-2025-12-10-o-17.50.43_3a1c215e-768x576.jpg 768w, https:\/\/zs.gromnik.pl\/zs\/wp-content\/uploads\/2025\/12\/Zdjecie-WhatsApp-2025-12-10-o-17.50.43_3a1c215e-1536x1152.jpg 1536w, https:\/\/zs.gromnik.pl\/zs\/wp-content\/uploads\/2025\/12\/Zdjecie-WhatsApp-2025-12-10-o-17.50.43_3a1c215e-1140x855.jpg 1140w, https:\/\/zs.gromnik.pl\/zs\/wp-content\/uploads\/2025\/12\/Zdjecie-WhatsApp-2025-12-10-o-17.50.43_3a1c215e.jpg 1600w\" sizes=\"(max-width: 300px) 100vw, 300px\" \/><\/a>\n\t\t\t<\/div><\/figure><figure class='gallery-item'>\n\t\t\t<div class='gallery-icon landscape'>\n\t\t\t\t<a data-elementor-open-lightbox=\"yes\" data-elementor-lightbox-slideshow=\"9502f42\" data-elementor-lightbox-title=\"Zdj\u0119cie WhatsApp 2025-12-10 o 17.50.42_9b58f000\" e-action-hash=\"#elementor-action%3Aaction%3Dlightbox%26settings%3DeyJpZCI6MTkxODEsInVybCI6Imh0dHBzOlwvXC96cy5ncm9tbmlrLnBsXC96c1wvd3AtY29udGVudFwvdXBsb2Fkc1wvMjAyNVwvMTJcL1pkamVjaWUtV2hhdHNBcHAtMjAyNS0xMi0xMC1vLTE3LjUwLjQyXzliNThmMDAwLmpwZyIsInNsaWRlc2hvdyI6Ijk1MDJmNDIifQ%3D%3D\" href='https:\/\/zs.gromnik.pl\/zs\/wp-content\/uploads\/2025\/12\/Zdjecie-WhatsApp-2025-12-10-o-17.50.42_9b58f000.jpg'><img width=\"300\" height=\"165\" src=\"https:\/\/zs.gromnik.pl\/zs\/wp-content\/uploads\/2025\/12\/Zdjecie-WhatsApp-2025-12-10-o-17.50.42_9b58f000-300x165.jpg\" class=\"attachment-medium size-medium\" alt=\"\" loading=\"lazy\" srcset=\"https:\/\/zs.gromnik.pl\/zs\/wp-content\/uploads\/2025\/12\/Zdjecie-WhatsApp-2025-12-10-o-17.50.42_9b58f000-300x165.jpg 300w, https:\/\/zs.gromnik.pl\/zs\/wp-content\/uploads\/2025\/12\/Zdjecie-WhatsApp-2025-12-10-o-17.50.42_9b58f000-1024x564.jpg 1024w, https:\/\/zs.gromnik.pl\/zs\/wp-content\/uploads\/2025\/12\/Zdjecie-WhatsApp-2025-12-10-o-17.50.42_9b58f000-768x423.jpg 768w, https:\/\/zs.gromnik.pl\/zs\/wp-content\/uploads\/2025\/12\/Zdjecie-WhatsApp-2025-12-10-o-17.50.42_9b58f000-1140x628.jpg 1140w, https:\/\/zs.gromnik.pl\/zs\/wp-content\/uploads\/2025\/12\/Zdjecie-WhatsApp-2025-12-10-o-17.50.42_9b58f000.jpg 1192w\" sizes=\"(max-width: 300px) 100vw, 300px\" \/><\/a>\n\t\t\t<\/div><\/figure><figure class='gallery-item'>\n\t\t\t<div class='gallery-icon landscape'>\n\t\t\t\t<a data-elementor-open-lightbox=\"yes\" data-elementor-lightbox-slideshow=\"9502f42\" data-elementor-lightbox-title=\"Zdj\u0119cie WhatsApp 2025-12-10 o 17.50.42_bca4b37a\" e-action-hash=\"#elementor-action%3Aaction%3Dlightbox%26settings%3DeyJpZCI6MTkxODIsInVybCI6Imh0dHBzOlwvXC96cy5ncm9tbmlrLnBsXC96c1wvd3AtY29udGVudFwvdXBsb2Fkc1wvMjAyNVwvMTJcL1pkamVjaWUtV2hhdHNBcHAtMjAyNS0xMi0xMC1vLTE3LjUwLjQyX2JjYTRiMzdhLmpwZyIsInNsaWRlc2hvdyI6Ijk1MDJmNDIifQ%3D%3D\" href='https:\/\/zs.gromnik.pl\/zs\/wp-content\/uploads\/2025\/12\/Zdjecie-WhatsApp-2025-12-10-o-17.50.42_bca4b37a.jpg'><img width=\"300\" height=\"225\" src=\"https:\/\/zs.gromnik.pl\/zs\/wp-content\/uploads\/2025\/12\/Zdjecie-WhatsApp-2025-12-10-o-17.50.42_bca4b37a-300x225.jpg\" class=\"attachment-medium size-medium\" alt=\"\" loading=\"lazy\" srcset=\"https:\/\/zs.gromnik.pl\/zs\/wp-content\/uploads\/2025\/12\/Zdjecie-WhatsApp-2025-12-10-o-17.50.42_bca4b37a-300x225.jpg 300w, https:\/\/zs.gromnik.pl\/zs\/wp-content\/uploads\/2025\/12\/Zdjecie-WhatsApp-2025-12-10-o-17.50.42_bca4b37a-1024x768.jpg 1024w, https:\/\/zs.gromnik.pl\/zs\/wp-content\/uploads\/2025\/12\/Zdjecie-WhatsApp-2025-12-10-o-17.50.42_bca4b37a-768x576.jpg 768w, https:\/\/zs.gromnik.pl\/zs\/wp-content\/uploads\/2025\/12\/Zdjecie-WhatsApp-2025-12-10-o-17.50.42_bca4b37a-1536x1152.jpg 1536w, https:\/\/zs.gromnik.pl\/zs\/wp-content\/uploads\/2025\/12\/Zdjecie-WhatsApp-2025-12-10-o-17.50.42_bca4b37a-1140x855.jpg 1140w, https:\/\/zs.gromnik.pl\/zs\/wp-content\/uploads\/2025\/12\/Zdjecie-WhatsApp-2025-12-10-o-17.50.42_bca4b37a.jpg 1600w\" sizes=\"(max-width: 300px) 100vw, 300px\" \/><\/a>\n\t\t\t<\/div><\/figure>\n\t\t<\/div>\n\t\t<\/div>\n\t\t\t\t<\/div>\n\t\t\t\t<\/div>\n\t\t\t\t\t<\/div>\n\t\t<\/div>\n\t\t\t\t\t\t\t<\/div>\n\t\t<\/section>\n\t\t\t\t\t\t\t<\/div>\n\t\t","protected":false},"excerpt":{"rendered":"<p>Kwartet wokalny w sk\u0142adzie: Maria Baran, Antonina Broniec, Zuzanna Kurczab oraz Aleksandra W\u00f3jcik zaprezentowa\u0142 w \u017babnie XIX-wieczn\u0105 pastora\u0142k\u0119 a cappella \u201eHej, bracia, czy \u015bpicie?\u201d. Serdecznie gratulujemy dziewczynom i \u017cyczymy im dalszych sukces\u00f3w! http:\/\/zs.gromnik.pl\/zs\/wp-content\/uploads\/2025\/12\/Wideo-WhatsApp-2025-12-10-o-17.50.25_2e962c96.mp4<\/p>\n","protected":false},"author":1,"featured_media":19184,"comment_status":"closed","ping_status":"open","sticky":false,"template":"","format":"standard","meta":[],"categories":[3],"tags":[],"yoast_head":"<!-- This site is optimized with the Yoast SEO plugin v19.8 - https:\/\/yoast.com\/wordpress\/plugins\/seo\/ -->\n<title>I miejsce dla Kwartetu wokalnego w 30 Regionalnym Konkursie Kol\u0119d i Pastora\u0142ek w \u017babnie - Zesp\u00f3\u0142 Szk\u00f3\u0142 w Gromniku<\/title>\n<meta name=\"description\" content=\"Zesp\u00f3\u0142 Szk\u00f3\u0142 w Gromniku\" \/>\n<meta name=\"robots\" content=\"index, follow, max-snippet:-1, max-image-preview:large, max-video-preview:-1\" \/>\n<link rel=\"canonical\" href=\"https:\/\/zs.gromnik.pl\/zs\/i-miejsce-dla-kwartetu-wokalnego-w-30-regionalnym-konkursie-koled-i-pastoralek-w-zabnie\/\" \/>\n<meta property=\"og:locale\" content=\"pl_PL\" \/>\n<meta property=\"og:type\" content=\"article\" \/>\n<meta property=\"og:title\" content=\"I miejsce dla Kwartetu wokalnego w 30 Regionalnym Konkursie Kol\u0119d i Pastora\u0142ek w \u017babnie - Zesp\u00f3\u0142 Szk\u00f3\u0142 w Gromniku\" \/>\n<meta property=\"og:description\" content=\"Zesp\u00f3\u0142 Szk\u00f3\u0142 w Gromniku\" \/>\n<meta property=\"og:url\" content=\"https:\/\/zs.gromnik.pl\/zs\/i-miejsce-dla-kwartetu-wokalnego-w-30-regionalnym-konkursie-koled-i-pastoralek-w-zabnie\/\" \/>\n<meta property=\"og:site_name\" content=\"Zesp\u00f3\u0142 Szk\u00f3\u0142 w Gromniku\" \/>\n<meta property=\"article:publisher\" content=\"https:\/\/www.facebook.com\/zsgromnik\" \/>\n<meta property=\"article:published_time\" content=\"2025-12-11T06:01:26+00:00\" \/>\n<meta property=\"article:modified_time\" content=\"2025-12-11T06:08:03+00:00\" \/>\n<meta property=\"og:image\" content=\"https:\/\/zs.gromnik.pl\/zs\/wp-content\/uploads\/2025\/12\/lkjhbv.jpg\" \/>\n\t<meta property=\"og:image:width\" content=\"500\" \/>\n\t<meta property=\"og:image:height\" content=\"276\" \/>\n\t<meta property=\"og:image:type\" content=\"image\/jpeg\" \/>\n<meta name=\"author\" content=\"admin\" \/>\n<meta name=\"twitter:card\" content=\"summary_large_image\" \/>\n<meta name=\"twitter:label1\" content=\"Napisane przez\" \/>\n\t<meta name=\"twitter:data1\" content=\"admin\" \/>\n<script type=\"application\/ld+json\" class=\"yoast-schema-graph\">{\"@context\":\"https:\/\/schema.org\",\"@graph\":[{\"@type\":\"WebPage\",\"@id\":\"https:\/\/zs.gromnik.pl\/zs\/i-miejsce-dla-kwartetu-wokalnego-w-30-regionalnym-konkursie-koled-i-pastoralek-w-zabnie\/\",\"url\":\"https:\/\/zs.gromnik.pl\/zs\/i-miejsce-dla-kwartetu-wokalnego-w-30-regionalnym-konkursie-koled-i-pastoralek-w-zabnie\/\",\"name\":\"I miejsce dla Kwartetu wokalnego w 30 Regionalnym Konkursie Kol\u0119d i Pastora\u0142ek w \u017babnie - Zesp\u00f3\u0142 Szk\u00f3\u0142 w Gromniku\",\"isPartOf\":{\"@id\":\"https:\/\/zs.gromnik.pl\/zs\/#website\"},\"datePublished\":\"2025-12-11T06:01:26+00:00\",\"dateModified\":\"2025-12-11T06:08:03+00:00\",\"author\":{\"@id\":\"https:\/\/zs.gromnik.pl\/zs\/#\/schema\/person\/b197900f67c6133faddc284ae32f97ca\"},\"description\":\"Zesp\u00f3\u0142 Szk\u00f3\u0142 w Gromniku\",\"breadcrumb\":{\"@id\":\"https:\/\/zs.gromnik.pl\/zs\/i-miejsce-dla-kwartetu-wokalnego-w-30-regionalnym-konkursie-koled-i-pastoralek-w-zabnie\/#breadcrumb\"},\"inLanguage\":\"pl-PL\",\"potentialAction\":[{\"@type\":\"ReadAction\",\"target\":[\"https:\/\/zs.gromnik.pl\/zs\/i-miejsce-dla-kwartetu-wokalnego-w-30-regionalnym-konkursie-koled-i-pastoralek-w-zabnie\/\"]}]},{\"@type\":\"BreadcrumbList\",\"@id\":\"https:\/\/zs.gromnik.pl\/zs\/i-miejsce-dla-kwartetu-wokalnego-w-30-regionalnym-konkursie-koled-i-pastoralek-w-zabnie\/#breadcrumb\",\"itemListElement\":[{\"@type\":\"ListItem\",\"position\":1,\"name\":\"Strona g\u0142\u00f3wna\",\"item\":\"https:\/\/zs.gromnik.pl\/zs\/\"},{\"@type\":\"ListItem\",\"position\":2,\"name\":\"I miejsce dla Kwartetu wokalnego w 30 Regionalnym Konkursie Kol\u0119d i Pastora\u0142ek w \u017babnie\"}]},{\"@type\":\"WebSite\",\"@id\":\"https:\/\/zs.gromnik.pl\/zs\/#website\",\"url\":\"https:\/\/zs.gromnik.pl\/zs\/\",\"name\":\"Zesp\u00f3\u0142 Szk\u00f3\u0142 w Gromniku\",\"description\":\"\",\"potentialAction\":[{\"@type\":\"SearchAction\",\"target\":{\"@type\":\"EntryPoint\",\"urlTemplate\":\"https:\/\/zs.gromnik.pl\/zs\/?s={search_term_string}\"},\"query-input\":\"required name=search_term_string\"}],\"inLanguage\":\"pl-PL\"},{\"@type\":\"Person\",\"@id\":\"https:\/\/zs.gromnik.pl\/zs\/#\/schema\/person\/b197900f67c6133faddc284ae32f97ca\",\"name\":\"admin\",\"image\":{\"@type\":\"ImageObject\",\"inLanguage\":\"pl-PL\",\"@id\":\"https:\/\/zs.gromnik.pl\/zs\/#\/schema\/person\/image\/\",\"url\":\"https:\/\/secure.gravatar.com\/avatar\/f8a2f876dbcc8c8edd809a8ca77a2abe?s=96&d=mm&r=g\",\"contentUrl\":\"https:\/\/secure.gravatar.com\/avatar\/f8a2f876dbcc8c8edd809a8ca77a2abe?s=96&d=mm&r=g\",\"caption\":\"admin\"},\"url\":\"https:\/\/zs.gromnik.pl\/zs\/author\/admin\/\"}]}<\/script>\n<!-- \/ Yoast SEO plugin. -->","yoast_head_json":{"title":"I miejsce dla Kwartetu wokalnego w 30 Regionalnym Konkursie Kol\u0119d i Pastora\u0142ek w \u017babnie - Zesp\u00f3\u0142 Szk\u00f3\u0142 w Gromniku","description":"Zesp\u00f3\u0142 Szk\u00f3\u0142 w Gromniku","robots":{"index":"index","follow":"follow","max-snippet":"max-snippet:-1","max-image-preview":"max-image-preview:large","max-video-preview":"max-video-preview:-1"},"canonical":"https:\/\/zs.gromnik.pl\/zs\/i-miejsce-dla-kwartetu-wokalnego-w-30-regionalnym-konkursie-koled-i-pastoralek-w-zabnie\/","og_locale":"pl_PL","og_type":"article","og_title":"I miejsce dla Kwartetu wokalnego w 30 Regionalnym Konkursie Kol\u0119d i Pastora\u0142ek w \u017babnie - Zesp\u00f3\u0142 Szk\u00f3\u0142 w Gromniku","og_description":"Zesp\u00f3\u0142 Szk\u00f3\u0142 w Gromniku","og_url":"https:\/\/zs.gromnik.pl\/zs\/i-miejsce-dla-kwartetu-wokalnego-w-30-regionalnym-konkursie-koled-i-pastoralek-w-zabnie\/","og_site_name":"Zesp\u00f3\u0142 Szk\u00f3\u0142 w Gromniku","article_publisher":"https:\/\/www.facebook.com\/zsgromnik","article_published_time":"2025-12-11T06:01:26+00:00","article_modified_time":"2025-12-11T06:08:03+00:00","og_image":[{"width":500,"height":276,"url":"https:\/\/zs.gromnik.pl\/zs\/wp-content\/uploads\/2025\/12\/lkjhbv.jpg","type":"image\/jpeg"}],"author":"admin","twitter_card":"summary_large_image","twitter_misc":{"Napisane przez":"admin"},"schema":{"@context":"https:\/\/schema.org","@graph":[{"@type":"WebPage","@id":"https:\/\/zs.gromnik.pl\/zs\/i-miejsce-dla-kwartetu-wokalnego-w-30-regionalnym-konkursie-koled-i-pastoralek-w-zabnie\/","url":"https:\/\/zs.gromnik.pl\/zs\/i-miejsce-dla-kwartetu-wokalnego-w-30-regionalnym-konkursie-koled-i-pastoralek-w-zabnie\/","name":"I miejsce dla Kwartetu wokalnego w 30 Regionalnym Konkursie Kol\u0119d i Pastora\u0142ek w \u017babnie - Zesp\u00f3\u0142 Szk\u00f3\u0142 w Gromniku","isPartOf":{"@id":"https:\/\/zs.gromnik.pl\/zs\/#website"},"datePublished":"2025-12-11T06:01:26+00:00","dateModified":"2025-12-11T06:08:03+00:00","author":{"@id":"https:\/\/zs.gromnik.pl\/zs\/#\/schema\/person\/b197900f67c6133faddc284ae32f97ca"},"description":"Zesp\u00f3\u0142 Szk\u00f3\u0142 w Gromniku","breadcrumb":{"@id":"https:\/\/zs.gromnik.pl\/zs\/i-miejsce-dla-kwartetu-wokalnego-w-30-regionalnym-konkursie-koled-i-pastoralek-w-zabnie\/#breadcrumb"},"inLanguage":"pl-PL","potentialAction":[{"@type":"ReadAction","target":["https:\/\/zs.gromnik.pl\/zs\/i-miejsce-dla-kwartetu-wokalnego-w-30-regionalnym-konkursie-koled-i-pastoralek-w-zabnie\/"]}]},{"@type":"BreadcrumbList","@id":"https:\/\/zs.gromnik.pl\/zs\/i-miejsce-dla-kwartetu-wokalnego-w-30-regionalnym-konkursie-koled-i-pastoralek-w-zabnie\/#breadcrumb","itemListElement":[{"@type":"ListItem","position":1,"name":"Strona g\u0142\u00f3wna","item":"https:\/\/zs.gromnik.pl\/zs\/"},{"@type":"ListItem","position":2,"name":"I miejsce dla Kwartetu wokalnego w 30 Regionalnym Konkursie Kol\u0119d i Pastora\u0142ek w \u017babnie"}]},{"@type":"WebSite","@id":"https:\/\/zs.gromnik.pl\/zs\/#website","url":"https:\/\/zs.gromnik.pl\/zs\/","name":"Zesp\u00f3\u0142 Szk\u00f3\u0142 w Gromniku","description":"","potentialAction":[{"@type":"SearchAction","target":{"@type":"EntryPoint","urlTemplate":"https:\/\/zs.gromnik.pl\/zs\/?s={search_term_string}"},"query-input":"required name=search_term_string"}],"inLanguage":"pl-PL"},{"@type":"Person","@id":"https:\/\/zs.gromnik.pl\/zs\/#\/schema\/person\/b197900f67c6133faddc284ae32f97ca","name":"admin","image":{"@type":"ImageObject","inLanguage":"pl-PL","@id":"https:\/\/zs.gromnik.pl\/zs\/#\/schema\/person\/image\/","url":"https:\/\/secure.gravatar.com\/avatar\/f8a2f876dbcc8c8edd809a8ca77a2abe?s=96&d=mm&r=g","contentUrl":"https:\/\/secure.gravatar.com\/avatar\/f8a2f876dbcc8c8edd809a8ca77a2abe?s=96&d=mm&r=g","caption":"admin"},"url":"https:\/\/zs.gromnik.pl\/zs\/author\/admin\/"}]}},"_links":{"self":[{"href":"https:\/\/zs.gromnik.pl\/zs\/wp-json\/wp\/v2\/posts\/19178"}],"collection":[{"href":"https:\/\/zs.gromnik.pl\/zs\/wp-json\/wp\/v2\/posts"}],"about":[{"href":"https:\/\/zs.gromnik.pl\/zs\/wp-json\/wp\/v2\/types\/post"}],"author":[{"embeddable":true,"href":"https:\/\/zs.gromnik.pl\/zs\/wp-json\/wp\/v2\/users\/1"}],"replies":[{"embeddable":true,"href":"https:\/\/zs.gromnik.pl\/zs\/wp-json\/wp\/v2\/comments?post=19178"}],"version-history":[{"count":3,"href":"https:\/\/zs.gromnik.pl\/zs\/wp-json\/wp\/v2\/posts\/19178\/revisions"}],"predecessor-version":[{"id":19187,"href":"https:\/\/zs.gromnik.pl\/zs\/wp-json\/wp\/v2\/posts\/19178\/revisions\/19187"}],"wp:featuredmedia":[{"embeddable":true,"href":"https:\/\/zs.gromnik.pl\/zs\/wp-json\/wp\/v2\/media\/19184"}],"wp:attachment":[{"href":"https:\/\/zs.gromnik.pl\/zs\/wp-json\/wp\/v2\/media?parent=19178"}],"wp:term":[{"taxonomy":"category","embeddable":true,"href":"https:\/\/zs.gromnik.pl\/zs\/wp-json\/wp\/v2\/categories?post=19178"},{"taxonomy":"post_tag","embeddable":true,"href":"https:\/\/zs.gromnik.pl\/zs\/wp-json\/wp\/v2\/tags?post=19178"}],"curies":[{"name":"wp","href":"https:\/\/api.w.org\/{rel}","templated":true}]}}