{"id":19231,"date":"2025-12-14T10:55:44","date_gmt":"2025-12-14T09:55:44","guid":{"rendered":"https:\/\/zs.gromnik.pl\/zs\/?p=19231"},"modified":"2025-12-14T10:56:08","modified_gmt":"2025-12-14T09:56:08","slug":"kolejny-sukces-naszej-uczennicy-ii-miejsce-w-xiii-powiatowym-konkursie-koledi-pastoralek-niemieckojezycznych","status":"publish","type":"post","link":"https:\/\/zs.gromnik.pl\/zs\/kolejny-sukces-naszej-uczennicy-ii-miejsce-w-xiii-powiatowym-konkursie-koledi-pastoralek-niemieckojezycznych\/","title":{"rendered":"<strong>Kolejny sukces naszej uczennicy \u2013 II miejsce w XIII Powiatowym Konkursie Kol\u0119d<br>i Pastora\u0142ek Niemieckoj\u0119zycznych<\/strong>"},"content":{"rendered":"\t\t<div data-elementor-type=\"wp-post\" data-elementor-id=\"19231\" class=\"elementor elementor-19231\">\n\t\t\t\t\t\t\t\t\t<section class=\"elementor-section elementor-top-section elementor-element elementor-element-7a5ab3b elementor-section-boxed elementor-section-height-default elementor-section-height-default\" data-id=\"7a5ab3b\" data-element_type=\"section\">\n\t\t\t\t\t\t<div class=\"elementor-container elementor-column-gap-default\">\n\t\t\t\t\t<div class=\"elementor-column elementor-col-100 elementor-top-column elementor-element elementor-element-49c04b2\" data-id=\"49c04b2\" data-element_type=\"column\">\n\t\t\t<div class=\"elementor-widget-wrap elementor-element-populated\">\n\t\t\t\t\t\t\t\t<div class=\"elementor-element elementor-element-6be374b elementor-widget elementor-widget-text-editor\" data-id=\"6be374b\" data-element_type=\"widget\" data-widget_type=\"text-editor.default\">\n\t\t\t\t<div class=\"elementor-widget-container\">\n\t\t\t\t\t\t\t<p>W Gminnym Centrum Kultury i Bibliotek w Gromniku odby\u0142 si\u0119 10 grudnia 2025r. XIII Powiatowy Konkurs Kol\u0119d Niemieckoj\u0119zycznych dla uczni\u00f3w szk\u00f3\u0142 podstawowych. Wydarzenie zgromadzi\u0142o m\u0142odych wokalist\u00f3w z ca\u0142ego powiatu. <br \/>W kategorii klas <strong>IV\u2013VI<\/strong> wyst\u0105pi\u0142o <strong>16 uczestnik\u00f3w<\/strong>, natomiast w kategorii <strong>VII\u2013VIII<\/strong> zaprezentowa\u0142o si\u0119 <strong>27 uczni\u00f3w<\/strong>.<\/p><p>Organizatorami konkursu byli <strong>Zesp\u00f3\u0142 Szk\u00f3\u0142 w Gromniku<\/strong> oraz <strong>GCKiB w Gromniku<\/strong>, Polskie Stowarzyszenie nauczycieli J\u0119zyka Niemieckiego \u2013 Oddzia\u0142 Tarn\u00f3w, a sponsorem nagr\u00f3d by\u0142o <strong>Starostwo Powiatowe w Tarnowie<\/strong><strong>.<\/strong> Tegoroczny konkurs zosta\u0142 obj\u0119ty honorowym patronatem <strong>Starosty Tarnowskiego<\/strong>, co dodatkowo podkre\u015bli\u0142o rang\u0119 wydarzenia. Do konkursu zg\u0142osi\u0142o si\u0119 20 szk\u00f3\u0142 z powiatu tarnowskiego:<\/p><ol><li>Publiczna Szko\u0142a Podstawowa im. B\u0142. Karoliny K\u00f3zki w Czermnej<\/li><li>SP K\u0105\u015bna Dolna<\/li><li>Szko\u0142a Podstawowa nr 2 im. Stanis\u0142awa Konarskiego w Tarnowie<\/li><li>Niepubliczna Szko\u0142a Podstawowa w P\u0142awnej<\/li><li>Szko\u0142a im. o. Zbigniewa Strza\u0142kowskiego w Zawadzie<\/li><li>Zesp\u00f3\u0142 Szkolno &#8211; Przedszkolny w Ci\u0119\u017ckowicach<\/li><li>Szko\u0142a Podstawowa nr 1 im. Armii Krajowej w Szynwa\u0142dzie<\/li><li>Szko\u0142a Podstawowa nr 8 im. K. K. Baczy\u0144skiego w Tarnowie<\/li><li>im. Stanis\u0142awa Wyspia\u0144skiego w \u017babnie<\/li><li>Szko\u0142a Podstawowa im. Batalionu Barbara AK w Paw\u0119zowie<\/li><li>Zesp\u00f3\u0142 Szkolno-Przedszkolny w Zalasowej<\/li><li>Szko\u0142a Podstawowa Nr 24 z Oddzia\u0142ami Dwuj\u0119zycznymi im. Miko\u0142aja Kopernika<\/li><li>Szko\u0142a Podstawowa im. W. Witosa w Gromniku<\/li><li>SP w Boguszy<\/li><li>Szko\u0142a Podstawowa im. Marii Konopnickiej<\/li><li>Zesp\u00f3\u0142 Szkolno-Przedszkolny w Piotrkowicach<\/li><li>Szko\u0142a Podstawowa im. Stefana Batorego W Siekierczynie<\/li><li>Szko\u0142a Podstawowa im. \u015aw. Jana Paw\u0142a II w Rzepienniku Marciszewskim<\/li><li>Szko\u0142a Podstawowa im. ks. Kardyna\u0142a Stefana Wyszy\u0144skiego w Brzozowej<\/li><li>Szko\u0142a Podstawowa w Karwodrzy<\/li><\/ol><p>\u00a0<\/p><p>Uczestnicy przygotowali pi\u0119kne interpretacje tradycyjnych kol\u0119d w j\u0119zyku niemieckim, wykazuj\u0105c si\u0119 nie tylko umiej\u0119tno\u015bciami wokalnymi, lecz tak\u017ce du\u017c\u0105 staranno\u015bci\u0105 j\u0119zykow\u0105. Atmosfera wydarzenia by\u0142a pe\u0142na \u015bwi\u0105tecznej rado\u015bci, a wysoki poziom wyst\u0119p\u00f3w zachwyci\u0142 zar\u00f3wno publiczno\u015b\u0107, jak i jury.<\/p><p>Laureaci w poszczeg\u00f3lnych kategoriach:<\/p><p><strong>Uczniowie klas IV-VI<\/strong><\/p><p><strong>I miejsce<\/strong> Franciszek Skicki\u00a0 &#8211; SP im. M. Konopnickiej w Zaczarniu<\/p><p><strong>II miejsce<\/strong> Antonina Broniec \u2013 SP im. W. Witosa w Gromniku<\/p><p><strong>II miejsce<\/strong> Wiktoria Nosal \u2013 SP w K\u0105\u015bnej Dolnej<\/p><p><strong>III miejsce<\/strong> Piotr Ma\u0142ek \u2013 SP im. Batalionu Barbara AK w Paw\u0119zowie<\/p><p>Wyr\u00f3\u017cnienia:<\/p><p>Faustyna Wi\u015bniewska \u2013 SP im. S. Batorego w Siekierczynie<\/p><p>Lilianna Prusak \u2013 SP nr 24 z Oddzia\u0142ami Dwuj\u0119zycznymi im. M. Kopernika w |Tarnowie<\/p><p><strong>Uczniowie klas VII-VIII<\/strong><\/p><p><strong>I miejsce<\/strong> Kornelia W\u00f3jcik &#8211; Zesp\u00f3\u0142 Szkolno-Przedszkolny w Piotrkowicach<\/p><p><strong>II miejsce<\/strong> Szymon Mitoraj &#8211; Publiczna Szko\u0142a Podstawowa im. B\u0142. Karoliny K\u00f3zki w Czermnej<\/p><p><strong>II miejsce<\/strong> Rita Por\u0119ba &#8211; SP\u00a0 Boguszy<\/p><p><strong>III miejsce<\/strong> Gabriela \u0141\u0119gowska \u2013 SP im. Marii Konopnickiej w Zaczarniu<\/p><p>\u00a0<\/p><p>Wyr\u00f3\u017cnienia:<\/p><p>Zuzanna Lechowicz &#8211; SP. im. Stanis\u0142awa Wyspia\u0144skiego w \u017babnie<\/p><p>Oliwia Bry\u0142a \u2013 SP im. Batalionu Barbara AK w Paw\u0119zowie<\/p><p>Martyna Marsza\u0142ek &#8211; SP im. Marii Konopnickiej w Zaczarniu<\/p><p>Amelia Kara\u015b &#8211; SP nr 1 im. Armii Krajowej w Szynwa\u0142dzie<\/p><p>\u00a0<\/p><p>Gratulujemy wykonawcom i dzi\u0119kujemy organizatorom za przygotowanie tego wyj\u0105tkowego wydarzenia.<\/p><p style=\"text-align: right;\">Ma\u0142gorzata Czesak<\/p>\t\t\t\t\t\t<\/div>\n\t\t\t\t<\/div>\n\t\t\t\t\t<\/div>\n\t\t<\/div>\n\t\t\t\t\t\t\t<\/div>\n\t\t<\/section>\n\t\t\t\t<section class=\"elementor-section elementor-top-section elementor-element elementor-element-1e6e3fe elementor-section-boxed elementor-section-height-default elementor-section-height-default\" data-id=\"1e6e3fe\" data-element_type=\"section\">\n\t\t\t\t\t\t<div class=\"elementor-container elementor-column-gap-default\">\n\t\t\t\t\t<div class=\"elementor-column elementor-col-100 elementor-top-column elementor-element elementor-element-c7b044b\" data-id=\"c7b044b\" data-element_type=\"column\">\n\t\t\t<div class=\"elementor-widget-wrap elementor-element-populated\">\n\t\t\t\t\t\t\t\t<div class=\"elementor-element elementor-element-ef12746 elementor-widget elementor-widget-image-gallery\" data-id=\"ef12746\" data-element_type=\"widget\" data-widget_type=\"image-gallery.default\">\n\t\t\t\t<div class=\"elementor-widget-container\">\n\t\t\t\t\t<div class=\"elementor-image-gallery\">\n\t\t\t<div id='gallery-1' class='gallery galleryid-19231 gallery-columns-4 gallery-size-medium'><figure class='gallery-item'>\n\t\t\t<div class='gallery-icon portrait'>\n\t\t\t\t<a data-elementor-open-lightbox=\"yes\" data-elementor-lightbox-slideshow=\"ef12746\" data-elementor-lightbox-title=\"29effb6c-e526-448a-ad54-c4c90519ae7a\" e-action-hash=\"#elementor-action%3Aaction%3Dlightbox%26settings%3DeyJpZCI6MTkyMzIsInVybCI6Imh0dHBzOlwvXC96cy5ncm9tbmlrLnBsXC96c1wvd3AtY29udGVudFwvdXBsb2Fkc1wvMjAyNVwvMTJcLzI5ZWZmYjZjLWU1MjYtNDQ4YS1hZDU0LWM0YzkwNTE5YWU3YS5qcGciLCJzbGlkZXNob3ciOiJlZjEyNzQ2In0%3D\" href='https:\/\/zs.gromnik.pl\/zs\/wp-content\/uploads\/2025\/12\/29effb6c-e526-448a-ad54-c4c90519ae7a.jpg'><img width=\"225\" height=\"300\" src=\"https:\/\/zs.gromnik.pl\/zs\/wp-content\/uploads\/2025\/12\/29effb6c-e526-448a-ad54-c4c90519ae7a-225x300.jpg\" class=\"attachment-medium size-medium\" alt=\"\" loading=\"lazy\" srcset=\"https:\/\/zs.gromnik.pl\/zs\/wp-content\/uploads\/2025\/12\/29effb6c-e526-448a-ad54-c4c90519ae7a-225x300.jpg 225w, https:\/\/zs.gromnik.pl\/zs\/wp-content\/uploads\/2025\/12\/29effb6c-e526-448a-ad54-c4c90519ae7a-768x1024.jpg 768w, https:\/\/zs.gromnik.pl\/zs\/wp-content\/uploads\/2025\/12\/29effb6c-e526-448a-ad54-c4c90519ae7a-1152x1536.jpg 1152w, https:\/\/zs.gromnik.pl\/zs\/wp-content\/uploads\/2025\/12\/29effb6c-e526-448a-ad54-c4c90519ae7a-1140x1520.jpg 1140w, https:\/\/zs.gromnik.pl\/zs\/wp-content\/uploads\/2025\/12\/29effb6c-e526-448a-ad54-c4c90519ae7a.jpg 1536w\" sizes=\"(max-width: 225px) 100vw, 225px\" \/><\/a>\n\t\t\t<\/div><\/figure><figure class='gallery-item'>\n\t\t\t<div class='gallery-icon landscape'>\n\t\t\t\t<a data-elementor-open-lightbox=\"yes\" data-elementor-lightbox-slideshow=\"ef12746\" data-elementor-lightbox-title=\"38dfbfa7-e505-44f1-98d3-6b9098e6c3b7\" e-action-hash=\"#elementor-action%3Aaction%3Dlightbox%26settings%3DeyJpZCI6MTkyMzMsInVybCI6Imh0dHBzOlwvXC96cy5ncm9tbmlrLnBsXC96c1wvd3AtY29udGVudFwvdXBsb2Fkc1wvMjAyNVwvMTJcLzM4ZGZiZmE3LWU1MDUtNDRmMS05OGQzLTZiOTA5OGU2YzNiNy5qcGciLCJzbGlkZXNob3ciOiJlZjEyNzQ2In0%3D\" href='https:\/\/zs.gromnik.pl\/zs\/wp-content\/uploads\/2025\/12\/38dfbfa7-e505-44f1-98d3-6b9098e6c3b7.jpg'><img width=\"300\" height=\"225\" src=\"https:\/\/zs.gromnik.pl\/zs\/wp-content\/uploads\/2025\/12\/38dfbfa7-e505-44f1-98d3-6b9098e6c3b7-300x225.jpg\" class=\"attachment-medium size-medium\" alt=\"\" loading=\"lazy\" srcset=\"https:\/\/zs.gromnik.pl\/zs\/wp-content\/uploads\/2025\/12\/38dfbfa7-e505-44f1-98d3-6b9098e6c3b7-300x225.jpg 300w, https:\/\/zs.gromnik.pl\/zs\/wp-content\/uploads\/2025\/12\/38dfbfa7-e505-44f1-98d3-6b9098e6c3b7-1024x768.jpg 1024w, https:\/\/zs.gromnik.pl\/zs\/wp-content\/uploads\/2025\/12\/38dfbfa7-e505-44f1-98d3-6b9098e6c3b7-768x576.jpg 768w, https:\/\/zs.gromnik.pl\/zs\/wp-content\/uploads\/2025\/12\/38dfbfa7-e505-44f1-98d3-6b9098e6c3b7-1536x1152.jpg 1536w, https:\/\/zs.gromnik.pl\/zs\/wp-content\/uploads\/2025\/12\/38dfbfa7-e505-44f1-98d3-6b9098e6c3b7-1140x855.jpg 1140w, https:\/\/zs.gromnik.pl\/zs\/wp-content\/uploads\/2025\/12\/38dfbfa7-e505-44f1-98d3-6b9098e6c3b7.jpg 2048w\" sizes=\"(max-width: 300px) 100vw, 300px\" \/><\/a>\n\t\t\t<\/div><\/figure><figure class='gallery-item'>\n\t\t\t<div class='gallery-icon portrait'>\n\t\t\t\t<a data-elementor-open-lightbox=\"yes\" data-elementor-lightbox-slideshow=\"ef12746\" data-elementor-lightbox-title=\"91a90d58-dfcb-41e7-b3ae-4ae29169d3e1\" e-action-hash=\"#elementor-action%3Aaction%3Dlightbox%26settings%3DeyJpZCI6MTkyMzQsInVybCI6Imh0dHBzOlwvXC96cy5ncm9tbmlrLnBsXC96c1wvd3AtY29udGVudFwvdXBsb2Fkc1wvMjAyNVwvMTJcLzkxYTkwZDU4LWRmY2ItNDFlNy1iM2FlLTRhZTI5MTY5ZDNlMS5qcGciLCJzbGlkZXNob3ciOiJlZjEyNzQ2In0%3D\" href='https:\/\/zs.gromnik.pl\/zs\/wp-content\/uploads\/2025\/12\/91a90d58-dfcb-41e7-b3ae-4ae29169d3e1.jpg'><img width=\"225\" height=\"300\" src=\"https:\/\/zs.gromnik.pl\/zs\/wp-content\/uploads\/2025\/12\/91a90d58-dfcb-41e7-b3ae-4ae29169d3e1-225x300.jpg\" class=\"attachment-medium size-medium\" alt=\"\" loading=\"lazy\" srcset=\"https:\/\/zs.gromnik.pl\/zs\/wp-content\/uploads\/2025\/12\/91a90d58-dfcb-41e7-b3ae-4ae29169d3e1-225x300.jpg 225w, https:\/\/zs.gromnik.pl\/zs\/wp-content\/uploads\/2025\/12\/91a90d58-dfcb-41e7-b3ae-4ae29169d3e1-768x1024.jpg 768w, https:\/\/zs.gromnik.pl\/zs\/wp-content\/uploads\/2025\/12\/91a90d58-dfcb-41e7-b3ae-4ae29169d3e1-1152x1536.jpg 1152w, https:\/\/zs.gromnik.pl\/zs\/wp-content\/uploads\/2025\/12\/91a90d58-dfcb-41e7-b3ae-4ae29169d3e1-1140x1520.jpg 1140w, https:\/\/zs.gromnik.pl\/zs\/wp-content\/uploads\/2025\/12\/91a90d58-dfcb-41e7-b3ae-4ae29169d3e1.jpg 1536w\" sizes=\"(max-width: 225px) 100vw, 225px\" \/><\/a>\n\t\t\t<\/div><\/figure><figure class='gallery-item'>\n\t\t\t<div class='gallery-icon portrait'>\n\t\t\t\t<a data-elementor-open-lightbox=\"yes\" data-elementor-lightbox-slideshow=\"ef12746\" data-elementor-lightbox-title=\"98b04ab9-df03-4dd3-a5d9-9dff37dbe14c\" e-action-hash=\"#elementor-action%3Aaction%3Dlightbox%26settings%3DeyJpZCI6MTkyMzUsInVybCI6Imh0dHBzOlwvXC96cy5ncm9tbmlrLnBsXC96c1wvd3AtY29udGVudFwvdXBsb2Fkc1wvMjAyNVwvMTJcLzk4YjA0YWI5LWRmMDMtNGRkMy1hNWQ5LTlkZmYzN2RiZTE0Yy5qcGciLCJzbGlkZXNob3ciOiJlZjEyNzQ2In0%3D\" href='https:\/\/zs.gromnik.pl\/zs\/wp-content\/uploads\/2025\/12\/98b04ab9-df03-4dd3-a5d9-9dff37dbe14c.jpg'><img width=\"225\" height=\"300\" src=\"https:\/\/zs.gromnik.pl\/zs\/wp-content\/uploads\/2025\/12\/98b04ab9-df03-4dd3-a5d9-9dff37dbe14c-225x300.jpg\" class=\"attachment-medium size-medium\" alt=\"\" loading=\"lazy\" srcset=\"https:\/\/zs.gromnik.pl\/zs\/wp-content\/uploads\/2025\/12\/98b04ab9-df03-4dd3-a5d9-9dff37dbe14c-225x300.jpg 225w, https:\/\/zs.gromnik.pl\/zs\/wp-content\/uploads\/2025\/12\/98b04ab9-df03-4dd3-a5d9-9dff37dbe14c-768x1024.jpg 768w, https:\/\/zs.gromnik.pl\/zs\/wp-content\/uploads\/2025\/12\/98b04ab9-df03-4dd3-a5d9-9dff37dbe14c-1152x1536.jpg 1152w, https:\/\/zs.gromnik.pl\/zs\/wp-content\/uploads\/2025\/12\/98b04ab9-df03-4dd3-a5d9-9dff37dbe14c-1140x1520.jpg 1140w, https:\/\/zs.gromnik.pl\/zs\/wp-content\/uploads\/2025\/12\/98b04ab9-df03-4dd3-a5d9-9dff37dbe14c.jpg 1536w\" sizes=\"(max-width: 225px) 100vw, 225px\" \/><\/a>\n\t\t\t<\/div><\/figure><figure class='gallery-item'>\n\t\t\t<div class='gallery-icon landscape'>\n\t\t\t\t<a data-elementor-open-lightbox=\"yes\" data-elementor-lightbox-slideshow=\"ef12746\" data-elementor-lightbox-title=\"e2a08ef9-d105-4ed0-8dea-4e9ae2abfaa5\" e-action-hash=\"#elementor-action%3Aaction%3Dlightbox%26settings%3DeyJpZCI6MTkyMzYsInVybCI6Imh0dHBzOlwvXC96cy5ncm9tbmlrLnBsXC96c1wvd3AtY29udGVudFwvdXBsb2Fkc1wvMjAyNVwvMTJcL2UyYTA4ZWY5LWQxMDUtNGVkMC04ZGVhLTRlOWFlMmFiZmFhNS5qcGciLCJzbGlkZXNob3ciOiJlZjEyNzQ2In0%3D\" href='https:\/\/zs.gromnik.pl\/zs\/wp-content\/uploads\/2025\/12\/e2a08ef9-d105-4ed0-8dea-4e9ae2abfaa5.jpg'><img width=\"300\" height=\"225\" src=\"https:\/\/zs.gromnik.pl\/zs\/wp-content\/uploads\/2025\/12\/e2a08ef9-d105-4ed0-8dea-4e9ae2abfaa5-300x225.jpg\" class=\"attachment-medium size-medium\" alt=\"\" loading=\"lazy\" srcset=\"https:\/\/zs.gromnik.pl\/zs\/wp-content\/uploads\/2025\/12\/e2a08ef9-d105-4ed0-8dea-4e9ae2abfaa5-300x225.jpg 300w, https:\/\/zs.gromnik.pl\/zs\/wp-content\/uploads\/2025\/12\/e2a08ef9-d105-4ed0-8dea-4e9ae2abfaa5-1024x768.jpg 1024w, https:\/\/zs.gromnik.pl\/zs\/wp-content\/uploads\/2025\/12\/e2a08ef9-d105-4ed0-8dea-4e9ae2abfaa5-768x576.jpg 768w, https:\/\/zs.gromnik.pl\/zs\/wp-content\/uploads\/2025\/12\/e2a08ef9-d105-4ed0-8dea-4e9ae2abfaa5-1536x1152.jpg 1536w, https:\/\/zs.gromnik.pl\/zs\/wp-content\/uploads\/2025\/12\/e2a08ef9-d105-4ed0-8dea-4e9ae2abfaa5-1140x855.jpg 1140w, https:\/\/zs.gromnik.pl\/zs\/wp-content\/uploads\/2025\/12\/e2a08ef9-d105-4ed0-8dea-4e9ae2abfaa5.jpg 2048w\" sizes=\"(max-width: 300px) 100vw, 300px\" \/><\/a>\n\t\t\t<\/div><\/figure><figure class='gallery-item'>\n\t\t\t<div class='gallery-icon landscape'>\n\t\t\t\t<a data-elementor-open-lightbox=\"yes\" data-elementor-lightbox-slideshow=\"ef12746\" data-elementor-lightbox-title=\"e5d73aae-10f6-4479-9592-389e31f9854c\" e-action-hash=\"#elementor-action%3Aaction%3Dlightbox%26settings%3DeyJpZCI6MTkyMzcsInVybCI6Imh0dHBzOlwvXC96cy5ncm9tbmlrLnBsXC96c1wvd3AtY29udGVudFwvdXBsb2Fkc1wvMjAyNVwvMTJcL2U1ZDczYWFlLTEwZjYtNDQ3OS05NTkyLTM4OWUzMWY5ODU0Yy5qcGciLCJzbGlkZXNob3ciOiJlZjEyNzQ2In0%3D\" href='https:\/\/zs.gromnik.pl\/zs\/wp-content\/uploads\/2025\/12\/e5d73aae-10f6-4479-9592-389e31f9854c.jpg'><img width=\"300\" height=\"225\" src=\"https:\/\/zs.gromnik.pl\/zs\/wp-content\/uploads\/2025\/12\/e5d73aae-10f6-4479-9592-389e31f9854c-300x225.jpg\" class=\"attachment-medium size-medium\" alt=\"\" loading=\"lazy\" srcset=\"https:\/\/zs.gromnik.pl\/zs\/wp-content\/uploads\/2025\/12\/e5d73aae-10f6-4479-9592-389e31f9854c-300x225.jpg 300w, https:\/\/zs.gromnik.pl\/zs\/wp-content\/uploads\/2025\/12\/e5d73aae-10f6-4479-9592-389e31f9854c-1024x768.jpg 1024w, https:\/\/zs.gromnik.pl\/zs\/wp-content\/uploads\/2025\/12\/e5d73aae-10f6-4479-9592-389e31f9854c-768x576.jpg 768w, https:\/\/zs.gromnik.pl\/zs\/wp-content\/uploads\/2025\/12\/e5d73aae-10f6-4479-9592-389e31f9854c-1536x1152.jpg 1536w, https:\/\/zs.gromnik.pl\/zs\/wp-content\/uploads\/2025\/12\/e5d73aae-10f6-4479-9592-389e31f9854c-1140x855.jpg 1140w, https:\/\/zs.gromnik.pl\/zs\/wp-content\/uploads\/2025\/12\/e5d73aae-10f6-4479-9592-389e31f9854c.jpg 1600w\" sizes=\"(max-width: 300px) 100vw, 300px\" \/><\/a>\n\t\t\t<\/div><\/figure><figure class='gallery-item'>\n\t\t\t<div class='gallery-icon landscape'>\n\t\t\t\t<a data-elementor-open-lightbox=\"yes\" data-elementor-lightbox-slideshow=\"ef12746\" data-elementor-lightbox-title=\"f9f1fb35-f242-4743-9a90-69ef0189d7d6\" e-action-hash=\"#elementor-action%3Aaction%3Dlightbox%26settings%3DeyJpZCI6MTkyMzgsInVybCI6Imh0dHBzOlwvXC96cy5ncm9tbmlrLnBsXC96c1wvd3AtY29udGVudFwvdXBsb2Fkc1wvMjAyNVwvMTJcL2Y5ZjFmYjM1LWYyNDItNDc0My05YTkwLTY5ZWYwMTg5ZDdkNi5qcGciLCJzbGlkZXNob3ciOiJlZjEyNzQ2In0%3D\" href='https:\/\/zs.gromnik.pl\/zs\/wp-content\/uploads\/2025\/12\/f9f1fb35-f242-4743-9a90-69ef0189d7d6.jpg'><img width=\"300\" height=\"225\" src=\"https:\/\/zs.gromnik.pl\/zs\/wp-content\/uploads\/2025\/12\/f9f1fb35-f242-4743-9a90-69ef0189d7d6-300x225.jpg\" class=\"attachment-medium size-medium\" alt=\"\" loading=\"lazy\" srcset=\"https:\/\/zs.gromnik.pl\/zs\/wp-content\/uploads\/2025\/12\/f9f1fb35-f242-4743-9a90-69ef0189d7d6-300x225.jpg 300w, https:\/\/zs.gromnik.pl\/zs\/wp-content\/uploads\/2025\/12\/f9f1fb35-f242-4743-9a90-69ef0189d7d6-1024x768.jpg 1024w, https:\/\/zs.gromnik.pl\/zs\/wp-content\/uploads\/2025\/12\/f9f1fb35-f242-4743-9a90-69ef0189d7d6-768x576.jpg 768w, https:\/\/zs.gromnik.pl\/zs\/wp-content\/uploads\/2025\/12\/f9f1fb35-f242-4743-9a90-69ef0189d7d6-1536x1152.jpg 1536w, https:\/\/zs.gromnik.pl\/zs\/wp-content\/uploads\/2025\/12\/f9f1fb35-f242-4743-9a90-69ef0189d7d6-1140x855.jpg 1140w, https:\/\/zs.gromnik.pl\/zs\/wp-content\/uploads\/2025\/12\/f9f1fb35-f242-4743-9a90-69ef0189d7d6.jpg 2048w\" sizes=\"(max-width: 300px) 100vw, 300px\" \/><\/a>\n\t\t\t<\/div><\/figure>\n\t\t<\/div>\n\t\t<\/div>\n\t\t\t\t<\/div>\n\t\t\t\t<\/div>\n\t\t\t\t\t<\/div>\n\t\t<\/div>\n\t\t\t\t\t\t\t<\/div>\n\t\t<\/section>\n\t\t\t\t\t\t\t<\/div>\n\t\t","protected":false},"excerpt":{"rendered":"<p>W Gminnym Centrum Kultury i Bibliotek w Gromniku odby\u0142 si\u0119 10 grudnia 2025r. XIII Powiatowy Konkurs Kol\u0119d Niemieckoj\u0119zycznych dla uczni\u00f3w szk\u00f3\u0142 podstawowych. Wydarzenie zgromadzi\u0142o m\u0142odych wokalist\u00f3w z ca\u0142ego powiatu. W kategorii klas IV\u2013VI wyst\u0105pi\u0142o 16 uczestnik\u00f3w, natomiast w kategorii VII\u2013VIII zaprezentowa\u0142o si\u0119 27 uczni\u00f3w. Organizatorami konkursu byli Zesp\u00f3\u0142 Szk\u00f3\u0142 w Gromniku oraz GCKiB w Gromniku, Polskie Stowarzyszenie nauczycieli J\u0119zyka Niemieckiego \u2013 Oddzia\u0142 Tarn\u00f3w, a sponsorem nagr\u00f3d by\u0142o Starostwo Powiatowe w Tarnowie. Tegoroczny konkurs zosta\u0142 obj\u0119ty honorowym patronatem Starosty Tarnowskiego, co dodatkowo podkre\u015bli\u0142o rang\u0119 wydarzenia. Do konkursu zg\u0142osi\u0142o si\u0119 20 szk\u00f3\u0142 z powiatu tarnowskiego: Publiczna Szko\u0142a Podstawowa im. B\u0142. Karoliny K\u00f3zki w Czermnej SP K\u0105\u015bna Dolna Szko\u0142a Podstawowa nr 2 im. Stanis\u0142awa Konarskiego w Tarnowie Niepubliczna Szko\u0142a Podstawowa w P\u0142awnej Szko\u0142a im. o. Zbigniewa Strza\u0142kowskiego w Zawadzie Zesp\u00f3\u0142 Szkolno &#8211; Przedszkolny w Ci\u0119\u017ckowicach Szko\u0142a Podstawowa nr 1 im. Armii Krajowej w Szynwa\u0142dzie Szko\u0142a Podstawowa nr 8 im. K. K. Baczy\u0144skiego w Tarnowie im. Stanis\u0142awa Wyspia\u0144skiego w \u017babnie Szko\u0142a Podstawowa im. Batalionu Barbara AK w Paw\u0119zowie Zesp\u00f3\u0142 Szkolno-Przedszkolny w Zalasowej Szko\u0142a Podstawowa Nr 24 z Oddzia\u0142ami Dwuj\u0119zycznymi im. Miko\u0142aja Kopernika Szko\u0142a Podstawowa im. W. Witosa w Gromniku SP w Boguszy Szko\u0142a Podstawowa im. Marii Konopnickiej Zesp\u00f3\u0142 Szkolno-Przedszkolny w Piotrkowicach Szko\u0142a Podstawowa im. Stefana Batorego W Siekierczynie Szko\u0142a Podstawowa im. \u015aw. Jana Paw\u0142a II w Rzepienniku Marciszewskim Szko\u0142a Podstawowa im. ks. Kardyna\u0142a Stefana Wyszy\u0144skiego w Brzozowej Szko\u0142a Podstawowa w Karwodrzy \u00a0 Uczestnicy przygotowali pi\u0119kne interpretacje tradycyjnych kol\u0119d w j\u0119zyku niemieckim, wykazuj\u0105c si\u0119 nie tylko umiej\u0119tno\u015bciami wokalnymi, lecz tak\u017ce du\u017c\u0105 staranno\u015bci\u0105 j\u0119zykow\u0105. Atmosfera wydarzenia by\u0142a pe\u0142na \u015bwi\u0105tecznej rado\u015bci, a wysoki poziom wyst\u0119p\u00f3w zachwyci\u0142 zar\u00f3wno publiczno\u015b\u0107, jak i jury. Laureaci w poszczeg\u00f3lnych kategoriach: Uczniowie klas IV-VI I miejsce Franciszek Skicki\u00a0 &#8211; SP im. M. Konopnickiej w Zaczarniu II miejsce Antonina Broniec \u2013 SP im. W. Witosa w Gromniku II miejsce Wiktoria Nosal \u2013 SP w K\u0105\u015bnej Dolnej III miejsce Piotr Ma\u0142ek \u2013 SP im. Batalionu Barbara AK w Paw\u0119zowie Wyr\u00f3\u017cnienia: Faustyna Wi\u015bniewska \u2013 SP im. S. Batorego w Siekierczynie Lilianna Prusak \u2013 SP nr 24 z Oddzia\u0142ami Dwuj\u0119zycznymi im. M. Kopernika w |Tarnowie Uczniowie klas VII-VIII I miejsce Kornelia W\u00f3jcik &#8211; Zesp\u00f3\u0142 Szkolno-Przedszkolny w Piotrkowicach II miejsce Szymon Mitoraj &#8211; Publiczna Szko\u0142a Podstawowa im. B\u0142. Karoliny K\u00f3zki w Czermnej II miejsce Rita Por\u0119ba &#8211; SP\u00a0 Boguszy III miejsce Gabriela \u0141\u0119gowska \u2013 SP im. Marii Konopnickiej w Zaczarniu \u00a0 Wyr\u00f3\u017cnienia: Zuzanna Lechowicz &#8211; SP. im. Stanis\u0142awa Wyspia\u0144skiego w \u017babnie Oliwia Bry\u0142a \u2013 SP im. Batalionu Barbara AK w Paw\u0119zowie Martyna Marsza\u0142ek &#8211; SP im. Marii Konopnickiej w Zaczarniu Amelia Kara\u015b &#8211; SP nr 1 im. Armii Krajowej w Szynwa\u0142dzie \u00a0 Gratulujemy wykonawcom i dzi\u0119kujemy organizatorom za przygotowanie tego wyj\u0105tkowego wydarzenia. Ma\u0142gorzata Czesak<\/p>\n","protected":false},"author":1,"featured_media":19240,"comment_status":"closed","ping_status":"open","sticky":false,"template":"","format":"standard","meta":[],"categories":[3],"tags":[],"yoast_head":"<!-- This site is optimized with the Yoast SEO plugin v19.8 - https:\/\/yoast.com\/wordpress\/plugins\/seo\/ -->\n<title>Kolejny sukces naszej uczennicy \u2013 II miejsce w XIII Powiatowym Konkursie Kol\u0119di Pastora\u0142ek Niemieckoj\u0119zycznych - Zesp\u00f3\u0142 Szk\u00f3\u0142 w Gromniku<\/title>\n<meta name=\"description\" content=\"Zesp\u00f3\u0142 Szk\u00f3\u0142 w Gromniku\" \/>\n<meta name=\"robots\" content=\"index, follow, max-snippet:-1, max-image-preview:large, max-video-preview:-1\" \/>\n<link rel=\"canonical\" href=\"https:\/\/zs.gromnik.pl\/zs\/kolejny-sukces-naszej-uczennicy-ii-miejsce-w-xiii-powiatowym-konkursie-koledi-pastoralek-niemieckojezycznych\/\" \/>\n<meta property=\"og:locale\" content=\"pl_PL\" \/>\n<meta property=\"og:type\" content=\"article\" \/>\n<meta property=\"og:title\" content=\"Kolejny sukces naszej uczennicy \u2013 II miejsce w XIII Powiatowym Konkursie Kol\u0119di Pastora\u0142ek Niemieckoj\u0119zycznych - Zesp\u00f3\u0142 Szk\u00f3\u0142 w Gromniku\" \/>\n<meta property=\"og:description\" content=\"Zesp\u00f3\u0142 Szk\u00f3\u0142 w Gromniku\" \/>\n<meta property=\"og:url\" content=\"https:\/\/zs.gromnik.pl\/zs\/kolejny-sukces-naszej-uczennicy-ii-miejsce-w-xiii-powiatowym-konkursie-koledi-pastoralek-niemieckojezycznych\/\" \/>\n<meta property=\"og:site_name\" content=\"Zesp\u00f3\u0142 Szk\u00f3\u0142 w Gromniku\" \/>\n<meta property=\"article:publisher\" content=\"https:\/\/www.facebook.com\/zsgromnik\" \/>\n<meta property=\"article:published_time\" content=\"2025-12-14T09:55:44+00:00\" \/>\n<meta property=\"article:modified_time\" content=\"2025-12-14T09:56:08+00:00\" \/>\n<meta property=\"og:image\" content=\"https:\/\/zs.gromnik.pl\/zs\/wp-content\/uploads\/2025\/12\/lkjh.jpg\" \/>\n\t<meta property=\"og:image:width\" content=\"500\" \/>\n\t<meta property=\"og:image:height\" content=\"375\" \/>\n\t<meta property=\"og:image:type\" content=\"image\/jpeg\" \/>\n<meta name=\"author\" content=\"admin\" \/>\n<meta name=\"twitter:card\" content=\"summary_large_image\" \/>\n<meta name=\"twitter:label1\" content=\"Napisane przez\" \/>\n\t<meta name=\"twitter:data1\" content=\"admin\" \/>\n\t<meta name=\"twitter:label2\" content=\"Szacowany czas czytania\" \/>\n\t<meta name=\"twitter:data2\" content=\"2 minuty\" \/>\n<script type=\"application\/ld+json\" class=\"yoast-schema-graph\">{\"@context\":\"https:\/\/schema.org\",\"@graph\":[{\"@type\":\"WebPage\",\"@id\":\"https:\/\/zs.gromnik.pl\/zs\/kolejny-sukces-naszej-uczennicy-ii-miejsce-w-xiii-powiatowym-konkursie-koledi-pastoralek-niemieckojezycznych\/\",\"url\":\"https:\/\/zs.gromnik.pl\/zs\/kolejny-sukces-naszej-uczennicy-ii-miejsce-w-xiii-powiatowym-konkursie-koledi-pastoralek-niemieckojezycznych\/\",\"name\":\"Kolejny sukces naszej uczennicy \u2013 II miejsce w XIII Powiatowym Konkursie Kol\u0119d i Pastora\u0142ek Niemieckoj\u0119zycznych - Zesp\u00f3\u0142 Szk\u00f3\u0142 w Gromniku\",\"isPartOf\":{\"@id\":\"https:\/\/zs.gromnik.pl\/zs\/#website\"},\"datePublished\":\"2025-12-14T09:55:44+00:00\",\"dateModified\":\"2025-12-14T09:56:08+00:00\",\"author\":{\"@id\":\"https:\/\/zs.gromnik.pl\/zs\/#\/schema\/person\/b197900f67c6133faddc284ae32f97ca\"},\"description\":\"Zesp\u00f3\u0142 Szk\u00f3\u0142 w Gromniku\",\"breadcrumb\":{\"@id\":\"https:\/\/zs.gromnik.pl\/zs\/kolejny-sukces-naszej-uczennicy-ii-miejsce-w-xiii-powiatowym-konkursie-koledi-pastoralek-niemieckojezycznych\/#breadcrumb\"},\"inLanguage\":\"pl-PL\",\"potentialAction\":[{\"@type\":\"ReadAction\",\"target\":[\"https:\/\/zs.gromnik.pl\/zs\/kolejny-sukces-naszej-uczennicy-ii-miejsce-w-xiii-powiatowym-konkursie-koledi-pastoralek-niemieckojezycznych\/\"]}]},{\"@type\":\"BreadcrumbList\",\"@id\":\"https:\/\/zs.gromnik.pl\/zs\/kolejny-sukces-naszej-uczennicy-ii-miejsce-w-xiii-powiatowym-konkursie-koledi-pastoralek-niemieckojezycznych\/#breadcrumb\",\"itemListElement\":[{\"@type\":\"ListItem\",\"position\":1,\"name\":\"Strona g\u0142\u00f3wna\",\"item\":\"https:\/\/zs.gromnik.pl\/zs\/\"},{\"@type\":\"ListItem\",\"position\":2,\"name\":\"Kolejny sukces naszej uczennicy \u2013 II miejsce w XIII Powiatowym Konkursie Kol\u0119di Pastora\u0142ek Niemieckoj\u0119zycznych\"}]},{\"@type\":\"WebSite\",\"@id\":\"https:\/\/zs.gromnik.pl\/zs\/#website\",\"url\":\"https:\/\/zs.gromnik.pl\/zs\/\",\"name\":\"Zesp\u00f3\u0142 Szk\u00f3\u0142 w Gromniku\",\"description\":\"\",\"potentialAction\":[{\"@type\":\"SearchAction\",\"target\":{\"@type\":\"EntryPoint\",\"urlTemplate\":\"https:\/\/zs.gromnik.pl\/zs\/?s={search_term_string}\"},\"query-input\":\"required name=search_term_string\"}],\"inLanguage\":\"pl-PL\"},{\"@type\":\"Person\",\"@id\":\"https:\/\/zs.gromnik.pl\/zs\/#\/schema\/person\/b197900f67c6133faddc284ae32f97ca\",\"name\":\"admin\",\"image\":{\"@type\":\"ImageObject\",\"inLanguage\":\"pl-PL\",\"@id\":\"https:\/\/zs.gromnik.pl\/zs\/#\/schema\/person\/image\/\",\"url\":\"https:\/\/secure.gravatar.com\/avatar\/f8a2f876dbcc8c8edd809a8ca77a2abe?s=96&d=mm&r=g\",\"contentUrl\":\"https:\/\/secure.gravatar.com\/avatar\/f8a2f876dbcc8c8edd809a8ca77a2abe?s=96&d=mm&r=g\",\"caption\":\"admin\"},\"url\":\"https:\/\/zs.gromnik.pl\/zs\/author\/admin\/\"}]}<\/script>\n<!-- \/ Yoast SEO plugin. -->","yoast_head_json":{"title":"Kolejny sukces naszej uczennicy \u2013 II miejsce w XIII Powiatowym Konkursie Kol\u0119di Pastora\u0142ek Niemieckoj\u0119zycznych - Zesp\u00f3\u0142 Szk\u00f3\u0142 w Gromniku","description":"Zesp\u00f3\u0142 Szk\u00f3\u0142 w Gromniku","robots":{"index":"index","follow":"follow","max-snippet":"max-snippet:-1","max-image-preview":"max-image-preview:large","max-video-preview":"max-video-preview:-1"},"canonical":"https:\/\/zs.gromnik.pl\/zs\/kolejny-sukces-naszej-uczennicy-ii-miejsce-w-xiii-powiatowym-konkursie-koledi-pastoralek-niemieckojezycznych\/","og_locale":"pl_PL","og_type":"article","og_title":"Kolejny sukces naszej uczennicy \u2013 II miejsce w XIII Powiatowym Konkursie Kol\u0119di Pastora\u0142ek Niemieckoj\u0119zycznych - Zesp\u00f3\u0142 Szk\u00f3\u0142 w Gromniku","og_description":"Zesp\u00f3\u0142 Szk\u00f3\u0142 w Gromniku","og_url":"https:\/\/zs.gromnik.pl\/zs\/kolejny-sukces-naszej-uczennicy-ii-miejsce-w-xiii-powiatowym-konkursie-koledi-pastoralek-niemieckojezycznych\/","og_site_name":"Zesp\u00f3\u0142 Szk\u00f3\u0142 w Gromniku","article_publisher":"https:\/\/www.facebook.com\/zsgromnik","article_published_time":"2025-12-14T09:55:44+00:00","article_modified_time":"2025-12-14T09:56:08+00:00","og_image":[{"width":500,"height":375,"url":"https:\/\/zs.gromnik.pl\/zs\/wp-content\/uploads\/2025\/12\/lkjh.jpg","type":"image\/jpeg"}],"author":"admin","twitter_card":"summary_large_image","twitter_misc":{"Napisane przez":"admin","Szacowany czas czytania":"2 minuty"},"schema":{"@context":"https:\/\/schema.org","@graph":[{"@type":"WebPage","@id":"https:\/\/zs.gromnik.pl\/zs\/kolejny-sukces-naszej-uczennicy-ii-miejsce-w-xiii-powiatowym-konkursie-koledi-pastoralek-niemieckojezycznych\/","url":"https:\/\/zs.gromnik.pl\/zs\/kolejny-sukces-naszej-uczennicy-ii-miejsce-w-xiii-powiatowym-konkursie-koledi-pastoralek-niemieckojezycznych\/","name":"Kolejny sukces naszej uczennicy \u2013 II miejsce w XIII Powiatowym Konkursie Kol\u0119d i Pastora\u0142ek Niemieckoj\u0119zycznych - Zesp\u00f3\u0142 Szk\u00f3\u0142 w Gromniku","isPartOf":{"@id":"https:\/\/zs.gromnik.pl\/zs\/#website"},"datePublished":"2025-12-14T09:55:44+00:00","dateModified":"2025-12-14T09:56:08+00:00","author":{"@id":"https:\/\/zs.gromnik.pl\/zs\/#\/schema\/person\/b197900f67c6133faddc284ae32f97ca"},"description":"Zesp\u00f3\u0142 Szk\u00f3\u0142 w Gromniku","breadcrumb":{"@id":"https:\/\/zs.gromnik.pl\/zs\/kolejny-sukces-naszej-uczennicy-ii-miejsce-w-xiii-powiatowym-konkursie-koledi-pastoralek-niemieckojezycznych\/#breadcrumb"},"inLanguage":"pl-PL","potentialAction":[{"@type":"ReadAction","target":["https:\/\/zs.gromnik.pl\/zs\/kolejny-sukces-naszej-uczennicy-ii-miejsce-w-xiii-powiatowym-konkursie-koledi-pastoralek-niemieckojezycznych\/"]}]},{"@type":"BreadcrumbList","@id":"https:\/\/zs.gromnik.pl\/zs\/kolejny-sukces-naszej-uczennicy-ii-miejsce-w-xiii-powiatowym-konkursie-koledi-pastoralek-niemieckojezycznych\/#breadcrumb","itemListElement":[{"@type":"ListItem","position":1,"name":"Strona g\u0142\u00f3wna","item":"https:\/\/zs.gromnik.pl\/zs\/"},{"@type":"ListItem","position":2,"name":"Kolejny sukces naszej uczennicy \u2013 II miejsce w XIII Powiatowym Konkursie Kol\u0119di Pastora\u0142ek Niemieckoj\u0119zycznych"}]},{"@type":"WebSite","@id":"https:\/\/zs.gromnik.pl\/zs\/#website","url":"https:\/\/zs.gromnik.pl\/zs\/","name":"Zesp\u00f3\u0142 Szk\u00f3\u0142 w Gromniku","description":"","potentialAction":[{"@type":"SearchAction","target":{"@type":"EntryPoint","urlTemplate":"https:\/\/zs.gromnik.pl\/zs\/?s={search_term_string}"},"query-input":"required name=search_term_string"}],"inLanguage":"pl-PL"},{"@type":"Person","@id":"https:\/\/zs.gromnik.pl\/zs\/#\/schema\/person\/b197900f67c6133faddc284ae32f97ca","name":"admin","image":{"@type":"ImageObject","inLanguage":"pl-PL","@id":"https:\/\/zs.gromnik.pl\/zs\/#\/schema\/person\/image\/","url":"https:\/\/secure.gravatar.com\/avatar\/f8a2f876dbcc8c8edd809a8ca77a2abe?s=96&d=mm&r=g","contentUrl":"https:\/\/secure.gravatar.com\/avatar\/f8a2f876dbcc8c8edd809a8ca77a2abe?s=96&d=mm&r=g","caption":"admin"},"url":"https:\/\/zs.gromnik.pl\/zs\/author\/admin\/"}]}},"_links":{"self":[{"href":"https:\/\/zs.gromnik.pl\/zs\/wp-json\/wp\/v2\/posts\/19231"}],"collection":[{"href":"https:\/\/zs.gromnik.pl\/zs\/wp-json\/wp\/v2\/posts"}],"about":[{"href":"https:\/\/zs.gromnik.pl\/zs\/wp-json\/wp\/v2\/types\/post"}],"author":[{"embeddable":true,"href":"https:\/\/zs.gromnik.pl\/zs\/wp-json\/wp\/v2\/users\/1"}],"replies":[{"embeddable":true,"href":"https:\/\/zs.gromnik.pl\/zs\/wp-json\/wp\/v2\/comments?post=19231"}],"version-history":[{"count":4,"href":"https:\/\/zs.gromnik.pl\/zs\/wp-json\/wp\/v2\/posts\/19231\/revisions"}],"predecessor-version":[{"id":19243,"href":"https:\/\/zs.gromnik.pl\/zs\/wp-json\/wp\/v2\/posts\/19231\/revisions\/19243"}],"wp:featuredmedia":[{"embeddable":true,"href":"https:\/\/zs.gromnik.pl\/zs\/wp-json\/wp\/v2\/media\/19240"}],"wp:attachment":[{"href":"https:\/\/zs.gromnik.pl\/zs\/wp-json\/wp\/v2\/media?parent=19231"}],"wp:term":[{"taxonomy":"category","embeddable":true,"href":"https:\/\/zs.gromnik.pl\/zs\/wp-json\/wp\/v2\/categories?post=19231"},{"taxonomy":"post_tag","embeddable":true,"href":"https:\/\/zs.gromnik.pl\/zs\/wp-json\/wp\/v2\/tags?post=19231"}],"curies":[{"name":"wp","href":"https:\/\/api.w.org\/{rel}","templated":true}]}}