{"id":19260,"date":"2025-12-18T07:12:05","date_gmt":"2025-12-18T06:12:05","guid":{"rendered":"https:\/\/zs.gromnik.pl\/zs\/?p=19260"},"modified":"2025-12-18T07:15:07","modified_gmt":"2025-12-18T06:15:07","slug":"automatycznie-zapisany-szkic","status":"publish","type":"post","link":"https:\/\/zs.gromnik.pl\/zs\/automatycznie-zapisany-szkic\/","title":{"rendered":"\u015aWI\u0104TECZNIE W ODDZIALE PRZEDSZKOLNYM W POLICHTACH\u00a0"},"content":{"rendered":"\t\t<div data-elementor-type=\"wp-post\" data-elementor-id=\"19260\" class=\"elementor elementor-19260\">\n\t\t\t\t\t\t\t\t\t<section class=\"elementor-section elementor-top-section elementor-element elementor-element-729b1f6 elementor-section-boxed elementor-section-height-default elementor-section-height-default\" data-id=\"729b1f6\" data-element_type=\"section\">\n\t\t\t\t\t\t<div class=\"elementor-container elementor-column-gap-default\">\n\t\t\t\t\t<div class=\"elementor-column elementor-col-100 elementor-top-column elementor-element elementor-element-4562819\" data-id=\"4562819\" data-element_type=\"column\">\n\t\t\t<div class=\"elementor-widget-wrap elementor-element-populated\">\n\t\t\t\t\t\t\t\t<div class=\"elementor-element elementor-element-ede971b elementor-widget elementor-widget-text-editor\" data-id=\"ede971b\" data-element_type=\"widget\" data-widget_type=\"text-editor.default\">\n\t\t\t\t<div class=\"elementor-widget-container\">\n\t\t\t\t\t\t\t<p>W oddziale przedszkolnym w Polichtach zago\u015bci\u0142 ju\u017c klimat nadchodz\u0105cych \u015awi\u0105t Bo\u017cego Narodzenia. Dzieci rozpocz\u0119\u0142y przygotowania od napisania list\u00f3w do Miko\u0142aja oraz tworzenia pi\u0119knych dekoracji \u015bwi\u0105tecznych, ozdabiania bombek i sk\u0142adania papierowych anio\u0142k\u00f3w, kt\u00f3re nast\u0119pnie zawiesza\u0142y na choince. \ud83c\udf8d\ud83d\ude01<\/p><p>Kolejnym etapem by\u0142o dekorowanie no i oczywi\u015bcie degustacja pysznych \u015bwi\u0105tecznych ciasteczek. To by\u0142 wyj\u0105tkowo s\u0142odki dzie\u0144 w przedszkolu \ud83d\ude0b<\/p><p>8 grudnia odwiedzi\u0142 nasz\u0105 plac\u00f3wk\u0119 d\u0142ugo wyczekiwany go\u015b\u0107 MIKO\u0141AJ\ud83c\udf85<\/p><p>Przedszkolaki wsp\u00f3lnie ze swoj\u0105 Pani\u0105 przygotowa\u0142y wiersze i piosenki, kt\u00f3re z dum\u0105 zaprezentowa\u0142y. Ka\u017cdy w tym roku by\u0142 bardzo grzeczny, dlatego wszyscy otrzymali wspania\u0142e prezenty, r\u00f3wnie\u017c nasi najm\u0142odsi przyjaciele przedszkola, kt\u00f3rzy wraz ze swoimi rodzicami odwiedzili Nas w tym szczeg\u00f3lnym dniu. Bardzo dzi\u0119kujemy Miko\u0142ajowi, \u017ce o nas nie zapomnia\u0142. Mamy nadziej\u0119, \u017ce za rok te\u017c si\u0119 zobaczymy. \ud83d\udc4b<\/p><p>Dzieciom przez ca\u0142y okres grudniowy towarzyszy r\u00f3wnie\u017c wyj\u0105tkowy kalendarz adwentowy, w kt\u00f3rym ka\u017cdego dnia Pani odczytuj\u0119 list od Miko\u0142aja do dzieci z kolejnymi zadaniami do wykonania oraz ciekawymi zagadkami zwi\u0105zanymi ze \u015bwi\u0119tami. \ud83e\udd14<\/p><p>Wspomnie\u0107 nale\u017cy r\u00f3wnie\u017c o dalszej realizacji projektu \u201cGotuj si\u0119 na zmiany\u201d i wykonaniu interesuj\u0105cej pracy przedszkolak\u00f3w pt.\u201d Fakty na talerzu\u201d, kt\u00f3rego celem by\u0142o stworzenie \u201cDetektyw Kasi\u201d i odkrywanie prawdziwych informacji dotycz\u0105cych produkt\u00f3w spo\u017cywczych.<\/p><p>Wszystkim sk\u0142adamy najserdeczniejsze \u017cyczenia z okazji nadchodz\u0105cych \u015awiat Bo\u017cego Narodzenia oraz szcz\u0119\u015bliwego Nowego Roku. \ud83c\udf84\ud83c\udf86<\/p>\t\t\t\t\t\t<\/div>\n\t\t\t\t<\/div>\n\t\t\t\t\t<\/div>\n\t\t<\/div>\n\t\t\t\t\t\t\t<\/div>\n\t\t<\/section>\n\t\t\t\t<section class=\"elementor-section elementor-top-section elementor-element elementor-element-ba513c0 elementor-section-boxed elementor-section-height-default elementor-section-height-default\" data-id=\"ba513c0\" data-element_type=\"section\">\n\t\t\t\t\t\t<div class=\"elementor-container elementor-column-gap-default\">\n\t\t\t\t\t<div class=\"elementor-column elementor-col-100 elementor-top-column elementor-element elementor-element-e8a1292\" data-id=\"e8a1292\" data-element_type=\"column\">\n\t\t\t<div class=\"elementor-widget-wrap\">\n\t\t\t\t\t\t\t\t\t<\/div>\n\t\t<\/div>\n\t\t\t\t\t\t\t<\/div>\n\t\t<\/section>\n\t\t\t\t<section class=\"elementor-section elementor-top-section elementor-element elementor-element-78655f1 elementor-section-boxed elementor-section-height-default elementor-section-height-default\" data-id=\"78655f1\" data-element_type=\"section\">\n\t\t\t\t\t\t<div class=\"elementor-container elementor-column-gap-default\">\n\t\t\t\t\t<div class=\"elementor-column elementor-col-100 elementor-top-column elementor-element elementor-element-5990523\" data-id=\"5990523\" data-element_type=\"column\">\n\t\t\t<div class=\"elementor-widget-wrap elementor-element-populated\">\n\t\t\t\t\t\t\t\t<div class=\"elementor-element elementor-element-aef4331 elementor-aspect-ratio-169 elementor-widget elementor-widget-video\" data-id=\"aef4331\" data-element_type=\"widget\" data-settings=\"{&quot;video_type&quot;:&quot;hosted&quot;,&quot;autoplay&quot;:&quot;yes&quot;,&quot;play_on_mobile&quot;:&quot;yes&quot;,&quot;mute&quot;:&quot;yes&quot;,&quot;controls&quot;:&quot;yes&quot;,&quot;aspect_ratio&quot;:&quot;169&quot;}\" data-widget_type=\"video.default\">\n\t\t\t\t<div class=\"elementor-widget-container\">\n\t\t\t\t\t<div class=\"e-hosted-video elementor-wrapper elementor-fit-aspect-ratio elementor-open-inline\">\n\t\t\t\t\t<video class=\"elementor-video\" src=\"http:\/\/zs.gromnik.pl\/zs\/wp-content\/uploads\/2025\/12\/2.mp4\" autoplay=\"\" controls=\"\" muted=\"muted\" playsinline=\"\" controlsList=\"nodownload\"><\/video>\n\t\t\t\t<\/div>\n\t\t\t\t<\/div>\n\t\t\t\t<\/div>\n\t\t\t\t<div class=\"elementor-element elementor-element-82ce6ba elementor-aspect-ratio-169 elementor-widget elementor-widget-video\" data-id=\"82ce6ba\" data-element_type=\"widget\" data-settings=\"{&quot;video_type&quot;:&quot;hosted&quot;,&quot;autoplay&quot;:&quot;yes&quot;,&quot;play_on_mobile&quot;:&quot;yes&quot;,&quot;mute&quot;:&quot;yes&quot;,&quot;controls&quot;:&quot;yes&quot;,&quot;aspect_ratio&quot;:&quot;169&quot;}\" data-widget_type=\"video.default\">\n\t\t\t\t<div class=\"elementor-widget-container\">\n\t\t\t\t\t<div class=\"e-hosted-video elementor-wrapper elementor-fit-aspect-ratio elementor-open-inline\">\n\t\t\t\t\t<video class=\"elementor-video\" src=\"http:\/\/zs.gromnik.pl\/zs\/wp-content\/uploads\/2025\/12\/1-2.mp4\" autoplay=\"\" controls=\"\" muted=\"muted\" playsinline=\"\" controlsList=\"nodownload\"><\/video>\n\t\t\t\t<\/div>\n\t\t\t\t<\/div>\n\t\t\t\t<\/div>\n\t\t\t\t\t<\/div>\n\t\t<\/div>\n\t\t\t\t\t\t\t<\/div>\n\t\t<\/section>\n\t\t\t\t\t\t\t<\/div>\n\t\t","protected":false},"excerpt":{"rendered":"","protected":false},"author":1,"featured_media":19268,"comment_status":"closed","ping_status":"open","sticky":false,"template":"","format":"standard","meta":[],"categories":[3],"tags":[],"yoast_head":"<!-- This site is optimized with the Yoast SEO plugin v19.8 - https:\/\/yoast.com\/wordpress\/plugins\/seo\/ -->\n<title>\u015aWI\u0104TECZNIE W ODDZIALE PRZEDSZKOLNYM W POLICHTACH\u00a0 - Zesp\u00f3\u0142 Szk\u00f3\u0142 w Gromniku<\/title>\n<meta name=\"description\" content=\"Zesp\u00f3\u0142 Szk\u00f3\u0142 w Gromniku\" \/>\n<meta name=\"robots\" content=\"index, follow, max-snippet:-1, max-image-preview:large, max-video-preview:-1\" \/>\n<link rel=\"canonical\" href=\"https:\/\/zs.gromnik.pl\/zs\/automatycznie-zapisany-szkic\/\" \/>\n<meta property=\"og:locale\" content=\"pl_PL\" \/>\n<meta property=\"og:type\" content=\"article\" \/>\n<meta property=\"og:title\" content=\"\u015aWI\u0104TECZNIE W ODDZIALE PRZEDSZKOLNYM W POLICHTACH\u00a0 - Zesp\u00f3\u0142 Szk\u00f3\u0142 w Gromniku\" \/>\n<meta property=\"og:description\" content=\"Zesp\u00f3\u0142 Szk\u00f3\u0142 w Gromniku\" \/>\n<meta property=\"og:url\" content=\"https:\/\/zs.gromnik.pl\/zs\/automatycznie-zapisany-szkic\/\" \/>\n<meta property=\"og:site_name\" content=\"Zesp\u00f3\u0142 Szk\u00f3\u0142 w Gromniku\" \/>\n<meta property=\"article:publisher\" content=\"https:\/\/www.facebook.com\/zsgromnik\" \/>\n<meta property=\"article:published_time\" content=\"2025-12-18T06:12:05+00:00\" \/>\n<meta property=\"article:modified_time\" content=\"2025-12-18T06:15:07+00:00\" \/>\n<meta property=\"og:image\" content=\"https:\/\/zs.gromnik.pl\/zs\/wp-content\/uploads\/2025\/12\/234.jpg\" \/>\n\t<meta property=\"og:image:width\" content=\"500\" \/>\n\t<meta property=\"og:image:height\" content=\"278\" \/>\n\t<meta property=\"og:image:type\" content=\"image\/jpeg\" \/>\n<meta name=\"author\" content=\"admin\" \/>\n<meta name=\"twitter:card\" content=\"summary_large_image\" \/>\n<meta name=\"twitter:label1\" content=\"Napisane przez\" \/>\n\t<meta name=\"twitter:data1\" content=\"admin\" \/>\n<script type=\"application\/ld+json\" class=\"yoast-schema-graph\">{\"@context\":\"https:\/\/schema.org\",\"@graph\":[{\"@type\":\"WebPage\",\"@id\":\"https:\/\/zs.gromnik.pl\/zs\/automatycznie-zapisany-szkic\/\",\"url\":\"https:\/\/zs.gromnik.pl\/zs\/automatycznie-zapisany-szkic\/\",\"name\":\"\u015aWI\u0104TECZNIE W ODDZIALE PRZEDSZKOLNYM W POLICHTACH\u00a0 - Zesp\u00f3\u0142 Szk\u00f3\u0142 w Gromniku\",\"isPartOf\":{\"@id\":\"https:\/\/zs.gromnik.pl\/zs\/#website\"},\"datePublished\":\"2025-12-18T06:12:05+00:00\",\"dateModified\":\"2025-12-18T06:15:07+00:00\",\"author\":{\"@id\":\"https:\/\/zs.gromnik.pl\/zs\/#\/schema\/person\/b197900f67c6133faddc284ae32f97ca\"},\"description\":\"Zesp\u00f3\u0142 Szk\u00f3\u0142 w Gromniku\",\"breadcrumb\":{\"@id\":\"https:\/\/zs.gromnik.pl\/zs\/automatycznie-zapisany-szkic\/#breadcrumb\"},\"inLanguage\":\"pl-PL\",\"potentialAction\":[{\"@type\":\"ReadAction\",\"target\":[\"https:\/\/zs.gromnik.pl\/zs\/automatycznie-zapisany-szkic\/\"]}]},{\"@type\":\"BreadcrumbList\",\"@id\":\"https:\/\/zs.gromnik.pl\/zs\/automatycznie-zapisany-szkic\/#breadcrumb\",\"itemListElement\":[{\"@type\":\"ListItem\",\"position\":1,\"name\":\"Strona g\u0142\u00f3wna\",\"item\":\"https:\/\/zs.gromnik.pl\/zs\/\"},{\"@type\":\"ListItem\",\"position\":2,\"name\":\"\u015aWI\u0104TECZNIE W ODDZIALE PRZEDSZKOLNYM W POLICHTACH\u00a0\"}]},{\"@type\":\"WebSite\",\"@id\":\"https:\/\/zs.gromnik.pl\/zs\/#website\",\"url\":\"https:\/\/zs.gromnik.pl\/zs\/\",\"name\":\"Zesp\u00f3\u0142 Szk\u00f3\u0142 w Gromniku\",\"description\":\"\",\"potentialAction\":[{\"@type\":\"SearchAction\",\"target\":{\"@type\":\"EntryPoint\",\"urlTemplate\":\"https:\/\/zs.gromnik.pl\/zs\/?s={search_term_string}\"},\"query-input\":\"required name=search_term_string\"}],\"inLanguage\":\"pl-PL\"},{\"@type\":\"Person\",\"@id\":\"https:\/\/zs.gromnik.pl\/zs\/#\/schema\/person\/b197900f67c6133faddc284ae32f97ca\",\"name\":\"admin\",\"image\":{\"@type\":\"ImageObject\",\"inLanguage\":\"pl-PL\",\"@id\":\"https:\/\/zs.gromnik.pl\/zs\/#\/schema\/person\/image\/\",\"url\":\"https:\/\/secure.gravatar.com\/avatar\/f8a2f876dbcc8c8edd809a8ca77a2abe?s=96&d=mm&r=g\",\"contentUrl\":\"https:\/\/secure.gravatar.com\/avatar\/f8a2f876dbcc8c8edd809a8ca77a2abe?s=96&d=mm&r=g\",\"caption\":\"admin\"},\"url\":\"https:\/\/zs.gromnik.pl\/zs\/author\/admin\/\"}]}<\/script>\n<!-- \/ Yoast SEO plugin. -->","yoast_head_json":{"title":"\u015aWI\u0104TECZNIE W ODDZIALE PRZEDSZKOLNYM W POLICHTACH\u00a0 - Zesp\u00f3\u0142 Szk\u00f3\u0142 w Gromniku","description":"Zesp\u00f3\u0142 Szk\u00f3\u0142 w Gromniku","robots":{"index":"index","follow":"follow","max-snippet":"max-snippet:-1","max-image-preview":"max-image-preview:large","max-video-preview":"max-video-preview:-1"},"canonical":"https:\/\/zs.gromnik.pl\/zs\/automatycznie-zapisany-szkic\/","og_locale":"pl_PL","og_type":"article","og_title":"\u015aWI\u0104TECZNIE W ODDZIALE PRZEDSZKOLNYM W POLICHTACH\u00a0 - Zesp\u00f3\u0142 Szk\u00f3\u0142 w Gromniku","og_description":"Zesp\u00f3\u0142 Szk\u00f3\u0142 w Gromniku","og_url":"https:\/\/zs.gromnik.pl\/zs\/automatycznie-zapisany-szkic\/","og_site_name":"Zesp\u00f3\u0142 Szk\u00f3\u0142 w Gromniku","article_publisher":"https:\/\/www.facebook.com\/zsgromnik","article_published_time":"2025-12-18T06:12:05+00:00","article_modified_time":"2025-12-18T06:15:07+00:00","og_image":[{"width":500,"height":278,"url":"https:\/\/zs.gromnik.pl\/zs\/wp-content\/uploads\/2025\/12\/234.jpg","type":"image\/jpeg"}],"author":"admin","twitter_card":"summary_large_image","twitter_misc":{"Napisane przez":"admin"},"schema":{"@context":"https:\/\/schema.org","@graph":[{"@type":"WebPage","@id":"https:\/\/zs.gromnik.pl\/zs\/automatycznie-zapisany-szkic\/","url":"https:\/\/zs.gromnik.pl\/zs\/automatycznie-zapisany-szkic\/","name":"\u015aWI\u0104TECZNIE W ODDZIALE PRZEDSZKOLNYM W POLICHTACH\u00a0 - Zesp\u00f3\u0142 Szk\u00f3\u0142 w Gromniku","isPartOf":{"@id":"https:\/\/zs.gromnik.pl\/zs\/#website"},"datePublished":"2025-12-18T06:12:05+00:00","dateModified":"2025-12-18T06:15:07+00:00","author":{"@id":"https:\/\/zs.gromnik.pl\/zs\/#\/schema\/person\/b197900f67c6133faddc284ae32f97ca"},"description":"Zesp\u00f3\u0142 Szk\u00f3\u0142 w Gromniku","breadcrumb":{"@id":"https:\/\/zs.gromnik.pl\/zs\/automatycznie-zapisany-szkic\/#breadcrumb"},"inLanguage":"pl-PL","potentialAction":[{"@type":"ReadAction","target":["https:\/\/zs.gromnik.pl\/zs\/automatycznie-zapisany-szkic\/"]}]},{"@type":"BreadcrumbList","@id":"https:\/\/zs.gromnik.pl\/zs\/automatycznie-zapisany-szkic\/#breadcrumb","itemListElement":[{"@type":"ListItem","position":1,"name":"Strona g\u0142\u00f3wna","item":"https:\/\/zs.gromnik.pl\/zs\/"},{"@type":"ListItem","position":2,"name":"\u015aWI\u0104TECZNIE W ODDZIALE PRZEDSZKOLNYM W POLICHTACH\u00a0"}]},{"@type":"WebSite","@id":"https:\/\/zs.gromnik.pl\/zs\/#website","url":"https:\/\/zs.gromnik.pl\/zs\/","name":"Zesp\u00f3\u0142 Szk\u00f3\u0142 w Gromniku","description":"","potentialAction":[{"@type":"SearchAction","target":{"@type":"EntryPoint","urlTemplate":"https:\/\/zs.gromnik.pl\/zs\/?s={search_term_string}"},"query-input":"required name=search_term_string"}],"inLanguage":"pl-PL"},{"@type":"Person","@id":"https:\/\/zs.gromnik.pl\/zs\/#\/schema\/person\/b197900f67c6133faddc284ae32f97ca","name":"admin","image":{"@type":"ImageObject","inLanguage":"pl-PL","@id":"https:\/\/zs.gromnik.pl\/zs\/#\/schema\/person\/image\/","url":"https:\/\/secure.gravatar.com\/avatar\/f8a2f876dbcc8c8edd809a8ca77a2abe?s=96&d=mm&r=g","contentUrl":"https:\/\/secure.gravatar.com\/avatar\/f8a2f876dbcc8c8edd809a8ca77a2abe?s=96&d=mm&r=g","caption":"admin"},"url":"https:\/\/zs.gromnik.pl\/zs\/author\/admin\/"}]}},"_links":{"self":[{"href":"https:\/\/zs.gromnik.pl\/zs\/wp-json\/wp\/v2\/posts\/19260"}],"collection":[{"href":"https:\/\/zs.gromnik.pl\/zs\/wp-json\/wp\/v2\/posts"}],"about":[{"href":"https:\/\/zs.gromnik.pl\/zs\/wp-json\/wp\/v2\/types\/post"}],"author":[{"embeddable":true,"href":"https:\/\/zs.gromnik.pl\/zs\/wp-json\/wp\/v2\/users\/1"}],"replies":[{"embeddable":true,"href":"https:\/\/zs.gromnik.pl\/zs\/wp-json\/wp\/v2\/comments?post=19260"}],"version-history":[{"count":8,"href":"https:\/\/zs.gromnik.pl\/zs\/wp-json\/wp\/v2\/posts\/19260\/revisions"}],"predecessor-version":[{"id":19272,"href":"https:\/\/zs.gromnik.pl\/zs\/wp-json\/wp\/v2\/posts\/19260\/revisions\/19272"}],"wp:featuredmedia":[{"embeddable":true,"href":"https:\/\/zs.gromnik.pl\/zs\/wp-json\/wp\/v2\/media\/19268"}],"wp:attachment":[{"href":"https:\/\/zs.gromnik.pl\/zs\/wp-json\/wp\/v2\/media?parent=19260"}],"wp:term":[{"taxonomy":"category","embeddable":true,"href":"https:\/\/zs.gromnik.pl\/zs\/wp-json\/wp\/v2\/categories?post=19260"},{"taxonomy":"post_tag","embeddable":true,"href":"https:\/\/zs.gromnik.pl\/zs\/wp-json\/wp\/v2\/tags?post=19260"}],"curies":[{"name":"wp","href":"https:\/\/api.w.org\/{rel}","templated":true}]}}