{"id":19286,"date":"2025-12-22T21:03:52","date_gmt":"2025-12-22T20:03:52","guid":{"rendered":"https:\/\/zs.gromnik.pl\/zs\/?p=19286"},"modified":"2025-12-22T21:03:54","modified_gmt":"2025-12-22T20:03:54","slug":"biblioteczne-konkursy-plastyczne-rozstrzygniete-2","status":"publish","type":"post","link":"https:\/\/zs.gromnik.pl\/zs\/biblioteczne-konkursy-plastyczne-rozstrzygniete-2\/","title":{"rendered":"Biblioteczne konkursy plastyczne rozstrzygni\u0119te"},"content":{"rendered":"\n<p>Dnia 17 grudnia rozstrzygni\u0119to konkurs plastyczny dla uczni\u00f3w klas pierwszych \u201eM\u00f3j przyjaciel mi\u015b\u201d oraz konkurs plastyczny dla uczni\u00f3w &nbsp;klas drugich i trzecich \u201eOk\u0142adka mojej ulubionej ksi\u0105\u017cki\u201d.<\/p>\n\n\n\n<p>Konkursy by\u0142y organizowane przez bibliotek\u0119 szkoln\u0105. Podczas oceny prac jury bra\u0142o pod uwag\u0119 przede wszystkim samodzielno\u015b\u0107 wykonania pracy a tak\u017ce estetyk\u0119 wykonania, pomys\u0142owo\u015b\u0107 oraz \u0142\u0105czenie r\u00f3\u017cnych technik plastycznych. Po d\u0142ugich naradach jury wy\u0142oni\u0142o najpi\u0119kniejsze prace plastyczne w poszczeg\u00f3lnych klasach.<\/p>\n\n\n\n<p>Bardzo dzi\u0119kuj\u0119 wszystkim dzieciom bior\u0105cym udzia\u0142 w konkursach za po\u015bwi\u0119cony czas i trud w\u0142o\u017cony w przygotowanie tych wspania\u0142ych prac. Dzi\u0119kuj\u0119 tak\u017ce Paniom ze sklepiku szkolnego za dofinansowanie zakupu nagr\u00f3d.<\/p>\n\n\n\n<figure class=\"wp-container-2 wp-block-gallery-1 wp-block-gallery has-nested-images columns-default is-cropped\">\n<figure class=\"wp-block-image size-large\"><img loading=\"lazy\" width=\"1024\" height=\"768\" data-id=\"19290\"  src=\"https:\/\/zs.gromnik.pl\/zs\/wp-content\/uploads\/2025\/12\/IMG_20251216_081742-1024x768.jpg\" alt=\"\" class=\"wp-image-19290\" srcset=\"https:\/\/zs.gromnik.pl\/zs\/wp-content\/uploads\/2025\/12\/IMG_20251216_081742-1024x768.jpg 1024w, https:\/\/zs.gromnik.pl\/zs\/wp-content\/uploads\/2025\/12\/IMG_20251216_081742-300x225.jpg 300w, https:\/\/zs.gromnik.pl\/zs\/wp-content\/uploads\/2025\/12\/IMG_20251216_081742-768x576.jpg 768w, https:\/\/zs.gromnik.pl\/zs\/wp-content\/uploads\/2025\/12\/IMG_20251216_081742-1536x1152.jpg 1536w, https:\/\/zs.gromnik.pl\/zs\/wp-content\/uploads\/2025\/12\/IMG_20251216_081742-2048x1536.jpg 2048w, https:\/\/zs.gromnik.pl\/zs\/wp-content\/uploads\/2025\/12\/IMG_20251216_081742-1140x855.jpg 1140w\" sizes=\"(max-width: 1024px) 100vw, 1024px\" \/><\/figure>\n\n\n\n<figure class=\"wp-block-image size-large\"><img loading=\"lazy\" width=\"1024\" height=\"768\" data-id=\"19288\"  src=\"https:\/\/zs.gromnik.pl\/zs\/wp-content\/uploads\/2025\/12\/IMG_20251216_081620-1024x768.jpg\" alt=\"\" class=\"wp-image-19288\" srcset=\"https:\/\/zs.gromnik.pl\/zs\/wp-content\/uploads\/2025\/12\/IMG_20251216_081620-1024x768.jpg 1024w, https:\/\/zs.gromnik.pl\/zs\/wp-content\/uploads\/2025\/12\/IMG_20251216_081620-300x225.jpg 300w, https:\/\/zs.gromnik.pl\/zs\/wp-content\/uploads\/2025\/12\/IMG_20251216_081620-768x576.jpg 768w, https:\/\/zs.gromnik.pl\/zs\/wp-content\/uploads\/2025\/12\/IMG_20251216_081620-1536x1152.jpg 1536w, https:\/\/zs.gromnik.pl\/zs\/wp-content\/uploads\/2025\/12\/IMG_20251216_081620-2048x1536.jpg 2048w, https:\/\/zs.gromnik.pl\/zs\/wp-content\/uploads\/2025\/12\/IMG_20251216_081620-1140x855.jpg 1140w\" sizes=\"(max-width: 1024px) 100vw, 1024px\" \/><\/figure>\n\n\n\n<figure class=\"wp-block-image size-large\"><img loading=\"lazy\" width=\"1024\" height=\"768\" data-id=\"19287\"  src=\"https:\/\/zs.gromnik.pl\/zs\/wp-content\/uploads\/2025\/12\/IMG_20251216_081458-1024x768.jpg\" alt=\"\" class=\"wp-image-19287\" srcset=\"https:\/\/zs.gromnik.pl\/zs\/wp-content\/uploads\/2025\/12\/IMG_20251216_081458-1024x768.jpg 1024w, https:\/\/zs.gromnik.pl\/zs\/wp-content\/uploads\/2025\/12\/IMG_20251216_081458-300x225.jpg 300w, https:\/\/zs.gromnik.pl\/zs\/wp-content\/uploads\/2025\/12\/IMG_20251216_081458-768x576.jpg 768w, https:\/\/zs.gromnik.pl\/zs\/wp-content\/uploads\/2025\/12\/IMG_20251216_081458-1536x1152.jpg 1536w, https:\/\/zs.gromnik.pl\/zs\/wp-content\/uploads\/2025\/12\/IMG_20251216_081458-2048x1536.jpg 2048w, https:\/\/zs.gromnik.pl\/zs\/wp-content\/uploads\/2025\/12\/IMG_20251216_081458-1140x855.jpg 1140w\" sizes=\"(max-width: 1024px) 100vw, 1024px\" \/><\/figure>\n\n\n\n<figure class=\"wp-block-image size-large\"><img loading=\"lazy\" width=\"1024\" height=\"768\" data-id=\"19291\"  src=\"https:\/\/zs.gromnik.pl\/zs\/wp-content\/uploads\/2025\/12\/IMG_20251216_081341-1024x768.jpg\" alt=\"\" class=\"wp-image-19291\" srcset=\"https:\/\/zs.gromnik.pl\/zs\/wp-content\/uploads\/2025\/12\/IMG_20251216_081341-1024x768.jpg 1024w, https:\/\/zs.gromnik.pl\/zs\/wp-content\/uploads\/2025\/12\/IMG_20251216_081341-300x225.jpg 300w, https:\/\/zs.gromnik.pl\/zs\/wp-content\/uploads\/2025\/12\/IMG_20251216_081341-768x576.jpg 768w, https:\/\/zs.gromnik.pl\/zs\/wp-content\/uploads\/2025\/12\/IMG_20251216_081341-1536x1152.jpg 1536w, https:\/\/zs.gromnik.pl\/zs\/wp-content\/uploads\/2025\/12\/IMG_20251216_081341-2048x1536.jpg 2048w, https:\/\/zs.gromnik.pl\/zs\/wp-content\/uploads\/2025\/12\/IMG_20251216_081341-1140x855.jpg 1140w\" sizes=\"(max-width: 1024px) 100vw, 1024px\" \/><\/figure>\n\n\n\n<figure class=\"wp-block-image size-large\"><img loading=\"lazy\" width=\"1024\" height=\"768\" data-id=\"19289\"  src=\"https:\/\/zs.gromnik.pl\/zs\/wp-content\/uploads\/2025\/12\/IMG_20251216_081217-1024x768.jpg\" alt=\"\" class=\"wp-image-19289\" srcset=\"https:\/\/zs.gromnik.pl\/zs\/wp-content\/uploads\/2025\/12\/IMG_20251216_081217-1024x768.jpg 1024w, https:\/\/zs.gromnik.pl\/zs\/wp-content\/uploads\/2025\/12\/IMG_20251216_081217-300x225.jpg 300w, https:\/\/zs.gromnik.pl\/zs\/wp-content\/uploads\/2025\/12\/IMG_20251216_081217-768x576.jpg 768w, https:\/\/zs.gromnik.pl\/zs\/wp-content\/uploads\/2025\/12\/IMG_20251216_081217-1536x1152.jpg 1536w, https:\/\/zs.gromnik.pl\/zs\/wp-content\/uploads\/2025\/12\/IMG_20251216_081217-2048x1536.jpg 2048w, https:\/\/zs.gromnik.pl\/zs\/wp-content\/uploads\/2025\/12\/IMG_20251216_081217-1140x855.jpg 1140w\" sizes=\"(max-width: 1024px) 100vw, 1024px\" \/><\/figure>\n\n\n\n<figure class=\"wp-block-image size-large\"><img loading=\"lazy\" width=\"1024\" height=\"768\" data-id=\"19292\"  src=\"https:\/\/zs.gromnik.pl\/zs\/wp-content\/uploads\/2025\/12\/IMG_20251216_081053-1024x768.jpg\" alt=\"\" class=\"wp-image-19292\" srcset=\"https:\/\/zs.gromnik.pl\/zs\/wp-content\/uploads\/2025\/12\/IMG_20251216_081053-1024x768.jpg 1024w, https:\/\/zs.gromnik.pl\/zs\/wp-content\/uploads\/2025\/12\/IMG_20251216_081053-300x225.jpg 300w, https:\/\/zs.gromnik.pl\/zs\/wp-content\/uploads\/2025\/12\/IMG_20251216_081053-768x576.jpg 768w, https:\/\/zs.gromnik.pl\/zs\/wp-content\/uploads\/2025\/12\/IMG_20251216_081053-1536x1152.jpg 1536w, https:\/\/zs.gromnik.pl\/zs\/wp-content\/uploads\/2025\/12\/IMG_20251216_081053-2048x1536.jpg 2048w, https:\/\/zs.gromnik.pl\/zs\/wp-content\/uploads\/2025\/12\/IMG_20251216_081053-1140x855.jpg 1140w\" sizes=\"(max-width: 1024px) 100vw, 1024px\" \/><\/figure>\n<\/figure>\n","protected":false},"excerpt":{"rendered":"<p>Dnia 17 grudnia rozstrzygni\u0119to konkurs plastyczny dla uczni\u00f3w klas pierwszych \u201eM\u00f3j przyjaciel mi\u015b\u201d oraz konkurs plastyczny dla uczni\u00f3w &nbsp;klas drugich i trzecich \u201eOk\u0142adka mojej ulubionej ksi\u0105\u017cki\u201d. Konkursy by\u0142y organizowane przez bibliotek\u0119 szkoln\u0105. Podczas oceny prac jury bra\u0142o pod uwag\u0119 przede wszystkim samodzielno\u015b\u0107 wykonania pracy a tak\u017ce estetyk\u0119 wykonania, pomys\u0142owo\u015b\u0107 oraz \u0142\u0105czenie r\u00f3\u017cnych technik plastycznych. Po d\u0142ugich naradach jury wy\u0142oni\u0142o najpi\u0119kniejsze prace plastyczne w poszczeg\u00f3lnych klasach. Bardzo dzi\u0119kuj\u0119 wszystkim dzieciom bior\u0105cym udzia\u0142 w konkursach za po\u015bwi\u0119cony czas i trud w\u0142o\u017cony w przygotowanie tych wspania\u0142ych prac. Dzi\u0119kuj\u0119 tak\u017ce Paniom ze sklepiku szkolnego za dofinansowanie zakupu nagr\u00f3d.<\/p>\n","protected":false},"author":8,"featured_media":19290,"comment_status":"closed","ping_status":"open","sticky":false,"template":"","format":"standard","meta":[],"categories":[3,16],"tags":[],"yoast_head":"<!-- This site is optimized with the Yoast SEO plugin v19.8 - https:\/\/yoast.com\/wordpress\/plugins\/seo\/ -->\n<title>Biblioteczne konkursy plastyczne rozstrzygni\u0119te - Zesp\u00f3\u0142 Szk\u00f3\u0142 w Gromniku<\/title>\n<meta name=\"description\" content=\"Zesp\u00f3\u0142 Szk\u00f3\u0142 w Gromniku\" \/>\n<meta name=\"robots\" content=\"index, follow, max-snippet:-1, max-image-preview:large, max-video-preview:-1\" \/>\n<link rel=\"canonical\" href=\"https:\/\/zs.gromnik.pl\/zs\/biblioteczne-konkursy-plastyczne-rozstrzygniete-2\/\" \/>\n<meta property=\"og:locale\" content=\"pl_PL\" \/>\n<meta property=\"og:type\" content=\"article\" \/>\n<meta property=\"og:title\" content=\"Biblioteczne konkursy plastyczne rozstrzygni\u0119te - Zesp\u00f3\u0142 Szk\u00f3\u0142 w Gromniku\" \/>\n<meta property=\"og:description\" content=\"Zesp\u00f3\u0142 Szk\u00f3\u0142 w Gromniku\" \/>\n<meta property=\"og:url\" content=\"https:\/\/zs.gromnik.pl\/zs\/biblioteczne-konkursy-plastyczne-rozstrzygniete-2\/\" \/>\n<meta property=\"og:site_name\" content=\"Zesp\u00f3\u0142 Szk\u00f3\u0142 w Gromniku\" \/>\n<meta property=\"article:publisher\" content=\"https:\/\/www.facebook.com\/zsgromnik\" \/>\n<meta property=\"article:published_time\" content=\"2025-12-22T20:03:52+00:00\" \/>\n<meta property=\"article:modified_time\" content=\"2025-12-22T20:03:54+00:00\" \/>\n<meta property=\"og:image\" content=\"https:\/\/zs.gromnik.pl\/zs\/wp-content\/uploads\/2025\/12\/IMG_20251216_081742-scaled.jpg\" \/>\n\t<meta property=\"og:image:width\" content=\"2560\" \/>\n\t<meta property=\"og:image:height\" content=\"1920\" \/>\n\t<meta property=\"og:image:type\" content=\"image\/jpeg\" \/>\n<meta name=\"author\" content=\"Natalia Chrzanowska\" \/>\n<meta name=\"twitter:card\" content=\"summary_large_image\" \/>\n<meta name=\"twitter:label1\" content=\"Napisane przez\" \/>\n\t<meta name=\"twitter:data1\" content=\"Natalia Chrzanowska\" \/>\n\t<meta name=\"twitter:label2\" content=\"Szacowany czas czytania\" \/>\n\t<meta name=\"twitter:data2\" content=\"1 minuta\" \/>\n<script type=\"application\/ld+json\" class=\"yoast-schema-graph\">{\"@context\":\"https:\/\/schema.org\",\"@graph\":[{\"@type\":\"WebPage\",\"@id\":\"https:\/\/zs.gromnik.pl\/zs\/biblioteczne-konkursy-plastyczne-rozstrzygniete-2\/\",\"url\":\"https:\/\/zs.gromnik.pl\/zs\/biblioteczne-konkursy-plastyczne-rozstrzygniete-2\/\",\"name\":\"Biblioteczne konkursy plastyczne rozstrzygni\u0119te - Zesp\u00f3\u0142 Szk\u00f3\u0142 w Gromniku\",\"isPartOf\":{\"@id\":\"https:\/\/zs.gromnik.pl\/zs\/#website\"},\"datePublished\":\"2025-12-22T20:03:52+00:00\",\"dateModified\":\"2025-12-22T20:03:54+00:00\",\"author\":{\"@id\":\"https:\/\/zs.gromnik.pl\/zs\/#\/schema\/person\/bdc40814dc26b2bfd8d2bb6568cf545b\"},\"description\":\"Zesp\u00f3\u0142 Szk\u00f3\u0142 w Gromniku\",\"breadcrumb\":{\"@id\":\"https:\/\/zs.gromnik.pl\/zs\/biblioteczne-konkursy-plastyczne-rozstrzygniete-2\/#breadcrumb\"},\"inLanguage\":\"pl-PL\",\"potentialAction\":[{\"@type\":\"ReadAction\",\"target\":[\"https:\/\/zs.gromnik.pl\/zs\/biblioteczne-konkursy-plastyczne-rozstrzygniete-2\/\"]}]},{\"@type\":\"BreadcrumbList\",\"@id\":\"https:\/\/zs.gromnik.pl\/zs\/biblioteczne-konkursy-plastyczne-rozstrzygniete-2\/#breadcrumb\",\"itemListElement\":[{\"@type\":\"ListItem\",\"position\":1,\"name\":\"Strona g\u0142\u00f3wna\",\"item\":\"https:\/\/zs.gromnik.pl\/zs\/\"},{\"@type\":\"ListItem\",\"position\":2,\"name\":\"Biblioteczne konkursy plastyczne rozstrzygni\u0119te\"}]},{\"@type\":\"WebSite\",\"@id\":\"https:\/\/zs.gromnik.pl\/zs\/#website\",\"url\":\"https:\/\/zs.gromnik.pl\/zs\/\",\"name\":\"Zesp\u00f3\u0142 Szk\u00f3\u0142 w Gromniku\",\"description\":\"\",\"potentialAction\":[{\"@type\":\"SearchAction\",\"target\":{\"@type\":\"EntryPoint\",\"urlTemplate\":\"https:\/\/zs.gromnik.pl\/zs\/?s={search_term_string}\"},\"query-input\":\"required name=search_term_string\"}],\"inLanguage\":\"pl-PL\"},{\"@type\":\"Person\",\"@id\":\"https:\/\/zs.gromnik.pl\/zs\/#\/schema\/person\/bdc40814dc26b2bfd8d2bb6568cf545b\",\"name\":\"Natalia Chrzanowska\",\"image\":{\"@type\":\"ImageObject\",\"inLanguage\":\"pl-PL\",\"@id\":\"https:\/\/zs.gromnik.pl\/zs\/#\/schema\/person\/image\/\",\"url\":\"https:\/\/secure.gravatar.com\/avatar\/116a440b0a07f60518f7c1055317e6ab?s=96&d=mm&r=g\",\"contentUrl\":\"https:\/\/secure.gravatar.com\/avatar\/116a440b0a07f60518f7c1055317e6ab?s=96&d=mm&r=g\",\"caption\":\"Natalia Chrzanowska\"},\"url\":\"https:\/\/zs.gromnik.pl\/zs\/author\/nchrzanowska\/\"}]}<\/script>\n<!-- \/ Yoast SEO plugin. -->","yoast_head_json":{"title":"Biblioteczne konkursy plastyczne rozstrzygni\u0119te - Zesp\u00f3\u0142 Szk\u00f3\u0142 w Gromniku","description":"Zesp\u00f3\u0142 Szk\u00f3\u0142 w Gromniku","robots":{"index":"index","follow":"follow","max-snippet":"max-snippet:-1","max-image-preview":"max-image-preview:large","max-video-preview":"max-video-preview:-1"},"canonical":"https:\/\/zs.gromnik.pl\/zs\/biblioteczne-konkursy-plastyczne-rozstrzygniete-2\/","og_locale":"pl_PL","og_type":"article","og_title":"Biblioteczne konkursy plastyczne rozstrzygni\u0119te - Zesp\u00f3\u0142 Szk\u00f3\u0142 w Gromniku","og_description":"Zesp\u00f3\u0142 Szk\u00f3\u0142 w Gromniku","og_url":"https:\/\/zs.gromnik.pl\/zs\/biblioteczne-konkursy-plastyczne-rozstrzygniete-2\/","og_site_name":"Zesp\u00f3\u0142 Szk\u00f3\u0142 w Gromniku","article_publisher":"https:\/\/www.facebook.com\/zsgromnik","article_published_time":"2025-12-22T20:03:52+00:00","article_modified_time":"2025-12-22T20:03:54+00:00","og_image":[{"width":2560,"height":1920,"url":"https:\/\/zs.gromnik.pl\/zs\/wp-content\/uploads\/2025\/12\/IMG_20251216_081742-scaled.jpg","type":"image\/jpeg"}],"author":"Natalia Chrzanowska","twitter_card":"summary_large_image","twitter_misc":{"Napisane przez":"Natalia Chrzanowska","Szacowany czas czytania":"1 minuta"},"schema":{"@context":"https:\/\/schema.org","@graph":[{"@type":"WebPage","@id":"https:\/\/zs.gromnik.pl\/zs\/biblioteczne-konkursy-plastyczne-rozstrzygniete-2\/","url":"https:\/\/zs.gromnik.pl\/zs\/biblioteczne-konkursy-plastyczne-rozstrzygniete-2\/","name":"Biblioteczne konkursy plastyczne rozstrzygni\u0119te - Zesp\u00f3\u0142 Szk\u00f3\u0142 w Gromniku","isPartOf":{"@id":"https:\/\/zs.gromnik.pl\/zs\/#website"},"datePublished":"2025-12-22T20:03:52+00:00","dateModified":"2025-12-22T20:03:54+00:00","author":{"@id":"https:\/\/zs.gromnik.pl\/zs\/#\/schema\/person\/bdc40814dc26b2bfd8d2bb6568cf545b"},"description":"Zesp\u00f3\u0142 Szk\u00f3\u0142 w Gromniku","breadcrumb":{"@id":"https:\/\/zs.gromnik.pl\/zs\/biblioteczne-konkursy-plastyczne-rozstrzygniete-2\/#breadcrumb"},"inLanguage":"pl-PL","potentialAction":[{"@type":"ReadAction","target":["https:\/\/zs.gromnik.pl\/zs\/biblioteczne-konkursy-plastyczne-rozstrzygniete-2\/"]}]},{"@type":"BreadcrumbList","@id":"https:\/\/zs.gromnik.pl\/zs\/biblioteczne-konkursy-plastyczne-rozstrzygniete-2\/#breadcrumb","itemListElement":[{"@type":"ListItem","position":1,"name":"Strona g\u0142\u00f3wna","item":"https:\/\/zs.gromnik.pl\/zs\/"},{"@type":"ListItem","position":2,"name":"Biblioteczne konkursy plastyczne rozstrzygni\u0119te"}]},{"@type":"WebSite","@id":"https:\/\/zs.gromnik.pl\/zs\/#website","url":"https:\/\/zs.gromnik.pl\/zs\/","name":"Zesp\u00f3\u0142 Szk\u00f3\u0142 w Gromniku","description":"","potentialAction":[{"@type":"SearchAction","target":{"@type":"EntryPoint","urlTemplate":"https:\/\/zs.gromnik.pl\/zs\/?s={search_term_string}"},"query-input":"required name=search_term_string"}],"inLanguage":"pl-PL"},{"@type":"Person","@id":"https:\/\/zs.gromnik.pl\/zs\/#\/schema\/person\/bdc40814dc26b2bfd8d2bb6568cf545b","name":"Natalia Chrzanowska","image":{"@type":"ImageObject","inLanguage":"pl-PL","@id":"https:\/\/zs.gromnik.pl\/zs\/#\/schema\/person\/image\/","url":"https:\/\/secure.gravatar.com\/avatar\/116a440b0a07f60518f7c1055317e6ab?s=96&d=mm&r=g","contentUrl":"https:\/\/secure.gravatar.com\/avatar\/116a440b0a07f60518f7c1055317e6ab?s=96&d=mm&r=g","caption":"Natalia Chrzanowska"},"url":"https:\/\/zs.gromnik.pl\/zs\/author\/nchrzanowska\/"}]}},"_links":{"self":[{"href":"https:\/\/zs.gromnik.pl\/zs\/wp-json\/wp\/v2\/posts\/19286"}],"collection":[{"href":"https:\/\/zs.gromnik.pl\/zs\/wp-json\/wp\/v2\/posts"}],"about":[{"href":"https:\/\/zs.gromnik.pl\/zs\/wp-json\/wp\/v2\/types\/post"}],"author":[{"embeddable":true,"href":"https:\/\/zs.gromnik.pl\/zs\/wp-json\/wp\/v2\/users\/8"}],"replies":[{"embeddable":true,"href":"https:\/\/zs.gromnik.pl\/zs\/wp-json\/wp\/v2\/comments?post=19286"}],"version-history":[{"count":1,"href":"https:\/\/zs.gromnik.pl\/zs\/wp-json\/wp\/v2\/posts\/19286\/revisions"}],"predecessor-version":[{"id":19293,"href":"https:\/\/zs.gromnik.pl\/zs\/wp-json\/wp\/v2\/posts\/19286\/revisions\/19293"}],"wp:featuredmedia":[{"embeddable":true,"href":"https:\/\/zs.gromnik.pl\/zs\/wp-json\/wp\/v2\/media\/19290"}],"wp:attachment":[{"href":"https:\/\/zs.gromnik.pl\/zs\/wp-json\/wp\/v2\/media?parent=19286"}],"wp:term":[{"taxonomy":"category","embeddable":true,"href":"https:\/\/zs.gromnik.pl\/zs\/wp-json\/wp\/v2\/categories?post=19286"},{"taxonomy":"post_tag","embeddable":true,"href":"https:\/\/zs.gromnik.pl\/zs\/wp-json\/wp\/v2\/tags?post=19286"}],"curies":[{"name":"wp","href":"https:\/\/api.w.org\/{rel}","templated":true}]}}