{"id":3799,"date":"2019-02-15T10:13:16","date_gmt":"2019-02-15T09:13:16","guid":{"rendered":"http:\/\/www.zs.gromnik.pl\/zs\/?p=3799"},"modified":"2019-02-15T10:13:16","modified_gmt":"2019-02-15T09:13:16","slug":"dzien-babci-i-dziadka-w-przedszkolu-2019","status":"publish","type":"post","link":"https:\/\/zs.gromnik.pl\/zs\/dzien-babci-i-dziadka-w-przedszkolu-2019\/","title":{"rendered":"Dzie\u0144 Babci i Dziadka w Przedszkolu (2019)"},"content":{"rendered":"<div id='gallery-1' class='gallery galleryid-3799 gallery-columns-9 gallery-size-thumbnail'><figure class='gallery-item'>\n\t\t\t<div class='gallery-icon landscape'>\n\t\t\t\t<a href='https:\/\/zs.gromnik.pl\/zs\/dzien-babci-i-dziadka-w-przedszkolu-2019\/49394446_2437769206294497_4224675272823144448_o\/'><img width=\"150\" height=\"150\" src=\"https:\/\/zs.gromnik.pl\/zs\/wp-content\/uploads\/2019\/02\/49394446_2437769206294497_4224675272823144448_o-150x150.jpg\" class=\"attachment-thumbnail size-thumbnail\" alt=\"\" loading=\"lazy\" \/><\/a>\n\t\t\t<\/div><\/figure><figure class='gallery-item'>\n\t\t\t<div class='gallery-icon portrait'>\n\t\t\t\t<a href='https:\/\/zs.gromnik.pl\/zs\/dzien-babci-i-dziadka-w-przedszkolu-2019\/50652409_2444075322330552_1985945156288774144_n\/'><img width=\"150\" height=\"150\" src=\"https:\/\/zs.gromnik.pl\/zs\/wp-content\/uploads\/2019\/02\/50652409_2444075322330552_1985945156288774144_n-150x150.jpg\" class=\"attachment-thumbnail size-thumbnail\" alt=\"\" loading=\"lazy\" \/><\/a>\n\t\t\t<\/div><\/figure><figure class='gallery-item'>\n\t\t\t<div class='gallery-icon landscape'>\n\t\t\t\t<a href='https:\/\/zs.gromnik.pl\/zs\/dzien-babci-i-dziadka-w-przedszkolu-2019\/50980912_2437770696294348_2847042183096172544_o\/'><img width=\"150\" height=\"150\" src=\"https:\/\/zs.gromnik.pl\/zs\/wp-content\/uploads\/2019\/02\/50980912_2437770696294348_2847042183096172544_o-150x150.jpg\" class=\"attachment-thumbnail size-thumbnail\" alt=\"\" loading=\"lazy\" \/><\/a>\n\t\t\t<\/div><\/figure><figure class='gallery-item'>\n\t\t\t<div class='gallery-icon landscape'>\n\t\t\t\t<a href='https:\/\/zs.gromnik.pl\/zs\/dzien-babci-i-dziadka-w-przedszkolu-2019\/50995810_2437770009627750_7987251363547447296_o\/'><img width=\"150\" height=\"150\" src=\"https:\/\/zs.gromnik.pl\/zs\/wp-content\/uploads\/2019\/02\/50995810_2437770009627750_7987251363547447296_o-150x150.jpg\" class=\"attachment-thumbnail size-thumbnail\" alt=\"\" loading=\"lazy\" \/><\/a>\n\t\t\t<\/div><\/figure><figure class='gallery-item'>\n\t\t\t<div class='gallery-icon landscape'>\n\t\t\t\t<a href='https:\/\/zs.gromnik.pl\/zs\/dzien-babci-i-dziadka-w-przedszkolu-2019\/51037732_2437767729627978_3513544248995610624_o\/'><img width=\"150\" height=\"150\" src=\"https:\/\/zs.gromnik.pl\/zs\/wp-content\/uploads\/2019\/02\/51037732_2437767729627978_3513544248995610624_o-150x150.jpg\" class=\"attachment-thumbnail size-thumbnail\" alt=\"\" loading=\"lazy\" \/><\/a>\n\t\t\t<\/div><\/figure><figure class='gallery-item'>\n\t\t\t<div class='gallery-icon landscape'>\n\t\t\t\t<a href='https:\/\/zs.gromnik.pl\/zs\/dzien-babci-i-dziadka-w-przedszkolu-2019\/51054766_2437764199628331_8236390072652398592_o\/'><img width=\"150\" height=\"150\" src=\"https:\/\/zs.gromnik.pl\/zs\/wp-content\/uploads\/2019\/02\/51054766_2437764199628331_8236390072652398592_o-150x150.jpg\" class=\"attachment-thumbnail size-thumbnail\" alt=\"\" loading=\"lazy\" \/><\/a>\n\t\t\t<\/div><\/figure><figure class='gallery-item'>\n\t\t\t<div class='gallery-icon landscape'>\n\t\t\t\t<a href='https:\/\/zs.gromnik.pl\/zs\/dzien-babci-i-dziadka-w-przedszkolu-2019\/51056145_2437766512961433_7253630245985583104_o\/'><img width=\"150\" height=\"150\" src=\"https:\/\/zs.gromnik.pl\/zs\/wp-content\/uploads\/2019\/02\/51056145_2437766512961433_7253630245985583104_o-150x150.jpg\" class=\"attachment-thumbnail size-thumbnail\" alt=\"\" loading=\"lazy\" \/><\/a>\n\t\t\t<\/div><\/figure><figure class='gallery-item'>\n\t\t\t<div class='gallery-icon landscape'>\n\t\t\t\t<a href='https:\/\/zs.gromnik.pl\/zs\/dzien-babci-i-dziadka-w-przedszkolu-2019\/51080258_2437770972960987_1707478735449489408_o\/'><img width=\"150\" height=\"150\" src=\"https:\/\/zs.gromnik.pl\/zs\/wp-content\/uploads\/2019\/02\/51080258_2437770972960987_1707478735449489408_o-150x150.jpg\" class=\"attachment-thumbnail size-thumbnail\" alt=\"\" loading=\"lazy\" \/><\/a>\n\t\t\t<\/div><\/figure><figure class='gallery-item'>\n\t\t\t<div class='gallery-icon landscape'>\n\t\t\t\t<a href='https:\/\/zs.gromnik.pl\/zs\/dzien-babci-i-dziadka-w-przedszkolu-2019\/51085261_2437763702961714_8724537642990960640_o\/'><img width=\"150\" height=\"150\" src=\"https:\/\/zs.gromnik.pl\/zs\/wp-content\/uploads\/2019\/02\/51085261_2437763702961714_8724537642990960640_o-150x150.jpg\" class=\"attachment-thumbnail size-thumbnail\" alt=\"\" loading=\"lazy\" \/><\/a>\n\t\t\t<\/div><\/figure><figure class='gallery-item'>\n\t\t\t<div class='gallery-icon landscape'>\n\t\t\t\t<a href='https:\/\/zs.gromnik.pl\/zs\/dzien-babci-i-dziadka-w-przedszkolu-2019\/51095843_2437767439628007_8805876055765155840_o\/'><img width=\"150\" height=\"150\" src=\"https:\/\/zs.gromnik.pl\/zs\/wp-content\/uploads\/2019\/02\/51095843_2437767439628007_8805876055765155840_o-150x150.jpg\" class=\"attachment-thumbnail size-thumbnail\" alt=\"\" loading=\"lazy\" \/><\/a>\n\t\t\t<\/div><\/figure><figure class='gallery-item'>\n\t\t\t<div class='gallery-icon landscape'>\n\t\t\t\t<a href='https:\/\/zs.gromnik.pl\/zs\/dzien-babci-i-dziadka-w-przedszkolu-2019\/51110334_2437770506294367_2528078597227282432_o\/'><img width=\"150\" height=\"150\" src=\"https:\/\/zs.gromnik.pl\/zs\/wp-content\/uploads\/2019\/02\/51110334_2437770506294367_2528078597227282432_o-150x150.jpg\" class=\"attachment-thumbnail size-thumbnail\" alt=\"\" loading=\"lazy\" \/><\/a>\n\t\t\t<\/div><\/figure><figure class='gallery-item'>\n\t\t\t<div class='gallery-icon landscape'>\n\t\t\t\t<a href='https:\/\/zs.gromnik.pl\/zs\/dzien-babci-i-dziadka-w-przedszkolu-2019\/51112551_2437770349627716_8266851492544118784_o\/'><img width=\"150\" height=\"150\" src=\"https:\/\/zs.gromnik.pl\/zs\/wp-content\/uploads\/2019\/02\/51112551_2437770349627716_8266851492544118784_o-150x150.jpg\" class=\"attachment-thumbnail size-thumbnail\" alt=\"\" loading=\"lazy\" \/><\/a>\n\t\t\t<\/div><\/figure><figure class='gallery-item'>\n\t\t\t<div class='gallery-icon landscape'>\n\t\t\t\t<a href='https:\/\/zs.gromnik.pl\/zs\/dzien-babci-i-dziadka-w-przedszkolu-2019\/51116842_2444074838997267_5737557758874484736_o\/'><img width=\"150\" height=\"150\" src=\"https:\/\/zs.gromnik.pl\/zs\/wp-content\/uploads\/2019\/02\/51116842_2444074838997267_5737557758874484736_o-150x150.jpg\" class=\"attachment-thumbnail size-thumbnail\" alt=\"\" loading=\"lazy\" \/><\/a>\n\t\t\t<\/div><\/figure><figure class='gallery-item'>\n\t\t\t<div class='gallery-icon landscape'>\n\t\t\t\t<a href='https:\/\/zs.gromnik.pl\/zs\/dzien-babci-i-dziadka-w-przedszkolu-2019\/51121386_2437767769627974_8713589616734633984_o\/'><img width=\"150\" height=\"150\" src=\"https:\/\/zs.gromnik.pl\/zs\/wp-content\/uploads\/2019\/02\/51121386_2437767769627974_8713589616734633984_o-150x150.jpg\" class=\"attachment-thumbnail size-thumbnail\" alt=\"\" loading=\"lazy\" \/><\/a>\n\t\t\t<\/div><\/figure><figure class='gallery-item'>\n\t\t\t<div class='gallery-icon portrait'>\n\t\t\t\t<a href='https:\/\/zs.gromnik.pl\/zs\/dzien-babci-i-dziadka-w-przedszkolu-2019\/51122994_2444074932330591_1002658367199510528_n\/'><img width=\"150\" height=\"150\" src=\"https:\/\/zs.gromnik.pl\/zs\/wp-content\/uploads\/2019\/02\/51122994_2444074932330591_1002658367199510528_n-150x150.jpg\" class=\"attachment-thumbnail size-thumbnail\" alt=\"\" loading=\"lazy\" \/><\/a>\n\t\t\t<\/div><\/figure><figure class='gallery-item'>\n\t\t\t<div class='gallery-icon landscape'>\n\t\t\t\t<a href='https:\/\/zs.gromnik.pl\/zs\/dzien-babci-i-dziadka-w-przedszkolu-2019\/51126557_2437769476294470_5268329957561466880_o\/'><img width=\"150\" height=\"150\" src=\"https:\/\/zs.gromnik.pl\/zs\/wp-content\/uploads\/2019\/02\/51126557_2437769476294470_5268329957561466880_o-150x150.jpg\" class=\"attachment-thumbnail size-thumbnail\" alt=\"\" loading=\"lazy\" \/><\/a>\n\t\t\t<\/div><\/figure><figure class='gallery-item'>\n\t\t\t<div class='gallery-icon landscape'>\n\t\t\t\t<a href='https:\/\/zs.gromnik.pl\/zs\/dzien-babci-i-dziadka-w-przedszkolu-2019\/51128973_2444072962330788_1895273268479262720_o\/'><img width=\"150\" height=\"150\" src=\"https:\/\/zs.gromnik.pl\/zs\/wp-content\/uploads\/2019\/02\/51128973_2444072962330788_1895273268479262720_o-150x150.jpg\" class=\"attachment-thumbnail size-thumbnail\" alt=\"\" loading=\"lazy\" \/><\/a>\n\t\t\t<\/div><\/figure><figure class='gallery-item'>\n\t\t\t<div class='gallery-icon landscape'>\n\t\t\t\t<a href='https:\/\/zs.gromnik.pl\/zs\/dzien-babci-i-dziadka-w-przedszkolu-2019\/51132456_2444074052330679_5252920602745896960_o\/'><img width=\"150\" height=\"150\" src=\"https:\/\/zs.gromnik.pl\/zs\/wp-content\/uploads\/2019\/02\/51132456_2444074052330679_5252920602745896960_o-150x150.jpg\" class=\"attachment-thumbnail size-thumbnail\" alt=\"\" loading=\"lazy\" \/><\/a>\n\t\t\t<\/div><\/figure><figure class='gallery-item'>\n\t\t\t<div class='gallery-icon landscape'>\n\t\t\t\t<a href='https:\/\/zs.gromnik.pl\/zs\/dzien-babci-i-dziadka-w-przedszkolu-2019\/51153451_2437765609628190_8710921707604410368_o\/'><img width=\"150\" height=\"150\" src=\"https:\/\/zs.gromnik.pl\/zs\/wp-content\/uploads\/2019\/02\/51153451_2437765609628190_8710921707604410368_o-150x150.jpg\" class=\"attachment-thumbnail size-thumbnail\" alt=\"\" loading=\"lazy\" \/><\/a>\n\t\t\t<\/div><\/figure><figure class='gallery-item'>\n\t\t\t<div class='gallery-icon landscape'>\n\t\t\t\t<a href='https:\/\/zs.gromnik.pl\/zs\/dzien-babci-i-dziadka-w-przedszkolu-2019\/51178858_2444076612330423_9018801262782578688_o\/'><img width=\"150\" height=\"150\" src=\"https:\/\/zs.gromnik.pl\/zs\/wp-content\/uploads\/2019\/02\/51178858_2444076612330423_9018801262782578688_o-150x150.jpg\" class=\"attachment-thumbnail size-thumbnail\" alt=\"\" loading=\"lazy\" \/><\/a>\n\t\t\t<\/div><\/figure><figure class='gallery-item'>\n\t\t\t<div class='gallery-icon portrait'>\n\t\t\t\t<a href='https:\/\/zs.gromnik.pl\/zs\/dzien-babci-i-dziadka-w-przedszkolu-2019\/51193930_2437768882961196_2456687341595525120_n\/'><img width=\"150\" height=\"150\" src=\"https:\/\/zs.gromnik.pl\/zs\/wp-content\/uploads\/2019\/02\/51193930_2437768882961196_2456687341595525120_n-150x150.jpg\" class=\"attachment-thumbnail size-thumbnail\" alt=\"\" loading=\"lazy\" \/><\/a>\n\t\t\t<\/div><\/figure><figure class='gallery-item'>\n\t\t\t<div class='gallery-icon landscape'>\n\t\t\t\t<a href='https:\/\/zs.gromnik.pl\/zs\/dzien-babci-i-dziadka-w-przedszkolu-2019\/51204953_2437768329627918_5377071197987012608_o\/'><img width=\"150\" height=\"150\" src=\"https:\/\/zs.gromnik.pl\/zs\/wp-content\/uploads\/2019\/02\/51204953_2437768329627918_5377071197987012608_o-150x150.jpg\" class=\"attachment-thumbnail size-thumbnail\" alt=\"\" loading=\"lazy\" \/><\/a>\n\t\t\t<\/div><\/figure><figure class='gallery-item'>\n\t\t\t<div class='gallery-icon landscape'>\n\t\t\t\t<a href='https:\/\/zs.gromnik.pl\/zs\/dzien-babci-i-dziadka-w-przedszkolu-2019\/51231787_2444072555664162_2180713964587974656_o\/'><img width=\"150\" height=\"150\" src=\"https:\/\/zs.gromnik.pl\/zs\/wp-content\/uploads\/2019\/02\/51231787_2444072555664162_2180713964587974656_o-150x150.jpg\" class=\"attachment-thumbnail size-thumbnail\" alt=\"\" loading=\"lazy\" \/><\/a>\n\t\t\t<\/div><\/figure><figure class='gallery-item'>\n\t\t\t<div class='gallery-icon landscape'>\n\t\t\t\t<a href='https:\/\/zs.gromnik.pl\/zs\/dzien-babci-i-dziadka-w-przedszkolu-2019\/51243125_2444073085664109_4466176628132675584_o\/'><img width=\"150\" height=\"150\" src=\"https:\/\/zs.gromnik.pl\/zs\/wp-content\/uploads\/2019\/02\/51243125_2444073085664109_4466176628132675584_o-150x150.jpg\" class=\"attachment-thumbnail size-thumbnail\" alt=\"\" loading=\"lazy\" \/><\/a>\n\t\t\t<\/div><\/figure><figure class='gallery-item'>\n\t\t\t<div class='gallery-icon landscape'>\n\t\t\t\t<a href='https:\/\/zs.gromnik.pl\/zs\/dzien-babci-i-dziadka-w-przedszkolu-2019\/51260286_2444073992330685_3342468756633812992_o\/'><img width=\"150\" height=\"150\" src=\"https:\/\/zs.gromnik.pl\/zs\/wp-content\/uploads\/2019\/02\/51260286_2444073992330685_3342468756633812992_o-150x150.jpg\" class=\"attachment-thumbnail size-thumbnail\" alt=\"\" loading=\"lazy\" \/><\/a>\n\t\t\t<\/div><\/figure><figure class='gallery-item'>\n\t\t\t<div class='gallery-icon landscape'>\n\t\t\t\t<a href='https:\/\/zs.gromnik.pl\/zs\/dzien-babci-i-dziadka-w-przedszkolu-2019\/51287945_2444073525664065_1132204716969689088_o\/'><img width=\"150\" height=\"150\" src=\"https:\/\/zs.gromnik.pl\/zs\/wp-content\/uploads\/2019\/02\/51287945_2444073525664065_1132204716969689088_o-150x150.jpg\" class=\"attachment-thumbnail size-thumbnail\" alt=\"\" loading=\"lazy\" \/><\/a>\n\t\t\t<\/div><\/figure><figure class='gallery-item'>\n\t\t\t<div class='gallery-icon landscape'>\n\t\t\t\t<a href='https:\/\/zs.gromnik.pl\/zs\/dzien-babci-i-dziadka-w-przedszkolu-2019\/51295980_2444073115664106_1176899344947740672_o\/'><img width=\"150\" height=\"150\" src=\"https:\/\/zs.gromnik.pl\/zs\/wp-content\/uploads\/2019\/02\/51295980_2444073115664106_1176899344947740672_o-150x150.jpg\" class=\"attachment-thumbnail size-thumbnail\" alt=\"\" loading=\"lazy\" \/><\/a>\n\t\t\t<\/div><\/figure><figure class='gallery-item'>\n\t\t\t<div class='gallery-icon landscape'>\n\t\t\t\t<a href='https:\/\/zs.gromnik.pl\/zs\/dzien-babci-i-dziadka-w-przedszkolu-2019\/51319424_2437767882961296_701447646396547072_o\/'><img width=\"150\" height=\"150\" src=\"https:\/\/zs.gromnik.pl\/zs\/wp-content\/uploads\/2019\/02\/51319424_2437767882961296_701447646396547072_o-150x150.jpg\" class=\"attachment-thumbnail size-thumbnail\" alt=\"\" loading=\"lazy\" \/><\/a>\n\t\t\t<\/div><\/figure><figure class='gallery-item'>\n\t\t\t<div class='gallery-icon landscape'>\n\t\t\t\t<a href='https:\/\/zs.gromnik.pl\/zs\/dzien-babci-i-dziadka-w-przedszkolu-2019\/51332233_2437768019627949_6153972907149099008_o\/'><img width=\"150\" height=\"150\" src=\"https:\/\/zs.gromnik.pl\/zs\/wp-content\/uploads\/2019\/02\/51332233_2437768019627949_6153972907149099008_o-150x150.jpg\" class=\"attachment-thumbnail size-thumbnail\" alt=\"\" loading=\"lazy\" \/><\/a>\n\t\t\t<\/div><\/figure><figure class='gallery-item'>\n\t\t\t<div class='gallery-icon landscape'>\n\t\t\t\t<a href='https:\/\/zs.gromnik.pl\/zs\/dzien-babci-i-dziadka-w-przedszkolu-2019\/51360150_2444074045664013_4006252069580177408_o\/'><img width=\"150\" height=\"150\" src=\"https:\/\/zs.gromnik.pl\/zs\/wp-content\/uploads\/2019\/02\/51360150_2444074045664013_4006252069580177408_o-150x150.jpg\" class=\"attachment-thumbnail size-thumbnail\" alt=\"\" loading=\"lazy\" \/><\/a>\n\t\t\t<\/div><\/figure><figure class='gallery-item'>\n\t\t\t<div class='gallery-icon landscape'>\n\t\t\t\t<a href='https:\/\/zs.gromnik.pl\/zs\/dzien-babci-i-dziadka-w-przedszkolu-2019\/51375726_2437765446294873_3161216811710545920_o\/'><img width=\"150\" height=\"150\" src=\"https:\/\/zs.gromnik.pl\/zs\/wp-content\/uploads\/2019\/02\/51375726_2437765446294873_3161216811710545920_o-150x150.jpg\" class=\"attachment-thumbnail size-thumbnail\" alt=\"\" loading=\"lazy\" \/><\/a>\n\t\t\t<\/div><\/figure><figure class='gallery-item'>\n\t\t\t<div class='gallery-icon landscape'>\n\t\t\t\t<a href='https:\/\/zs.gromnik.pl\/zs\/dzien-babci-i-dziadka-w-przedszkolu-2019\/51415488_2437770866294331_2833286588258058240_o\/'><img width=\"150\" height=\"150\" src=\"https:\/\/zs.gromnik.pl\/zs\/wp-content\/uploads\/2019\/02\/51415488_2437770866294331_2833286588258058240_o-150x150.jpg\" class=\"attachment-thumbnail size-thumbnail\" alt=\"\" loading=\"lazy\" \/><\/a>\n\t\t\t<\/div><\/figure><figure class='gallery-item'>\n\t\t\t<div class='gallery-icon landscape'>\n\t\t\t\t<a href='https:\/\/zs.gromnik.pl\/zs\/dzien-babci-i-dziadka-w-przedszkolu-2019\/51417504_2444074365663981_3362383656696938496_o\/'><img width=\"150\" height=\"150\" src=\"https:\/\/zs.gromnik.pl\/zs\/wp-content\/uploads\/2019\/02\/51417504_2444074365663981_3362383656696938496_o-150x150.jpg\" class=\"attachment-thumbnail size-thumbnail\" alt=\"\" loading=\"lazy\" \/><\/a>\n\t\t\t<\/div><\/figure><figure class='gallery-item'>\n\t\t\t<div class='gallery-icon landscape'>\n\t\t\t\t<a href='https:\/\/zs.gromnik.pl\/zs\/dzien-babci-i-dziadka-w-przedszkolu-2019\/51439023_2444074655663952_7360375554979135488_o\/'><img width=\"150\" height=\"150\" src=\"https:\/\/zs.gromnik.pl\/zs\/wp-content\/uploads\/2019\/02\/51439023_2444074655663952_7360375554979135488_o-150x150.jpg\" class=\"attachment-thumbnail size-thumbnail\" alt=\"\" loading=\"lazy\" \/><\/a>\n\t\t\t<\/div><\/figure><figure class='gallery-item'>\n\t\t\t<div class='gallery-icon landscape'>\n\t\t\t\t<a href='https:\/\/zs.gromnik.pl\/zs\/dzien-babci-i-dziadka-w-przedszkolu-2019\/51486666_2444072135664204_4897365978574225408_o\/'><img width=\"150\" height=\"150\" src=\"https:\/\/zs.gromnik.pl\/zs\/wp-content\/uploads\/2019\/02\/51486666_2444072135664204_4897365978574225408_o-150x150.jpg\" class=\"attachment-thumbnail size-thumbnail\" alt=\"\" loading=\"lazy\" \/><\/a>\n\t\t\t<\/div><\/figure><figure class='gallery-item'>\n\t\t\t<div class='gallery-icon landscape'>\n\t\t\t\t<a href='https:\/\/zs.gromnik.pl\/zs\/dzien-babci-i-dziadka-w-przedszkolu-2019\/51489295_2437768722961212_485002391557505024_o\/'><img width=\"150\" height=\"150\" src=\"https:\/\/zs.gromnik.pl\/zs\/wp-content\/uploads\/2019\/02\/51489295_2437768722961212_485002391557505024_o-150x150.jpg\" class=\"attachment-thumbnail size-thumbnail\" alt=\"\" loading=\"lazy\" \/><\/a>\n\t\t\t<\/div><\/figure><figure class='gallery-item'>\n\t\t\t<div class='gallery-icon landscape'>\n\t\t\t\t<a href='https:\/\/zs.gromnik.pl\/zs\/dzien-babci-i-dziadka-w-przedszkolu-2019\/51492358_2444073445664073_8984558394769670144_o\/'><img width=\"150\" height=\"150\" src=\"https:\/\/zs.gromnik.pl\/zs\/wp-content\/uploads\/2019\/02\/51492358_2444073445664073_8984558394769670144_o-150x150.jpg\" class=\"attachment-thumbnail size-thumbnail\" alt=\"\" loading=\"lazy\" \/><\/a>\n\t\t\t<\/div><\/figure><figure class='gallery-item'>\n\t\t\t<div class='gallery-icon landscape'>\n\t\t\t\t<a href='https:\/\/zs.gromnik.pl\/zs\/dzien-babci-i-dziadka-w-przedszkolu-2019\/51532621_2437769799627771_9125741808104505344_o\/'><img width=\"150\" height=\"150\" src=\"https:\/\/zs.gromnik.pl\/zs\/wp-content\/uploads\/2019\/02\/51532621_2437769799627771_9125741808104505344_o-150x150.jpg\" class=\"attachment-thumbnail size-thumbnail\" alt=\"\" loading=\"lazy\" \/><\/a>\n\t\t\t<\/div><\/figure><figure class='gallery-item'>\n\t\t\t<div class='gallery-icon landscape'>\n\t\t\t\t<a href='https:\/\/zs.gromnik.pl\/zs\/dzien-babci-i-dziadka-w-przedszkolu-2019\/51577591_2437764346294983_7517539974686703616_o\/'><img width=\"150\" height=\"150\" src=\"https:\/\/zs.gromnik.pl\/zs\/wp-content\/uploads\/2019\/02\/51577591_2437764346294983_7517539974686703616_o-150x150.jpg\" class=\"attachment-thumbnail size-thumbnail\" alt=\"\" loading=\"lazy\" \/><\/a>\n\t\t\t<\/div><\/figure><figure class='gallery-item'>\n\t\t\t<div class='gallery-icon landscape'>\n\t\t\t\t<a href='https:\/\/zs.gromnik.pl\/zs\/dzien-babci-i-dziadka-w-przedszkolu-2019\/51579229_2437763056295112_5858597178590625792_o\/'><img width=\"150\" height=\"150\" src=\"https:\/\/zs.gromnik.pl\/zs\/wp-content\/uploads\/2019\/02\/51579229_2437763056295112_5858597178590625792_o-150x150.jpg\" class=\"attachment-thumbnail size-thumbnail\" alt=\"\" loading=\"lazy\" \/><\/a>\n\t\t\t<\/div><\/figure><figure class='gallery-item'>\n\t\t\t<div class='gallery-icon landscape'>\n\t\t\t\t<a href='https:\/\/zs.gromnik.pl\/zs\/dzien-babci-i-dziadka-w-przedszkolu-2019\/51654222_2444075195663898_547110543530393600_o\/'><img width=\"150\" height=\"150\" src=\"https:\/\/zs.gromnik.pl\/zs\/wp-content\/uploads\/2019\/02\/51654222_2444075195663898_547110543530393600_o-150x150.jpg\" class=\"attachment-thumbnail size-thumbnail\" alt=\"\" loading=\"lazy\" \/><\/a>\n\t\t\t<\/div><\/figure><figure class='gallery-item'>\n\t\t\t<div class='gallery-icon landscape'>\n\t\t\t\t<a href='https:\/\/zs.gromnik.pl\/zs\/dzien-babci-i-dziadka-w-przedszkolu-2019\/51654241_2444074698997281_495686766951399424_o\/'><img width=\"150\" height=\"150\" src=\"https:\/\/zs.gromnik.pl\/zs\/wp-content\/uploads\/2019\/02\/51654241_2444074698997281_495686766951399424_o-150x150.jpg\" class=\"attachment-thumbnail size-thumbnail\" alt=\"\" loading=\"lazy\" \/><\/a>\n\t\t\t<\/div><\/figure><figure class='gallery-item'>\n\t\t\t<div class='gallery-icon portrait'>\n\t\t\t\t<a href='https:\/\/zs.gromnik.pl\/zs\/dzien-babci-i-dziadka-w-przedszkolu-2019\/51755784_2444072178997533_3938936308415594496_n\/'><img width=\"150\" height=\"150\" src=\"https:\/\/zs.gromnik.pl\/zs\/wp-content\/uploads\/2019\/02\/51755784_2444072178997533_3938936308415594496_n-150x150.jpg\" class=\"attachment-thumbnail size-thumbnail\" alt=\"\" loading=\"lazy\" \/><\/a>\n\t\t\t<\/div><\/figure><figure class='gallery-item'>\n\t\t\t<div class='gallery-icon landscape'>\n\t\t\t\t<a href='https:\/\/zs.gromnik.pl\/zs\/dzien-babci-i-dziadka-w-przedszkolu-2019\/51773339_2444074572330627_4192742908236922880_o\/'><img width=\"150\" height=\"150\" src=\"https:\/\/zs.gromnik.pl\/zs\/wp-content\/uploads\/2019\/02\/51773339_2444074572330627_4192742908236922880_o-150x150.jpg\" class=\"attachment-thumbnail size-thumbnail\" alt=\"\" loading=\"lazy\" \/><\/a>\n\t\t\t<\/div><\/figure>\n\t\t<\/div>\n\n","protected":false},"excerpt":{"rendered":"","protected":false},"author":1,"featured_media":0,"comment_status":"closed","ping_status":"open","sticky":false,"template":"","format":"standard","meta":[],"categories":[3,26],"tags":[],"yoast_head":"<!-- This site is optimized with the Yoast SEO plugin v19.8 - https:\/\/yoast.com\/wordpress\/plugins\/seo\/ -->\n<title>Dzie\u0144 Babci i Dziadka w Przedszkolu (2019) - Zesp\u00f3\u0142 Szk\u00f3\u0142 w Gromniku<\/title>\n<meta name=\"description\" content=\"Zesp\u00f3\u0142 Szk\u00f3\u0142 w Gromniku\" \/>\n<meta name=\"robots\" content=\"index, follow, max-snippet:-1, max-image-preview:large, max-video-preview:-1\" \/>\n<link rel=\"canonical\" href=\"https:\/\/zs.gromnik.pl\/zs\/dzien-babci-i-dziadka-w-przedszkolu-2019\/\" \/>\n<meta property=\"og:locale\" content=\"pl_PL\" \/>\n<meta property=\"og:type\" content=\"article\" \/>\n<meta property=\"og:title\" content=\"Dzie\u0144 Babci i Dziadka w Przedszkolu (2019) - Zesp\u00f3\u0142 Szk\u00f3\u0142 w Gromniku\" \/>\n<meta property=\"og:description\" content=\"Zesp\u00f3\u0142 Szk\u00f3\u0142 w Gromniku\" \/>\n<meta property=\"og:url\" content=\"https:\/\/zs.gromnik.pl\/zs\/dzien-babci-i-dziadka-w-przedszkolu-2019\/\" \/>\n<meta property=\"og:site_name\" content=\"Zesp\u00f3\u0142 Szk\u00f3\u0142 w Gromniku\" \/>\n<meta property=\"article:publisher\" content=\"https:\/\/www.facebook.com\/zsgromnik\" \/>\n<meta property=\"article:published_time\" content=\"2019-02-15T09:13:16+00:00\" \/>\n<meta property=\"og:image\" content=\"https:\/\/zs.gromnik.pl\/zs\/wp-content\/uploads\/2019\/02\/49394446_2437769206294497_4224675272823144448_o-150x150.jpg\" \/>\n<meta name=\"author\" content=\"admin\" \/>\n<meta name=\"twitter:card\" content=\"summary_large_image\" \/>\n<meta name=\"twitter:label1\" content=\"Napisane przez\" \/>\n\t<meta name=\"twitter:data1\" content=\"admin\" \/>\n<script type=\"application\/ld+json\" class=\"yoast-schema-graph\">{\"@context\":\"https:\/\/schema.org\",\"@graph\":[{\"@type\":\"WebPage\",\"@id\":\"https:\/\/zs.gromnik.pl\/zs\/dzien-babci-i-dziadka-w-przedszkolu-2019\/\",\"url\":\"https:\/\/zs.gromnik.pl\/zs\/dzien-babci-i-dziadka-w-przedszkolu-2019\/\",\"name\":\"Dzie\u0144 Babci i Dziadka w Przedszkolu (2019) - Zesp\u00f3\u0142 Szk\u00f3\u0142 w Gromniku\",\"isPartOf\":{\"@id\":\"http:\/\/zs.gromnik.pl\/zs\/#website\"},\"datePublished\":\"2019-02-15T09:13:16+00:00\",\"dateModified\":\"2019-02-15T09:13:16+00:00\",\"author\":{\"@id\":\"http:\/\/zs.gromnik.pl\/zs\/#\/schema\/person\/b197900f67c6133faddc284ae32f97ca\"},\"description\":\"Zesp\u00f3\u0142 Szk\u00f3\u0142 w Gromniku\",\"breadcrumb\":{\"@id\":\"https:\/\/zs.gromnik.pl\/zs\/dzien-babci-i-dziadka-w-przedszkolu-2019\/#breadcrumb\"},\"inLanguage\":\"pl-PL\",\"potentialAction\":[{\"@type\":\"ReadAction\",\"target\":[\"https:\/\/zs.gromnik.pl\/zs\/dzien-babci-i-dziadka-w-przedszkolu-2019\/\"]}]},{\"@type\":\"BreadcrumbList\",\"@id\":\"https:\/\/zs.gromnik.pl\/zs\/dzien-babci-i-dziadka-w-przedszkolu-2019\/#breadcrumb\",\"itemListElement\":[{\"@type\":\"ListItem\",\"position\":1,\"name\":\"Strona g\u0142\u00f3wna\",\"item\":\"http:\/\/zs.gromnik.pl\/zs\/\"},{\"@type\":\"ListItem\",\"position\":2,\"name\":\"Dzie\u0144 Babci i Dziadka w Przedszkolu (2019)\"}]},{\"@type\":\"WebSite\",\"@id\":\"http:\/\/zs.gromnik.pl\/zs\/#website\",\"url\":\"http:\/\/zs.gromnik.pl\/zs\/\",\"name\":\"Zesp\u00f3\u0142 Szk\u00f3\u0142 w Gromniku\",\"description\":\"\",\"potentialAction\":[{\"@type\":\"SearchAction\",\"target\":{\"@type\":\"EntryPoint\",\"urlTemplate\":\"http:\/\/zs.gromnik.pl\/zs\/?s={search_term_string}\"},\"query-input\":\"required name=search_term_string\"}],\"inLanguage\":\"pl-PL\"},{\"@type\":\"Person\",\"@id\":\"http:\/\/zs.gromnik.pl\/zs\/#\/schema\/person\/b197900f67c6133faddc284ae32f97ca\",\"name\":\"admin\",\"image\":{\"@type\":\"ImageObject\",\"inLanguage\":\"pl-PL\",\"@id\":\"http:\/\/zs.gromnik.pl\/zs\/#\/schema\/person\/image\/\",\"url\":\"https:\/\/secure.gravatar.com\/avatar\/f8a2f876dbcc8c8edd809a8ca77a2abe?s=96&d=mm&r=g\",\"contentUrl\":\"https:\/\/secure.gravatar.com\/avatar\/f8a2f876dbcc8c8edd809a8ca77a2abe?s=96&d=mm&r=g\",\"caption\":\"admin\"},\"url\":\"https:\/\/zs.gromnik.pl\/zs\/author\/admin\/\"}]}<\/script>\n<!-- \/ Yoast SEO plugin. -->","yoast_head_json":{"title":"Dzie\u0144 Babci i Dziadka w Przedszkolu (2019) - Zesp\u00f3\u0142 Szk\u00f3\u0142 w Gromniku","description":"Zesp\u00f3\u0142 Szk\u00f3\u0142 w Gromniku","robots":{"index":"index","follow":"follow","max-snippet":"max-snippet:-1","max-image-preview":"max-image-preview:large","max-video-preview":"max-video-preview:-1"},"canonical":"https:\/\/zs.gromnik.pl\/zs\/dzien-babci-i-dziadka-w-przedszkolu-2019\/","og_locale":"pl_PL","og_type":"article","og_title":"Dzie\u0144 Babci i Dziadka w Przedszkolu (2019) - Zesp\u00f3\u0142 Szk\u00f3\u0142 w Gromniku","og_description":"Zesp\u00f3\u0142 Szk\u00f3\u0142 w Gromniku","og_url":"https:\/\/zs.gromnik.pl\/zs\/dzien-babci-i-dziadka-w-przedszkolu-2019\/","og_site_name":"Zesp\u00f3\u0142 Szk\u00f3\u0142 w Gromniku","article_publisher":"https:\/\/www.facebook.com\/zsgromnik","article_published_time":"2019-02-15T09:13:16+00:00","og_image":[{"url":"https:\/\/zs.gromnik.pl\/zs\/wp-content\/uploads\/2019\/02\/49394446_2437769206294497_4224675272823144448_o-150x150.jpg"}],"author":"admin","twitter_card":"summary_large_image","twitter_misc":{"Napisane przez":"admin"},"schema":{"@context":"https:\/\/schema.org","@graph":[{"@type":"WebPage","@id":"https:\/\/zs.gromnik.pl\/zs\/dzien-babci-i-dziadka-w-przedszkolu-2019\/","url":"https:\/\/zs.gromnik.pl\/zs\/dzien-babci-i-dziadka-w-przedszkolu-2019\/","name":"Dzie\u0144 Babci i Dziadka w Przedszkolu (2019) - Zesp\u00f3\u0142 Szk\u00f3\u0142 w Gromniku","isPartOf":{"@id":"http:\/\/zs.gromnik.pl\/zs\/#website"},"datePublished":"2019-02-15T09:13:16+00:00","dateModified":"2019-02-15T09:13:16+00:00","author":{"@id":"http:\/\/zs.gromnik.pl\/zs\/#\/schema\/person\/b197900f67c6133faddc284ae32f97ca"},"description":"Zesp\u00f3\u0142 Szk\u00f3\u0142 w Gromniku","breadcrumb":{"@id":"https:\/\/zs.gromnik.pl\/zs\/dzien-babci-i-dziadka-w-przedszkolu-2019\/#breadcrumb"},"inLanguage":"pl-PL","potentialAction":[{"@type":"ReadAction","target":["https:\/\/zs.gromnik.pl\/zs\/dzien-babci-i-dziadka-w-przedszkolu-2019\/"]}]},{"@type":"BreadcrumbList","@id":"https:\/\/zs.gromnik.pl\/zs\/dzien-babci-i-dziadka-w-przedszkolu-2019\/#breadcrumb","itemListElement":[{"@type":"ListItem","position":1,"name":"Strona g\u0142\u00f3wna","item":"http:\/\/zs.gromnik.pl\/zs\/"},{"@type":"ListItem","position":2,"name":"Dzie\u0144 Babci i Dziadka w Przedszkolu (2019)"}]},{"@type":"WebSite","@id":"http:\/\/zs.gromnik.pl\/zs\/#website","url":"http:\/\/zs.gromnik.pl\/zs\/","name":"Zesp\u00f3\u0142 Szk\u00f3\u0142 w Gromniku","description":"","potentialAction":[{"@type":"SearchAction","target":{"@type":"EntryPoint","urlTemplate":"http:\/\/zs.gromnik.pl\/zs\/?s={search_term_string}"},"query-input":"required name=search_term_string"}],"inLanguage":"pl-PL"},{"@type":"Person","@id":"http:\/\/zs.gromnik.pl\/zs\/#\/schema\/person\/b197900f67c6133faddc284ae32f97ca","name":"admin","image":{"@type":"ImageObject","inLanguage":"pl-PL","@id":"http:\/\/zs.gromnik.pl\/zs\/#\/schema\/person\/image\/","url":"https:\/\/secure.gravatar.com\/avatar\/f8a2f876dbcc8c8edd809a8ca77a2abe?s=96&d=mm&r=g","contentUrl":"https:\/\/secure.gravatar.com\/avatar\/f8a2f876dbcc8c8edd809a8ca77a2abe?s=96&d=mm&r=g","caption":"admin"},"url":"https:\/\/zs.gromnik.pl\/zs\/author\/admin\/"}]}},"_links":{"self":[{"href":"https:\/\/zs.gromnik.pl\/zs\/wp-json\/wp\/v2\/posts\/3799"}],"collection":[{"href":"https:\/\/zs.gromnik.pl\/zs\/wp-json\/wp\/v2\/posts"}],"about":[{"href":"https:\/\/zs.gromnik.pl\/zs\/wp-json\/wp\/v2\/types\/post"}],"author":[{"embeddable":true,"href":"https:\/\/zs.gromnik.pl\/zs\/wp-json\/wp\/v2\/users\/1"}],"replies":[{"embeddable":true,"href":"https:\/\/zs.gromnik.pl\/zs\/wp-json\/wp\/v2\/comments?post=3799"}],"version-history":[{"count":1,"href":"https:\/\/zs.gromnik.pl\/zs\/wp-json\/wp\/v2\/posts\/3799\/revisions"}],"predecessor-version":[{"id":3844,"href":"https:\/\/zs.gromnik.pl\/zs\/wp-json\/wp\/v2\/posts\/3799\/revisions\/3844"}],"wp:attachment":[{"href":"https:\/\/zs.gromnik.pl\/zs\/wp-json\/wp\/v2\/media?parent=3799"}],"wp:term":[{"taxonomy":"category","embeddable":true,"href":"https:\/\/zs.gromnik.pl\/zs\/wp-json\/wp\/v2\/categories?post=3799"},{"taxonomy":"post_tag","embeddable":true,"href":"https:\/\/zs.gromnik.pl\/zs\/wp-json\/wp\/v2\/tags?post=3799"}],"curies":[{"name":"wp","href":"https:\/\/api.w.org\/{rel}","templated":true}]}}