{"id":3913,"date":"2019-04-03T11:33:49","date_gmt":"2019-04-03T09:33:49","guid":{"rendered":"http:\/\/www.zs.gromnik.pl\/zs\/?p=3913"},"modified":"2019-04-03T11:42:08","modified_gmt":"2019-04-03T09:42:08","slug":"komunikat","status":"publish","type":"post","link":"https:\/\/zs.gromnik.pl\/zs\/komunikat\/","title":{"rendered":"Komunikat"},"content":{"rendered":"\n<p align=\"justify\"> W referendum strajkowym przeprowadzonym w dniu 19 marca 2019 r. za przeprowadzeniem akcji strajkowej opowiedzia\u0142o si\u0119 98% g\u0142osuj\u0105cych. Oznacza to, \u017ce je\u017celi nie dojdzie do porozumienia pomi\u0119dzy Rz\u0105dem, a Zwi\u0105zkami Zawodowymi, <b>od 8 kwietnia 2019 r. <\/b> w Zespole Szk\u00f3\u0142 w Gromniku zostanie rozpocz\u0119ta akcja strajkowa, kt\u00f3ra b\u0119dzie trwa\u0107 do odwo\u0142ania. Szko\u0142a i Przedszkole <b>zapewni\u0105<\/b> w tych dniach opiek\u0119 dzieciom, kt\u00f3re b\u0119d\u0105 obecne. <\/p>\n\n\n\n<p style=\"text-align:right\">Dyrektor Zespo\u0142u Szk\u00f3\u0142 w Gromniku <\/p>\n","protected":false},"excerpt":{"rendered":"<p>W referendum strajkowym przeprowadzonym w dniu 19 marca 2019 r. za przeprowadzeniem akcji strajkowej opowiedzia\u0142o si\u0119 98% g\u0142osuj\u0105cych. Oznacza to, \u017ce je\u017celi nie dojdzie do porozumienia pomi\u0119dzy Rz\u0105dem, a Zwi\u0105zkami Zawodowymi, od 8 kwietnia 2019 r. w Zespole Szk\u00f3\u0142 w Gromniku zostanie rozpocz\u0119ta akcja strajkowa, kt\u00f3ra b\u0119dzie trwa\u0107 do odwo\u0142ania. Szko\u0142a i Przedszkole zapewni\u0105 w tych dniach opiek\u0119 dzieciom, kt\u00f3re b\u0119d\u0105 obecne. Dyrektor Zespo\u0142u Szk\u00f3\u0142 w Gromniku<\/p>\n","protected":false},"author":1,"featured_media":0,"comment_status":"closed","ping_status":"open","sticky":false,"template":"","format":"standard","meta":[],"categories":[3],"tags":[],"yoast_head":"<!-- This site is optimized with the Yoast SEO plugin v19.8 - https:\/\/yoast.com\/wordpress\/plugins\/seo\/ -->\n<title>Komunikat - Zesp\u00f3\u0142 Szk\u00f3\u0142 w Gromniku<\/title>\n<meta name=\"description\" content=\"Zesp\u00f3\u0142 Szk\u00f3\u0142 w Gromniku\" \/>\n<meta name=\"robots\" content=\"index, follow, max-snippet:-1, max-image-preview:large, max-video-preview:-1\" \/>\n<link rel=\"canonical\" href=\"https:\/\/zs.gromnik.pl\/zs\/komunikat\/\" \/>\n<meta property=\"og:locale\" content=\"pl_PL\" \/>\n<meta property=\"og:type\" content=\"article\" \/>\n<meta property=\"og:title\" content=\"Komunikat - Zesp\u00f3\u0142 Szk\u00f3\u0142 w Gromniku\" \/>\n<meta property=\"og:description\" content=\"Zesp\u00f3\u0142 Szk\u00f3\u0142 w Gromniku\" \/>\n<meta property=\"og:url\" content=\"https:\/\/zs.gromnik.pl\/zs\/komunikat\/\" \/>\n<meta property=\"og:site_name\" content=\"Zesp\u00f3\u0142 Szk\u00f3\u0142 w Gromniku\" \/>\n<meta property=\"article:publisher\" content=\"https:\/\/www.facebook.com\/zsgromnik\" \/>\n<meta property=\"article:published_time\" content=\"2019-04-03T09:33:49+00:00\" \/>\n<meta property=\"article:modified_time\" content=\"2019-04-03T09:42:08+00:00\" \/>\n<meta name=\"author\" content=\"admin\" \/>\n<meta name=\"twitter:card\" content=\"summary_large_image\" \/>\n<meta name=\"twitter:label1\" content=\"Napisane przez\" \/>\n\t<meta name=\"twitter:data1\" content=\"admin\" \/>\n<script type=\"application\/ld+json\" class=\"yoast-schema-graph\">{\"@context\":\"https:\/\/schema.org\",\"@graph\":[{\"@type\":\"WebPage\",\"@id\":\"https:\/\/zs.gromnik.pl\/zs\/komunikat\/\",\"url\":\"https:\/\/zs.gromnik.pl\/zs\/komunikat\/\",\"name\":\"Komunikat - Zesp\u00f3\u0142 Szk\u00f3\u0142 w Gromniku\",\"isPartOf\":{\"@id\":\"http:\/\/zs.gromnik.pl\/zs\/#website\"},\"datePublished\":\"2019-04-03T09:33:49+00:00\",\"dateModified\":\"2019-04-03T09:42:08+00:00\",\"author\":{\"@id\":\"http:\/\/zs.gromnik.pl\/zs\/#\/schema\/person\/b197900f67c6133faddc284ae32f97ca\"},\"description\":\"Zesp\u00f3\u0142 Szk\u00f3\u0142 w Gromniku\",\"breadcrumb\":{\"@id\":\"https:\/\/zs.gromnik.pl\/zs\/komunikat\/#breadcrumb\"},\"inLanguage\":\"pl-PL\",\"potentialAction\":[{\"@type\":\"ReadAction\",\"target\":[\"https:\/\/zs.gromnik.pl\/zs\/komunikat\/\"]}]},{\"@type\":\"BreadcrumbList\",\"@id\":\"https:\/\/zs.gromnik.pl\/zs\/komunikat\/#breadcrumb\",\"itemListElement\":[{\"@type\":\"ListItem\",\"position\":1,\"name\":\"Strona g\u0142\u00f3wna\",\"item\":\"http:\/\/zs.gromnik.pl\/zs\/\"},{\"@type\":\"ListItem\",\"position\":2,\"name\":\"Komunikat\"}]},{\"@type\":\"WebSite\",\"@id\":\"http:\/\/zs.gromnik.pl\/zs\/#website\",\"url\":\"http:\/\/zs.gromnik.pl\/zs\/\",\"name\":\"Zesp\u00f3\u0142 Szk\u00f3\u0142 w Gromniku\",\"description\":\"\",\"potentialAction\":[{\"@type\":\"SearchAction\",\"target\":{\"@type\":\"EntryPoint\",\"urlTemplate\":\"http:\/\/zs.gromnik.pl\/zs\/?s={search_term_string}\"},\"query-input\":\"required name=search_term_string\"}],\"inLanguage\":\"pl-PL\"},{\"@type\":\"Person\",\"@id\":\"http:\/\/zs.gromnik.pl\/zs\/#\/schema\/person\/b197900f67c6133faddc284ae32f97ca\",\"name\":\"admin\",\"image\":{\"@type\":\"ImageObject\",\"inLanguage\":\"pl-PL\",\"@id\":\"http:\/\/zs.gromnik.pl\/zs\/#\/schema\/person\/image\/\",\"url\":\"https:\/\/secure.gravatar.com\/avatar\/f8a2f876dbcc8c8edd809a8ca77a2abe?s=96&d=mm&r=g\",\"contentUrl\":\"https:\/\/secure.gravatar.com\/avatar\/f8a2f876dbcc8c8edd809a8ca77a2abe?s=96&d=mm&r=g\",\"caption\":\"admin\"},\"url\":\"https:\/\/zs.gromnik.pl\/zs\/author\/admin\/\"}]}<\/script>\n<!-- \/ Yoast SEO plugin. -->","yoast_head_json":{"title":"Komunikat - Zesp\u00f3\u0142 Szk\u00f3\u0142 w Gromniku","description":"Zesp\u00f3\u0142 Szk\u00f3\u0142 w Gromniku","robots":{"index":"index","follow":"follow","max-snippet":"max-snippet:-1","max-image-preview":"max-image-preview:large","max-video-preview":"max-video-preview:-1"},"canonical":"https:\/\/zs.gromnik.pl\/zs\/komunikat\/","og_locale":"pl_PL","og_type":"article","og_title":"Komunikat - Zesp\u00f3\u0142 Szk\u00f3\u0142 w Gromniku","og_description":"Zesp\u00f3\u0142 Szk\u00f3\u0142 w Gromniku","og_url":"https:\/\/zs.gromnik.pl\/zs\/komunikat\/","og_site_name":"Zesp\u00f3\u0142 Szk\u00f3\u0142 w Gromniku","article_publisher":"https:\/\/www.facebook.com\/zsgromnik","article_published_time":"2019-04-03T09:33:49+00:00","article_modified_time":"2019-04-03T09:42:08+00:00","author":"admin","twitter_card":"summary_large_image","twitter_misc":{"Napisane przez":"admin"},"schema":{"@context":"https:\/\/schema.org","@graph":[{"@type":"WebPage","@id":"https:\/\/zs.gromnik.pl\/zs\/komunikat\/","url":"https:\/\/zs.gromnik.pl\/zs\/komunikat\/","name":"Komunikat - Zesp\u00f3\u0142 Szk\u00f3\u0142 w Gromniku","isPartOf":{"@id":"http:\/\/zs.gromnik.pl\/zs\/#website"},"datePublished":"2019-04-03T09:33:49+00:00","dateModified":"2019-04-03T09:42:08+00:00","author":{"@id":"http:\/\/zs.gromnik.pl\/zs\/#\/schema\/person\/b197900f67c6133faddc284ae32f97ca"},"description":"Zesp\u00f3\u0142 Szk\u00f3\u0142 w Gromniku","breadcrumb":{"@id":"https:\/\/zs.gromnik.pl\/zs\/komunikat\/#breadcrumb"},"inLanguage":"pl-PL","potentialAction":[{"@type":"ReadAction","target":["https:\/\/zs.gromnik.pl\/zs\/komunikat\/"]}]},{"@type":"BreadcrumbList","@id":"https:\/\/zs.gromnik.pl\/zs\/komunikat\/#breadcrumb","itemListElement":[{"@type":"ListItem","position":1,"name":"Strona g\u0142\u00f3wna","item":"http:\/\/zs.gromnik.pl\/zs\/"},{"@type":"ListItem","position":2,"name":"Komunikat"}]},{"@type":"WebSite","@id":"http:\/\/zs.gromnik.pl\/zs\/#website","url":"http:\/\/zs.gromnik.pl\/zs\/","name":"Zesp\u00f3\u0142 Szk\u00f3\u0142 w Gromniku","description":"","potentialAction":[{"@type":"SearchAction","target":{"@type":"EntryPoint","urlTemplate":"http:\/\/zs.gromnik.pl\/zs\/?s={search_term_string}"},"query-input":"required name=search_term_string"}],"inLanguage":"pl-PL"},{"@type":"Person","@id":"http:\/\/zs.gromnik.pl\/zs\/#\/schema\/person\/b197900f67c6133faddc284ae32f97ca","name":"admin","image":{"@type":"ImageObject","inLanguage":"pl-PL","@id":"http:\/\/zs.gromnik.pl\/zs\/#\/schema\/person\/image\/","url":"https:\/\/secure.gravatar.com\/avatar\/f8a2f876dbcc8c8edd809a8ca77a2abe?s=96&d=mm&r=g","contentUrl":"https:\/\/secure.gravatar.com\/avatar\/f8a2f876dbcc8c8edd809a8ca77a2abe?s=96&d=mm&r=g","caption":"admin"},"url":"https:\/\/zs.gromnik.pl\/zs\/author\/admin\/"}]}},"_links":{"self":[{"href":"https:\/\/zs.gromnik.pl\/zs\/wp-json\/wp\/v2\/posts\/3913"}],"collection":[{"href":"https:\/\/zs.gromnik.pl\/zs\/wp-json\/wp\/v2\/posts"}],"about":[{"href":"https:\/\/zs.gromnik.pl\/zs\/wp-json\/wp\/v2\/types\/post"}],"author":[{"embeddable":true,"href":"https:\/\/zs.gromnik.pl\/zs\/wp-json\/wp\/v2\/users\/1"}],"replies":[{"embeddable":true,"href":"https:\/\/zs.gromnik.pl\/zs\/wp-json\/wp\/v2\/comments?post=3913"}],"version-history":[{"count":3,"href":"https:\/\/zs.gromnik.pl\/zs\/wp-json\/wp\/v2\/posts\/3913\/revisions"}],"predecessor-version":[{"id":3916,"href":"https:\/\/zs.gromnik.pl\/zs\/wp-json\/wp\/v2\/posts\/3913\/revisions\/3916"}],"wp:attachment":[{"href":"https:\/\/zs.gromnik.pl\/zs\/wp-json\/wp\/v2\/media?parent=3913"}],"wp:term":[{"taxonomy":"category","embeddable":true,"href":"https:\/\/zs.gromnik.pl\/zs\/wp-json\/wp\/v2\/categories?post=3913"},{"taxonomy":"post_tag","embeddable":true,"href":"https:\/\/zs.gromnik.pl\/zs\/wp-json\/wp\/v2\/tags?post=3913"}],"curies":[{"name":"wp","href":"https:\/\/api.w.org\/{rel}","templated":true}]}}