{"id":4268,"date":"2019-08-27T16:55:09","date_gmt":"2019-08-27T14:55:09","guid":{"rendered":"http:\/\/www.zs.gromnik.pl\/zs\/?p=4268"},"modified":"2019-09-12T20:24:22","modified_gmt":"2019-09-12T18:24:22","slug":"rekrutacja-power-dla-uczniow-wazne-informacje","status":"publish","type":"post","link":"https:\/\/zs.gromnik.pl\/zs\/rekrutacja-power-dla-uczniow-wazne-informacje\/","title":{"rendered":"Rekrutacja POWER dla uczni\u00f3w &#8211; wa\u017cne informacje."},"content":{"rendered":"\n<p>W zwi\u0105zku z przesuni\u0119ciem daty rozpocz\u0119cia programu &#8222;Ponadnarodowa mobilno\u015b\u0107 uczni\u00f3w&#8221; zmianie uleg\u0142 jego <strong>regulamin<\/strong>. Prosimy wszystkich zainteresowanych o zapoznanie si\u0119 z nim.<\/p>\n\n\n\n<p>Zapraszamy uczni\u00f3w, kt\u00f3rzy z\u0142o\u017cyli swoje podania do sekretariatu, o przybycie na rozmow\u0119 kwalifikacyjn\u0105.<\/p>\n\n\n\n<p class=\"has-medium-font-size\">Odb\u0119dzie si\u0119 ona <strong>06.09.2019 r. o godzinie 14:30<\/strong> w Zespole Szk\u00f3\u0142 w Gromniku.<\/p>\n\n\n\n<p>Rozmowa po polsku dotyczy\u0107 b\u0119dzie m.in. takich zagadnie\u0144 jak:<\/p>\n\n\n\n<ul><li>ochrona przyrody i \u015brodowiska<\/li><\/ul>\n\n\n\n<ul><li>postawa cz\u0142owieka wobec wykorzystywania d\u00f3br naturalnych<\/li><\/ul>\n\n\n\n<ul><li>ekosystem &#8211; czym jest, jak jest zbudowany<\/li><\/ul>\n\n\n\n<ul><li>porosty jako organizmy wska\u017anikowe<\/li><\/ul>\n\n\n\n<ul><li>odnawialne i nieodnawialne zasoby przyrody<\/li><\/ul>\n\n\n\n<p>Rozmowa po angielsku:<\/p>\n\n\n\n<ul><li>autoprezentacja<\/li><\/ul>\n\n\n\n<ul><li>zainteresowania<\/li><\/ul>\n\n\n\n<ul><li>jak dbam o Ziemi\u0119<\/li><\/ul>\n\n\n\n<p>W razie pyta\u0144 prosimy o kontakt z nauczycielami uczestnicz\u0105cymi w projekcie.<\/p>\n\n\n\n<p><\/p>\n\n\n\n<p class=\"has-medium-font-size\"><strong>02.09.2019 r. w sekretariacie szko\u0142y nale\u017cy odebra\u0107 dodatkowe dokumenty aplikacyjne, wype\u0142ni\u0107 je i z\u0142o\u017cy\u0107 do 06.09.2019 r.<\/strong><\/p>\n\n\n\n<p><\/p>\n\n\n\n<div class=\"wp-block-file\"><a href=\"http:\/\/www.zs.gromnik.pl\/zs\/wp-content\/uploads\/2019\/08\/regulamin-rekrutacji-nowy.pdf\">regulamin rekrutacji (nowy)<\/a><a href=\"http:\/\/www.zs.gromnik.pl\/zs\/wp-content\/uploads\/2019\/08\/regulamin-rekrutacji-nowy.pdf\" class=\"wp-block-file__button\" download>Pobierz<\/a><\/div>\n\n\n\n<p><\/p>\n","protected":false},"excerpt":{"rendered":"<p>W zwi\u0105zku z przesuni\u0119ciem daty rozpocz\u0119cia programu &#8222;Ponadnarodowa mobilno\u015b\u0107 uczni\u00f3w&#8221; zmianie uleg\u0142 jego regulamin. Prosimy wszystkich zainteresowanych o zapoznanie si\u0119 z nim. Zapraszamy uczni\u00f3w, kt\u00f3rzy z\u0142o\u017cyli swoje podania do sekretariatu, o przybycie na rozmow\u0119 kwalifikacyjn\u0105. Odb\u0119dzie si\u0119 ona 06.09.2019 r. o godzinie 14:30 w Zespole Szk\u00f3\u0142 w Gromniku. Rozmowa po polsku dotyczy\u0107 b\u0119dzie m.in. takich zagadnie\u0144 jak: ochrona przyrody i \u015brodowiska postawa cz\u0142owieka wobec wykorzystywania d\u00f3br naturalnych ekosystem &#8211; czym jest, jak jest zbudowany porosty jako organizmy wska\u017anikowe odnawialne i nieodnawialne zasoby przyrody Rozmowa po angielsku: autoprezentacja zainteresowania jak dbam o Ziemi\u0119 W razie pyta\u0144 prosimy o kontakt z nauczycielami uczestnicz\u0105cymi w projekcie. 02.09.2019 r. w sekretariacie szko\u0142y nale\u017cy odebra\u0107 dodatkowe dokumenty aplikacyjne, wype\u0142ni\u0107 je i z\u0142o\u017cy\u0107 do 06.09.2019 r.<\/p>\n","protected":false},"author":6,"featured_media":4158,"comment_status":"closed","ping_status":"open","sticky":false,"template":"","format":"standard","meta":[],"categories":[3],"tags":[],"yoast_head":"<!-- This site is optimized with the Yoast SEO plugin v19.8 - https:\/\/yoast.com\/wordpress\/plugins\/seo\/ -->\n<title>Rekrutacja POWER dla uczni\u00f3w - wa\u017cne informacje. - Zesp\u00f3\u0142 Szk\u00f3\u0142 w Gromniku<\/title>\n<meta name=\"description\" content=\"Zesp\u00f3\u0142 Szk\u00f3\u0142 w Gromniku\" \/>\n<meta name=\"robots\" content=\"index, follow, max-snippet:-1, max-image-preview:large, max-video-preview:-1\" \/>\n<link rel=\"canonical\" href=\"https:\/\/zs.gromnik.pl\/zs\/rekrutacja-power-dla-uczniow-wazne-informacje\/\" \/>\n<meta property=\"og:locale\" content=\"pl_PL\" \/>\n<meta property=\"og:type\" content=\"article\" \/>\n<meta property=\"og:title\" content=\"Rekrutacja POWER dla uczni\u00f3w - wa\u017cne informacje. - Zesp\u00f3\u0142 Szk\u00f3\u0142 w Gromniku\" \/>\n<meta property=\"og:description\" content=\"Zesp\u00f3\u0142 Szk\u00f3\u0142 w Gromniku\" \/>\n<meta property=\"og:url\" content=\"https:\/\/zs.gromnik.pl\/zs\/rekrutacja-power-dla-uczniow-wazne-informacje\/\" \/>\n<meta property=\"og:site_name\" content=\"Zesp\u00f3\u0142 Szk\u00f3\u0142 w Gromniku\" \/>\n<meta property=\"article:publisher\" content=\"https:\/\/www.facebook.com\/zsgromnik\" \/>\n<meta property=\"article:published_time\" content=\"2019-08-27T14:55:09+00:00\" \/>\n<meta property=\"article:modified_time\" content=\"2019-09-12T18:24:22+00:00\" \/>\n<meta property=\"og:image\" content=\"https:\/\/zs.gromnik.pl\/zs\/wp-content\/uploads\/2019\/06\/power-e1567791915634.jpg\" \/>\n\t<meta property=\"og:image:width\" content=\"600\" \/>\n\t<meta property=\"og:image:height\" content=\"481\" \/>\n\t<meta property=\"og:image:type\" content=\"image\/jpeg\" \/>\n<meta name=\"author\" content=\"Patrycja Kubicz\" \/>\n<meta name=\"twitter:card\" content=\"summary_large_image\" \/>\n<meta name=\"twitter:label1\" content=\"Napisane przez\" \/>\n\t<meta name=\"twitter:data1\" content=\"Patrycja Kubicz\" \/>\n\t<meta name=\"twitter:label2\" content=\"Szacowany czas czytania\" \/>\n\t<meta name=\"twitter:data2\" content=\"1 minuta\" \/>\n<script type=\"application\/ld+json\" class=\"yoast-schema-graph\">{\"@context\":\"https:\/\/schema.org\",\"@graph\":[{\"@type\":\"WebPage\",\"@id\":\"https:\/\/zs.gromnik.pl\/zs\/rekrutacja-power-dla-uczniow-wazne-informacje\/\",\"url\":\"https:\/\/zs.gromnik.pl\/zs\/rekrutacja-power-dla-uczniow-wazne-informacje\/\",\"name\":\"Rekrutacja POWER dla uczni\u00f3w - wa\u017cne informacje. - Zesp\u00f3\u0142 Szk\u00f3\u0142 w Gromniku\",\"isPartOf\":{\"@id\":\"https:\/\/zs.gromnik.pl\/zs\/#website\"},\"datePublished\":\"2019-08-27T14:55:09+00:00\",\"dateModified\":\"2019-09-12T18:24:22+00:00\",\"author\":{\"@id\":\"https:\/\/zs.gromnik.pl\/zs\/#\/schema\/person\/8ceca2902a7d39b77622ae2e117d831a\"},\"description\":\"Zesp\u00f3\u0142 Szk\u00f3\u0142 w Gromniku\",\"breadcrumb\":{\"@id\":\"https:\/\/zs.gromnik.pl\/zs\/rekrutacja-power-dla-uczniow-wazne-informacje\/#breadcrumb\"},\"inLanguage\":\"pl-PL\",\"potentialAction\":[{\"@type\":\"ReadAction\",\"target\":[\"https:\/\/zs.gromnik.pl\/zs\/rekrutacja-power-dla-uczniow-wazne-informacje\/\"]}]},{\"@type\":\"BreadcrumbList\",\"@id\":\"https:\/\/zs.gromnik.pl\/zs\/rekrutacja-power-dla-uczniow-wazne-informacje\/#breadcrumb\",\"itemListElement\":[{\"@type\":\"ListItem\",\"position\":1,\"name\":\"Strona g\u0142\u00f3wna\",\"item\":\"https:\/\/zs.gromnik.pl\/zs\/\"},{\"@type\":\"ListItem\",\"position\":2,\"name\":\"Rekrutacja POWER dla uczni\u00f3w &#8211; wa\u017cne informacje.\"}]},{\"@type\":\"WebSite\",\"@id\":\"https:\/\/zs.gromnik.pl\/zs\/#website\",\"url\":\"https:\/\/zs.gromnik.pl\/zs\/\",\"name\":\"Zesp\u00f3\u0142 Szk\u00f3\u0142 w Gromniku\",\"description\":\"\",\"potentialAction\":[{\"@type\":\"SearchAction\",\"target\":{\"@type\":\"EntryPoint\",\"urlTemplate\":\"https:\/\/zs.gromnik.pl\/zs\/?s={search_term_string}\"},\"query-input\":\"required name=search_term_string\"}],\"inLanguage\":\"pl-PL\"},{\"@type\":\"Person\",\"@id\":\"https:\/\/zs.gromnik.pl\/zs\/#\/schema\/person\/8ceca2902a7d39b77622ae2e117d831a\",\"name\":\"Patrycja Kubicz\",\"image\":{\"@type\":\"ImageObject\",\"inLanguage\":\"pl-PL\",\"@id\":\"https:\/\/zs.gromnik.pl\/zs\/#\/schema\/person\/image\/\",\"url\":\"https:\/\/secure.gravatar.com\/avatar\/fdb188d3851f5cc80ba3148c853f5f66?s=96&d=mm&r=g\",\"contentUrl\":\"https:\/\/secure.gravatar.com\/avatar\/fdb188d3851f5cc80ba3148c853f5f66?s=96&d=mm&r=g\",\"caption\":\"Patrycja Kubicz\"},\"url\":\"https:\/\/zs.gromnik.pl\/zs\/author\/pkubicz\/\"}]}<\/script>\n<!-- \/ Yoast SEO plugin. -->","yoast_head_json":{"title":"Rekrutacja POWER dla uczni\u00f3w - wa\u017cne informacje. - Zesp\u00f3\u0142 Szk\u00f3\u0142 w Gromniku","description":"Zesp\u00f3\u0142 Szk\u00f3\u0142 w Gromniku","robots":{"index":"index","follow":"follow","max-snippet":"max-snippet:-1","max-image-preview":"max-image-preview:large","max-video-preview":"max-video-preview:-1"},"canonical":"https:\/\/zs.gromnik.pl\/zs\/rekrutacja-power-dla-uczniow-wazne-informacje\/","og_locale":"pl_PL","og_type":"article","og_title":"Rekrutacja POWER dla uczni\u00f3w - wa\u017cne informacje. - Zesp\u00f3\u0142 Szk\u00f3\u0142 w Gromniku","og_description":"Zesp\u00f3\u0142 Szk\u00f3\u0142 w Gromniku","og_url":"https:\/\/zs.gromnik.pl\/zs\/rekrutacja-power-dla-uczniow-wazne-informacje\/","og_site_name":"Zesp\u00f3\u0142 Szk\u00f3\u0142 w Gromniku","article_publisher":"https:\/\/www.facebook.com\/zsgromnik","article_published_time":"2019-08-27T14:55:09+00:00","article_modified_time":"2019-09-12T18:24:22+00:00","og_image":[{"width":600,"height":481,"url":"https:\/\/zs.gromnik.pl\/zs\/wp-content\/uploads\/2019\/06\/power-e1567791915634.jpg","type":"image\/jpeg"}],"author":"Patrycja Kubicz","twitter_card":"summary_large_image","twitter_misc":{"Napisane przez":"Patrycja Kubicz","Szacowany czas czytania":"1 minuta"},"schema":{"@context":"https:\/\/schema.org","@graph":[{"@type":"WebPage","@id":"https:\/\/zs.gromnik.pl\/zs\/rekrutacja-power-dla-uczniow-wazne-informacje\/","url":"https:\/\/zs.gromnik.pl\/zs\/rekrutacja-power-dla-uczniow-wazne-informacje\/","name":"Rekrutacja POWER dla uczni\u00f3w - wa\u017cne informacje. - Zesp\u00f3\u0142 Szk\u00f3\u0142 w Gromniku","isPartOf":{"@id":"https:\/\/zs.gromnik.pl\/zs\/#website"},"datePublished":"2019-08-27T14:55:09+00:00","dateModified":"2019-09-12T18:24:22+00:00","author":{"@id":"https:\/\/zs.gromnik.pl\/zs\/#\/schema\/person\/8ceca2902a7d39b77622ae2e117d831a"},"description":"Zesp\u00f3\u0142 Szk\u00f3\u0142 w Gromniku","breadcrumb":{"@id":"https:\/\/zs.gromnik.pl\/zs\/rekrutacja-power-dla-uczniow-wazne-informacje\/#breadcrumb"},"inLanguage":"pl-PL","potentialAction":[{"@type":"ReadAction","target":["https:\/\/zs.gromnik.pl\/zs\/rekrutacja-power-dla-uczniow-wazne-informacje\/"]}]},{"@type":"BreadcrumbList","@id":"https:\/\/zs.gromnik.pl\/zs\/rekrutacja-power-dla-uczniow-wazne-informacje\/#breadcrumb","itemListElement":[{"@type":"ListItem","position":1,"name":"Strona g\u0142\u00f3wna","item":"https:\/\/zs.gromnik.pl\/zs\/"},{"@type":"ListItem","position":2,"name":"Rekrutacja POWER dla uczni\u00f3w &#8211; wa\u017cne informacje."}]},{"@type":"WebSite","@id":"https:\/\/zs.gromnik.pl\/zs\/#website","url":"https:\/\/zs.gromnik.pl\/zs\/","name":"Zesp\u00f3\u0142 Szk\u00f3\u0142 w Gromniku","description":"","potentialAction":[{"@type":"SearchAction","target":{"@type":"EntryPoint","urlTemplate":"https:\/\/zs.gromnik.pl\/zs\/?s={search_term_string}"},"query-input":"required name=search_term_string"}],"inLanguage":"pl-PL"},{"@type":"Person","@id":"https:\/\/zs.gromnik.pl\/zs\/#\/schema\/person\/8ceca2902a7d39b77622ae2e117d831a","name":"Patrycja Kubicz","image":{"@type":"ImageObject","inLanguage":"pl-PL","@id":"https:\/\/zs.gromnik.pl\/zs\/#\/schema\/person\/image\/","url":"https:\/\/secure.gravatar.com\/avatar\/fdb188d3851f5cc80ba3148c853f5f66?s=96&d=mm&r=g","contentUrl":"https:\/\/secure.gravatar.com\/avatar\/fdb188d3851f5cc80ba3148c853f5f66?s=96&d=mm&r=g","caption":"Patrycja Kubicz"},"url":"https:\/\/zs.gromnik.pl\/zs\/author\/pkubicz\/"}]}},"_links":{"self":[{"href":"https:\/\/zs.gromnik.pl\/zs\/wp-json\/wp\/v2\/posts\/4268"}],"collection":[{"href":"https:\/\/zs.gromnik.pl\/zs\/wp-json\/wp\/v2\/posts"}],"about":[{"href":"https:\/\/zs.gromnik.pl\/zs\/wp-json\/wp\/v2\/types\/post"}],"author":[{"embeddable":true,"href":"https:\/\/zs.gromnik.pl\/zs\/wp-json\/wp\/v2\/users\/6"}],"replies":[{"embeddable":true,"href":"https:\/\/zs.gromnik.pl\/zs\/wp-json\/wp\/v2\/comments?post=4268"}],"version-history":[{"count":8,"href":"https:\/\/zs.gromnik.pl\/zs\/wp-json\/wp\/v2\/posts\/4268\/revisions"}],"predecessor-version":[{"id":4298,"href":"https:\/\/zs.gromnik.pl\/zs\/wp-json\/wp\/v2\/posts\/4268\/revisions\/4298"}],"wp:featuredmedia":[{"embeddable":true,"href":"https:\/\/zs.gromnik.pl\/zs\/wp-json\/wp\/v2\/media\/4158"}],"wp:attachment":[{"href":"https:\/\/zs.gromnik.pl\/zs\/wp-json\/wp\/v2\/media?parent=4268"}],"wp:term":[{"taxonomy":"category","embeddable":true,"href":"https:\/\/zs.gromnik.pl\/zs\/wp-json\/wp\/v2\/categories?post=4268"},{"taxonomy":"post_tag","embeddable":true,"href":"https:\/\/zs.gromnik.pl\/zs\/wp-json\/wp\/v2\/tags?post=4268"}],"curies":[{"name":"wp","href":"https:\/\/api.w.org\/{rel}","templated":true}]}}