{"id":4695,"date":"2019-11-03T18:20:51","date_gmt":"2019-11-03T17:20:51","guid":{"rendered":"http:\/\/www.zs.gromnik.pl\/zs\/?p=4695"},"modified":"2019-11-03T18:20:52","modified_gmt":"2019-11-03T17:20:52","slug":"pomaluj-moj-swiat-na-zolto-i-na-niebiesko","status":"publish","type":"post","link":"https:\/\/zs.gromnik.pl\/zs\/pomaluj-moj-swiat-na-zolto-i-na-niebiesko\/","title":{"rendered":"Pomaluj m\u00f3j \u015bwiat na \u017c\u00f3\u0142to i na niebiesko"},"content":{"rendered":"<p>Pierwsza akcja charytatywna organizowana przez Samorz\u0105d Uczniowski, w tym roku szkolnym zako\u0144czy\u0142a si\u0119 sukcesem. Przez miesi\u0105c uczniowie naszej szko\u0142y zbierali artyku\u0142y plastyczne (kredki, plastelin\u0119, farby, o\u0142\u00f3wki, zeszyty, bloki, itp.) dla dzieci z Rzuchowej. Dzi\u0119ki pomocy uczni\u00f3w i rodzic\u00f3w zebrano spor\u0105 ilo\u015b\u0107 w\/w produkt\u00f3w.<\/p>\n<p>W pi\u0105tek 27 wrze\u015bnia 2019r. opiekunki SU odwiedzi\u0142y Plac\u00f3wk\u0119 Opieku\u0144czo &#8211; Wychowawcz\u0105 w Rzuchowej. Spotkanie mia\u0142o radosny charakter, dzieci by\u0142y bardzo zadowolone.<\/p>\n<p><strong>Wszystkim zaanga\u017cowanym w pomoc serdecznie dzi\u0119kujemy.<\/strong><\/p>\n<p><!--more--><\/p>\n<p>Plac\u00f3wka Opieku\u0144czo \u2013 Wychowawcza ,,Promyk\u201d w Rzuchowej powsta\u0142a w lipcu 2011r. \u201ePromyk\u201d to pierwsza Plac\u00f3wka, kt\u00f3ra prowadzona jest przez Samorz\u0105d Powiatu Tarnowskiego. Obecnie mieszka w niej 25 dzieci. \u00a0Podopieczni pochodz\u0105 z rodzin dysfunkcyjnych, kt\u00f3re z r\u00f3\u017cnych powod\u00f3w nie by\u0142y w stanie zapewni\u0107 odpowiednich warunk\u00f3w do \u017cycia i rozwoju. Wychowankowie \u201ePromyka\u201d ucz\u0119szczaj\u0105 do Zespo\u0142u Szk\u00f3\u0142 w Rzuchowej, Szko\u0142y Podstawowej w Lubince oraz szk\u00f3\u0142 ponadgimnazjalnych na terenie miasta Tarnowa.<\/p>\n<div id='gallery-1' class='gallery galleryid-4695 gallery-columns-4 gallery-size-thumbnail'><figure class='gallery-item'>\n\t\t\t<div class='gallery-icon landscape'>\n\t\t\t\t<a href='https:\/\/zs.gromnik.pl\/zs\/71498031_2627787877243346_5608410089443557376_n\/'><img width=\"150\" height=\"150\" src=\"https:\/\/zs.gromnik.pl\/zs\/wp-content\/uploads\/2019\/11\/71498031_2627787877243346_5608410089443557376_n-150x150.jpg\" class=\"attachment-thumbnail size-thumbnail\" alt=\"\" loading=\"lazy\" \/><\/a>\n\t\t\t<\/div><\/figure><figure class='gallery-item'>\n\t\t\t<div class='gallery-icon landscape'>\n\t\t\t\t<a href='https:\/\/zs.gromnik.pl\/zs\/73515760_441438046559864_6667521472421953536_n\/'><img width=\"150\" height=\"150\" src=\"https:\/\/zs.gromnik.pl\/zs\/wp-content\/uploads\/2019\/11\/73515760_441438046559864_6667521472421953536_n-150x150.jpg\" class=\"attachment-thumbnail size-thumbnail\" alt=\"\" loading=\"lazy\" \/><\/a>\n\t\t\t<\/div><\/figure><figure class='gallery-item'>\n\t\t\t<div class='gallery-icon landscape'>\n\t\t\t\t<a href='https:\/\/zs.gromnik.pl\/zs\/73297802_529788527588998_686943374334230528_n\/'><img width=\"150\" height=\"150\" src=\"https:\/\/zs.gromnik.pl\/zs\/wp-content\/uploads\/2019\/11\/73297802_529788527588998_686943374334230528_n-150x150.jpg\" class=\"attachment-thumbnail size-thumbnail\" alt=\"\" loading=\"lazy\" \/><\/a>\n\t\t\t<\/div><\/figure><figure class='gallery-item'>\n\t\t\t<div class='gallery-icon landscape'>\n\t\t\t\t<a href='https:\/\/zs.gromnik.pl\/zs\/69916151_673725563106675_2894438624676282368_n\/'><img width=\"150\" height=\"150\" src=\"https:\/\/zs.gromnik.pl\/zs\/wp-content\/uploads\/2019\/11\/69916151_673725563106675_2894438624676282368_n-150x150.jpg\" class=\"attachment-thumbnail size-thumbnail\" alt=\"\" loading=\"lazy\" \/><\/a>\n\t\t\t<\/div><\/figure>\n\t\t<\/div>\n\n","protected":false},"excerpt":{"rendered":"<p>Pierwsza akcja charytatywna organizowana przez Samorz\u0105d Uczniowski, w tym roku szkolnym zako\u0144czy\u0142a si\u0119 sukcesem. Przez miesi\u0105c uczniowie naszej szko\u0142y zbierali artyku\u0142y plastyczne (kredki, plastelin\u0119, farby, o\u0142\u00f3wki, zeszyty, bloki, itp.) dla dzieci z Rzuchowej. Dzi\u0119ki pomocy uczni\u00f3w i rodzic\u00f3w zebrano spor\u0105 ilo\u015b\u0107 w\/w produkt\u00f3w. W pi\u0105tek 27 wrze\u015bnia 2019r. opiekunki SU odwiedzi\u0142y Plac\u00f3wk\u0119 Opieku\u0144czo &#8211; Wychowawcz\u0105 w Rzuchowej. Spotkanie mia\u0142o radosny charakter, dzieci by\u0142y bardzo zadowolone. Wszystkim zaanga\u017cowanym w pomoc serdecznie dzi\u0119kujemy.<\/p>\n","protected":false},"author":5,"featured_media":4693,"comment_status":"closed","ping_status":"open","sticky":false,"template":"","format":"standard","meta":[],"categories":[3],"tags":[],"yoast_head":"<!-- This site is optimized with the Yoast SEO plugin v19.8 - https:\/\/yoast.com\/wordpress\/plugins\/seo\/ -->\n<title>Pomaluj m\u00f3j \u015bwiat na \u017c\u00f3\u0142to i na niebiesko - Zesp\u00f3\u0142 Szk\u00f3\u0142 w Gromniku<\/title>\n<meta name=\"description\" content=\"Zesp\u00f3\u0142 Szk\u00f3\u0142 w Gromniku\" \/>\n<meta name=\"robots\" content=\"index, follow, max-snippet:-1, max-image-preview:large, max-video-preview:-1\" \/>\n<link rel=\"canonical\" href=\"https:\/\/zs.gromnik.pl\/zs\/pomaluj-moj-swiat-na-zolto-i-na-niebiesko\/\" \/>\n<meta property=\"og:locale\" content=\"pl_PL\" \/>\n<meta property=\"og:type\" content=\"article\" \/>\n<meta property=\"og:title\" content=\"Pomaluj m\u00f3j \u015bwiat na \u017c\u00f3\u0142to i na niebiesko - Zesp\u00f3\u0142 Szk\u00f3\u0142 w Gromniku\" \/>\n<meta property=\"og:description\" content=\"Zesp\u00f3\u0142 Szk\u00f3\u0142 w Gromniku\" \/>\n<meta property=\"og:url\" content=\"https:\/\/zs.gromnik.pl\/zs\/pomaluj-moj-swiat-na-zolto-i-na-niebiesko\/\" \/>\n<meta property=\"og:site_name\" content=\"Zesp\u00f3\u0142 Szk\u00f3\u0142 w Gromniku\" \/>\n<meta property=\"article:publisher\" content=\"https:\/\/www.facebook.com\/zsgromnik\" \/>\n<meta property=\"article:published_time\" content=\"2019-11-03T17:20:51+00:00\" \/>\n<meta property=\"article:modified_time\" content=\"2019-11-03T17:20:52+00:00\" \/>\n<meta property=\"og:image\" content=\"https:\/\/zs.gromnik.pl\/zs\/wp-content\/uploads\/2019\/11\/73390736_2570698269830206_8009681989164597248_n.jpg\" \/>\n\t<meta property=\"og:image:width\" content=\"640\" \/>\n\t<meta property=\"og:image:height\" content=\"480\" \/>\n\t<meta property=\"og:image:type\" content=\"image\/jpeg\" \/>\n<meta name=\"author\" content=\"Halina Kras\" \/>\n<meta name=\"twitter:card\" content=\"summary_large_image\" \/>\n<meta name=\"twitter:label1\" content=\"Napisane przez\" \/>\n\t<meta name=\"twitter:data1\" content=\"Halina Kras\" \/>\n\t<meta name=\"twitter:label2\" content=\"Szacowany czas czytania\" \/>\n\t<meta name=\"twitter:data2\" content=\"1 minuta\" \/>\n<script type=\"application\/ld+json\" class=\"yoast-schema-graph\">{\"@context\":\"https:\/\/schema.org\",\"@graph\":[{\"@type\":\"WebPage\",\"@id\":\"https:\/\/zs.gromnik.pl\/zs\/pomaluj-moj-swiat-na-zolto-i-na-niebiesko\/\",\"url\":\"https:\/\/zs.gromnik.pl\/zs\/pomaluj-moj-swiat-na-zolto-i-na-niebiesko\/\",\"name\":\"Pomaluj m\u00f3j \u015bwiat na \u017c\u00f3\u0142to i na niebiesko - Zesp\u00f3\u0142 Szk\u00f3\u0142 w Gromniku\",\"isPartOf\":{\"@id\":\"https:\/\/zs.gromnik.pl\/zs\/#website\"},\"datePublished\":\"2019-11-03T17:20:51+00:00\",\"dateModified\":\"2019-11-03T17:20:52+00:00\",\"author\":{\"@id\":\"https:\/\/zs.gromnik.pl\/zs\/#\/schema\/person\/7f04dd7c8a93579dfda6cd71576f3cd4\"},\"description\":\"Zesp\u00f3\u0142 Szk\u00f3\u0142 w Gromniku\",\"breadcrumb\":{\"@id\":\"https:\/\/zs.gromnik.pl\/zs\/pomaluj-moj-swiat-na-zolto-i-na-niebiesko\/#breadcrumb\"},\"inLanguage\":\"pl-PL\",\"potentialAction\":[{\"@type\":\"ReadAction\",\"target\":[\"https:\/\/zs.gromnik.pl\/zs\/pomaluj-moj-swiat-na-zolto-i-na-niebiesko\/\"]}]},{\"@type\":\"BreadcrumbList\",\"@id\":\"https:\/\/zs.gromnik.pl\/zs\/pomaluj-moj-swiat-na-zolto-i-na-niebiesko\/#breadcrumb\",\"itemListElement\":[{\"@type\":\"ListItem\",\"position\":1,\"name\":\"Strona g\u0142\u00f3wna\",\"item\":\"https:\/\/zs.gromnik.pl\/zs\/\"},{\"@type\":\"ListItem\",\"position\":2,\"name\":\"Pomaluj m\u00f3j \u015bwiat na \u017c\u00f3\u0142to i na niebiesko\"}]},{\"@type\":\"WebSite\",\"@id\":\"https:\/\/zs.gromnik.pl\/zs\/#website\",\"url\":\"https:\/\/zs.gromnik.pl\/zs\/\",\"name\":\"Zesp\u00f3\u0142 Szk\u00f3\u0142 w Gromniku\",\"description\":\"\",\"potentialAction\":[{\"@type\":\"SearchAction\",\"target\":{\"@type\":\"EntryPoint\",\"urlTemplate\":\"https:\/\/zs.gromnik.pl\/zs\/?s={search_term_string}\"},\"query-input\":\"required name=search_term_string\"}],\"inLanguage\":\"pl-PL\"},{\"@type\":\"Person\",\"@id\":\"https:\/\/zs.gromnik.pl\/zs\/#\/schema\/person\/7f04dd7c8a93579dfda6cd71576f3cd4\",\"name\":\"Halina Kras\",\"image\":{\"@type\":\"ImageObject\",\"inLanguage\":\"pl-PL\",\"@id\":\"https:\/\/zs.gromnik.pl\/zs\/#\/schema\/person\/image\/\",\"url\":\"https:\/\/secure.gravatar.com\/avatar\/6e5b53e88366c6cf2f3428664e9da9d9?s=96&d=mm&r=g\",\"contentUrl\":\"https:\/\/secure.gravatar.com\/avatar\/6e5b53e88366c6cf2f3428664e9da9d9?s=96&d=mm&r=g\",\"caption\":\"Halina Kras\"},\"url\":\"https:\/\/zs.gromnik.pl\/zs\/author\/halina-kras\/\"}]}<\/script>\n<!-- \/ Yoast SEO plugin. -->","yoast_head_json":{"title":"Pomaluj m\u00f3j \u015bwiat na \u017c\u00f3\u0142to i na niebiesko - Zesp\u00f3\u0142 Szk\u00f3\u0142 w Gromniku","description":"Zesp\u00f3\u0142 Szk\u00f3\u0142 w Gromniku","robots":{"index":"index","follow":"follow","max-snippet":"max-snippet:-1","max-image-preview":"max-image-preview:large","max-video-preview":"max-video-preview:-1"},"canonical":"https:\/\/zs.gromnik.pl\/zs\/pomaluj-moj-swiat-na-zolto-i-na-niebiesko\/","og_locale":"pl_PL","og_type":"article","og_title":"Pomaluj m\u00f3j \u015bwiat na \u017c\u00f3\u0142to i na niebiesko - Zesp\u00f3\u0142 Szk\u00f3\u0142 w Gromniku","og_description":"Zesp\u00f3\u0142 Szk\u00f3\u0142 w Gromniku","og_url":"https:\/\/zs.gromnik.pl\/zs\/pomaluj-moj-swiat-na-zolto-i-na-niebiesko\/","og_site_name":"Zesp\u00f3\u0142 Szk\u00f3\u0142 w Gromniku","article_publisher":"https:\/\/www.facebook.com\/zsgromnik","article_published_time":"2019-11-03T17:20:51+00:00","article_modified_time":"2019-11-03T17:20:52+00:00","og_image":[{"width":640,"height":480,"url":"https:\/\/zs.gromnik.pl\/zs\/wp-content\/uploads\/2019\/11\/73390736_2570698269830206_8009681989164597248_n.jpg","type":"image\/jpeg"}],"author":"Halina Kras","twitter_card":"summary_large_image","twitter_misc":{"Napisane przez":"Halina Kras","Szacowany czas czytania":"1 minuta"},"schema":{"@context":"https:\/\/schema.org","@graph":[{"@type":"WebPage","@id":"https:\/\/zs.gromnik.pl\/zs\/pomaluj-moj-swiat-na-zolto-i-na-niebiesko\/","url":"https:\/\/zs.gromnik.pl\/zs\/pomaluj-moj-swiat-na-zolto-i-na-niebiesko\/","name":"Pomaluj m\u00f3j \u015bwiat na \u017c\u00f3\u0142to i na niebiesko - Zesp\u00f3\u0142 Szk\u00f3\u0142 w Gromniku","isPartOf":{"@id":"https:\/\/zs.gromnik.pl\/zs\/#website"},"datePublished":"2019-11-03T17:20:51+00:00","dateModified":"2019-11-03T17:20:52+00:00","author":{"@id":"https:\/\/zs.gromnik.pl\/zs\/#\/schema\/person\/7f04dd7c8a93579dfda6cd71576f3cd4"},"description":"Zesp\u00f3\u0142 Szk\u00f3\u0142 w Gromniku","breadcrumb":{"@id":"https:\/\/zs.gromnik.pl\/zs\/pomaluj-moj-swiat-na-zolto-i-na-niebiesko\/#breadcrumb"},"inLanguage":"pl-PL","potentialAction":[{"@type":"ReadAction","target":["https:\/\/zs.gromnik.pl\/zs\/pomaluj-moj-swiat-na-zolto-i-na-niebiesko\/"]}]},{"@type":"BreadcrumbList","@id":"https:\/\/zs.gromnik.pl\/zs\/pomaluj-moj-swiat-na-zolto-i-na-niebiesko\/#breadcrumb","itemListElement":[{"@type":"ListItem","position":1,"name":"Strona g\u0142\u00f3wna","item":"https:\/\/zs.gromnik.pl\/zs\/"},{"@type":"ListItem","position":2,"name":"Pomaluj m\u00f3j \u015bwiat na \u017c\u00f3\u0142to i na niebiesko"}]},{"@type":"WebSite","@id":"https:\/\/zs.gromnik.pl\/zs\/#website","url":"https:\/\/zs.gromnik.pl\/zs\/","name":"Zesp\u00f3\u0142 Szk\u00f3\u0142 w Gromniku","description":"","potentialAction":[{"@type":"SearchAction","target":{"@type":"EntryPoint","urlTemplate":"https:\/\/zs.gromnik.pl\/zs\/?s={search_term_string}"},"query-input":"required name=search_term_string"}],"inLanguage":"pl-PL"},{"@type":"Person","@id":"https:\/\/zs.gromnik.pl\/zs\/#\/schema\/person\/7f04dd7c8a93579dfda6cd71576f3cd4","name":"Halina Kras","image":{"@type":"ImageObject","inLanguage":"pl-PL","@id":"https:\/\/zs.gromnik.pl\/zs\/#\/schema\/person\/image\/","url":"https:\/\/secure.gravatar.com\/avatar\/6e5b53e88366c6cf2f3428664e9da9d9?s=96&d=mm&r=g","contentUrl":"https:\/\/secure.gravatar.com\/avatar\/6e5b53e88366c6cf2f3428664e9da9d9?s=96&d=mm&r=g","caption":"Halina Kras"},"url":"https:\/\/zs.gromnik.pl\/zs\/author\/halina-kras\/"}]}},"_links":{"self":[{"href":"https:\/\/zs.gromnik.pl\/zs\/wp-json\/wp\/v2\/posts\/4695"}],"collection":[{"href":"https:\/\/zs.gromnik.pl\/zs\/wp-json\/wp\/v2\/posts"}],"about":[{"href":"https:\/\/zs.gromnik.pl\/zs\/wp-json\/wp\/v2\/types\/post"}],"author":[{"embeddable":true,"href":"https:\/\/zs.gromnik.pl\/zs\/wp-json\/wp\/v2\/users\/5"}],"replies":[{"embeddable":true,"href":"https:\/\/zs.gromnik.pl\/zs\/wp-json\/wp\/v2\/comments?post=4695"}],"version-history":[{"count":3,"href":"https:\/\/zs.gromnik.pl\/zs\/wp-json\/wp\/v2\/posts\/4695\/revisions"}],"predecessor-version":[{"id":4698,"href":"https:\/\/zs.gromnik.pl\/zs\/wp-json\/wp\/v2\/posts\/4695\/revisions\/4698"}],"wp:featuredmedia":[{"embeddable":true,"href":"https:\/\/zs.gromnik.pl\/zs\/wp-json\/wp\/v2\/media\/4693"}],"wp:attachment":[{"href":"https:\/\/zs.gromnik.pl\/zs\/wp-json\/wp\/v2\/media?parent=4695"}],"wp:term":[{"taxonomy":"category","embeddable":true,"href":"https:\/\/zs.gromnik.pl\/zs\/wp-json\/wp\/v2\/categories?post=4695"},{"taxonomy":"post_tag","embeddable":true,"href":"https:\/\/zs.gromnik.pl\/zs\/wp-json\/wp\/v2\/tags?post=4695"}],"curies":[{"name":"wp","href":"https:\/\/api.w.org\/{rel}","templated":true}]}}