{"id":4787,"date":"2019-11-22T20:58:17","date_gmt":"2019-11-22T19:58:17","guid":{"rendered":"http:\/\/www.zs.gromnik.pl\/zs\/?p=4787"},"modified":"2019-11-22T22:14:39","modified_gmt":"2019-11-22T21:14:39","slug":"zbiorka-karmy-dla-zwierzat-pelna-miska-dla-zwierzaka-ze-schroniska","status":"publish","type":"post","link":"https:\/\/zs.gromnik.pl\/zs\/zbiorka-karmy-dla-zwierzat-pelna-miska-dla-zwierzaka-ze-schroniska\/","title":{"rendered":"Zbi\u00f3rka karmy dla zwierz\u0105t \u201ePe\u0142na miska dla zwierzaka ze schroniska\u201d."},"content":{"rendered":"<p>Ca\u0142y pa\u017adziernik uczniowie naszej szko\u0142y przynosili karm\u0119 przeznaczon\u0105 dla ps\u00f3w i kot\u00f3w przebywaj\u0105cych w schronisku. Do akcji w\u0142\u0105czyli si\u0119 uczniowie klas I &#8211; VIII oraz przedszkolaki. Jak co roku, m\u0142odzi mi\u0142o\u015bnicy zwierz\u0105t nie zawiedli &#8211; mile zaskoczyli wszystkich poka\u017an\u0105 ilo\u015bci\u0105 \u017cywno\u015bci. Uzbierali\u015bmy ponad 100 kg karmy dla ps\u00f3w i kot\u00f3w. Zebran\u0105 karm\u0119 odebra\u0142 Pan Krzysztof Giemza z FUNDACJI \u201eZMIE\u0143MY \u015aWIAT\u201d.<\/p>\n<p><a href=\"http:\/\/tnijurl.com\/dc3b1e27c529\/\">Podzi\u0119kowanie od Fundacji<\/a><\/p>\n<div id='gallery-1' class='gallery galleryid-4787 gallery-columns-5 gallery-size-thumbnail'><figure class='gallery-item'>\n\t\t\t<div class='gallery-icon landscape'>\n\t\t\t\t<a href='https:\/\/zs.gromnik.pl\/zs\/20191108_075235\/'><img width=\"150\" height=\"150\" src=\"https:\/\/zs.gromnik.pl\/zs\/wp-content\/uploads\/2019\/11\/20191108_075235-e1574368180664-150x150.jpg\" class=\"attachment-thumbnail size-thumbnail\" alt=\"\" loading=\"lazy\" \/><\/a>\n\t\t\t<\/div><\/figure><figure class='gallery-item'>\n\t\t\t<div class='gallery-icon landscape'>\n\t\t\t\t<a href='https:\/\/zs.gromnik.pl\/zs\/20191108_075257\/'><img width=\"150\" height=\"150\" src=\"https:\/\/zs.gromnik.pl\/zs\/wp-content\/uploads\/2019\/11\/20191108_075257-e1574368218265-150x150.jpg\" class=\"attachment-thumbnail size-thumbnail\" alt=\"\" loading=\"lazy\" \/><\/a>\n\t\t\t<\/div><\/figure><figure class='gallery-item'>\n\t\t\t<div class='gallery-icon landscape'>\n\t\t\t\t<a href='https:\/\/zs.gromnik.pl\/zs\/20191108_075415\/'><img width=\"150\" height=\"150\" src=\"https:\/\/zs.gromnik.pl\/zs\/wp-content\/uploads\/2019\/11\/20191108_075415-e1574368237892-150x150.jpg\" class=\"attachment-thumbnail size-thumbnail\" alt=\"\" loading=\"lazy\" \/><\/a>\n\t\t\t<\/div><\/figure><figure class='gallery-item'>\n\t\t\t<div class='gallery-icon landscape'>\n\t\t\t\t<a href='https:\/\/zs.gromnik.pl\/zs\/20191108_075421\/'><img width=\"150\" height=\"150\" src=\"https:\/\/zs.gromnik.pl\/zs\/wp-content\/uploads\/2019\/11\/20191108_075421-e1574368253858-150x150.jpg\" class=\"attachment-thumbnail size-thumbnail\" alt=\"\" loading=\"lazy\" \/><\/a>\n\t\t\t<\/div><\/figure><figure class='gallery-item'>\n\t\t\t<div class='gallery-icon portrait'>\n\t\t\t\t<a href='https:\/\/zs.gromnik.pl\/zs\/20191108_100433\/'><img width=\"150\" height=\"150\" src=\"https:\/\/zs.gromnik.pl\/zs\/wp-content\/uploads\/2019\/11\/20191108_100433-e1574368273943-150x150.jpg\" class=\"attachment-thumbnail size-thumbnail\" alt=\"\" loading=\"lazy\" \/><\/a>\n\t\t\t<\/div><\/figure><figure class='gallery-item'>\n\t\t\t<div class='gallery-icon portrait'>\n\t\t\t\t<a href='https:\/\/zs.gromnik.pl\/zs\/20191108_100442\/'><img width=\"150\" height=\"150\" src=\"https:\/\/zs.gromnik.pl\/zs\/wp-content\/uploads\/2019\/11\/20191108_100442-e1574368314290-150x150.jpg\" class=\"attachment-thumbnail size-thumbnail\" alt=\"\" loading=\"lazy\" \/><\/a>\n\t\t\t<\/div><\/figure><figure class='gallery-item'>\n\t\t\t<div class='gallery-icon portrait'>\n\t\t\t\t<a href='https:\/\/zs.gromnik.pl\/zs\/20191108_100551\/'><img width=\"150\" height=\"150\" src=\"https:\/\/zs.gromnik.pl\/zs\/wp-content\/uploads\/2019\/11\/20191108_100551-e1574368338150-150x150.jpg\" class=\"attachment-thumbnail size-thumbnail\" alt=\"\" loading=\"lazy\" \/><\/a>\n\t\t\t<\/div><\/figure><figure class='gallery-item'>\n\t\t\t<div class='gallery-icon portrait'>\n\t\t\t\t<a href='https:\/\/zs.gromnik.pl\/zs\/20191108_100552\/'><img width=\"150\" height=\"150\" src=\"https:\/\/zs.gromnik.pl\/zs\/wp-content\/uploads\/2019\/11\/20191108_100552-e1574368357555-150x150.jpg\" class=\"attachment-thumbnail size-thumbnail\" alt=\"\" loading=\"lazy\" \/><\/a>\n\t\t\t<\/div><\/figure><figure class='gallery-item'>\n\t\t\t<div class='gallery-icon landscape'>\n\t\t\t\t<a href='https:\/\/zs.gromnik.pl\/zs\/20191108_100649\/'><img width=\"150\" height=\"150\" src=\"https:\/\/zs.gromnik.pl\/zs\/wp-content\/uploads\/2019\/11\/20191108_100649-e1574368388285-150x150.jpg\" class=\"attachment-thumbnail size-thumbnail\" alt=\"\" loading=\"lazy\" \/><\/a>\n\t\t\t<\/div><\/figure><figure class='gallery-item'>\n\t\t\t<div class='gallery-icon landscape'>\n\t\t\t\t<a href='https:\/\/zs.gromnik.pl\/zs\/20191108_074921\/'><img width=\"150\" height=\"150\" src=\"https:\/\/zs.gromnik.pl\/zs\/wp-content\/uploads\/2019\/11\/20191108_074921-e1574368409875-150x150.jpg\" class=\"attachment-thumbnail size-thumbnail\" alt=\"\" loading=\"lazy\" \/><\/a>\n\t\t\t<\/div><\/figure><figure class='gallery-item'>\n\t\t\t<div class='gallery-icon landscape'>\n\t\t\t\t<a href='https:\/\/zs.gromnik.pl\/zs\/20191108_074955\/'><img width=\"150\" height=\"150\" src=\"https:\/\/zs.gromnik.pl\/zs\/wp-content\/uploads\/2019\/11\/20191108_074955-e1574368444206-150x150.jpg\" class=\"attachment-thumbnail size-thumbnail\" alt=\"\" loading=\"lazy\" \/><\/a>\n\t\t\t<\/div><\/figure><figure class='gallery-item'>\n\t\t\t<div class='gallery-icon landscape'>\n\t\t\t\t<a href='https:\/\/zs.gromnik.pl\/zs\/20191108_075100\/'><img width=\"150\" height=\"150\" src=\"https:\/\/zs.gromnik.pl\/zs\/wp-content\/uploads\/2019\/11\/20191108_075100-e1574368466915-150x150.jpg\" class=\"attachment-thumbnail size-thumbnail\" alt=\"\" loading=\"lazy\" \/><\/a>\n\t\t\t<\/div><\/figure><figure class='gallery-item'>\n\t\t\t<div class='gallery-icon portrait'>\n\t\t\t\t<a href='https:\/\/zs.gromnik.pl\/zs\/20191108_075247-2\/'><img width=\"150\" height=\"150\" src=\"https:\/\/zs.gromnik.pl\/zs\/wp-content\/uploads\/2019\/11\/20191108_075247-1-150x150.jpg\" class=\"attachment-thumbnail size-thumbnail\" alt=\"\" loading=\"lazy\" \/><\/a>\n\t\t\t<\/div><\/figure>\n\t\t<\/div>\n\n","protected":false},"excerpt":{"rendered":"<p>Ca\u0142y pa\u017adziernik uczniowie naszej szko\u0142y przynosili karm\u0119 przeznaczon\u0105 dla ps\u00f3w i kot\u00f3w przebywaj\u0105cych w schronisku. Do akcji w\u0142\u0105czyli si\u0119 uczniowie klas I &#8211; VIII oraz przedszkolaki. Jak co roku, m\u0142odzi mi\u0142o\u015bnicy zwierz\u0105t nie zawiedli &#8211; mile zaskoczyli wszystkich poka\u017an\u0105 ilo\u015bci\u0105 \u017cywno\u015bci. Uzbierali\u015bmy ponad 100 kg karmy dla ps\u00f3w i kot\u00f3w. Zebran\u0105 karm\u0119 odebra\u0142 Pan Krzysztof Giemza z FUNDACJI \u201eZMIE\u0143MY \u015aWIAT\u201d. Podzi\u0119kowanie od Fundacji<\/p>\n","protected":false},"author":5,"featured_media":4735,"comment_status":"closed","ping_status":"open","sticky":false,"template":"","format":"standard","meta":[],"categories":[3,35],"tags":[],"yoast_head":"<!-- This site is optimized with the Yoast SEO plugin v19.8 - https:\/\/yoast.com\/wordpress\/plugins\/seo\/ -->\n<title>Zbi\u00f3rka karmy dla zwierz\u0105t \u201ePe\u0142na miska dla zwierzaka ze schroniska\u201d. - Zesp\u00f3\u0142 Szk\u00f3\u0142 w Gromniku<\/title>\n<meta name=\"description\" content=\"Zesp\u00f3\u0142 Szk\u00f3\u0142 w Gromniku\" \/>\n<meta name=\"robots\" content=\"index, follow, max-snippet:-1, max-image-preview:large, max-video-preview:-1\" \/>\n<link rel=\"canonical\" href=\"https:\/\/zs.gromnik.pl\/zs\/zbiorka-karmy-dla-zwierzat-pelna-miska-dla-zwierzaka-ze-schroniska\/\" \/>\n<meta property=\"og:locale\" content=\"pl_PL\" \/>\n<meta property=\"og:type\" content=\"article\" \/>\n<meta property=\"og:title\" content=\"Zbi\u00f3rka karmy dla zwierz\u0105t \u201ePe\u0142na miska dla zwierzaka ze schroniska\u201d. - Zesp\u00f3\u0142 Szk\u00f3\u0142 w Gromniku\" \/>\n<meta property=\"og:description\" content=\"Zesp\u00f3\u0142 Szk\u00f3\u0142 w Gromniku\" \/>\n<meta property=\"og:url\" content=\"https:\/\/zs.gromnik.pl\/zs\/zbiorka-karmy-dla-zwierzat-pelna-miska-dla-zwierzaka-ze-schroniska\/\" \/>\n<meta property=\"og:site_name\" content=\"Zesp\u00f3\u0142 Szk\u00f3\u0142 w Gromniku\" \/>\n<meta property=\"article:publisher\" content=\"https:\/\/www.facebook.com\/zsgromnik\" \/>\n<meta property=\"article:published_time\" content=\"2019-11-22T19:58:17+00:00\" \/>\n<meta property=\"article:modified_time\" content=\"2019-11-22T21:14:39+00:00\" \/>\n<meta property=\"og:image\" content=\"https:\/\/zs.gromnik.pl\/zs\/wp-content\/uploads\/2019\/11\/20191108_075138-e1574368487424.jpg\" \/>\n\t<meta property=\"og:image:width\" content=\"4608\" \/>\n\t<meta property=\"og:image:height\" content=\"2592\" \/>\n\t<meta property=\"og:image:type\" content=\"image\/jpeg\" \/>\n<meta name=\"author\" content=\"Halina Kras\" \/>\n<meta name=\"twitter:card\" content=\"summary_large_image\" \/>\n<meta name=\"twitter:label1\" content=\"Napisane przez\" \/>\n\t<meta name=\"twitter:data1\" content=\"Halina Kras\" \/>\n<script type=\"application\/ld+json\" class=\"yoast-schema-graph\">{\"@context\":\"https:\/\/schema.org\",\"@graph\":[{\"@type\":\"WebPage\",\"@id\":\"https:\/\/zs.gromnik.pl\/zs\/zbiorka-karmy-dla-zwierzat-pelna-miska-dla-zwierzaka-ze-schroniska\/\",\"url\":\"https:\/\/zs.gromnik.pl\/zs\/zbiorka-karmy-dla-zwierzat-pelna-miska-dla-zwierzaka-ze-schroniska\/\",\"name\":\"Zbi\u00f3rka karmy dla zwierz\u0105t \u201ePe\u0142na miska dla zwierzaka ze schroniska\u201d. - Zesp\u00f3\u0142 Szk\u00f3\u0142 w Gromniku\",\"isPartOf\":{\"@id\":\"https:\/\/zs.gromnik.pl\/zs\/#website\"},\"datePublished\":\"2019-11-22T19:58:17+00:00\",\"dateModified\":\"2019-11-22T21:14:39+00:00\",\"author\":{\"@id\":\"https:\/\/zs.gromnik.pl\/zs\/#\/schema\/person\/7f04dd7c8a93579dfda6cd71576f3cd4\"},\"description\":\"Zesp\u00f3\u0142 Szk\u00f3\u0142 w Gromniku\",\"breadcrumb\":{\"@id\":\"https:\/\/zs.gromnik.pl\/zs\/zbiorka-karmy-dla-zwierzat-pelna-miska-dla-zwierzaka-ze-schroniska\/#breadcrumb\"},\"inLanguage\":\"pl-PL\",\"potentialAction\":[{\"@type\":\"ReadAction\",\"target\":[\"https:\/\/zs.gromnik.pl\/zs\/zbiorka-karmy-dla-zwierzat-pelna-miska-dla-zwierzaka-ze-schroniska\/\"]}]},{\"@type\":\"BreadcrumbList\",\"@id\":\"https:\/\/zs.gromnik.pl\/zs\/zbiorka-karmy-dla-zwierzat-pelna-miska-dla-zwierzaka-ze-schroniska\/#breadcrumb\",\"itemListElement\":[{\"@type\":\"ListItem\",\"position\":1,\"name\":\"Strona g\u0142\u00f3wna\",\"item\":\"https:\/\/zs.gromnik.pl\/zs\/\"},{\"@type\":\"ListItem\",\"position\":2,\"name\":\"Zbi\u00f3rka karmy dla zwierz\u0105t \u201ePe\u0142na miska dla zwierzaka ze schroniska\u201d.\"}]},{\"@type\":\"WebSite\",\"@id\":\"https:\/\/zs.gromnik.pl\/zs\/#website\",\"url\":\"https:\/\/zs.gromnik.pl\/zs\/\",\"name\":\"Zesp\u00f3\u0142 Szk\u00f3\u0142 w Gromniku\",\"description\":\"\",\"potentialAction\":[{\"@type\":\"SearchAction\",\"target\":{\"@type\":\"EntryPoint\",\"urlTemplate\":\"https:\/\/zs.gromnik.pl\/zs\/?s={search_term_string}\"},\"query-input\":\"required name=search_term_string\"}],\"inLanguage\":\"pl-PL\"},{\"@type\":\"Person\",\"@id\":\"https:\/\/zs.gromnik.pl\/zs\/#\/schema\/person\/7f04dd7c8a93579dfda6cd71576f3cd4\",\"name\":\"Halina Kras\",\"image\":{\"@type\":\"ImageObject\",\"inLanguage\":\"pl-PL\",\"@id\":\"https:\/\/zs.gromnik.pl\/zs\/#\/schema\/person\/image\/\",\"url\":\"https:\/\/secure.gravatar.com\/avatar\/6e5b53e88366c6cf2f3428664e9da9d9?s=96&d=mm&r=g\",\"contentUrl\":\"https:\/\/secure.gravatar.com\/avatar\/6e5b53e88366c6cf2f3428664e9da9d9?s=96&d=mm&r=g\",\"caption\":\"Halina Kras\"},\"url\":\"https:\/\/zs.gromnik.pl\/zs\/author\/halina-kras\/\"}]}<\/script>\n<!-- \/ Yoast SEO plugin. -->","yoast_head_json":{"title":"Zbi\u00f3rka karmy dla zwierz\u0105t \u201ePe\u0142na miska dla zwierzaka ze schroniska\u201d. - Zesp\u00f3\u0142 Szk\u00f3\u0142 w Gromniku","description":"Zesp\u00f3\u0142 Szk\u00f3\u0142 w Gromniku","robots":{"index":"index","follow":"follow","max-snippet":"max-snippet:-1","max-image-preview":"max-image-preview:large","max-video-preview":"max-video-preview:-1"},"canonical":"https:\/\/zs.gromnik.pl\/zs\/zbiorka-karmy-dla-zwierzat-pelna-miska-dla-zwierzaka-ze-schroniska\/","og_locale":"pl_PL","og_type":"article","og_title":"Zbi\u00f3rka karmy dla zwierz\u0105t \u201ePe\u0142na miska dla zwierzaka ze schroniska\u201d. - Zesp\u00f3\u0142 Szk\u00f3\u0142 w Gromniku","og_description":"Zesp\u00f3\u0142 Szk\u00f3\u0142 w Gromniku","og_url":"https:\/\/zs.gromnik.pl\/zs\/zbiorka-karmy-dla-zwierzat-pelna-miska-dla-zwierzaka-ze-schroniska\/","og_site_name":"Zesp\u00f3\u0142 Szk\u00f3\u0142 w Gromniku","article_publisher":"https:\/\/www.facebook.com\/zsgromnik","article_published_time":"2019-11-22T19:58:17+00:00","article_modified_time":"2019-11-22T21:14:39+00:00","og_image":[{"width":4608,"height":2592,"url":"https:\/\/zs.gromnik.pl\/zs\/wp-content\/uploads\/2019\/11\/20191108_075138-e1574368487424.jpg","type":"image\/jpeg"}],"author":"Halina Kras","twitter_card":"summary_large_image","twitter_misc":{"Napisane przez":"Halina Kras"},"schema":{"@context":"https:\/\/schema.org","@graph":[{"@type":"WebPage","@id":"https:\/\/zs.gromnik.pl\/zs\/zbiorka-karmy-dla-zwierzat-pelna-miska-dla-zwierzaka-ze-schroniska\/","url":"https:\/\/zs.gromnik.pl\/zs\/zbiorka-karmy-dla-zwierzat-pelna-miska-dla-zwierzaka-ze-schroniska\/","name":"Zbi\u00f3rka karmy dla zwierz\u0105t \u201ePe\u0142na miska dla zwierzaka ze schroniska\u201d. - Zesp\u00f3\u0142 Szk\u00f3\u0142 w Gromniku","isPartOf":{"@id":"https:\/\/zs.gromnik.pl\/zs\/#website"},"datePublished":"2019-11-22T19:58:17+00:00","dateModified":"2019-11-22T21:14:39+00:00","author":{"@id":"https:\/\/zs.gromnik.pl\/zs\/#\/schema\/person\/7f04dd7c8a93579dfda6cd71576f3cd4"},"description":"Zesp\u00f3\u0142 Szk\u00f3\u0142 w Gromniku","breadcrumb":{"@id":"https:\/\/zs.gromnik.pl\/zs\/zbiorka-karmy-dla-zwierzat-pelna-miska-dla-zwierzaka-ze-schroniska\/#breadcrumb"},"inLanguage":"pl-PL","potentialAction":[{"@type":"ReadAction","target":["https:\/\/zs.gromnik.pl\/zs\/zbiorka-karmy-dla-zwierzat-pelna-miska-dla-zwierzaka-ze-schroniska\/"]}]},{"@type":"BreadcrumbList","@id":"https:\/\/zs.gromnik.pl\/zs\/zbiorka-karmy-dla-zwierzat-pelna-miska-dla-zwierzaka-ze-schroniska\/#breadcrumb","itemListElement":[{"@type":"ListItem","position":1,"name":"Strona g\u0142\u00f3wna","item":"https:\/\/zs.gromnik.pl\/zs\/"},{"@type":"ListItem","position":2,"name":"Zbi\u00f3rka karmy dla zwierz\u0105t \u201ePe\u0142na miska dla zwierzaka ze schroniska\u201d."}]},{"@type":"WebSite","@id":"https:\/\/zs.gromnik.pl\/zs\/#website","url":"https:\/\/zs.gromnik.pl\/zs\/","name":"Zesp\u00f3\u0142 Szk\u00f3\u0142 w Gromniku","description":"","potentialAction":[{"@type":"SearchAction","target":{"@type":"EntryPoint","urlTemplate":"https:\/\/zs.gromnik.pl\/zs\/?s={search_term_string}"},"query-input":"required name=search_term_string"}],"inLanguage":"pl-PL"},{"@type":"Person","@id":"https:\/\/zs.gromnik.pl\/zs\/#\/schema\/person\/7f04dd7c8a93579dfda6cd71576f3cd4","name":"Halina Kras","image":{"@type":"ImageObject","inLanguage":"pl-PL","@id":"https:\/\/zs.gromnik.pl\/zs\/#\/schema\/person\/image\/","url":"https:\/\/secure.gravatar.com\/avatar\/6e5b53e88366c6cf2f3428664e9da9d9?s=96&d=mm&r=g","contentUrl":"https:\/\/secure.gravatar.com\/avatar\/6e5b53e88366c6cf2f3428664e9da9d9?s=96&d=mm&r=g","caption":"Halina Kras"},"url":"https:\/\/zs.gromnik.pl\/zs\/author\/halina-kras\/"}]}},"_links":{"self":[{"href":"https:\/\/zs.gromnik.pl\/zs\/wp-json\/wp\/v2\/posts\/4787"}],"collection":[{"href":"https:\/\/zs.gromnik.pl\/zs\/wp-json\/wp\/v2\/posts"}],"about":[{"href":"https:\/\/zs.gromnik.pl\/zs\/wp-json\/wp\/v2\/types\/post"}],"author":[{"embeddable":true,"href":"https:\/\/zs.gromnik.pl\/zs\/wp-json\/wp\/v2\/users\/5"}],"replies":[{"embeddable":true,"href":"https:\/\/zs.gromnik.pl\/zs\/wp-json\/wp\/v2\/comments?post=4787"}],"version-history":[{"count":11,"href":"https:\/\/zs.gromnik.pl\/zs\/wp-json\/wp\/v2\/posts\/4787\/revisions"}],"predecessor-version":[{"id":4821,"href":"https:\/\/zs.gromnik.pl\/zs\/wp-json\/wp\/v2\/posts\/4787\/revisions\/4821"}],"wp:featuredmedia":[{"embeddable":true,"href":"https:\/\/zs.gromnik.pl\/zs\/wp-json\/wp\/v2\/media\/4735"}],"wp:attachment":[{"href":"https:\/\/zs.gromnik.pl\/zs\/wp-json\/wp\/v2\/media?parent=4787"}],"wp:term":[{"taxonomy":"category","embeddable":true,"href":"https:\/\/zs.gromnik.pl\/zs\/wp-json\/wp\/v2\/categories?post=4787"},{"taxonomy":"post_tag","embeddable":true,"href":"https:\/\/zs.gromnik.pl\/zs\/wp-json\/wp\/v2\/tags?post=4787"}],"curies":[{"name":"wp","href":"https:\/\/api.w.org\/{rel}","templated":true}]}}