{"id":5140,"date":"2020-01-28T14:12:31","date_gmt":"2020-01-28T13:12:31","guid":{"rendered":"http:\/\/www.zs.gromnik.pl\/zs\/?p=5140"},"modified":"2020-01-28T14:13:53","modified_gmt":"2020-01-28T13:13:53","slug":"wygrana-w-konkursie-selfie","status":"publish","type":"post","link":"https:\/\/zs.gromnik.pl\/zs\/wygrana-w-konkursie-selfie\/","title":{"rendered":"Wygrana w konkursie Selfie+."},"content":{"rendered":"\n<figure class=\"wp-block-image\"><img loading=\"lazy\" width=\"677\" height=\"44\" src=\"http:\/\/www.zs.gromnik.pl\/zs\/wp-content\/uploads\/2020\/01\/akapit.jpg\" alt=\"\" class=\"wp-image-5154\" srcset=\"https:\/\/zs.gromnik.pl\/zs\/wp-content\/uploads\/2020\/01\/akapit.jpg 677w, https:\/\/zs.gromnik.pl\/zs\/wp-content\/uploads\/2020\/01\/akapit-300x19.jpg 300w\" sizes=\"(max-width: 677px) 100vw, 677px\" \/><\/figure>\n\n\n\n<p>Zesp\u00f3\u0142 Szk\u00f3\u0142 w Gromniku jest beneficjentem program\u00f3w dofinansowanych z Funduszy Europejskich. W zwi\u0105zku z tym mieli\u015bmy mo\u017cliwo\u015b\u0107 uczestniczy\u0107 w konkursie wsp\u00f3\u0142organizowanym przez Fundacj\u0119 Rozwoju Systemu Edukacji. Nasza praca konkursowa zosta\u0142a bardzo wysoko oceniona &#8211; <strong>zaj\u0119li\u015bmy I miejsce <\/strong>i jako laureaci udali\u015bmy si\u0119 po odbi\u00f3r nagr\u00f3d do Warszawy. Uroczysta gala odby\u0142a si\u0119 8 stycznia 2020 r. i po\u0142\u0105czona by\u0142a z Og\u00f3lnopolskim Dniem Informacyjnym FRSE. W tym dniu na PGE Narodowym pojawi\u0142o si\u0119 ponad 1000 os\u00f3b zwi\u0105zanych z edukacj\u0105.<\/p>\n\n\n\n<figure class=\"wp-block-image\"><img loading=\"lazy\" width=\"677\" height=\"44\" src=\"http:\/\/www.zs.gromnik.pl\/zs\/wp-content\/uploads\/2020\/01\/akapit.jpg\" alt=\"\" class=\"wp-image-5154\" srcset=\"https:\/\/zs.gromnik.pl\/zs\/wp-content\/uploads\/2020\/01\/akapit.jpg 677w, https:\/\/zs.gromnik.pl\/zs\/wp-content\/uploads\/2020\/01\/akapit-300x19.jpg 300w\" sizes=\"(max-width: 677px) 100vw, 677px\" \/><\/figure>\n\n\n\n<p>Za zdj\u0119cie konkursowe szko\u0142a otrzyma\u0142a wiele drobnych upomink\u00f3w oraz nagrod\u0119 g\u0142\u00f3wn\u0105 &#8211; <strong>aparat lustrzank\u0119<\/strong>. Cieszymy si\u0119, \u017ce realizacja projektu &#8222;Ponadnarodowa mobilno\u015b\u0107 uczni\u00f3w&#8221;, przebiega na wielu r\u00f3\u017cnych p\u0142aszczyznach, a jej efekty s\u0105 widoczne nie tylko w \u015brodowisku lokalnym.<\/p>\n\n\n\n<figure class=\"wp-block-image\"><img loading=\"lazy\" width=\"677\" height=\"44\" src=\"http:\/\/www.zs.gromnik.pl\/zs\/wp-content\/uploads\/2020\/01\/akapit.jpg\" alt=\"\" class=\"wp-image-5154\" srcset=\"https:\/\/zs.gromnik.pl\/zs\/wp-content\/uploads\/2020\/01\/akapit.jpg 677w, https:\/\/zs.gromnik.pl\/zs\/wp-content\/uploads\/2020\/01\/akapit-300x19.jpg 300w\" sizes=\"(max-width: 677px) 100vw, 677px\" \/><\/figure>\n\n\n\n<ul class=\"wp-container-2 wp-block-gallery-1 wp-block-gallery columns-5 is-cropped\"><li class=\"blocks-gallery-item\"><figure><img loading=\"lazy\" width=\"766\" height=\"1024\" src=\"http:\/\/www.zs.gromnik.pl\/zs\/wp-content\/uploads\/2020\/01\/81dyp721789654030614528_n-766x1024.jpg\" alt=\"\" data-id=\"5143\" data-link=\"http:\/\/www.zs.gromnik.pl\/zs\/?attachment_id=5143\" class=\"wp-image-5143\" srcset=\"https:\/\/zs.gromnik.pl\/zs\/wp-content\/uploads\/2020\/01\/81dyp721789654030614528_n-766x1024.jpg 766w, https:\/\/zs.gromnik.pl\/zs\/wp-content\/uploads\/2020\/01\/81dyp721789654030614528_n-224x300.jpg 224w, https:\/\/zs.gromnik.pl\/zs\/wp-content\/uploads\/2020\/01\/81dyp721789654030614528_n-768x1027.jpg 768w, https:\/\/zs.gromnik.pl\/zs\/wp-content\/uploads\/2020\/01\/81dyp721789654030614528_n-820x1096.jpg 820w\" sizes=\"(max-width: 766px) 100vw, 766px\" \/><\/figure><\/li><li class=\"blocks-gallery-item\"><figure><img loading=\"lazy\" width=\"1024\" height=\"656\" src=\"http:\/\/www.zs.gromnik.pl\/zs\/wp-content\/uploads\/2020\/01\/49356636841_ad45e75ed7_k-1024x656.jpg\" alt=\"\" data-id=\"5145\" data-link=\"http:\/\/www.zs.gromnik.pl\/zs\/?attachment_id=5145\" class=\"wp-image-5145\" srcset=\"https:\/\/zs.gromnik.pl\/zs\/wp-content\/uploads\/2020\/01\/49356636841_ad45e75ed7_k-1024x656.jpg 1024w, https:\/\/zs.gromnik.pl\/zs\/wp-content\/uploads\/2020\/01\/49356636841_ad45e75ed7_k-300x192.jpg 300w, https:\/\/zs.gromnik.pl\/zs\/wp-content\/uploads\/2020\/01\/49356636841_ad45e75ed7_k-768x492.jpg 768w, https:\/\/zs.gromnik.pl\/zs\/wp-content\/uploads\/2020\/01\/49356636841_ad45e75ed7_k-820x525.jpg 820w, https:\/\/zs.gromnik.pl\/zs\/wp-content\/uploads\/2020\/01\/49356636841_ad45e75ed7_k.jpg 2048w\" sizes=\"(max-width: 1024px) 100vw, 1024px\" \/><\/figure><\/li><li class=\"blocks-gallery-item\"><figure><img loading=\"lazy\" width=\"1024\" height=\"655\" src=\"http:\/\/www.zs.gromnik.pl\/zs\/wp-content\/uploads\/2020\/01\/49356180333_6dfb3f006e_k-1024x655.jpg\" alt=\"\" data-id=\"5146\" data-link=\"http:\/\/www.zs.gromnik.pl\/zs\/?attachment_id=5146\" class=\"wp-image-5146\" srcset=\"https:\/\/zs.gromnik.pl\/zs\/wp-content\/uploads\/2020\/01\/49356180333_6dfb3f006e_k-1024x655.jpg 1024w, https:\/\/zs.gromnik.pl\/zs\/wp-content\/uploads\/2020\/01\/49356180333_6dfb3f006e_k-300x192.jpg 300w, https:\/\/zs.gromnik.pl\/zs\/wp-content\/uploads\/2020\/01\/49356180333_6dfb3f006e_k-768x491.jpg 768w, https:\/\/zs.gromnik.pl\/zs\/wp-content\/uploads\/2020\/01\/49356180333_6dfb3f006e_k-820x524.jpg 820w, https:\/\/zs.gromnik.pl\/zs\/wp-content\/uploads\/2020\/01\/49356180333_6dfb3f006e_k.jpg 2047w\" sizes=\"(max-width: 1024px) 100vw, 1024px\" \/><\/figure><\/li><li class=\"blocks-gallery-item\"><figure><img loading=\"lazy\" width=\"1024\" height=\"680\" src=\"http:\/\/www.zs.gromnik.pl\/zs\/wp-content\/uploads\/2020\/01\/49356638446_06cd59aaf9_k-1024x680.jpg\" alt=\"\" data-id=\"5147\" data-link=\"http:\/\/www.zs.gromnik.pl\/zs\/?attachment_id=5147\" class=\"wp-image-5147\" srcset=\"https:\/\/zs.gromnik.pl\/zs\/wp-content\/uploads\/2020\/01\/49356638446_06cd59aaf9_k-1024x680.jpg 1024w, https:\/\/zs.gromnik.pl\/zs\/wp-content\/uploads\/2020\/01\/49356638446_06cd59aaf9_k-300x199.jpg 300w, https:\/\/zs.gromnik.pl\/zs\/wp-content\/uploads\/2020\/01\/49356638446_06cd59aaf9_k-768x510.jpg 768w, https:\/\/zs.gromnik.pl\/zs\/wp-content\/uploads\/2020\/01\/49356638446_06cd59aaf9_k-820x544.jpg 820w, https:\/\/zs.gromnik.pl\/zs\/wp-content\/uploads\/2020\/01\/49356638446_06cd59aaf9_k.jpg 2047w\" sizes=\"(max-width: 1024px) 100vw, 1024px\" \/><\/figure><\/li><li class=\"blocks-gallery-item\"><figure><img loading=\"lazy\" width=\"1024\" height=\"789\" src=\"http:\/\/www.zs.gromnik.pl\/zs\/wp-content\/uploads\/2020\/01\/porto-1-1-1024x789.jpg\" alt=\"\" data-id=\"5152\" data-link=\"http:\/\/www.zs.gromnik.pl\/zs\/?attachment_id=5152\" class=\"wp-image-5152\" srcset=\"https:\/\/zs.gromnik.pl\/zs\/wp-content\/uploads\/2020\/01\/porto-1-1-1024x789.jpg 1024w, https:\/\/zs.gromnik.pl\/zs\/wp-content\/uploads\/2020\/01\/porto-1-1-300x231.jpg 300w, https:\/\/zs.gromnik.pl\/zs\/wp-content\/uploads\/2020\/01\/porto-1-1-768x591.jpg 768w, https:\/\/zs.gromnik.pl\/zs\/wp-content\/uploads\/2020\/01\/porto-1-1-820x632.jpg 820w\" sizes=\"(max-width: 1024px) 100vw, 1024px\" \/><figcaption><br><\/figcaption><\/figure><\/li><\/ul>\n\n\n\n<p><br><\/p>\n","protected":false},"excerpt":{"rendered":"<p>Zesp\u00f3\u0142 Szk\u00f3\u0142 w Gromniku jest beneficjentem program\u00f3w dofinansowanych z Funduszy Europejskich. W zwi\u0105zku z tym mieli\u015bmy mo\u017cliwo\u015b\u0107 uczestniczy\u0107 w konkursie wsp\u00f3\u0142organizowanym przez Fundacj\u0119 Rozwoju Systemu Edukacji. Nasza praca konkursowa zosta\u0142a bardzo wysoko oceniona &#8211; zaj\u0119li\u015bmy I miejsce i jako laureaci udali\u015bmy si\u0119 po odbi\u00f3r nagr\u00f3d do Warszawy. Uroczysta gala odby\u0142a si\u0119 8 stycznia 2020 r. i po\u0142\u0105czona by\u0142a z Og\u00f3lnopolskim Dniem Informacyjnym FRSE. W tym dniu na PGE Narodowym pojawi\u0142o si\u0119 ponad 1000 os\u00f3b zwi\u0105zanych z edukacj\u0105. Za zdj\u0119cie konkursowe szko\u0142a otrzyma\u0142a wiele drobnych upomink\u00f3w oraz nagrod\u0119 g\u0142\u00f3wn\u0105 &#8211; aparat lustrzank\u0119. Cieszymy si\u0119, \u017ce realizacja projektu &#8222;Ponadnarodowa mobilno\u015b\u0107 uczni\u00f3w&#8221;, przebiega na wielu r\u00f3\u017cnych p\u0142aszczyznach, a jej efekty s\u0105 widoczne nie tylko w \u015brodowisku lokalnym.<\/p>\n","protected":false},"author":6,"featured_media":5145,"comment_status":"closed","ping_status":"open","sticky":false,"template":"","format":"standard","meta":[],"categories":[3],"tags":[],"yoast_head":"<!-- This site is optimized with the Yoast SEO plugin v19.8 - https:\/\/yoast.com\/wordpress\/plugins\/seo\/ -->\n<title>Wygrana w konkursie Selfie+. - Zesp\u00f3\u0142 Szk\u00f3\u0142 w Gromniku<\/title>\n<meta name=\"description\" content=\"Zesp\u00f3\u0142 Szk\u00f3\u0142 w Gromniku\" \/>\n<meta name=\"robots\" content=\"index, follow, max-snippet:-1, max-image-preview:large, max-video-preview:-1\" \/>\n<link rel=\"canonical\" href=\"https:\/\/zs.gromnik.pl\/zs\/wygrana-w-konkursie-selfie\/\" \/>\n<meta property=\"og:locale\" content=\"pl_PL\" \/>\n<meta property=\"og:type\" content=\"article\" \/>\n<meta property=\"og:title\" content=\"Wygrana w konkursie Selfie+. - Zesp\u00f3\u0142 Szk\u00f3\u0142 w Gromniku\" \/>\n<meta property=\"og:description\" content=\"Zesp\u00f3\u0142 Szk\u00f3\u0142 w Gromniku\" \/>\n<meta property=\"og:url\" content=\"https:\/\/zs.gromnik.pl\/zs\/wygrana-w-konkursie-selfie\/\" \/>\n<meta property=\"og:site_name\" content=\"Zesp\u00f3\u0142 Szk\u00f3\u0142 w Gromniku\" \/>\n<meta property=\"article:publisher\" content=\"https:\/\/www.facebook.com\/zsgromnik\" \/>\n<meta property=\"article:published_time\" content=\"2020-01-28T13:12:31+00:00\" \/>\n<meta property=\"article:modified_time\" content=\"2020-01-28T13:13:53+00:00\" \/>\n<meta property=\"og:image\" content=\"https:\/\/zs.gromnik.pl\/zs\/wp-content\/uploads\/2020\/01\/49356636841_ad45e75ed7_k.jpg\" \/>\n\t<meta property=\"og:image:width\" content=\"2048\" \/>\n\t<meta property=\"og:image:height\" content=\"1311\" \/>\n\t<meta property=\"og:image:type\" content=\"image\/jpeg\" \/>\n<meta name=\"author\" content=\"Patrycja Kubicz\" \/>\n<meta name=\"twitter:card\" content=\"summary_large_image\" \/>\n<meta name=\"twitter:label1\" content=\"Napisane przez\" \/>\n\t<meta name=\"twitter:data1\" content=\"Patrycja Kubicz\" \/>\n\t<meta name=\"twitter:label2\" content=\"Szacowany czas czytania\" \/>\n\t<meta name=\"twitter:data2\" content=\"1 minuta\" \/>\n<script type=\"application\/ld+json\" class=\"yoast-schema-graph\">{\"@context\":\"https:\/\/schema.org\",\"@graph\":[{\"@type\":\"WebPage\",\"@id\":\"https:\/\/zs.gromnik.pl\/zs\/wygrana-w-konkursie-selfie\/\",\"url\":\"https:\/\/zs.gromnik.pl\/zs\/wygrana-w-konkursie-selfie\/\",\"name\":\"Wygrana w konkursie Selfie+. - Zesp\u00f3\u0142 Szk\u00f3\u0142 w Gromniku\",\"isPartOf\":{\"@id\":\"http:\/\/zs.gromnik.pl\/zs\/#website\"},\"datePublished\":\"2020-01-28T13:12:31+00:00\",\"dateModified\":\"2020-01-28T13:13:53+00:00\",\"author\":{\"@id\":\"http:\/\/zs.gromnik.pl\/zs\/#\/schema\/person\/8ceca2902a7d39b77622ae2e117d831a\"},\"description\":\"Zesp\u00f3\u0142 Szk\u00f3\u0142 w Gromniku\",\"breadcrumb\":{\"@id\":\"https:\/\/zs.gromnik.pl\/zs\/wygrana-w-konkursie-selfie\/#breadcrumb\"},\"inLanguage\":\"pl-PL\",\"potentialAction\":[{\"@type\":\"ReadAction\",\"target\":[\"https:\/\/zs.gromnik.pl\/zs\/wygrana-w-konkursie-selfie\/\"]}]},{\"@type\":\"BreadcrumbList\",\"@id\":\"https:\/\/zs.gromnik.pl\/zs\/wygrana-w-konkursie-selfie\/#breadcrumb\",\"itemListElement\":[{\"@type\":\"ListItem\",\"position\":1,\"name\":\"Strona g\u0142\u00f3wna\",\"item\":\"http:\/\/zs.gromnik.pl\/zs\/\"},{\"@type\":\"ListItem\",\"position\":2,\"name\":\"Wygrana w konkursie Selfie+.\"}]},{\"@type\":\"WebSite\",\"@id\":\"http:\/\/zs.gromnik.pl\/zs\/#website\",\"url\":\"http:\/\/zs.gromnik.pl\/zs\/\",\"name\":\"Zesp\u00f3\u0142 Szk\u00f3\u0142 w Gromniku\",\"description\":\"\",\"potentialAction\":[{\"@type\":\"SearchAction\",\"target\":{\"@type\":\"EntryPoint\",\"urlTemplate\":\"http:\/\/zs.gromnik.pl\/zs\/?s={search_term_string}\"},\"query-input\":\"required name=search_term_string\"}],\"inLanguage\":\"pl-PL\"},{\"@type\":\"Person\",\"@id\":\"http:\/\/zs.gromnik.pl\/zs\/#\/schema\/person\/8ceca2902a7d39b77622ae2e117d831a\",\"name\":\"Patrycja Kubicz\",\"image\":{\"@type\":\"ImageObject\",\"inLanguage\":\"pl-PL\",\"@id\":\"http:\/\/zs.gromnik.pl\/zs\/#\/schema\/person\/image\/\",\"url\":\"https:\/\/secure.gravatar.com\/avatar\/fdb188d3851f5cc80ba3148c853f5f66?s=96&d=mm&r=g\",\"contentUrl\":\"https:\/\/secure.gravatar.com\/avatar\/fdb188d3851f5cc80ba3148c853f5f66?s=96&d=mm&r=g\",\"caption\":\"Patrycja Kubicz\"},\"url\":\"https:\/\/zs.gromnik.pl\/zs\/author\/pkubicz\/\"}]}<\/script>\n<!-- \/ Yoast SEO plugin. -->","yoast_head_json":{"title":"Wygrana w konkursie Selfie+. - Zesp\u00f3\u0142 Szk\u00f3\u0142 w Gromniku","description":"Zesp\u00f3\u0142 Szk\u00f3\u0142 w Gromniku","robots":{"index":"index","follow":"follow","max-snippet":"max-snippet:-1","max-image-preview":"max-image-preview:large","max-video-preview":"max-video-preview:-1"},"canonical":"https:\/\/zs.gromnik.pl\/zs\/wygrana-w-konkursie-selfie\/","og_locale":"pl_PL","og_type":"article","og_title":"Wygrana w konkursie Selfie+. - Zesp\u00f3\u0142 Szk\u00f3\u0142 w Gromniku","og_description":"Zesp\u00f3\u0142 Szk\u00f3\u0142 w Gromniku","og_url":"https:\/\/zs.gromnik.pl\/zs\/wygrana-w-konkursie-selfie\/","og_site_name":"Zesp\u00f3\u0142 Szk\u00f3\u0142 w Gromniku","article_publisher":"https:\/\/www.facebook.com\/zsgromnik","article_published_time":"2020-01-28T13:12:31+00:00","article_modified_time":"2020-01-28T13:13:53+00:00","og_image":[{"width":2048,"height":1311,"url":"https:\/\/zs.gromnik.pl\/zs\/wp-content\/uploads\/2020\/01\/49356636841_ad45e75ed7_k.jpg","type":"image\/jpeg"}],"author":"Patrycja Kubicz","twitter_card":"summary_large_image","twitter_misc":{"Napisane przez":"Patrycja Kubicz","Szacowany czas czytania":"1 minuta"},"schema":{"@context":"https:\/\/schema.org","@graph":[{"@type":"WebPage","@id":"https:\/\/zs.gromnik.pl\/zs\/wygrana-w-konkursie-selfie\/","url":"https:\/\/zs.gromnik.pl\/zs\/wygrana-w-konkursie-selfie\/","name":"Wygrana w konkursie Selfie+. - Zesp\u00f3\u0142 Szk\u00f3\u0142 w Gromniku","isPartOf":{"@id":"http:\/\/zs.gromnik.pl\/zs\/#website"},"datePublished":"2020-01-28T13:12:31+00:00","dateModified":"2020-01-28T13:13:53+00:00","author":{"@id":"http:\/\/zs.gromnik.pl\/zs\/#\/schema\/person\/8ceca2902a7d39b77622ae2e117d831a"},"description":"Zesp\u00f3\u0142 Szk\u00f3\u0142 w Gromniku","breadcrumb":{"@id":"https:\/\/zs.gromnik.pl\/zs\/wygrana-w-konkursie-selfie\/#breadcrumb"},"inLanguage":"pl-PL","potentialAction":[{"@type":"ReadAction","target":["https:\/\/zs.gromnik.pl\/zs\/wygrana-w-konkursie-selfie\/"]}]},{"@type":"BreadcrumbList","@id":"https:\/\/zs.gromnik.pl\/zs\/wygrana-w-konkursie-selfie\/#breadcrumb","itemListElement":[{"@type":"ListItem","position":1,"name":"Strona g\u0142\u00f3wna","item":"http:\/\/zs.gromnik.pl\/zs\/"},{"@type":"ListItem","position":2,"name":"Wygrana w konkursie Selfie+."}]},{"@type":"WebSite","@id":"http:\/\/zs.gromnik.pl\/zs\/#website","url":"http:\/\/zs.gromnik.pl\/zs\/","name":"Zesp\u00f3\u0142 Szk\u00f3\u0142 w Gromniku","description":"","potentialAction":[{"@type":"SearchAction","target":{"@type":"EntryPoint","urlTemplate":"http:\/\/zs.gromnik.pl\/zs\/?s={search_term_string}"},"query-input":"required name=search_term_string"}],"inLanguage":"pl-PL"},{"@type":"Person","@id":"http:\/\/zs.gromnik.pl\/zs\/#\/schema\/person\/8ceca2902a7d39b77622ae2e117d831a","name":"Patrycja Kubicz","image":{"@type":"ImageObject","inLanguage":"pl-PL","@id":"http:\/\/zs.gromnik.pl\/zs\/#\/schema\/person\/image\/","url":"https:\/\/secure.gravatar.com\/avatar\/fdb188d3851f5cc80ba3148c853f5f66?s=96&d=mm&r=g","contentUrl":"https:\/\/secure.gravatar.com\/avatar\/fdb188d3851f5cc80ba3148c853f5f66?s=96&d=mm&r=g","caption":"Patrycja Kubicz"},"url":"https:\/\/zs.gromnik.pl\/zs\/author\/pkubicz\/"}]}},"_links":{"self":[{"href":"https:\/\/zs.gromnik.pl\/zs\/wp-json\/wp\/v2\/posts\/5140"}],"collection":[{"href":"https:\/\/zs.gromnik.pl\/zs\/wp-json\/wp\/v2\/posts"}],"about":[{"href":"https:\/\/zs.gromnik.pl\/zs\/wp-json\/wp\/v2\/types\/post"}],"author":[{"embeddable":true,"href":"https:\/\/zs.gromnik.pl\/zs\/wp-json\/wp\/v2\/users\/6"}],"replies":[{"embeddable":true,"href":"https:\/\/zs.gromnik.pl\/zs\/wp-json\/wp\/v2\/comments?post=5140"}],"version-history":[{"count":7,"href":"https:\/\/zs.gromnik.pl\/zs\/wp-json\/wp\/v2\/posts\/5140\/revisions"}],"predecessor-version":[{"id":5156,"href":"https:\/\/zs.gromnik.pl\/zs\/wp-json\/wp\/v2\/posts\/5140\/revisions\/5156"}],"wp:featuredmedia":[{"embeddable":true,"href":"https:\/\/zs.gromnik.pl\/zs\/wp-json\/wp\/v2\/media\/5145"}],"wp:attachment":[{"href":"https:\/\/zs.gromnik.pl\/zs\/wp-json\/wp\/v2\/media?parent=5140"}],"wp:term":[{"taxonomy":"category","embeddable":true,"href":"https:\/\/zs.gromnik.pl\/zs\/wp-json\/wp\/v2\/categories?post=5140"},{"taxonomy":"post_tag","embeddable":true,"href":"https:\/\/zs.gromnik.pl\/zs\/wp-json\/wp\/v2\/tags?post=5140"}],"curies":[{"name":"wp","href":"https:\/\/api.w.org\/{rel}","templated":true}]}}