{"id":5340,"date":"2020-03-01T11:28:54","date_gmt":"2020-03-01T10:28:54","guid":{"rendered":"http:\/\/www.zs.gromnik.pl\/zs\/?p=5340"},"modified":"2020-03-01T11:28:55","modified_gmt":"2020-03-01T10:28:55","slug":"projekty-miedzynarodowe-w-zs-w-gromniku","status":"publish","type":"post","link":"https:\/\/zs.gromnik.pl\/zs\/projekty-miedzynarodowe-w-zs-w-gromniku\/","title":{"rendered":"Projekty mi\u0119dzynarodowe w ZS w Gromniku."},"content":{"rendered":"\n<p>W Zespole Szk\u00f3\u0142 w Gromniku realizowane s\u0105 projekty wsp\u00f3\u0142finansowane z Funduszy Europejskich. 27.02.2020 r. go\u015bci\u0142a u nas <strong>Tarnowska.tv. <\/strong> Relacja dost\u0119pna &#8211; <a href=\"https:\/\/www.tarnowska.tv\/wiadomosci\/5106,gromnik-ponadnarodowa-mobilnosc-uczniow\">tutaj.<\/a><\/p>\n\n\n\n<p>Zapraszamy!<\/p>\n\n\n\n<ul class=\"wp-container-2 wp-block-gallery-1 wp-block-gallery columns-2 is-cropped\"><li class=\"blocks-gallery-item\"><figure><img loading=\"lazy\" width=\"724\" height=\"1024\" src=\"http:\/\/www.zs.gromnik.pl\/zs\/wp-content\/uploads\/2019\/09\/plakat-uczniowie-724x1024.jpg\" alt=\"\" data-id=\"4301\" data-link=\"http:\/\/www.zs.gromnik.pl\/zs\/plakat-uczniowie\/\" class=\"wp-image-4301\" srcset=\"https:\/\/zs.gromnik.pl\/zs\/wp-content\/uploads\/2019\/09\/plakat-uczniowie-724x1024.jpg 724w, https:\/\/zs.gromnik.pl\/zs\/wp-content\/uploads\/2019\/09\/plakat-uczniowie-212x300.jpg 212w, https:\/\/zs.gromnik.pl\/zs\/wp-content\/uploads\/2019\/09\/plakat-uczniowie-768x1086.jpg 768w, https:\/\/zs.gromnik.pl\/zs\/wp-content\/uploads\/2019\/09\/plakat-uczniowie-820x1159.jpg 820w\" sizes=\"(max-width: 724px) 100vw, 724px\" \/><\/figure><\/li><li class=\"blocks-gallery-item\"><figure><img loading=\"lazy\" width=\"724\" height=\"1024\" src=\"http:\/\/www.zs.gromnik.pl\/zs\/wp-content\/uploads\/2020\/03\/0001-724x1024.jpg\" alt=\"\" data-id=\"5341\" data-link=\"http:\/\/www.zs.gromnik.pl\/zs\/?attachment_id=5341\" class=\"wp-image-5341\" srcset=\"https:\/\/zs.gromnik.pl\/zs\/wp-content\/uploads\/2020\/03\/0001-724x1024.jpg 724w, https:\/\/zs.gromnik.pl\/zs\/wp-content\/uploads\/2020\/03\/0001-212x300.jpg 212w, https:\/\/zs.gromnik.pl\/zs\/wp-content\/uploads\/2020\/03\/0001-768x1086.jpg 768w, https:\/\/zs.gromnik.pl\/zs\/wp-content\/uploads\/2020\/03\/0001-820x1160.jpg 820w\" sizes=\"(max-width: 724px) 100vw, 724px\" \/><\/figure><\/li><\/ul>\n\n\n\n<p><br><\/p>\n","protected":false},"excerpt":{"rendered":"<p>W Zespole Szk\u00f3\u0142 w Gromniku realizowane s\u0105 projekty wsp\u00f3\u0142finansowane z Funduszy Europejskich. 27.02.2020 r. go\u015bci\u0142a u nas Tarnowska.tv. Relacja dost\u0119pna &#8211; tutaj. Zapraszamy!<\/p>\n","protected":false},"author":6,"featured_media":4704,"comment_status":"closed","ping_status":"open","sticky":false,"template":"","format":"standard","meta":[],"categories":[3],"tags":[],"yoast_head":"<!-- This site is optimized with the Yoast SEO plugin v19.8 - https:\/\/yoast.com\/wordpress\/plugins\/seo\/ -->\n<title>Projekty mi\u0119dzynarodowe w ZS w Gromniku. - Zesp\u00f3\u0142 Szk\u00f3\u0142 w Gromniku<\/title>\n<meta name=\"description\" content=\"Zesp\u00f3\u0142 Szk\u00f3\u0142 w Gromniku\" \/>\n<meta name=\"robots\" content=\"index, follow, max-snippet:-1, max-image-preview:large, max-video-preview:-1\" \/>\n<link rel=\"canonical\" href=\"https:\/\/zs.gromnik.pl\/zs\/projekty-miedzynarodowe-w-zs-w-gromniku\/\" \/>\n<meta property=\"og:locale\" content=\"pl_PL\" \/>\n<meta property=\"og:type\" content=\"article\" \/>\n<meta property=\"og:title\" content=\"Projekty mi\u0119dzynarodowe w ZS w Gromniku. - Zesp\u00f3\u0142 Szk\u00f3\u0142 w Gromniku\" \/>\n<meta property=\"og:description\" content=\"Zesp\u00f3\u0142 Szk\u00f3\u0142 w Gromniku\" \/>\n<meta property=\"og:url\" content=\"https:\/\/zs.gromnik.pl\/zs\/projekty-miedzynarodowe-w-zs-w-gromniku\/\" \/>\n<meta property=\"og:site_name\" content=\"Zesp\u00f3\u0142 Szk\u00f3\u0142 w Gromniku\" \/>\n<meta property=\"article:publisher\" content=\"https:\/\/www.facebook.com\/zsgromnik\" \/>\n<meta property=\"article:published_time\" content=\"2020-03-01T10:28:54+00:00\" \/>\n<meta property=\"article:modified_time\" content=\"2020-03-01T10:28:55+00:00\" \/>\n<meta property=\"og:image\" content=\"https:\/\/zs.gromnik.pl\/zs\/wp-content\/uploads\/2019\/11\/FE_POWER_poziom_pl-1_rgb.jpg\" \/>\n\t<meta property=\"og:image:width\" content=\"5883\" \/>\n\t<meta property=\"og:image:height\" content=\"756\" \/>\n\t<meta property=\"og:image:type\" content=\"image\/jpeg\" \/>\n<meta name=\"author\" content=\"Patrycja Kubicz\" \/>\n<meta name=\"twitter:card\" content=\"summary_large_image\" \/>\n<meta name=\"twitter:label1\" content=\"Napisane przez\" \/>\n\t<meta name=\"twitter:data1\" content=\"Patrycja Kubicz\" \/>\n<script type=\"application\/ld+json\" class=\"yoast-schema-graph\">{\"@context\":\"https:\/\/schema.org\",\"@graph\":[{\"@type\":\"WebPage\",\"@id\":\"https:\/\/zs.gromnik.pl\/zs\/projekty-miedzynarodowe-w-zs-w-gromniku\/\",\"url\":\"https:\/\/zs.gromnik.pl\/zs\/projekty-miedzynarodowe-w-zs-w-gromniku\/\",\"name\":\"Projekty mi\u0119dzynarodowe w ZS w Gromniku. - Zesp\u00f3\u0142 Szk\u00f3\u0142 w Gromniku\",\"isPartOf\":{\"@id\":\"https:\/\/zs.gromnik.pl\/zs\/#website\"},\"datePublished\":\"2020-03-01T10:28:54+00:00\",\"dateModified\":\"2020-03-01T10:28:55+00:00\",\"author\":{\"@id\":\"https:\/\/zs.gromnik.pl\/zs\/#\/schema\/person\/8ceca2902a7d39b77622ae2e117d831a\"},\"description\":\"Zesp\u00f3\u0142 Szk\u00f3\u0142 w Gromniku\",\"breadcrumb\":{\"@id\":\"https:\/\/zs.gromnik.pl\/zs\/projekty-miedzynarodowe-w-zs-w-gromniku\/#breadcrumb\"},\"inLanguage\":\"pl-PL\",\"potentialAction\":[{\"@type\":\"ReadAction\",\"target\":[\"https:\/\/zs.gromnik.pl\/zs\/projekty-miedzynarodowe-w-zs-w-gromniku\/\"]}]},{\"@type\":\"BreadcrumbList\",\"@id\":\"https:\/\/zs.gromnik.pl\/zs\/projekty-miedzynarodowe-w-zs-w-gromniku\/#breadcrumb\",\"itemListElement\":[{\"@type\":\"ListItem\",\"position\":1,\"name\":\"Strona g\u0142\u00f3wna\",\"item\":\"https:\/\/zs.gromnik.pl\/zs\/\"},{\"@type\":\"ListItem\",\"position\":2,\"name\":\"Projekty mi\u0119dzynarodowe w ZS w Gromniku.\"}]},{\"@type\":\"WebSite\",\"@id\":\"https:\/\/zs.gromnik.pl\/zs\/#website\",\"url\":\"https:\/\/zs.gromnik.pl\/zs\/\",\"name\":\"Zesp\u00f3\u0142 Szk\u00f3\u0142 w Gromniku\",\"description\":\"\",\"potentialAction\":[{\"@type\":\"SearchAction\",\"target\":{\"@type\":\"EntryPoint\",\"urlTemplate\":\"https:\/\/zs.gromnik.pl\/zs\/?s={search_term_string}\"},\"query-input\":\"required name=search_term_string\"}],\"inLanguage\":\"pl-PL\"},{\"@type\":\"Person\",\"@id\":\"https:\/\/zs.gromnik.pl\/zs\/#\/schema\/person\/8ceca2902a7d39b77622ae2e117d831a\",\"name\":\"Patrycja Kubicz\",\"image\":{\"@type\":\"ImageObject\",\"inLanguage\":\"pl-PL\",\"@id\":\"https:\/\/zs.gromnik.pl\/zs\/#\/schema\/person\/image\/\",\"url\":\"https:\/\/secure.gravatar.com\/avatar\/fdb188d3851f5cc80ba3148c853f5f66?s=96&d=mm&r=g\",\"contentUrl\":\"https:\/\/secure.gravatar.com\/avatar\/fdb188d3851f5cc80ba3148c853f5f66?s=96&d=mm&r=g\",\"caption\":\"Patrycja Kubicz\"},\"url\":\"https:\/\/zs.gromnik.pl\/zs\/author\/pkubicz\/\"}]}<\/script>\n<!-- \/ Yoast SEO plugin. -->","yoast_head_json":{"title":"Projekty mi\u0119dzynarodowe w ZS w Gromniku. - Zesp\u00f3\u0142 Szk\u00f3\u0142 w Gromniku","description":"Zesp\u00f3\u0142 Szk\u00f3\u0142 w Gromniku","robots":{"index":"index","follow":"follow","max-snippet":"max-snippet:-1","max-image-preview":"max-image-preview:large","max-video-preview":"max-video-preview:-1"},"canonical":"https:\/\/zs.gromnik.pl\/zs\/projekty-miedzynarodowe-w-zs-w-gromniku\/","og_locale":"pl_PL","og_type":"article","og_title":"Projekty mi\u0119dzynarodowe w ZS w Gromniku. - Zesp\u00f3\u0142 Szk\u00f3\u0142 w Gromniku","og_description":"Zesp\u00f3\u0142 Szk\u00f3\u0142 w Gromniku","og_url":"https:\/\/zs.gromnik.pl\/zs\/projekty-miedzynarodowe-w-zs-w-gromniku\/","og_site_name":"Zesp\u00f3\u0142 Szk\u00f3\u0142 w Gromniku","article_publisher":"https:\/\/www.facebook.com\/zsgromnik","article_published_time":"2020-03-01T10:28:54+00:00","article_modified_time":"2020-03-01T10:28:55+00:00","og_image":[{"width":5883,"height":756,"url":"https:\/\/zs.gromnik.pl\/zs\/wp-content\/uploads\/2019\/11\/FE_POWER_poziom_pl-1_rgb.jpg","type":"image\/jpeg"}],"author":"Patrycja Kubicz","twitter_card":"summary_large_image","twitter_misc":{"Napisane przez":"Patrycja Kubicz"},"schema":{"@context":"https:\/\/schema.org","@graph":[{"@type":"WebPage","@id":"https:\/\/zs.gromnik.pl\/zs\/projekty-miedzynarodowe-w-zs-w-gromniku\/","url":"https:\/\/zs.gromnik.pl\/zs\/projekty-miedzynarodowe-w-zs-w-gromniku\/","name":"Projekty mi\u0119dzynarodowe w ZS w Gromniku. - Zesp\u00f3\u0142 Szk\u00f3\u0142 w Gromniku","isPartOf":{"@id":"https:\/\/zs.gromnik.pl\/zs\/#website"},"datePublished":"2020-03-01T10:28:54+00:00","dateModified":"2020-03-01T10:28:55+00:00","author":{"@id":"https:\/\/zs.gromnik.pl\/zs\/#\/schema\/person\/8ceca2902a7d39b77622ae2e117d831a"},"description":"Zesp\u00f3\u0142 Szk\u00f3\u0142 w Gromniku","breadcrumb":{"@id":"https:\/\/zs.gromnik.pl\/zs\/projekty-miedzynarodowe-w-zs-w-gromniku\/#breadcrumb"},"inLanguage":"pl-PL","potentialAction":[{"@type":"ReadAction","target":["https:\/\/zs.gromnik.pl\/zs\/projekty-miedzynarodowe-w-zs-w-gromniku\/"]}]},{"@type":"BreadcrumbList","@id":"https:\/\/zs.gromnik.pl\/zs\/projekty-miedzynarodowe-w-zs-w-gromniku\/#breadcrumb","itemListElement":[{"@type":"ListItem","position":1,"name":"Strona g\u0142\u00f3wna","item":"https:\/\/zs.gromnik.pl\/zs\/"},{"@type":"ListItem","position":2,"name":"Projekty mi\u0119dzynarodowe w ZS w Gromniku."}]},{"@type":"WebSite","@id":"https:\/\/zs.gromnik.pl\/zs\/#website","url":"https:\/\/zs.gromnik.pl\/zs\/","name":"Zesp\u00f3\u0142 Szk\u00f3\u0142 w Gromniku","description":"","potentialAction":[{"@type":"SearchAction","target":{"@type":"EntryPoint","urlTemplate":"https:\/\/zs.gromnik.pl\/zs\/?s={search_term_string}"},"query-input":"required name=search_term_string"}],"inLanguage":"pl-PL"},{"@type":"Person","@id":"https:\/\/zs.gromnik.pl\/zs\/#\/schema\/person\/8ceca2902a7d39b77622ae2e117d831a","name":"Patrycja Kubicz","image":{"@type":"ImageObject","inLanguage":"pl-PL","@id":"https:\/\/zs.gromnik.pl\/zs\/#\/schema\/person\/image\/","url":"https:\/\/secure.gravatar.com\/avatar\/fdb188d3851f5cc80ba3148c853f5f66?s=96&d=mm&r=g","contentUrl":"https:\/\/secure.gravatar.com\/avatar\/fdb188d3851f5cc80ba3148c853f5f66?s=96&d=mm&r=g","caption":"Patrycja Kubicz"},"url":"https:\/\/zs.gromnik.pl\/zs\/author\/pkubicz\/"}]}},"_links":{"self":[{"href":"https:\/\/zs.gromnik.pl\/zs\/wp-json\/wp\/v2\/posts\/5340"}],"collection":[{"href":"https:\/\/zs.gromnik.pl\/zs\/wp-json\/wp\/v2\/posts"}],"about":[{"href":"https:\/\/zs.gromnik.pl\/zs\/wp-json\/wp\/v2\/types\/post"}],"author":[{"embeddable":true,"href":"https:\/\/zs.gromnik.pl\/zs\/wp-json\/wp\/v2\/users\/6"}],"replies":[{"embeddable":true,"href":"https:\/\/zs.gromnik.pl\/zs\/wp-json\/wp\/v2\/comments?post=5340"}],"version-history":[{"count":3,"href":"https:\/\/zs.gromnik.pl\/zs\/wp-json\/wp\/v2\/posts\/5340\/revisions"}],"predecessor-version":[{"id":5344,"href":"https:\/\/zs.gromnik.pl\/zs\/wp-json\/wp\/v2\/posts\/5340\/revisions\/5344"}],"wp:featuredmedia":[{"embeddable":true,"href":"https:\/\/zs.gromnik.pl\/zs\/wp-json\/wp\/v2\/media\/4704"}],"wp:attachment":[{"href":"https:\/\/zs.gromnik.pl\/zs\/wp-json\/wp\/v2\/media?parent=5340"}],"wp:term":[{"taxonomy":"category","embeddable":true,"href":"https:\/\/zs.gromnik.pl\/zs\/wp-json\/wp\/v2\/categories?post=5340"},{"taxonomy":"post_tag","embeddable":true,"href":"https:\/\/zs.gromnik.pl\/zs\/wp-json\/wp\/v2\/tags?post=5340"}],"curies":[{"name":"wp","href":"https:\/\/api.w.org\/{rel}","templated":true}]}}