{"id":5395,"date":"2020-03-06T10:37:02","date_gmt":"2020-03-06T09:37:02","guid":{"rendered":"http:\/\/www.zs.gromnik.pl\/zs\/?p=5395"},"modified":"2020-03-21T10:49:36","modified_gmt":"2020-03-21T09:49:36","slug":"zwierzeta-egzotyczne-w-grupie-ii","status":"publish","type":"post","link":"https:\/\/zs.gromnik.pl\/zs\/zwierzeta-egzotyczne-w-grupie-ii\/","title":{"rendered":"Zwierz\u0119ta egzotyczne w grupie II"},"content":{"rendered":"\n<p> <br><\/p>\n\n\n<p>\u00a0<\/p>\n<div id='gallery-1' class='gallery galleryid-5395 gallery-columns-3 gallery-size-thumbnail'><figure class='gallery-item'>\n\t\t\t<div class='gallery-icon landscape'>\n\t\t\t\t<a href='https:\/\/zs.gromnik.pl\/zs\/zwierzeta-egzotyczne-w-grupie-ii\/20200306_100808\/'><img width=\"150\" height=\"150\" src=\"https:\/\/zs.gromnik.pl\/zs\/wp-content\/uploads\/2020\/03\/20200306_100808-150x150.jpg\" class=\"attachment-thumbnail size-thumbnail\" alt=\"\" loading=\"lazy\" \/><\/a>\n\t\t\t<\/div><\/figure><figure class='gallery-item'>\n\t\t\t<div class='gallery-icon landscape'>\n\t\t\t\t<a href='https:\/\/zs.gromnik.pl\/zs\/zwierzeta-egzotyczne-w-grupie-ii\/20200306_101127\/'><img width=\"150\" height=\"150\" src=\"https:\/\/zs.gromnik.pl\/zs\/wp-content\/uploads\/2020\/03\/20200306_101127-150x150.jpg\" class=\"attachment-thumbnail size-thumbnail\" alt=\"\" loading=\"lazy\" \/><\/a>\n\t\t\t<\/div><\/figure><figure class='gallery-item'>\n\t\t\t<div class='gallery-icon landscape'>\n\t\t\t\t<a href='https:\/\/zs.gromnik.pl\/zs\/zwierzeta-egzotyczne-w-grupie-ii\/20200306_101630\/'><img width=\"150\" height=\"150\" src=\"https:\/\/zs.gromnik.pl\/zs\/wp-content\/uploads\/2020\/03\/20200306_101630-150x150.jpg\" class=\"attachment-thumbnail size-thumbnail\" alt=\"\" loading=\"lazy\" \/><\/a>\n\t\t\t<\/div><\/figure><figure class='gallery-item'>\n\t\t\t<div class='gallery-icon landscape'>\n\t\t\t\t<a href='https:\/\/zs.gromnik.pl\/zs\/zwierzeta-egzotyczne-w-grupie-ii\/20200306_102306\/'><img width=\"150\" height=\"150\" src=\"https:\/\/zs.gromnik.pl\/zs\/wp-content\/uploads\/2020\/03\/20200306_102306-150x150.jpg\" class=\"attachment-thumbnail size-thumbnail\" alt=\"\" loading=\"lazy\" \/><\/a>\n\t\t\t<\/div><\/figure><figure class='gallery-item'>\n\t\t\t<div class='gallery-icon landscape'>\n\t\t\t\t<a href='https:\/\/zs.gromnik.pl\/zs\/zwierzeta-egzotyczne-w-grupie-ii\/20200306_102319\/'><img width=\"150\" height=\"150\" src=\"https:\/\/zs.gromnik.pl\/zs\/wp-content\/uploads\/2020\/03\/20200306_102319-150x150.jpg\" class=\"attachment-thumbnail size-thumbnail\" alt=\"\" loading=\"lazy\" \/><\/a>\n\t\t\t<\/div><\/figure><figure class='gallery-item'>\n\t\t\t<div class='gallery-icon landscape'>\n\t\t\t\t<a href='https:\/\/zs.gromnik.pl\/zs\/zwierzeta-egzotyczne-w-grupie-ii\/20200306_102404\/'><img width=\"150\" height=\"150\" src=\"https:\/\/zs.gromnik.pl\/zs\/wp-content\/uploads\/2020\/03\/20200306_102404-150x150.jpg\" class=\"attachment-thumbnail size-thumbnail\" alt=\"\" loading=\"lazy\" \/><\/a>\n\t\t\t<\/div><\/figure><figure class='gallery-item'>\n\t\t\t<div class='gallery-icon landscape'>\n\t\t\t\t<a href='https:\/\/zs.gromnik.pl\/zs\/zwierzeta-egzotyczne-w-grupie-ii\/20200306_102332\/'><img width=\"150\" height=\"150\" src=\"https:\/\/zs.gromnik.pl\/zs\/wp-content\/uploads\/2020\/03\/20200306_102332-150x150.jpg\" class=\"attachment-thumbnail size-thumbnail\" alt=\"\" loading=\"lazy\" \/><\/a>\n\t\t\t<\/div><\/figure><figure class='gallery-item'>\n\t\t\t<div class='gallery-icon landscape'>\n\t\t\t\t<a href='https:\/\/zs.gromnik.pl\/zs\/zwierzeta-egzotyczne-w-grupie-ii\/20200306_103021\/'><img width=\"150\" height=\"150\" src=\"https:\/\/zs.gromnik.pl\/zs\/wp-content\/uploads\/2020\/03\/20200306_103021-150x150.jpg\" class=\"attachment-thumbnail size-thumbnail\" alt=\"\" loading=\"lazy\" \/><\/a>\n\t\t\t<\/div><\/figure><figure class='gallery-item'>\n\t\t\t<div class='gallery-icon portrait'>\n\t\t\t\t<a href='https:\/\/zs.gromnik.pl\/zs\/zwierzeta-egzotyczne-w-grupie-ii\/20200306_103944\/'><img width=\"150\" height=\"150\" src=\"https:\/\/zs.gromnik.pl\/zs\/wp-content\/uploads\/2020\/03\/20200306_103944-e1584228254140-150x150.jpg\" class=\"attachment-thumbnail size-thumbnail\" alt=\"\" loading=\"lazy\" \/><\/a>\n\t\t\t<\/div><\/figure><figure class='gallery-item'>\n\t\t\t<div class='gallery-icon portrait'>\n\t\t\t\t<a href='https:\/\/zs.gromnik.pl\/zs\/zwierzeta-egzotyczne-w-grupie-ii\/20200306_103914\/'><img width=\"150\" height=\"150\" src=\"https:\/\/zs.gromnik.pl\/zs\/wp-content\/uploads\/2020\/03\/20200306_103914-e1584228278847-150x150.jpg\" class=\"attachment-thumbnail size-thumbnail\" alt=\"\" loading=\"lazy\" \/><\/a>\n\t\t\t<\/div><\/figure>\n\t\t<\/div>\n\n<p>&#8222;D\u017cungla, d\u017cungla, taka wielka d\u017cungla&#8230;&#8221; &#8211; tak brzmi\u0105 pierwsze s\u0142owa piosenki, kt\u00f3ra okaza\u0142a si\u0119 prawdziwym przebojem podczas realizacji cyklu zaj\u0119\u0107 pod has\u0142em &#8222;Zwierz\u0119ta d\u017cungli i sawanny&#8221;. Afryka\u0144skie rytmy sprawi\u0142y, \u017ce dzieci z zainteresowaniem wys\u0142ucha\u0142y ciekawostek na temat zwierz\u0105t egzotycznych, aktywnie uczestniczy\u0142y w zaj\u0119ciach ruchowych oraz ch\u0119tnie pracowa\u0142y w ma\u0142ych grupach. Najwi\u0119ksz\u0105 rado\u015bci\u0105 dla przedszkolak\u00f3w by\u0142a jednak zabawa, podczas kt\u00f3rej dzieci wcieli\u0142y si\u0119 w role wybranych zwierz\u0105t egzotycznych. W grupie II pojawi\u0142y si\u0119: zebry, \u017cyrafy, s\u0142o\u0144, kangur, papuga, flaming, krokodyl oraz gro\u017any lew. Nad przyjazn\u0105 atmosfer\u0105 w\u015br\u00f3d dzikich zwierz\u0105t czuwa\u0142 murzynek Ambo Sambo.<\/p>","protected":false},"excerpt":{"rendered":"<p>\u00a0 &#8222;D\u017cungla, d\u017cungla, taka wielka d\u017cungla&#8230;&#8221; &#8211; tak brzmi\u0105 pierwsze s\u0142owa piosenki, kt\u00f3ra okaza\u0142a si\u0119 prawdziwym przebojem podczas realizacji cyklu zaj\u0119\u0107 pod has\u0142em &#8222;Zwierz\u0119ta d\u017cungli i sawanny&#8221;. Afryka\u0144skie rytmy sprawi\u0142y, \u017ce dzieci z zainteresowaniem wys\u0142ucha\u0142y ciekawostek na temat zwierz\u0105t egzotycznych, aktywnie uczestniczy\u0142y w zaj\u0119ciach ruchowych oraz ch\u0119tnie pracowa\u0142y w ma\u0142ych grupach. Najwi\u0119ksz\u0105 rado\u015bci\u0105 dla przedszkolak\u00f3w by\u0142a jednak zabawa, podczas kt\u00f3rej dzieci wcieli\u0142y si\u0119 w role wybranych zwierz\u0105t egzotycznych. W grupie II pojawi\u0142y si\u0119: zebry, \u017cyrafy, s\u0142o\u0144, kangur, papuga, flaming, krokodyl oraz gro\u017any lew. Nad przyjazn\u0105 atmosfer\u0105 w\u015br\u00f3d dzikich zwierz\u0105t czuwa\u0142 murzynek Ambo Sambo.<\/p>\n","protected":false},"author":7,"featured_media":5408,"comment_status":"closed","ping_status":"open","sticky":false,"template":"","format":"standard","meta":[],"categories":[3,26],"tags":[],"yoast_head":"<!-- This site is optimized with the Yoast SEO plugin v19.8 - https:\/\/yoast.com\/wordpress\/plugins\/seo\/ -->\n<title>Zwierz\u0119ta egzotyczne w grupie II - Zesp\u00f3\u0142 Szk\u00f3\u0142 w Gromniku<\/title>\n<meta name=\"description\" content=\"Zesp\u00f3\u0142 Szk\u00f3\u0142 w Gromniku\" \/>\n<meta name=\"robots\" content=\"index, follow, max-snippet:-1, max-image-preview:large, max-video-preview:-1\" \/>\n<link rel=\"canonical\" href=\"https:\/\/zs.gromnik.pl\/zs\/zwierzeta-egzotyczne-w-grupie-ii\/\" \/>\n<meta property=\"og:locale\" content=\"pl_PL\" \/>\n<meta property=\"og:type\" content=\"article\" \/>\n<meta property=\"og:title\" content=\"Zwierz\u0119ta egzotyczne w grupie II - Zesp\u00f3\u0142 Szk\u00f3\u0142 w Gromniku\" \/>\n<meta property=\"og:description\" content=\"Zesp\u00f3\u0142 Szk\u00f3\u0142 w Gromniku\" \/>\n<meta property=\"og:url\" content=\"https:\/\/zs.gromnik.pl\/zs\/zwierzeta-egzotyczne-w-grupie-ii\/\" \/>\n<meta property=\"og:site_name\" content=\"Zesp\u00f3\u0142 Szk\u00f3\u0142 w Gromniku\" \/>\n<meta property=\"article:publisher\" content=\"https:\/\/www.facebook.com\/zsgromnik\" \/>\n<meta property=\"article:published_time\" content=\"2020-03-06T09:37:02+00:00\" \/>\n<meta property=\"article:modified_time\" content=\"2020-03-21T09:49:36+00:00\" \/>\n<meta property=\"og:image\" content=\"https:\/\/zs.gromnik.pl\/zs\/wp-content\/uploads\/2020\/03\/20200306_100808-1024x768.jpg\" \/>\n\t<meta property=\"og:image:width\" content=\"1024\" \/>\n\t<meta property=\"og:image:height\" content=\"768\" \/>\n\t<meta property=\"og:image:type\" content=\"image\/jpeg\" \/>\n<meta name=\"author\" content=\"Barbara Kubicz\" \/>\n<meta name=\"twitter:card\" content=\"summary_large_image\" \/>\n<meta name=\"twitter:label1\" content=\"Napisane przez\" \/>\n\t<meta name=\"twitter:data1\" content=\"Barbara Kubicz\" \/>\n\t<meta name=\"twitter:label2\" content=\"Szacowany czas czytania\" \/>\n\t<meta name=\"twitter:data2\" content=\"1 minuta\" \/>\n<script type=\"application\/ld+json\" class=\"yoast-schema-graph\">{\"@context\":\"https:\/\/schema.org\",\"@graph\":[{\"@type\":\"WebPage\",\"@id\":\"https:\/\/zs.gromnik.pl\/zs\/zwierzeta-egzotyczne-w-grupie-ii\/\",\"url\":\"https:\/\/zs.gromnik.pl\/zs\/zwierzeta-egzotyczne-w-grupie-ii\/\",\"name\":\"Zwierz\u0119ta egzotyczne w grupie II - Zesp\u00f3\u0142 Szk\u00f3\u0142 w Gromniku\",\"isPartOf\":{\"@id\":\"https:\/\/zs.gromnik.pl\/zs\/#website\"},\"datePublished\":\"2020-03-06T09:37:02+00:00\",\"dateModified\":\"2020-03-21T09:49:36+00:00\",\"author\":{\"@id\":\"https:\/\/zs.gromnik.pl\/zs\/#\/schema\/person\/7fb2b24b90f39dede6a6b1ad809c8871\"},\"description\":\"Zesp\u00f3\u0142 Szk\u00f3\u0142 w Gromniku\",\"breadcrumb\":{\"@id\":\"https:\/\/zs.gromnik.pl\/zs\/zwierzeta-egzotyczne-w-grupie-ii\/#breadcrumb\"},\"inLanguage\":\"pl-PL\",\"potentialAction\":[{\"@type\":\"ReadAction\",\"target\":[\"https:\/\/zs.gromnik.pl\/zs\/zwierzeta-egzotyczne-w-grupie-ii\/\"]}]},{\"@type\":\"BreadcrumbList\",\"@id\":\"https:\/\/zs.gromnik.pl\/zs\/zwierzeta-egzotyczne-w-grupie-ii\/#breadcrumb\",\"itemListElement\":[{\"@type\":\"ListItem\",\"position\":1,\"name\":\"Strona g\u0142\u00f3wna\",\"item\":\"https:\/\/zs.gromnik.pl\/zs\/\"},{\"@type\":\"ListItem\",\"position\":2,\"name\":\"Zwierz\u0119ta egzotyczne w grupie II\"}]},{\"@type\":\"WebSite\",\"@id\":\"https:\/\/zs.gromnik.pl\/zs\/#website\",\"url\":\"https:\/\/zs.gromnik.pl\/zs\/\",\"name\":\"Zesp\u00f3\u0142 Szk\u00f3\u0142 w Gromniku\",\"description\":\"\",\"potentialAction\":[{\"@type\":\"SearchAction\",\"target\":{\"@type\":\"EntryPoint\",\"urlTemplate\":\"https:\/\/zs.gromnik.pl\/zs\/?s={search_term_string}\"},\"query-input\":\"required name=search_term_string\"}],\"inLanguage\":\"pl-PL\"},{\"@type\":\"Person\",\"@id\":\"https:\/\/zs.gromnik.pl\/zs\/#\/schema\/person\/7fb2b24b90f39dede6a6b1ad809c8871\",\"name\":\"Barbara Kubicz\",\"image\":{\"@type\":\"ImageObject\",\"inLanguage\":\"pl-PL\",\"@id\":\"https:\/\/zs.gromnik.pl\/zs\/#\/schema\/person\/image\/\",\"url\":\"https:\/\/secure.gravatar.com\/avatar\/2148a1c13395e11280a430e7a86ac24a?s=96&d=mm&r=g\",\"contentUrl\":\"https:\/\/secure.gravatar.com\/avatar\/2148a1c13395e11280a430e7a86ac24a?s=96&d=mm&r=g\",\"caption\":\"Barbara Kubicz\"},\"url\":\"https:\/\/zs.gromnik.pl\/zs\/author\/bkubicz\/\"}]}<\/script>\n<!-- \/ Yoast SEO plugin. -->","yoast_head_json":{"title":"Zwierz\u0119ta egzotyczne w grupie II - Zesp\u00f3\u0142 Szk\u00f3\u0142 w Gromniku","description":"Zesp\u00f3\u0142 Szk\u00f3\u0142 w Gromniku","robots":{"index":"index","follow":"follow","max-snippet":"max-snippet:-1","max-image-preview":"max-image-preview:large","max-video-preview":"max-video-preview:-1"},"canonical":"https:\/\/zs.gromnik.pl\/zs\/zwierzeta-egzotyczne-w-grupie-ii\/","og_locale":"pl_PL","og_type":"article","og_title":"Zwierz\u0119ta egzotyczne w grupie II - Zesp\u00f3\u0142 Szk\u00f3\u0142 w Gromniku","og_description":"Zesp\u00f3\u0142 Szk\u00f3\u0142 w Gromniku","og_url":"https:\/\/zs.gromnik.pl\/zs\/zwierzeta-egzotyczne-w-grupie-ii\/","og_site_name":"Zesp\u00f3\u0142 Szk\u00f3\u0142 w Gromniku","article_publisher":"https:\/\/www.facebook.com\/zsgromnik","article_published_time":"2020-03-06T09:37:02+00:00","article_modified_time":"2020-03-21T09:49:36+00:00","og_image":[{"width":1024,"height":768,"url":"https:\/\/zs.gromnik.pl\/zs\/wp-content\/uploads\/2020\/03\/20200306_100808-1024x768.jpg","type":"image\/jpeg"}],"author":"Barbara Kubicz","twitter_card":"summary_large_image","twitter_misc":{"Napisane przez":"Barbara Kubicz","Szacowany czas czytania":"1 minuta"},"schema":{"@context":"https:\/\/schema.org","@graph":[{"@type":"WebPage","@id":"https:\/\/zs.gromnik.pl\/zs\/zwierzeta-egzotyczne-w-grupie-ii\/","url":"https:\/\/zs.gromnik.pl\/zs\/zwierzeta-egzotyczne-w-grupie-ii\/","name":"Zwierz\u0119ta egzotyczne w grupie II - Zesp\u00f3\u0142 Szk\u00f3\u0142 w Gromniku","isPartOf":{"@id":"https:\/\/zs.gromnik.pl\/zs\/#website"},"datePublished":"2020-03-06T09:37:02+00:00","dateModified":"2020-03-21T09:49:36+00:00","author":{"@id":"https:\/\/zs.gromnik.pl\/zs\/#\/schema\/person\/7fb2b24b90f39dede6a6b1ad809c8871"},"description":"Zesp\u00f3\u0142 Szk\u00f3\u0142 w Gromniku","breadcrumb":{"@id":"https:\/\/zs.gromnik.pl\/zs\/zwierzeta-egzotyczne-w-grupie-ii\/#breadcrumb"},"inLanguage":"pl-PL","potentialAction":[{"@type":"ReadAction","target":["https:\/\/zs.gromnik.pl\/zs\/zwierzeta-egzotyczne-w-grupie-ii\/"]}]},{"@type":"BreadcrumbList","@id":"https:\/\/zs.gromnik.pl\/zs\/zwierzeta-egzotyczne-w-grupie-ii\/#breadcrumb","itemListElement":[{"@type":"ListItem","position":1,"name":"Strona g\u0142\u00f3wna","item":"https:\/\/zs.gromnik.pl\/zs\/"},{"@type":"ListItem","position":2,"name":"Zwierz\u0119ta egzotyczne w grupie II"}]},{"@type":"WebSite","@id":"https:\/\/zs.gromnik.pl\/zs\/#website","url":"https:\/\/zs.gromnik.pl\/zs\/","name":"Zesp\u00f3\u0142 Szk\u00f3\u0142 w Gromniku","description":"","potentialAction":[{"@type":"SearchAction","target":{"@type":"EntryPoint","urlTemplate":"https:\/\/zs.gromnik.pl\/zs\/?s={search_term_string}"},"query-input":"required name=search_term_string"}],"inLanguage":"pl-PL"},{"@type":"Person","@id":"https:\/\/zs.gromnik.pl\/zs\/#\/schema\/person\/7fb2b24b90f39dede6a6b1ad809c8871","name":"Barbara Kubicz","image":{"@type":"ImageObject","inLanguage":"pl-PL","@id":"https:\/\/zs.gromnik.pl\/zs\/#\/schema\/person\/image\/","url":"https:\/\/secure.gravatar.com\/avatar\/2148a1c13395e11280a430e7a86ac24a?s=96&d=mm&r=g","contentUrl":"https:\/\/secure.gravatar.com\/avatar\/2148a1c13395e11280a430e7a86ac24a?s=96&d=mm&r=g","caption":"Barbara Kubicz"},"url":"https:\/\/zs.gromnik.pl\/zs\/author\/bkubicz\/"}]}},"_links":{"self":[{"href":"https:\/\/zs.gromnik.pl\/zs\/wp-json\/wp\/v2\/posts\/5395"}],"collection":[{"href":"https:\/\/zs.gromnik.pl\/zs\/wp-json\/wp\/v2\/posts"}],"about":[{"href":"https:\/\/zs.gromnik.pl\/zs\/wp-json\/wp\/v2\/types\/post"}],"author":[{"embeddable":true,"href":"https:\/\/zs.gromnik.pl\/zs\/wp-json\/wp\/v2\/users\/7"}],"replies":[{"embeddable":true,"href":"https:\/\/zs.gromnik.pl\/zs\/wp-json\/wp\/v2\/comments?post=5395"}],"version-history":[{"count":5,"href":"https:\/\/zs.gromnik.pl\/zs\/wp-json\/wp\/v2\/posts\/5395\/revisions"}],"predecessor-version":[{"id":5491,"href":"https:\/\/zs.gromnik.pl\/zs\/wp-json\/wp\/v2\/posts\/5395\/revisions\/5491"}],"wp:featuredmedia":[{"embeddable":true,"href":"https:\/\/zs.gromnik.pl\/zs\/wp-json\/wp\/v2\/media\/5408"}],"wp:attachment":[{"href":"https:\/\/zs.gromnik.pl\/zs\/wp-json\/wp\/v2\/media?parent=5395"}],"wp:term":[{"taxonomy":"category","embeddable":true,"href":"https:\/\/zs.gromnik.pl\/zs\/wp-json\/wp\/v2\/categories?post=5395"},{"taxonomy":"post_tag","embeddable":true,"href":"https:\/\/zs.gromnik.pl\/zs\/wp-json\/wp\/v2\/tags?post=5395"}],"curies":[{"name":"wp","href":"https:\/\/api.w.org\/{rel}","templated":true}]}}