{"id":5407,"date":"2020-02-24T22:57:58","date_gmt":"2020-02-24T21:57:58","guid":{"rendered":"http:\/\/www.zs.gromnik.pl\/zs\/?p=5407"},"modified":"2020-03-17T18:49:15","modified_gmt":"2020-03-17T17:49:15","slug":"dzien-babci-i-dziadka-2020-r","status":"publish","type":"post","link":"https:\/\/zs.gromnik.pl\/zs\/dzien-babci-i-dziadka-2020-r\/","title":{"rendered":"DZIE\u0143 BABCI I DZIADKA &#8211; 2020 r."},"content":{"rendered":"<div id='gallery-1' class='gallery galleryid-5407 gallery-columns-3 gallery-size-thumbnail'><figure class='gallery-item'>\n\t\t\t<div class='gallery-icon landscape'>\n\t\t\t\t<a href='https:\/\/zs.gromnik.pl\/zs\/dzien-babci-i-dziadka-2020-r\/87280445_3470672939670780_962515305043591168_o1\/'><img width=\"150\" height=\"150\" src=\"https:\/\/zs.gromnik.pl\/zs\/wp-content\/uploads\/2020\/03\/87280445_3470672939670780_962515305043591168_o1-150x150.jpg\" class=\"attachment-thumbnail size-thumbnail\" alt=\"\" loading=\"lazy\" \/><\/a>\n\t\t\t<\/div><\/figure><figure class='gallery-item'>\n\t\t\t<div class='gallery-icon landscape'>\n\t\t\t\t<a href='https:\/\/zs.gromnik.pl\/zs\/dzien-babci-i-dziadka-2020-r\/86696116_3470673639670710_3445841910709616640_o1\/'><img width=\"150\" height=\"150\" src=\"https:\/\/zs.gromnik.pl\/zs\/wp-content\/uploads\/2020\/03\/86696116_3470673639670710_3445841910709616640_o1-150x150.jpg\" class=\"attachment-thumbnail size-thumbnail\" alt=\"\" loading=\"lazy\" \/><\/a>\n\t\t\t<\/div><\/figure><figure class='gallery-item'>\n\t\t\t<div class='gallery-icon landscape'>\n\t\t\t\t<a href='https:\/\/zs.gromnik.pl\/zs\/dzien-babci-i-dziadka-2020-r\/87039251_3470679656336775_4856084754379833344_o1\/'><img width=\"150\" height=\"150\" src=\"https:\/\/zs.gromnik.pl\/zs\/wp-content\/uploads\/2020\/03\/87039251_3470679656336775_4856084754379833344_o1-150x150.jpg\" class=\"attachment-thumbnail size-thumbnail\" alt=\"\" loading=\"lazy\" \/><\/a>\n\t\t\t<\/div><\/figure><figure class='gallery-item'>\n\t\t\t<div class='gallery-icon landscape'>\n\t\t\t\t<a href='https:\/\/zs.gromnik.pl\/zs\/dzien-babci-i-dziadka-2020-r\/86698034_3470687156336025_7805427548023685120_o1\/'><img width=\"150\" height=\"150\" src=\"https:\/\/zs.gromnik.pl\/zs\/wp-content\/uploads\/2020\/03\/86698034_3470687156336025_7805427548023685120_o1-150x150.jpg\" class=\"attachment-thumbnail size-thumbnail\" alt=\"\" loading=\"lazy\" \/><\/a>\n\t\t\t<\/div><\/figure><figure class='gallery-item'>\n\t\t\t<div class='gallery-icon landscape'>\n\t\t\t\t<a href='https:\/\/zs.gromnik.pl\/zs\/dzien-babci-i-dziadka-2020-r\/87181598_3470674933003914_830132988367863808_o\/'><img width=\"150\" height=\"150\" src=\"https:\/\/zs.gromnik.pl\/zs\/wp-content\/uploads\/2020\/03\/87181598_3470674933003914_830132988367863808_o-150x150.jpg\" class=\"attachment-thumbnail size-thumbnail\" alt=\"\" loading=\"lazy\" \/><\/a>\n\t\t\t<\/div><\/figure><figure class='gallery-item'>\n\t\t\t<div class='gallery-icon landscape'>\n\t\t\t\t<a href='https:\/\/zs.gromnik.pl\/zs\/dzien-babci-i-dziadka-2020-r\/87063089_3470684489669625_1531540494000062464_o\/'><img width=\"150\" height=\"150\" src=\"https:\/\/zs.gromnik.pl\/zs\/wp-content\/uploads\/2020\/03\/87063089_3470684489669625_1531540494000062464_o-150x150.jpg\" class=\"attachment-thumbnail size-thumbnail\" alt=\"\" loading=\"lazy\" \/><\/a>\n\t\t\t<\/div><\/figure><figure class='gallery-item'>\n\t\t\t<div class='gallery-icon landscape'>\n\t\t\t\t<a href='https:\/\/zs.gromnik.pl\/zs\/dzien-babci-i-dziadka-2020-r\/86700218_3470709346333806_2631592767964315648_o1\/'><img width=\"150\" height=\"150\" src=\"https:\/\/zs.gromnik.pl\/zs\/wp-content\/uploads\/2020\/03\/86700218_3470709346333806_2631592767964315648_o1-150x150.jpg\" class=\"attachment-thumbnail size-thumbnail\" alt=\"\" loading=\"lazy\" \/><\/a>\n\t\t\t<\/div><\/figure><figure class='gallery-item'>\n\t\t\t<div class='gallery-icon landscape'>\n\t\t\t\t<a href='https:\/\/zs.gromnik.pl\/zs\/dzien-babci-i-dziadka-2020-r\/86707648_3470711099666964_6077683112467234816_o1\/'><img width=\"150\" height=\"150\" src=\"https:\/\/zs.gromnik.pl\/zs\/wp-content\/uploads\/2020\/03\/86707648_3470711099666964_6077683112467234816_o1-150x150.jpg\" class=\"attachment-thumbnail size-thumbnail\" alt=\"\" loading=\"lazy\" \/><\/a>\n\t\t\t<\/div><\/figure><figure class='gallery-item'>\n\t\t\t<div class='gallery-icon landscape'>\n\t\t\t\t<a href='https:\/\/zs.gromnik.pl\/zs\/dzien-babci-i-dziadka-2020-r\/86969733_3470676416337099_8795134196528971776_o1\/'><img width=\"150\" height=\"150\" src=\"https:\/\/zs.gromnik.pl\/zs\/wp-content\/uploads\/2020\/03\/86969733_3470676416337099_8795134196528971776_o1-150x150.jpg\" class=\"attachment-thumbnail size-thumbnail\" alt=\"\" loading=\"lazy\" \/><\/a>\n\t\t\t<\/div><\/figure><figure class='gallery-item'>\n\t\t\t<div class='gallery-icon landscape'>\n\t\t\t\t<a href='https:\/\/zs.gromnik.pl\/zs\/dzien-babci-i-dziadka-2020-r\/86776554_3470710806333660_5331797574057721856_o1\/'><img width=\"150\" height=\"150\" src=\"https:\/\/zs.gromnik.pl\/zs\/wp-content\/uploads\/2020\/03\/86776554_3470710806333660_5331797574057721856_o1-150x150.jpg\" class=\"attachment-thumbnail size-thumbnail\" alt=\"\" loading=\"lazy\" \/><\/a>\n\t\t\t<\/div><\/figure><figure class='gallery-item'>\n\t\t\t<div class='gallery-icon landscape'>\n\t\t\t\t<a href='https:\/\/zs.gromnik.pl\/zs\/dzien-babci-i-dziadka-2020-r\/87217575_3470704783000929_1930402360044027904_o1\/'><img width=\"150\" height=\"150\" src=\"https:\/\/zs.gromnik.pl\/zs\/wp-content\/uploads\/2020\/03\/87217575_3470704783000929_1930402360044027904_o1-150x150.jpg\" class=\"attachment-thumbnail size-thumbnail\" alt=\"\" loading=\"lazy\" \/><\/a>\n\t\t\t<\/div><\/figure><figure class='gallery-item'>\n\t\t\t<div class='gallery-icon landscape'>\n\t\t\t\t<a href='https:\/\/zs.gromnik.pl\/zs\/dzien-babci-i-dziadka-2020-r\/86801610_3470686749669399_5008088496003350528_o1\/'><img width=\"150\" height=\"150\" src=\"https:\/\/zs.gromnik.pl\/zs\/wp-content\/uploads\/2020\/03\/86801610_3470686749669399_5008088496003350528_o1-150x150.jpg\" class=\"attachment-thumbnail size-thumbnail\" alt=\"\" loading=\"lazy\" \/><\/a>\n\t\t\t<\/div><\/figure><figure class='gallery-item'>\n\t\t\t<div class='gallery-icon landscape'>\n\t\t\t\t<a href='https:\/\/zs.gromnik.pl\/zs\/dzien-babci-i-dziadka-2020-r\/86853617_3470687956335945_2169787567786950656_o1\/'><img width=\"150\" height=\"150\" src=\"https:\/\/zs.gromnik.pl\/zs\/wp-content\/uploads\/2020\/03\/86853617_3470687956335945_2169787567786950656_o1-150x150.jpg\" class=\"attachment-thumbnail size-thumbnail\" alt=\"\" loading=\"lazy\" \/><\/a>\n\t\t\t<\/div><\/figure><figure class='gallery-item'>\n\t\t\t<div class='gallery-icon landscape'>\n\t\t\t\t<a href='https:\/\/zs.gromnik.pl\/zs\/dzien-babci-i-dziadka-2020-r\/86800373_3470711266333614_5251047679177261056_o1\/'><img width=\"150\" height=\"150\" src=\"https:\/\/zs.gromnik.pl\/zs\/wp-content\/uploads\/2020\/03\/86800373_3470711266333614_5251047679177261056_o1-150x150.jpg\" class=\"attachment-thumbnail size-thumbnail\" alt=\"\" loading=\"lazy\" \/><\/a>\n\t\t\t<\/div><\/figure><figure class='gallery-item'>\n\t\t\t<div class='gallery-icon landscape'>\n\t\t\t\t<a href='https:\/\/zs.gromnik.pl\/zs\/dzien-babci-i-dziadka-2020-r\/86969510_3470712256333515_961630696399437824_o1\/'><img width=\"150\" height=\"150\" src=\"https:\/\/zs.gromnik.pl\/zs\/wp-content\/uploads\/2020\/03\/86969510_3470712256333515_961630696399437824_o1-150x150.jpg\" class=\"attachment-thumbnail size-thumbnail\" alt=\"\" loading=\"lazy\" \/><\/a>\n\t\t\t<\/div><\/figure><figure class='gallery-item'>\n\t\t\t<div class='gallery-icon landscape'>\n\t\t\t\t<a href='https:\/\/zs.gromnik.pl\/zs\/dzien-babci-i-dziadka-2020-r\/86999035_3470716826333058_6086591806647042048_o1\/'><img width=\"150\" height=\"150\" src=\"https:\/\/zs.gromnik.pl\/zs\/wp-content\/uploads\/2020\/03\/86999035_3470716826333058_6086591806647042048_o1-150x150.jpg\" class=\"attachment-thumbnail size-thumbnail\" alt=\"\" loading=\"lazy\" \/><\/a>\n\t\t\t<\/div><\/figure><figure class='gallery-item'>\n\t\t\t<div class='gallery-icon landscape'>\n\t\t\t\t<a href='https:\/\/zs.gromnik.pl\/zs\/dzien-babci-i-dziadka-2020-r\/87389573_3470681503003257_6434999338950197248_o1\/'><img width=\"150\" height=\"150\" src=\"https:\/\/zs.gromnik.pl\/zs\/wp-content\/uploads\/2020\/03\/87389573_3470681503003257_6434999338950197248_o1-150x150.jpg\" class=\"attachment-thumbnail size-thumbnail\" alt=\"\" loading=\"lazy\" \/><\/a>\n\t\t\t<\/div><\/figure><figure class='gallery-item'>\n\t\t\t<div class='gallery-icon landscape'>\n\t\t\t\t<a href='https:\/\/zs.gromnik.pl\/zs\/dzien-babci-i-dziadka-2020-r\/87273808_3470674056337335_3073149052766912512_o1\/'><img width=\"150\" height=\"150\" src=\"https:\/\/zs.gromnik.pl\/zs\/wp-content\/uploads\/2020\/03\/87273808_3470674056337335_3073149052766912512_o1-150x150.jpg\" class=\"attachment-thumbnail size-thumbnail\" alt=\"\" loading=\"lazy\" \/><\/a>\n\t\t\t<\/div><\/figure><figure class='gallery-item'>\n\t\t\t<div class='gallery-icon landscape'>\n\t\t\t\t<a href='https:\/\/zs.gromnik.pl\/zs\/dzien-babci-i-dziadka-2020-r\/87485464_3470672099670864_7012660684936708096_o1\/'><img width=\"150\" height=\"150\" src=\"https:\/\/zs.gromnik.pl\/zs\/wp-content\/uploads\/2020\/03\/87485464_3470672099670864_7012660684936708096_o1-150x150.jpg\" class=\"attachment-thumbnail size-thumbnail\" alt=\"\" loading=\"lazy\" \/><\/a>\n\t\t\t<\/div><\/figure>\n\t\t<\/div>\n\n<p>18 i 19 lutego w naszym przedszkolu zosta\u0142a zorganizowana uroczysto\u015b\u0107 z okazji Dnia Babci i Dziadka. W trakcie tych wyj\u0105tkowych dni dzieci zaprezentowa\u0142y si\u0119 w r\u00f3\u017cnych formach artystycznych. By\u0142y wierszyki, inscenizacje, piosenki oraz pokazy taneczne. Wiele pozytywnych emocji wzbudzi\u0142o przedstawienie w wykonaniu dzieci z grupy VI. Mali arty\u015bci &#8222;zabrali&#8221; zgromadzonych go\u015bci w podr\u00f3\u017c do \u015bwiata ba\u015bni, a wszystko to za spraw\u0105 &#8222;Zbuntowanego Czerwonego Kapturka&#8221;. W nieco innym stylu wyst\u0105pi\u0142y przedszkolaki z grupy IV. Dzieci przedstawi\u0142y nam histori\u0119 mi\u0142o\u015bci babci i dziadka w czasach PRL-u. W podobnym klimacie zaprezentowa\u0142a si\u0119 grupa II, kt\u00f3ra zorganizowa\u0142a dla dziadk\u00f3w &#8222;Koncert \u017cycze\u0144&#8221;. Na scenie pojawi\u0142y si\u0119 gwiazdy z lat 60. i 70., a w\u015br\u00f3d nich: K. Krawczyk, M. Rodowicz, K. Stanek, E. Presley i Czerwone Gitary. Gromkimi brawami zosta\u0142a nagrodzona tak\u017ce inscenizacja pt. &#8222;Dziadek, sto\u0142ek i roso\u0142ek&#8221; w wykonaniu dzieci z grupy III. Dziadkowie ze wzruszeniem przypatrywali si\u0119 r\u00f3wnie\u017c najm\u0142odszym przedszkolakom, kt\u00f3re w uroczych strojach zata\u0144czy\u0142y walczyka. Na scenie zata\u0144czono r\u00f3wnie\u017c krakowiaka (grupa V) oraz taniec kowbojski (grupa II).<\/p>\n","protected":false},"excerpt":{"rendered":"<p>18 i 19 lutego w naszym przedszkolu zosta\u0142a zorganizowana uroczysto\u015b\u0107 z okazji Dnia Babci i Dziadka. W trakcie tych wyj\u0105tkowych dni dzieci zaprezentowa\u0142y si\u0119 w r\u00f3\u017cnych formach artystycznych. By\u0142y wierszyki, inscenizacje, piosenki oraz pokazy taneczne. Wiele pozytywnych emocji wzbudzi\u0142o przedstawienie w wykonaniu dzieci z grupy VI. Mali arty\u015bci &#8222;zabrali&#8221; zgromadzonych go\u015bci w podr\u00f3\u017c do \u015bwiata ba\u015bni, a wszystko to za spraw\u0105 &#8222;Zbuntowanego Czerwonego Kapturka&#8221;. W nieco innym stylu wyst\u0105pi\u0142y przedszkolaki z grupy IV. Dzieci przedstawi\u0142y nam histori\u0119 mi\u0142o\u015bci babci i dziadka w czasach PRL-u. W podobnym klimacie zaprezentowa\u0142a si\u0119 grupa II, kt\u00f3ra zorganizowa\u0142a dla dziadk\u00f3w &#8222;Koncert \u017cycze\u0144&#8221;. Na scenie pojawi\u0142y si\u0119 gwiazdy z lat 60. i 70., a w\u015br\u00f3d nich: K. Krawczyk, M. Rodowicz, K. Stanek, E. Presley i Czerwone Gitary. Gromkimi brawami zosta\u0142a nagrodzona tak\u017ce inscenizacja pt. &#8222;Dziadek, sto\u0142ek i roso\u0142ek&#8221; w wykonaniu dzieci z grupy III. Dziadkowie ze wzruszeniem przypatrywali si\u0119 r\u00f3wnie\u017c najm\u0142odszym przedszkolakom, kt\u00f3re w uroczych strojach zata\u0144czy\u0142y walczyka. Na scenie zata\u0144czono r\u00f3wnie\u017c krakowiaka (grupa V) oraz taniec kowbojski (grupa II).<\/p>\n","protected":false},"author":7,"featured_media":0,"comment_status":"closed","ping_status":"open","sticky":false,"template":"","format":"standard","meta":[],"categories":[3,15,26],"tags":[],"yoast_head":"<!-- This site is optimized with the Yoast SEO plugin v19.8 - https:\/\/yoast.com\/wordpress\/plugins\/seo\/ -->\n<title>DZIE\u0143 BABCI I DZIADKA - 2020 r. - Zesp\u00f3\u0142 Szk\u00f3\u0142 w Gromniku<\/title>\n<meta name=\"description\" content=\"Zesp\u00f3\u0142 Szk\u00f3\u0142 w Gromniku\" \/>\n<meta name=\"robots\" content=\"index, follow, max-snippet:-1, max-image-preview:large, max-video-preview:-1\" \/>\n<link rel=\"canonical\" href=\"https:\/\/zs.gromnik.pl\/zs\/dzien-babci-i-dziadka-2020-r\/\" \/>\n<meta property=\"og:locale\" content=\"pl_PL\" \/>\n<meta property=\"og:type\" content=\"article\" \/>\n<meta property=\"og:title\" content=\"DZIE\u0143 BABCI I DZIADKA - 2020 r. - Zesp\u00f3\u0142 Szk\u00f3\u0142 w Gromniku\" \/>\n<meta property=\"og:description\" content=\"Zesp\u00f3\u0142 Szk\u00f3\u0142 w Gromniku\" \/>\n<meta property=\"og:url\" content=\"https:\/\/zs.gromnik.pl\/zs\/dzien-babci-i-dziadka-2020-r\/\" \/>\n<meta property=\"og:site_name\" content=\"Zesp\u00f3\u0142 Szk\u00f3\u0142 w Gromniku\" \/>\n<meta property=\"article:publisher\" content=\"https:\/\/www.facebook.com\/zsgromnik\" \/>\n<meta property=\"article:published_time\" content=\"2020-02-24T21:57:58+00:00\" \/>\n<meta property=\"article:modified_time\" content=\"2020-03-17T17:49:15+00:00\" \/>\n<meta property=\"og:image\" content=\"https:\/\/zs.gromnik.pl\/zs\/wp-content\/uploads\/2020\/03\/87280445_3470672939670780_962515305043591168_o1-150x150.jpg\" \/>\n<meta name=\"author\" content=\"Barbara Kubicz\" \/>\n<meta name=\"twitter:card\" content=\"summary_large_image\" \/>\n<meta name=\"twitter:label1\" content=\"Napisane przez\" \/>\n\t<meta name=\"twitter:data1\" content=\"Barbara Kubicz\" \/>\n\t<meta name=\"twitter:label2\" content=\"Szacowany czas czytania\" \/>\n\t<meta name=\"twitter:data2\" content=\"1 minuta\" \/>\n<script type=\"application\/ld+json\" class=\"yoast-schema-graph\">{\"@context\":\"https:\/\/schema.org\",\"@graph\":[{\"@type\":\"WebPage\",\"@id\":\"https:\/\/zs.gromnik.pl\/zs\/dzien-babci-i-dziadka-2020-r\/\",\"url\":\"https:\/\/zs.gromnik.pl\/zs\/dzien-babci-i-dziadka-2020-r\/\",\"name\":\"DZIE\u0143 BABCI I DZIADKA - 2020 r. - Zesp\u00f3\u0142 Szk\u00f3\u0142 w Gromniku\",\"isPartOf\":{\"@id\":\"https:\/\/zs.gromnik.pl\/zs\/#website\"},\"datePublished\":\"2020-02-24T21:57:58+00:00\",\"dateModified\":\"2020-03-17T17:49:15+00:00\",\"author\":{\"@id\":\"https:\/\/zs.gromnik.pl\/zs\/#\/schema\/person\/7fb2b24b90f39dede6a6b1ad809c8871\"},\"description\":\"Zesp\u00f3\u0142 Szk\u00f3\u0142 w Gromniku\",\"breadcrumb\":{\"@id\":\"https:\/\/zs.gromnik.pl\/zs\/dzien-babci-i-dziadka-2020-r\/#breadcrumb\"},\"inLanguage\":\"pl-PL\",\"potentialAction\":[{\"@type\":\"ReadAction\",\"target\":[\"https:\/\/zs.gromnik.pl\/zs\/dzien-babci-i-dziadka-2020-r\/\"]}]},{\"@type\":\"BreadcrumbList\",\"@id\":\"https:\/\/zs.gromnik.pl\/zs\/dzien-babci-i-dziadka-2020-r\/#breadcrumb\",\"itemListElement\":[{\"@type\":\"ListItem\",\"position\":1,\"name\":\"Strona g\u0142\u00f3wna\",\"item\":\"https:\/\/zs.gromnik.pl\/zs\/\"},{\"@type\":\"ListItem\",\"position\":2,\"name\":\"DZIE\u0143 BABCI I DZIADKA &#8211; 2020 r.\"}]},{\"@type\":\"WebSite\",\"@id\":\"https:\/\/zs.gromnik.pl\/zs\/#website\",\"url\":\"https:\/\/zs.gromnik.pl\/zs\/\",\"name\":\"Zesp\u00f3\u0142 Szk\u00f3\u0142 w Gromniku\",\"description\":\"\",\"potentialAction\":[{\"@type\":\"SearchAction\",\"target\":{\"@type\":\"EntryPoint\",\"urlTemplate\":\"https:\/\/zs.gromnik.pl\/zs\/?s={search_term_string}\"},\"query-input\":\"required name=search_term_string\"}],\"inLanguage\":\"pl-PL\"},{\"@type\":\"Person\",\"@id\":\"https:\/\/zs.gromnik.pl\/zs\/#\/schema\/person\/7fb2b24b90f39dede6a6b1ad809c8871\",\"name\":\"Barbara Kubicz\",\"image\":{\"@type\":\"ImageObject\",\"inLanguage\":\"pl-PL\",\"@id\":\"https:\/\/zs.gromnik.pl\/zs\/#\/schema\/person\/image\/\",\"url\":\"https:\/\/secure.gravatar.com\/avatar\/2148a1c13395e11280a430e7a86ac24a?s=96&d=mm&r=g\",\"contentUrl\":\"https:\/\/secure.gravatar.com\/avatar\/2148a1c13395e11280a430e7a86ac24a?s=96&d=mm&r=g\",\"caption\":\"Barbara Kubicz\"},\"url\":\"https:\/\/zs.gromnik.pl\/zs\/author\/bkubicz\/\"}]}<\/script>\n<!-- \/ Yoast SEO plugin. -->","yoast_head_json":{"title":"DZIE\u0143 BABCI I DZIADKA - 2020 r. - Zesp\u00f3\u0142 Szk\u00f3\u0142 w Gromniku","description":"Zesp\u00f3\u0142 Szk\u00f3\u0142 w Gromniku","robots":{"index":"index","follow":"follow","max-snippet":"max-snippet:-1","max-image-preview":"max-image-preview:large","max-video-preview":"max-video-preview:-1"},"canonical":"https:\/\/zs.gromnik.pl\/zs\/dzien-babci-i-dziadka-2020-r\/","og_locale":"pl_PL","og_type":"article","og_title":"DZIE\u0143 BABCI I DZIADKA - 2020 r. - Zesp\u00f3\u0142 Szk\u00f3\u0142 w Gromniku","og_description":"Zesp\u00f3\u0142 Szk\u00f3\u0142 w Gromniku","og_url":"https:\/\/zs.gromnik.pl\/zs\/dzien-babci-i-dziadka-2020-r\/","og_site_name":"Zesp\u00f3\u0142 Szk\u00f3\u0142 w Gromniku","article_publisher":"https:\/\/www.facebook.com\/zsgromnik","article_published_time":"2020-02-24T21:57:58+00:00","article_modified_time":"2020-03-17T17:49:15+00:00","og_image":[{"url":"https:\/\/zs.gromnik.pl\/zs\/wp-content\/uploads\/2020\/03\/87280445_3470672939670780_962515305043591168_o1-150x150.jpg"}],"author":"Barbara Kubicz","twitter_card":"summary_large_image","twitter_misc":{"Napisane przez":"Barbara Kubicz","Szacowany czas czytania":"1 minuta"},"schema":{"@context":"https:\/\/schema.org","@graph":[{"@type":"WebPage","@id":"https:\/\/zs.gromnik.pl\/zs\/dzien-babci-i-dziadka-2020-r\/","url":"https:\/\/zs.gromnik.pl\/zs\/dzien-babci-i-dziadka-2020-r\/","name":"DZIE\u0143 BABCI I DZIADKA - 2020 r. - Zesp\u00f3\u0142 Szk\u00f3\u0142 w Gromniku","isPartOf":{"@id":"https:\/\/zs.gromnik.pl\/zs\/#website"},"datePublished":"2020-02-24T21:57:58+00:00","dateModified":"2020-03-17T17:49:15+00:00","author":{"@id":"https:\/\/zs.gromnik.pl\/zs\/#\/schema\/person\/7fb2b24b90f39dede6a6b1ad809c8871"},"description":"Zesp\u00f3\u0142 Szk\u00f3\u0142 w Gromniku","breadcrumb":{"@id":"https:\/\/zs.gromnik.pl\/zs\/dzien-babci-i-dziadka-2020-r\/#breadcrumb"},"inLanguage":"pl-PL","potentialAction":[{"@type":"ReadAction","target":["https:\/\/zs.gromnik.pl\/zs\/dzien-babci-i-dziadka-2020-r\/"]}]},{"@type":"BreadcrumbList","@id":"https:\/\/zs.gromnik.pl\/zs\/dzien-babci-i-dziadka-2020-r\/#breadcrumb","itemListElement":[{"@type":"ListItem","position":1,"name":"Strona g\u0142\u00f3wna","item":"https:\/\/zs.gromnik.pl\/zs\/"},{"@type":"ListItem","position":2,"name":"DZIE\u0143 BABCI I DZIADKA &#8211; 2020 r."}]},{"@type":"WebSite","@id":"https:\/\/zs.gromnik.pl\/zs\/#website","url":"https:\/\/zs.gromnik.pl\/zs\/","name":"Zesp\u00f3\u0142 Szk\u00f3\u0142 w Gromniku","description":"","potentialAction":[{"@type":"SearchAction","target":{"@type":"EntryPoint","urlTemplate":"https:\/\/zs.gromnik.pl\/zs\/?s={search_term_string}"},"query-input":"required name=search_term_string"}],"inLanguage":"pl-PL"},{"@type":"Person","@id":"https:\/\/zs.gromnik.pl\/zs\/#\/schema\/person\/7fb2b24b90f39dede6a6b1ad809c8871","name":"Barbara Kubicz","image":{"@type":"ImageObject","inLanguage":"pl-PL","@id":"https:\/\/zs.gromnik.pl\/zs\/#\/schema\/person\/image\/","url":"https:\/\/secure.gravatar.com\/avatar\/2148a1c13395e11280a430e7a86ac24a?s=96&d=mm&r=g","contentUrl":"https:\/\/secure.gravatar.com\/avatar\/2148a1c13395e11280a430e7a86ac24a?s=96&d=mm&r=g","caption":"Barbara Kubicz"},"url":"https:\/\/zs.gromnik.pl\/zs\/author\/bkubicz\/"}]}},"_links":{"self":[{"href":"https:\/\/zs.gromnik.pl\/zs\/wp-json\/wp\/v2\/posts\/5407"}],"collection":[{"href":"https:\/\/zs.gromnik.pl\/zs\/wp-json\/wp\/v2\/posts"}],"about":[{"href":"https:\/\/zs.gromnik.pl\/zs\/wp-json\/wp\/v2\/types\/post"}],"author":[{"embeddable":true,"href":"https:\/\/zs.gromnik.pl\/zs\/wp-json\/wp\/v2\/users\/7"}],"replies":[{"embeddable":true,"href":"https:\/\/zs.gromnik.pl\/zs\/wp-json\/wp\/v2\/comments?post=5407"}],"version-history":[{"count":2,"href":"https:\/\/zs.gromnik.pl\/zs\/wp-json\/wp\/v2\/posts\/5407\/revisions"}],"predecessor-version":[{"id":5446,"href":"https:\/\/zs.gromnik.pl\/zs\/wp-json\/wp\/v2\/posts\/5407\/revisions\/5446"}],"wp:attachment":[{"href":"https:\/\/zs.gromnik.pl\/zs\/wp-json\/wp\/v2\/media?parent=5407"}],"wp:term":[{"taxonomy":"category","embeddable":true,"href":"https:\/\/zs.gromnik.pl\/zs\/wp-json\/wp\/v2\/categories?post=5407"},{"taxonomy":"post_tag","embeddable":true,"href":"https:\/\/zs.gromnik.pl\/zs\/wp-json\/wp\/v2\/tags?post=5407"}],"curies":[{"name":"wp","href":"https:\/\/api.w.org\/{rel}","templated":true}]}}