{"id":5482,"date":"2020-03-20T11:05:21","date_gmt":"2020-03-20T10:05:21","guid":{"rendered":"http:\/\/www.zs.gromnik.pl\/zs\/?p=5482"},"modified":"2020-03-20T11:05:22","modified_gmt":"2020-03-20T10:05:22","slug":"gromnik-w-kwartalniku-europa-dla-aktywnych","status":"publish","type":"post","link":"https:\/\/zs.gromnik.pl\/zs\/gromnik-w-kwartalniku-europa-dla-aktywnych\/","title":{"rendered":"Gromnik w kwartalniku &#8211; Europa dla Aktywnych."},"content":{"rendered":"\n<p><strong>\u201eEuropa dla Aktywnych\u201d to 72-stronicowy kwartalnik Fundacji Rozwoju Systemu Edukacji. Czasopismo porusza problematyk\u0119 zwi\u0105zan\u0105 z polityk\u0105 m\u0142odzie\u017cow\u0105 Unii Europejskiej, edukacj\u0105 mi\u0119dzykulturow\u0105, programami edukacyjnymi UE i informacj\u0105 m\u0142odzie\u017cow\u0105.<\/strong><\/p>\n\n\n\n<p>\u201eEuropa dla Aktywnych\u201d jest uzupe\u0142nieniem i wzmocnieniem dzia\u0142a\u0144 informacyjnych FRSE &#8211; stron internetowych, publikacji, licznych konferencji, seminari\u00f3w i szkole\u0144. Gazeta przeznaczona przede wszystkim dla organizacji i instytucji. Otrzymuje j\u0105 blisko 2000 odbiorc\u00f3w.<\/p>\n\n\n\n<p>Cieszymy si\u0119, \u017ce o naszym projekcie &#8222;Ponadnarodowa mobilno\u015b\u0107 uczni\u00f3w&#8221; &#8211; jego realizacji, efektach &#8211; przeczyta szersze grono odbiorc\u00f3w. Poni\u017cej zamieszczamy jedn\u0105 stron\u0119 z publikacji. Zach\u0119camy do lektury &#8211; adres online kwartalnika dost\u0119pny <a href=\"http:\/\/czytelnia.frse.org.pl\/europa-dla-aktywnych-12020-12020\/?fbclid=IwAR1UUZRYSa5nyJeH9Pmv2wu-yPX_8iH0PZXye4NNzrNnkrjGubwi-LuLNrI\">TUTAJ<\/a>. Dost\u0119pna jest r\u00f3wnie\u017c wersja pdf.<\/p>\n\n\n\n<div class=\"wp-block-file\"><a href=\"http:\/\/www.zs.gromnik.pl\/zs\/wp-content\/uploads\/2020\/03\/europa-dla-aktywnych-12020-12020.pdf\">Europa dla aktywnych <\/a><a href=\"http:\/\/www.zs.gromnik.pl\/zs\/wp-content\/uploads\/2020\/03\/europa-dla-aktywnych-12020-12020.pdf\" class=\"wp-block-file__button\" download>Pobierz<\/a><\/div>\n\n\n\n<figure class=\"wp-block-image\"><img loading=\"lazy\" width=\"797\" height=\"1024\" src=\"http:\/\/www.zs.gromnik.pl\/zs\/wp-content\/uploads\/2020\/03\/Porto-797x1024.jpg\" alt=\"\" class=\"wp-image-5485\" srcset=\"https:\/\/zs.gromnik.pl\/zs\/wp-content\/uploads\/2020\/03\/Porto-797x1024.jpg 797w, https:\/\/zs.gromnik.pl\/zs\/wp-content\/uploads\/2020\/03\/Porto-233x300.jpg 233w, https:\/\/zs.gromnik.pl\/zs\/wp-content\/uploads\/2020\/03\/Porto-768x987.jpg 768w, https:\/\/zs.gromnik.pl\/zs\/wp-content\/uploads\/2020\/03\/Porto-820x1054.jpg 820w\" sizes=\"(max-width: 797px) 100vw, 797px\" \/><\/figure>\n","protected":false},"excerpt":{"rendered":"<p>\u201eEuropa dla Aktywnych\u201d to 72-stronicowy kwartalnik Fundacji Rozwoju Systemu Edukacji. Czasopismo porusza problematyk\u0119 zwi\u0105zan\u0105 z polityk\u0105 m\u0142odzie\u017cow\u0105 Unii Europejskiej, edukacj\u0105 mi\u0119dzykulturow\u0105, programami edukacyjnymi UE i informacj\u0105 m\u0142odzie\u017cow\u0105. \u201eEuropa dla Aktywnych\u201d jest uzupe\u0142nieniem i wzmocnieniem dzia\u0142a\u0144 informacyjnych FRSE &#8211; stron internetowych, publikacji, licznych konferencji, seminari\u00f3w i szkole\u0144. Gazeta przeznaczona przede wszystkim dla organizacji i instytucji. Otrzymuje j\u0105 blisko 2000 odbiorc\u00f3w. Cieszymy si\u0119, \u017ce o naszym projekcie &#8222;Ponadnarodowa mobilno\u015b\u0107 uczni\u00f3w&#8221; &#8211; jego realizacji, efektach &#8211; przeczyta szersze grono odbiorc\u00f3w. Poni\u017cej zamieszczamy jedn\u0105 stron\u0119 z publikacji. Zach\u0119camy do lektury &#8211; adres online kwartalnika dost\u0119pny TUTAJ. Dost\u0119pna jest r\u00f3wnie\u017c wersja pdf.<\/p>\n","protected":false},"author":6,"featured_media":5235,"comment_status":"closed","ping_status":"open","sticky":false,"template":"","format":"standard","meta":[],"categories":[3],"tags":[],"yoast_head":"<!-- This site is optimized with the Yoast SEO plugin v19.8 - https:\/\/yoast.com\/wordpress\/plugins\/seo\/ -->\n<title>Gromnik w kwartalniku - Europa dla Aktywnych. - Zesp\u00f3\u0142 Szk\u00f3\u0142 w Gromniku<\/title>\n<meta name=\"description\" content=\"Zesp\u00f3\u0142 Szk\u00f3\u0142 w Gromniku\" \/>\n<meta name=\"robots\" content=\"index, follow, max-snippet:-1, max-image-preview:large, max-video-preview:-1\" \/>\n<link rel=\"canonical\" href=\"https:\/\/zs.gromnik.pl\/zs\/gromnik-w-kwartalniku-europa-dla-aktywnych\/\" \/>\n<meta property=\"og:locale\" content=\"pl_PL\" \/>\n<meta property=\"og:type\" content=\"article\" \/>\n<meta property=\"og:title\" content=\"Gromnik w kwartalniku - Europa dla Aktywnych. - Zesp\u00f3\u0142 Szk\u00f3\u0142 w Gromniku\" \/>\n<meta property=\"og:description\" content=\"Zesp\u00f3\u0142 Szk\u00f3\u0142 w Gromniku\" \/>\n<meta property=\"og:url\" content=\"https:\/\/zs.gromnik.pl\/zs\/gromnik-w-kwartalniku-europa-dla-aktywnych\/\" \/>\n<meta property=\"og:site_name\" content=\"Zesp\u00f3\u0142 Szk\u00f3\u0142 w Gromniku\" \/>\n<meta property=\"article:publisher\" content=\"https:\/\/www.facebook.com\/zsgromnik\" \/>\n<meta property=\"article:published_time\" content=\"2020-03-20T10:05:21+00:00\" \/>\n<meta property=\"article:modified_time\" content=\"2020-03-20T10:05:22+00:00\" \/>\n<meta property=\"og:image\" content=\"https:\/\/zs.gromnik.pl\/zs\/wp-content\/uploads\/2020\/02\/Logotypy-Fundusze-Europejski-Reczpospolista-Polska-Unia-Europejska.png\" \/>\n\t<meta property=\"og:image:width\" content=\"605\" \/>\n\t<meta property=\"og:image:height\" content=\"63\" \/>\n\t<meta property=\"og:image:type\" content=\"image\/png\" \/>\n<meta name=\"author\" content=\"Patrycja Kubicz\" \/>\n<meta name=\"twitter:card\" content=\"summary_large_image\" \/>\n<meta name=\"twitter:label1\" content=\"Napisane przez\" \/>\n\t<meta name=\"twitter:data1\" content=\"Patrycja Kubicz\" \/>\n\t<meta name=\"twitter:label2\" content=\"Szacowany czas czytania\" \/>\n\t<meta name=\"twitter:data2\" content=\"1 minuta\" \/>\n<script type=\"application\/ld+json\" class=\"yoast-schema-graph\">{\"@context\":\"https:\/\/schema.org\",\"@graph\":[{\"@type\":\"WebPage\",\"@id\":\"https:\/\/zs.gromnik.pl\/zs\/gromnik-w-kwartalniku-europa-dla-aktywnych\/\",\"url\":\"https:\/\/zs.gromnik.pl\/zs\/gromnik-w-kwartalniku-europa-dla-aktywnych\/\",\"name\":\"Gromnik w kwartalniku - Europa dla Aktywnych. - Zesp\u00f3\u0142 Szk\u00f3\u0142 w Gromniku\",\"isPartOf\":{\"@id\":\"http:\/\/zs.gromnik.pl\/zs\/#website\"},\"datePublished\":\"2020-03-20T10:05:21+00:00\",\"dateModified\":\"2020-03-20T10:05:22+00:00\",\"author\":{\"@id\":\"http:\/\/zs.gromnik.pl\/zs\/#\/schema\/person\/8ceca2902a7d39b77622ae2e117d831a\"},\"description\":\"Zesp\u00f3\u0142 Szk\u00f3\u0142 w Gromniku\",\"breadcrumb\":{\"@id\":\"https:\/\/zs.gromnik.pl\/zs\/gromnik-w-kwartalniku-europa-dla-aktywnych\/#breadcrumb\"},\"inLanguage\":\"pl-PL\",\"potentialAction\":[{\"@type\":\"ReadAction\",\"target\":[\"https:\/\/zs.gromnik.pl\/zs\/gromnik-w-kwartalniku-europa-dla-aktywnych\/\"]}]},{\"@type\":\"BreadcrumbList\",\"@id\":\"https:\/\/zs.gromnik.pl\/zs\/gromnik-w-kwartalniku-europa-dla-aktywnych\/#breadcrumb\",\"itemListElement\":[{\"@type\":\"ListItem\",\"position\":1,\"name\":\"Strona g\u0142\u00f3wna\",\"item\":\"http:\/\/zs.gromnik.pl\/zs\/\"},{\"@type\":\"ListItem\",\"position\":2,\"name\":\"Gromnik w kwartalniku &#8211; Europa dla Aktywnych.\"}]},{\"@type\":\"WebSite\",\"@id\":\"http:\/\/zs.gromnik.pl\/zs\/#website\",\"url\":\"http:\/\/zs.gromnik.pl\/zs\/\",\"name\":\"Zesp\u00f3\u0142 Szk\u00f3\u0142 w Gromniku\",\"description\":\"\",\"potentialAction\":[{\"@type\":\"SearchAction\",\"target\":{\"@type\":\"EntryPoint\",\"urlTemplate\":\"http:\/\/zs.gromnik.pl\/zs\/?s={search_term_string}\"},\"query-input\":\"required name=search_term_string\"}],\"inLanguage\":\"pl-PL\"},{\"@type\":\"Person\",\"@id\":\"http:\/\/zs.gromnik.pl\/zs\/#\/schema\/person\/8ceca2902a7d39b77622ae2e117d831a\",\"name\":\"Patrycja Kubicz\",\"image\":{\"@type\":\"ImageObject\",\"inLanguage\":\"pl-PL\",\"@id\":\"http:\/\/zs.gromnik.pl\/zs\/#\/schema\/person\/image\/\",\"url\":\"https:\/\/secure.gravatar.com\/avatar\/fdb188d3851f5cc80ba3148c853f5f66?s=96&d=mm&r=g\",\"contentUrl\":\"https:\/\/secure.gravatar.com\/avatar\/fdb188d3851f5cc80ba3148c853f5f66?s=96&d=mm&r=g\",\"caption\":\"Patrycja Kubicz\"},\"url\":\"https:\/\/zs.gromnik.pl\/zs\/author\/pkubicz\/\"}]}<\/script>\n<!-- \/ Yoast SEO plugin. -->","yoast_head_json":{"title":"Gromnik w kwartalniku - Europa dla Aktywnych. - Zesp\u00f3\u0142 Szk\u00f3\u0142 w Gromniku","description":"Zesp\u00f3\u0142 Szk\u00f3\u0142 w Gromniku","robots":{"index":"index","follow":"follow","max-snippet":"max-snippet:-1","max-image-preview":"max-image-preview:large","max-video-preview":"max-video-preview:-1"},"canonical":"https:\/\/zs.gromnik.pl\/zs\/gromnik-w-kwartalniku-europa-dla-aktywnych\/","og_locale":"pl_PL","og_type":"article","og_title":"Gromnik w kwartalniku - Europa dla Aktywnych. - Zesp\u00f3\u0142 Szk\u00f3\u0142 w Gromniku","og_description":"Zesp\u00f3\u0142 Szk\u00f3\u0142 w Gromniku","og_url":"https:\/\/zs.gromnik.pl\/zs\/gromnik-w-kwartalniku-europa-dla-aktywnych\/","og_site_name":"Zesp\u00f3\u0142 Szk\u00f3\u0142 w Gromniku","article_publisher":"https:\/\/www.facebook.com\/zsgromnik","article_published_time":"2020-03-20T10:05:21+00:00","article_modified_time":"2020-03-20T10:05:22+00:00","og_image":[{"width":605,"height":63,"url":"https:\/\/zs.gromnik.pl\/zs\/wp-content\/uploads\/2020\/02\/Logotypy-Fundusze-Europejski-Reczpospolista-Polska-Unia-Europejska.png","type":"image\/png"}],"author":"Patrycja Kubicz","twitter_card":"summary_large_image","twitter_misc":{"Napisane przez":"Patrycja Kubicz","Szacowany czas czytania":"1 minuta"},"schema":{"@context":"https:\/\/schema.org","@graph":[{"@type":"WebPage","@id":"https:\/\/zs.gromnik.pl\/zs\/gromnik-w-kwartalniku-europa-dla-aktywnych\/","url":"https:\/\/zs.gromnik.pl\/zs\/gromnik-w-kwartalniku-europa-dla-aktywnych\/","name":"Gromnik w kwartalniku - Europa dla Aktywnych. - Zesp\u00f3\u0142 Szk\u00f3\u0142 w Gromniku","isPartOf":{"@id":"http:\/\/zs.gromnik.pl\/zs\/#website"},"datePublished":"2020-03-20T10:05:21+00:00","dateModified":"2020-03-20T10:05:22+00:00","author":{"@id":"http:\/\/zs.gromnik.pl\/zs\/#\/schema\/person\/8ceca2902a7d39b77622ae2e117d831a"},"description":"Zesp\u00f3\u0142 Szk\u00f3\u0142 w Gromniku","breadcrumb":{"@id":"https:\/\/zs.gromnik.pl\/zs\/gromnik-w-kwartalniku-europa-dla-aktywnych\/#breadcrumb"},"inLanguage":"pl-PL","potentialAction":[{"@type":"ReadAction","target":["https:\/\/zs.gromnik.pl\/zs\/gromnik-w-kwartalniku-europa-dla-aktywnych\/"]}]},{"@type":"BreadcrumbList","@id":"https:\/\/zs.gromnik.pl\/zs\/gromnik-w-kwartalniku-europa-dla-aktywnych\/#breadcrumb","itemListElement":[{"@type":"ListItem","position":1,"name":"Strona g\u0142\u00f3wna","item":"http:\/\/zs.gromnik.pl\/zs\/"},{"@type":"ListItem","position":2,"name":"Gromnik w kwartalniku &#8211; Europa dla Aktywnych."}]},{"@type":"WebSite","@id":"http:\/\/zs.gromnik.pl\/zs\/#website","url":"http:\/\/zs.gromnik.pl\/zs\/","name":"Zesp\u00f3\u0142 Szk\u00f3\u0142 w Gromniku","description":"","potentialAction":[{"@type":"SearchAction","target":{"@type":"EntryPoint","urlTemplate":"http:\/\/zs.gromnik.pl\/zs\/?s={search_term_string}"},"query-input":"required name=search_term_string"}],"inLanguage":"pl-PL"},{"@type":"Person","@id":"http:\/\/zs.gromnik.pl\/zs\/#\/schema\/person\/8ceca2902a7d39b77622ae2e117d831a","name":"Patrycja Kubicz","image":{"@type":"ImageObject","inLanguage":"pl-PL","@id":"http:\/\/zs.gromnik.pl\/zs\/#\/schema\/person\/image\/","url":"https:\/\/secure.gravatar.com\/avatar\/fdb188d3851f5cc80ba3148c853f5f66?s=96&d=mm&r=g","contentUrl":"https:\/\/secure.gravatar.com\/avatar\/fdb188d3851f5cc80ba3148c853f5f66?s=96&d=mm&r=g","caption":"Patrycja Kubicz"},"url":"https:\/\/zs.gromnik.pl\/zs\/author\/pkubicz\/"}]}},"_links":{"self":[{"href":"https:\/\/zs.gromnik.pl\/zs\/wp-json\/wp\/v2\/posts\/5482"}],"collection":[{"href":"https:\/\/zs.gromnik.pl\/zs\/wp-json\/wp\/v2\/posts"}],"about":[{"href":"https:\/\/zs.gromnik.pl\/zs\/wp-json\/wp\/v2\/types\/post"}],"author":[{"embeddable":true,"href":"https:\/\/zs.gromnik.pl\/zs\/wp-json\/wp\/v2\/users\/6"}],"replies":[{"embeddable":true,"href":"https:\/\/zs.gromnik.pl\/zs\/wp-json\/wp\/v2\/comments?post=5482"}],"version-history":[{"count":2,"href":"https:\/\/zs.gromnik.pl\/zs\/wp-json\/wp\/v2\/posts\/5482\/revisions"}],"predecessor-version":[{"id":5486,"href":"https:\/\/zs.gromnik.pl\/zs\/wp-json\/wp\/v2\/posts\/5482\/revisions\/5486"}],"wp:featuredmedia":[{"embeddable":true,"href":"https:\/\/zs.gromnik.pl\/zs\/wp-json\/wp\/v2\/media\/5235"}],"wp:attachment":[{"href":"https:\/\/zs.gromnik.pl\/zs\/wp-json\/wp\/v2\/media?parent=5482"}],"wp:term":[{"taxonomy":"category","embeddable":true,"href":"https:\/\/zs.gromnik.pl\/zs\/wp-json\/wp\/v2\/categories?post=5482"},{"taxonomy":"post_tag","embeddable":true,"href":"https:\/\/zs.gromnik.pl\/zs\/wp-json\/wp\/v2\/tags?post=5482"}],"curies":[{"name":"wp","href":"https:\/\/api.w.org\/{rel}","templated":true}]}}