{"id":8236,"date":"2020-09-16T22:13:36","date_gmt":"2020-09-16T20:13:36","guid":{"rendered":"http:\/\/www.zs.gromnik.pl\/zs\/?p=8236"},"modified":"2020-09-16T22:34:44","modified_gmt":"2020-09-16T20:34:44","slug":"dzien-kropki-w-przedszkolu","status":"publish","type":"post","link":"https:\/\/zs.gromnik.pl\/zs\/dzien-kropki-w-przedszkolu\/","title":{"rendered":"DZIE\u0143 KROPKI W PRZEDSZKOLU"},"content":{"rendered":"\n<ul class=\"wp-container-2 wp-block-gallery-1 wp-block-gallery columns-3 is-cropped\"><li class=\"blocks-gallery-item\"><figure><img loading=\"lazy\" width=\"800\" height=\"533\" src=\"http:\/\/www.zs.gromnik.pl\/zs\/wp-content\/uploads\/2020\/09\/IMG_1860.jpg\" alt=\"\" data-id=\"8239\" data-link=\"http:\/\/www.zs.gromnik.pl\/zs\/dzien-kropki-w-przedszkolu\/img_1860\/\" class=\"wp-image-8239\" srcset=\"https:\/\/zs.gromnik.pl\/zs\/wp-content\/uploads\/2020\/09\/IMG_1860.jpg 800w, https:\/\/zs.gromnik.pl\/zs\/wp-content\/uploads\/2020\/09\/IMG_1860-300x200.jpg 300w, https:\/\/zs.gromnik.pl\/zs\/wp-content\/uploads\/2020\/09\/IMG_1860-768x512.jpg 768w, https:\/\/zs.gromnik.pl\/zs\/wp-content\/uploads\/2020\/09\/IMG_1860-600x400.jpg 600w\" sizes=\"(max-width: 800px) 100vw, 800px\" \/><\/figure><\/li><li class=\"blocks-gallery-item\"><figure><img loading=\"lazy\" width=\"800\" height=\"564\" src=\"http:\/\/www.zs.gromnik.pl\/zs\/wp-content\/uploads\/2020\/09\/20200915_104252-2.jpg\" alt=\"\" data-id=\"8241\" data-link=\"http:\/\/www.zs.gromnik.pl\/zs\/dzien-kropki-w-przedszkolu\/20200915_104252-3\/\" class=\"wp-image-8241\" srcset=\"https:\/\/zs.gromnik.pl\/zs\/wp-content\/uploads\/2020\/09\/20200915_104252-2.jpg 800w, https:\/\/zs.gromnik.pl\/zs\/wp-content\/uploads\/2020\/09\/20200915_104252-2-300x212.jpg 300w, https:\/\/zs.gromnik.pl\/zs\/wp-content\/uploads\/2020\/09\/20200915_104252-2-768x541.jpg 768w\" sizes=\"(max-width: 800px) 100vw, 800px\" \/><\/figure><\/li><li class=\"blocks-gallery-item\"><figure><img loading=\"lazy\" width=\"800\" height=\"578\" src=\"http:\/\/www.zs.gromnik.pl\/zs\/wp-content\/uploads\/2020\/09\/20200915_105536-001.jpg\" alt=\"\" data-id=\"8246\" data-link=\"http:\/\/www.zs.gromnik.pl\/zs\/dzien-kropki-w-przedszkolu\/20200915_105536-001\/\" class=\"wp-image-8246\" srcset=\"https:\/\/zs.gromnik.pl\/zs\/wp-content\/uploads\/2020\/09\/20200915_105536-001.jpg 800w, https:\/\/zs.gromnik.pl\/zs\/wp-content\/uploads\/2020\/09\/20200915_105536-001-300x217.jpg 300w, https:\/\/zs.gromnik.pl\/zs\/wp-content\/uploads\/2020\/09\/20200915_105536-001-768x555.jpg 768w\" sizes=\"(max-width: 800px) 100vw, 800px\" \/><\/figure><\/li><li class=\"blocks-gallery-item\"><figure><img loading=\"lazy\" width=\"800\" height=\"578\" src=\"http:\/\/www.zs.gromnik.pl\/zs\/wp-content\/uploads\/2020\/09\/20200915_102937-2.jpg\" alt=\"\" data-id=\"8248\" data-link=\"http:\/\/www.zs.gromnik.pl\/zs\/dzien-kropki-w-przedszkolu\/20200915_102937-3\/\" class=\"wp-image-8248\" srcset=\"https:\/\/zs.gromnik.pl\/zs\/wp-content\/uploads\/2020\/09\/20200915_102937-2.jpg 800w, https:\/\/zs.gromnik.pl\/zs\/wp-content\/uploads\/2020\/09\/20200915_102937-2-300x217.jpg 300w, https:\/\/zs.gromnik.pl\/zs\/wp-content\/uploads\/2020\/09\/20200915_102937-2-768x555.jpg 768w\" sizes=\"(max-width: 800px) 100vw, 800px\" \/><\/figure><\/li><li class=\"blocks-gallery-item\"><figure><img loading=\"lazy\" width=\"800\" height=\"533\" src=\"http:\/\/www.zs.gromnik.pl\/zs\/wp-content\/uploads\/2020\/09\/IMG_1872.jpg\" alt=\"\" data-id=\"8253\" data-link=\"http:\/\/www.zs.gromnik.pl\/zs\/dzien-kropki-w-przedszkolu\/img_1872\/\" class=\"wp-image-8253\" srcset=\"https:\/\/zs.gromnik.pl\/zs\/wp-content\/uploads\/2020\/09\/IMG_1872.jpg 800w, https:\/\/zs.gromnik.pl\/zs\/wp-content\/uploads\/2020\/09\/IMG_1872-300x200.jpg 300w, https:\/\/zs.gromnik.pl\/zs\/wp-content\/uploads\/2020\/09\/IMG_1872-768x512.jpg 768w, https:\/\/zs.gromnik.pl\/zs\/wp-content\/uploads\/2020\/09\/IMG_1872-600x400.jpg 600w\" sizes=\"(max-width: 800px) 100vw, 800px\" \/><\/figure><\/li><li class=\"blocks-gallery-item\"><figure><img loading=\"lazy\" width=\"800\" height=\"533\" src=\"http:\/\/www.zs.gromnik.pl\/zs\/wp-content\/uploads\/2020\/09\/IMG_1866.jpg\" alt=\"\" data-id=\"8252\" data-link=\"http:\/\/www.zs.gromnik.pl\/zs\/dzien-kropki-w-przedszkolu\/img_1866\/\" class=\"wp-image-8252\" srcset=\"https:\/\/zs.gromnik.pl\/zs\/wp-content\/uploads\/2020\/09\/IMG_1866.jpg 800w, https:\/\/zs.gromnik.pl\/zs\/wp-content\/uploads\/2020\/09\/IMG_1866-300x200.jpg 300w, https:\/\/zs.gromnik.pl\/zs\/wp-content\/uploads\/2020\/09\/IMG_1866-768x512.jpg 768w, https:\/\/zs.gromnik.pl\/zs\/wp-content\/uploads\/2020\/09\/IMG_1866-600x400.jpg 600w\" sizes=\"(max-width: 800px) 100vw, 800px\" \/><\/figure><\/li><li class=\"blocks-gallery-item\"><figure><img loading=\"lazy\" width=\"800\" height=\"533\" src=\"http:\/\/www.zs.gromnik.pl\/zs\/wp-content\/uploads\/2020\/09\/IMG_1853.jpg\" alt=\"\" data-id=\"8251\" data-link=\"http:\/\/www.zs.gromnik.pl\/zs\/dzien-kropki-w-przedszkolu\/img_1853\/\" class=\"wp-image-8251\" srcset=\"https:\/\/zs.gromnik.pl\/zs\/wp-content\/uploads\/2020\/09\/IMG_1853.jpg 800w, https:\/\/zs.gromnik.pl\/zs\/wp-content\/uploads\/2020\/09\/IMG_1853-300x200.jpg 300w, https:\/\/zs.gromnik.pl\/zs\/wp-content\/uploads\/2020\/09\/IMG_1853-768x512.jpg 768w, https:\/\/zs.gromnik.pl\/zs\/wp-content\/uploads\/2020\/09\/IMG_1853-600x400.jpg 600w\" sizes=\"(max-width: 800px) 100vw, 800px\" \/><\/figure><\/li><li class=\"blocks-gallery-item\"><figure><img loading=\"lazy\" width=\"800\" height=\"533\" src=\"http:\/\/www.zs.gromnik.pl\/zs\/wp-content\/uploads\/2020\/09\/IMG_1855.jpg\" alt=\"\" data-id=\"8250\" data-link=\"http:\/\/www.zs.gromnik.pl\/zs\/dzien-kropki-w-przedszkolu\/img_1855\/\" class=\"wp-image-8250\" srcset=\"https:\/\/zs.gromnik.pl\/zs\/wp-content\/uploads\/2020\/09\/IMG_1855.jpg 800w, https:\/\/zs.gromnik.pl\/zs\/wp-content\/uploads\/2020\/09\/IMG_1855-300x200.jpg 300w, https:\/\/zs.gromnik.pl\/zs\/wp-content\/uploads\/2020\/09\/IMG_1855-768x512.jpg 768w, https:\/\/zs.gromnik.pl\/zs\/wp-content\/uploads\/2020\/09\/IMG_1855-600x400.jpg 600w\" sizes=\"(max-width: 800px) 100vw, 800px\" \/><\/figure><\/li><li class=\"blocks-gallery-item\"><figure><img loading=\"lazy\" width=\"800\" height=\"533\" src=\"http:\/\/www.zs.gromnik.pl\/zs\/wp-content\/uploads\/2020\/09\/IMG_1843.jpg\" alt=\"\" data-id=\"8249\" data-link=\"http:\/\/www.zs.gromnik.pl\/zs\/dzien-kropki-w-przedszkolu\/img_1843\/\" class=\"wp-image-8249\" srcset=\"https:\/\/zs.gromnik.pl\/zs\/wp-content\/uploads\/2020\/09\/IMG_1843.jpg 800w, https:\/\/zs.gromnik.pl\/zs\/wp-content\/uploads\/2020\/09\/IMG_1843-300x200.jpg 300w, https:\/\/zs.gromnik.pl\/zs\/wp-content\/uploads\/2020\/09\/IMG_1843-768x512.jpg 768w, https:\/\/zs.gromnik.pl\/zs\/wp-content\/uploads\/2020\/09\/IMG_1843-600x400.jpg 600w\" sizes=\"(max-width: 800px) 100vw, 800px\" \/><\/figure><\/li><\/ul>\n\n\n\n<p><strong>15 wrze\u015bnia 2020 r. w naszym przedszkolu obchodzili\u015bmy Mi\u0119dzynarodowy Dzie\u0144 Kropki.<\/strong> &nbsp;Dla podkre\u015blenia istoty tego wyj\u0105tkowego \u015bwi\u0119ta, wszyscy przyszli do przedszkola w ubraniach upstrzonych kolorowymi kropkami. Widok tylu barwnych k\u00f3\u0142eczek wywo\u0142ywa\u0142 w\u015br\u00f3d dzieci podziw, rado\u015b\u0107 i ch\u0119\u0107 tw\u00f3rczego dzia\u0142ania. Podczas zaj\u0119\u0107 przedszkolaki uwa\u017cnie wys\u0142ucha\u0142y opowiadania, jak to zwyczajna kropka zmieni\u0142a \u015bwiat ma\u0142ej dziewczynki o imieniu Vashti. Historia ta u\u015bwiadomi\u0142a dzieciom, \u017ce ka\u017cdy z nas ma jakie\u015b ukryte zdolno\u015bci. W tym dniu nie zabrak\u0142o zabaw przy muzyce i \u201ekropeczkowych zagadek\u201d. Przedszkolaki wykona\u0142y r\u00f3wnie\u017c urocze prace plastyczne, a ich tematem przewodnim by\u0142y oczywi\u015bcie kropki. <\/p>\n","protected":false},"excerpt":{"rendered":"<p>15 wrze\u015bnia 2020 r. w naszym przedszkolu obchodzili\u015bmy Mi\u0119dzynarodowy Dzie\u0144 Kropki. &nbsp;Dla podkre\u015blenia istoty tego wyj\u0105tkowego \u015bwi\u0119ta, wszyscy przyszli do przedszkola w ubraniach upstrzonych kolorowymi kropkami. Widok tylu barwnych k\u00f3\u0142eczek wywo\u0142ywa\u0142 w\u015br\u00f3d dzieci podziw, rado\u015b\u0107 i ch\u0119\u0107 tw\u00f3rczego dzia\u0142ania. Podczas zaj\u0119\u0107 przedszkolaki uwa\u017cnie wys\u0142ucha\u0142y opowiadania, jak to zwyczajna kropka zmieni\u0142a \u015bwiat ma\u0142ej dziewczynki o imieniu Vashti. Historia ta u\u015bwiadomi\u0142a dzieciom, \u017ce ka\u017cdy z nas ma jakie\u015b ukryte zdolno\u015bci. W tym dniu nie zabrak\u0142o zabaw przy muzyce i \u201ekropeczkowych zagadek\u201d. Przedszkolaki wykona\u0142y r\u00f3wnie\u017c urocze prace plastyczne, a ich tematem przewodnim by\u0142y oczywi\u015bcie kropki.<\/p>\n","protected":false},"author":7,"featured_media":8252,"comment_status":"closed","ping_status":"open","sticky":false,"template":"","format":"standard","meta":[],"categories":[3,15,26],"tags":[],"yoast_head":"<!-- This site is optimized with the Yoast SEO plugin v19.8 - https:\/\/yoast.com\/wordpress\/plugins\/seo\/ -->\n<title>DZIE\u0143 KROPKI W PRZEDSZKOLU - Zesp\u00f3\u0142 Szk\u00f3\u0142 w Gromniku<\/title>\n<meta name=\"description\" content=\"Zesp\u00f3\u0142 Szk\u00f3\u0142 w Gromniku\" \/>\n<meta name=\"robots\" content=\"index, follow, max-snippet:-1, max-image-preview:large, max-video-preview:-1\" \/>\n<link rel=\"canonical\" href=\"https:\/\/zs.gromnik.pl\/zs\/dzien-kropki-w-przedszkolu\/\" \/>\n<meta property=\"og:locale\" content=\"pl_PL\" \/>\n<meta property=\"og:type\" content=\"article\" \/>\n<meta property=\"og:title\" content=\"DZIE\u0143 KROPKI W PRZEDSZKOLU - Zesp\u00f3\u0142 Szk\u00f3\u0142 w Gromniku\" \/>\n<meta property=\"og:description\" content=\"Zesp\u00f3\u0142 Szk\u00f3\u0142 w Gromniku\" \/>\n<meta property=\"og:url\" content=\"https:\/\/zs.gromnik.pl\/zs\/dzien-kropki-w-przedszkolu\/\" \/>\n<meta property=\"og:site_name\" content=\"Zesp\u00f3\u0142 Szk\u00f3\u0142 w Gromniku\" \/>\n<meta property=\"article:publisher\" content=\"https:\/\/www.facebook.com\/zsgromnik\" \/>\n<meta property=\"article:published_time\" content=\"2020-09-16T20:13:36+00:00\" \/>\n<meta property=\"article:modified_time\" content=\"2020-09-16T20:34:44+00:00\" \/>\n<meta property=\"og:image\" content=\"https:\/\/zs.gromnik.pl\/zs\/wp-content\/uploads\/2020\/09\/IMG_1866.jpg\" \/>\n\t<meta property=\"og:image:width\" content=\"800\" \/>\n\t<meta property=\"og:image:height\" content=\"533\" \/>\n\t<meta property=\"og:image:type\" content=\"image\/jpeg\" \/>\n<meta name=\"author\" content=\"Barbara Kubicz\" \/>\n<meta name=\"twitter:card\" content=\"summary_large_image\" \/>\n<meta name=\"twitter:label1\" content=\"Napisane przez\" \/>\n\t<meta name=\"twitter:data1\" content=\"Barbara Kubicz\" \/>\n\t<meta name=\"twitter:label2\" content=\"Szacowany czas czytania\" \/>\n\t<meta name=\"twitter:data2\" content=\"1 minuta\" \/>\n<script type=\"application\/ld+json\" class=\"yoast-schema-graph\">{\"@context\":\"https:\/\/schema.org\",\"@graph\":[{\"@type\":\"WebPage\",\"@id\":\"https:\/\/zs.gromnik.pl\/zs\/dzien-kropki-w-przedszkolu\/\",\"url\":\"https:\/\/zs.gromnik.pl\/zs\/dzien-kropki-w-przedszkolu\/\",\"name\":\"DZIE\u0143 KROPKI W PRZEDSZKOLU - Zesp\u00f3\u0142 Szk\u00f3\u0142 w Gromniku\",\"isPartOf\":{\"@id\":\"https:\/\/zs.gromnik.pl\/zs\/#website\"},\"datePublished\":\"2020-09-16T20:13:36+00:00\",\"dateModified\":\"2020-09-16T20:34:44+00:00\",\"author\":{\"@id\":\"https:\/\/zs.gromnik.pl\/zs\/#\/schema\/person\/7fb2b24b90f39dede6a6b1ad809c8871\"},\"description\":\"Zesp\u00f3\u0142 Szk\u00f3\u0142 w Gromniku\",\"breadcrumb\":{\"@id\":\"https:\/\/zs.gromnik.pl\/zs\/dzien-kropki-w-przedszkolu\/#breadcrumb\"},\"inLanguage\":\"pl-PL\",\"potentialAction\":[{\"@type\":\"ReadAction\",\"target\":[\"https:\/\/zs.gromnik.pl\/zs\/dzien-kropki-w-przedszkolu\/\"]}]},{\"@type\":\"BreadcrumbList\",\"@id\":\"https:\/\/zs.gromnik.pl\/zs\/dzien-kropki-w-przedszkolu\/#breadcrumb\",\"itemListElement\":[{\"@type\":\"ListItem\",\"position\":1,\"name\":\"Strona g\u0142\u00f3wna\",\"item\":\"https:\/\/zs.gromnik.pl\/zs\/\"},{\"@type\":\"ListItem\",\"position\":2,\"name\":\"DZIE\u0143 KROPKI W PRZEDSZKOLU\"}]},{\"@type\":\"WebSite\",\"@id\":\"https:\/\/zs.gromnik.pl\/zs\/#website\",\"url\":\"https:\/\/zs.gromnik.pl\/zs\/\",\"name\":\"Zesp\u00f3\u0142 Szk\u00f3\u0142 w Gromniku\",\"description\":\"\",\"potentialAction\":[{\"@type\":\"SearchAction\",\"target\":{\"@type\":\"EntryPoint\",\"urlTemplate\":\"https:\/\/zs.gromnik.pl\/zs\/?s={search_term_string}\"},\"query-input\":\"required name=search_term_string\"}],\"inLanguage\":\"pl-PL\"},{\"@type\":\"Person\",\"@id\":\"https:\/\/zs.gromnik.pl\/zs\/#\/schema\/person\/7fb2b24b90f39dede6a6b1ad809c8871\",\"name\":\"Barbara Kubicz\",\"image\":{\"@type\":\"ImageObject\",\"inLanguage\":\"pl-PL\",\"@id\":\"https:\/\/zs.gromnik.pl\/zs\/#\/schema\/person\/image\/\",\"url\":\"https:\/\/secure.gravatar.com\/avatar\/2148a1c13395e11280a430e7a86ac24a?s=96&d=mm&r=g\",\"contentUrl\":\"https:\/\/secure.gravatar.com\/avatar\/2148a1c13395e11280a430e7a86ac24a?s=96&d=mm&r=g\",\"caption\":\"Barbara Kubicz\"},\"url\":\"https:\/\/zs.gromnik.pl\/zs\/author\/bkubicz\/\"}]}<\/script>\n<!-- \/ Yoast SEO plugin. -->","yoast_head_json":{"title":"DZIE\u0143 KROPKI W PRZEDSZKOLU - Zesp\u00f3\u0142 Szk\u00f3\u0142 w Gromniku","description":"Zesp\u00f3\u0142 Szk\u00f3\u0142 w Gromniku","robots":{"index":"index","follow":"follow","max-snippet":"max-snippet:-1","max-image-preview":"max-image-preview:large","max-video-preview":"max-video-preview:-1"},"canonical":"https:\/\/zs.gromnik.pl\/zs\/dzien-kropki-w-przedszkolu\/","og_locale":"pl_PL","og_type":"article","og_title":"DZIE\u0143 KROPKI W PRZEDSZKOLU - Zesp\u00f3\u0142 Szk\u00f3\u0142 w Gromniku","og_description":"Zesp\u00f3\u0142 Szk\u00f3\u0142 w Gromniku","og_url":"https:\/\/zs.gromnik.pl\/zs\/dzien-kropki-w-przedszkolu\/","og_site_name":"Zesp\u00f3\u0142 Szk\u00f3\u0142 w Gromniku","article_publisher":"https:\/\/www.facebook.com\/zsgromnik","article_published_time":"2020-09-16T20:13:36+00:00","article_modified_time":"2020-09-16T20:34:44+00:00","og_image":[{"width":800,"height":533,"url":"https:\/\/zs.gromnik.pl\/zs\/wp-content\/uploads\/2020\/09\/IMG_1866.jpg","type":"image\/jpeg"}],"author":"Barbara Kubicz","twitter_card":"summary_large_image","twitter_misc":{"Napisane przez":"Barbara Kubicz","Szacowany czas czytania":"1 minuta"},"schema":{"@context":"https:\/\/schema.org","@graph":[{"@type":"WebPage","@id":"https:\/\/zs.gromnik.pl\/zs\/dzien-kropki-w-przedszkolu\/","url":"https:\/\/zs.gromnik.pl\/zs\/dzien-kropki-w-przedszkolu\/","name":"DZIE\u0143 KROPKI W PRZEDSZKOLU - Zesp\u00f3\u0142 Szk\u00f3\u0142 w Gromniku","isPartOf":{"@id":"https:\/\/zs.gromnik.pl\/zs\/#website"},"datePublished":"2020-09-16T20:13:36+00:00","dateModified":"2020-09-16T20:34:44+00:00","author":{"@id":"https:\/\/zs.gromnik.pl\/zs\/#\/schema\/person\/7fb2b24b90f39dede6a6b1ad809c8871"},"description":"Zesp\u00f3\u0142 Szk\u00f3\u0142 w Gromniku","breadcrumb":{"@id":"https:\/\/zs.gromnik.pl\/zs\/dzien-kropki-w-przedszkolu\/#breadcrumb"},"inLanguage":"pl-PL","potentialAction":[{"@type":"ReadAction","target":["https:\/\/zs.gromnik.pl\/zs\/dzien-kropki-w-przedszkolu\/"]}]},{"@type":"BreadcrumbList","@id":"https:\/\/zs.gromnik.pl\/zs\/dzien-kropki-w-przedszkolu\/#breadcrumb","itemListElement":[{"@type":"ListItem","position":1,"name":"Strona g\u0142\u00f3wna","item":"https:\/\/zs.gromnik.pl\/zs\/"},{"@type":"ListItem","position":2,"name":"DZIE\u0143 KROPKI W PRZEDSZKOLU"}]},{"@type":"WebSite","@id":"https:\/\/zs.gromnik.pl\/zs\/#website","url":"https:\/\/zs.gromnik.pl\/zs\/","name":"Zesp\u00f3\u0142 Szk\u00f3\u0142 w Gromniku","description":"","potentialAction":[{"@type":"SearchAction","target":{"@type":"EntryPoint","urlTemplate":"https:\/\/zs.gromnik.pl\/zs\/?s={search_term_string}"},"query-input":"required name=search_term_string"}],"inLanguage":"pl-PL"},{"@type":"Person","@id":"https:\/\/zs.gromnik.pl\/zs\/#\/schema\/person\/7fb2b24b90f39dede6a6b1ad809c8871","name":"Barbara Kubicz","image":{"@type":"ImageObject","inLanguage":"pl-PL","@id":"https:\/\/zs.gromnik.pl\/zs\/#\/schema\/person\/image\/","url":"https:\/\/secure.gravatar.com\/avatar\/2148a1c13395e11280a430e7a86ac24a?s=96&d=mm&r=g","contentUrl":"https:\/\/secure.gravatar.com\/avatar\/2148a1c13395e11280a430e7a86ac24a?s=96&d=mm&r=g","caption":"Barbara Kubicz"},"url":"https:\/\/zs.gromnik.pl\/zs\/author\/bkubicz\/"}]}},"_links":{"self":[{"href":"https:\/\/zs.gromnik.pl\/zs\/wp-json\/wp\/v2\/posts\/8236"}],"collection":[{"href":"https:\/\/zs.gromnik.pl\/zs\/wp-json\/wp\/v2\/posts"}],"about":[{"href":"https:\/\/zs.gromnik.pl\/zs\/wp-json\/wp\/v2\/types\/post"}],"author":[{"embeddable":true,"href":"https:\/\/zs.gromnik.pl\/zs\/wp-json\/wp\/v2\/users\/7"}],"replies":[{"embeddable":true,"href":"https:\/\/zs.gromnik.pl\/zs\/wp-json\/wp\/v2\/comments?post=8236"}],"version-history":[{"count":4,"href":"https:\/\/zs.gromnik.pl\/zs\/wp-json\/wp\/v2\/posts\/8236\/revisions"}],"predecessor-version":[{"id":8258,"href":"https:\/\/zs.gromnik.pl\/zs\/wp-json\/wp\/v2\/posts\/8236\/revisions\/8258"}],"wp:featuredmedia":[{"embeddable":true,"href":"https:\/\/zs.gromnik.pl\/zs\/wp-json\/wp\/v2\/media\/8252"}],"wp:attachment":[{"href":"https:\/\/zs.gromnik.pl\/zs\/wp-json\/wp\/v2\/media?parent=8236"}],"wp:term":[{"taxonomy":"category","embeddable":true,"href":"https:\/\/zs.gromnik.pl\/zs\/wp-json\/wp\/v2\/categories?post=8236"},{"taxonomy":"post_tag","embeddable":true,"href":"https:\/\/zs.gromnik.pl\/zs\/wp-json\/wp\/v2\/tags?post=8236"}],"curies":[{"name":"wp","href":"https:\/\/api.w.org\/{rel}","templated":true}]}}